{"id":2450,"date":"2020-11-13T17:22:59","date_gmt":"2020-11-13T16:22:59","guid":{"rendered":"https:\/\/www.avant-pays-savoyard.com\/smaps\/?p=2450"},"modified":"2020-11-23T12:45:51","modified_gmt":"2020-11-23T11:45:51","slug":"tepos-une-demarche-pleine-denergie","status":"publish","type":"post","link":"https:\/\/www.avant-pays-savoyard.com\/smaps\/tepos-une-demarche-pleine-denergie\/","title":{"rendered":"TEPOS : une d\u00e9marche pleine d&rsquo;\u00e9nergie !"},"content":{"rendered":"[et_pb_section fb_built=\u00a0\u00bb1&Prime; admin_label=\u00a0\u00bbsection\u00a0\u00bb _builder_version=\u00a0\u00bb3.22&Prime;][et_pb_row admin_label=\u00a0\u00bbrow\u00a0\u00bb _builder_version=\u00a0\u00bb3.25&Prime; background_size=\u00a0\u00bbinitial\u00a0\u00bb background_position=\u00a0\u00bbtop_left\u00a0\u00bb background_repeat=\u00a0\u00bbrepeat\u00a0\u00bb][et_pb_column type=\u00a0\u00bb4_4&Prime; _builder_version=\u00a0\u00bb3.25&Prime; custom_padding=\u00a0\u00bb|||\u00a0\u00bb custom_padding__hover=\u00a0\u00bb|||\u00a0\u00bb][et_pb_text admin_label=\u00a0\u00bbText\u00a0\u00bb _builder_version=\u00a0\u00bb4.7.2&Prime; background_size=\u00a0\u00bbinitial\u00a0\u00bb background_position=\u00a0\u00bbtop_left\u00a0\u00bb background_repeat=\u00a0\u00bbrepeat\u00a0\u00bb hover_enabled=\u00a0\u00bb0&Prime; sticky_enabled=\u00a0\u00bb0&Prime;]\n<p>Ca y est ! Apr\u00e8s un (premier?) diagnostic \u00e9nerg\u00e9tique du territoire et l\u2019obtention de financements pour recruter un charg\u00e9 de mission d\u00e9di\u00e9, plus de 50 \u00e9lus ont pu se retrouver (\u00e0 distance !) pour d\u00e9couvrir la d\u00e9marche TEPOS : Territoire \u00e0 \u00c9nergie Positive.<\/p>\n<p>Initi\u00e9 en 2019, cet engagement consiste \u00e0 viser l\u2019autonomie \u00e9nerg\u00e9tique du territoire d\u2019ici 2050, avec des \u00e9ch\u00e9ances d\u00e8s 2030, en r\u00e9duisant la consommation d\u2019\u00e9nergie et en augmentant la production d\u2019\u00e9nergies renouvelables.<\/p>\n<p>Plus concr\u00e8tement ? Cela passe par la r\u00e9novation thermique performante de b\u00e2timents, le remplacement de chaudi\u00e8res au fioul pour des syst\u00e8mes fonctionnant au bois, la promotion du v\u00e9lo et du covoiturage, la sensibilisation et la formation des acteurs du territoire\u2026<\/p>\n<p>Le 12 novembre, les \u00e9lus se sont r\u00e9unis pour mieux comprendre les enjeux et les int\u00e9r\u00eats de cette d\u00e9marche.<\/p>\n<p>Le 23, ils ont r\u00e9fl\u00e9chi ensemble sur la strat\u00e9gie \u00e0 adopter : vaut-il mieux d\u00e9velopper des champs photovolta\u00efques ou r\u00e9nover les logements ? Accro\u00eetre la part du v\u00e9lo et d\u00e9velopper les pistes cyclables, ou encourager l&rsquo;installation de syst\u00e8me de chauffage au bois ? Et pourquoi pas plut\u00f4t un savant m\u00e9lange de toutes ces actions\u00a0 ?<\/p>\n<p>Apr\u00e8s cette phase de r\u00e9flexion et de construction, la fin 2020 et le mois de janvier 2021 seront consacr\u00e9s \u00e0 l\u2019\u00e9laboration d\u2019un programme d\u2019actions : consultation des entreprises, \u00e9changes avec les partenaires\u2026<\/p>\n<p>Autant de temps d\u00e9di\u00e9 \u00e0 la mobilisation des acteurs pour que l\u2019ensemble du territoire avance ensemble vers la transition \u00e9nerg\u00e9tique !<\/p>\n<p>Vous avez des projets pour la transition sur votre commune ou avec votre structure ?<\/p>\n<p>Pour plus d&rsquo;informations, contactez C\u00f4me GEROUDET, charg\u00e9 de mission TEPOS : come.geroudet[a]avant-pays-savoyard.com, 04 76 37 21 54.<\/p>\n[\/et_pb_text][\/et_pb_column][\/et_pb_row][\/et_pb_section]\n","protected":false},"excerpt":{"rendered":"<p>Ca y est ! Apr\u00e8s un (premier?) diagnostic \u00e9nerg\u00e9tique du territoire et l\u2019obtention de financements pour recruter un charg\u00e9 de mission d\u00e9di\u00e9, plus de 50 \u00e9lus ont pu se retrouver (\u00e0 distance !) pour d\u00e9couvrir la d\u00e9marche TEPOS : Territoire \u00e0 \u00c9nergie Positive.<\/p>\n","protected":false},"author":2,"featured_media":2439,"comment_status":"closed","ping_status":"closed","sticky":false,"template":"","format":"standard","meta":{"_et_pb_use_builder":"on","_et_pb_old_content":"Ca y est\u00a0! Apr\u00e8s un (premier?) diagnostic \u00e9nerg\u00e9tique du territoire et l\u2019obtention de financements pour recruter un charg\u00e9 de mission d\u00e9di\u00e9, plus de 50 \u00e9lus ont pu se retrouver (\u00e0 distance\u00a0!) pour d\u00e9couvrir la d\u00e9marche TEPOS\u00a0: Territoire \u00e0 Energie POSitive.\r\n\r\nIniti\u00e9 en 2019, cet engagement consiste \u00e0 viser l\u2019autonomie \u00e9nerg\u00e9tique du territoire d\u2019ici 2050, avec des \u00e9ch\u00e9ances d\u00e8s 2030, en r\u00e9duisant la consommation d\u2019\u00e9nergie et en augmentant la production d\u2019\u00e9nergies renouvelables.\r\n\r\nPlus concr\u00e8tement\u00a0? Cela passe par la r\u00e9novation thermique performante de b\u00e2timents, le remplacement de chaudi\u00e8res au fioul pour des syst\u00e8mes fonctionnant au bois, la promotion du v\u00e9lo et du covoiturage, la sensibilisation et la formation des acteurs du territoire\u2026\r\n\r\nLe 12 novembre, les \u00e9lus se sont r\u00e9unis pour mieux comprendre les enjeux et les int\u00e9r\u00eats de cette d\u00e9marche. Le 23, ils ont r\u00e9fl\u00e9chi ensemble sur la strat\u00e9gie \u00e0 adopter : vaut-il mieux d\u00e9velopper des champs photovolta\u00efques ou r\u00e9nover les logements ? Accro\u00eetre la part du v\u00e9lo et d\u00e9velopper les pistes cyclables, ou encourager l'installation de syst\u00e8me de chauffage au bois ? Et pourquoi pas plut\u00f4t un savant m\u00e9lange de toutes ces actions\u00a0 ?\r\n\r\nApr\u00e8s cette phase de r\u00e9flexion et de construction, la fin 2020 et le mois de janvier 2021 seront consacr\u00e9s \u00e0 l\u2019\u00e9laboration d\u2019un programme d\u2019actions\u00a0: consultation des entreprises, \u00e9changes avec les partenaires\u2026 Autant de temps d\u00e9di\u00e9 \u00e0 la mobilisation des acteurs pour que l\u2019ensemble du territoire avance ensemble vers la transition \u00e9nerg\u00e9tique\u00a0!\r\n\r\nVous avez des projets pour la transition sur votre commune ou avec votre structure ? Pour plus d'informations, contactez C\u00f4me GEROUDET, charg\u00e9 de mission TEPOS : <a href=\"mailto:come.geroudet@avant-pays-savoyard.com\">come.geroudet@avant-pays-savoyard.com<\/a>, 04 76 37 21 54.","_et_gb_content_width":"","_monsterinsights_skip_tracking":false,"_monsterinsights_sitenote_active":false,"_monsterinsights_sitenote_note":"","_monsterinsights_sitenote_category":0,"footnotes":""},"categories":[29,6,1],"tags":[],"class_list":["post-2450","post","type-post","status-publish","format-standard","has-post-thumbnail","hentry","category-actus","category-environnement-et-energie","category-infos-generales"],"yoast_head":"<!-- This site is optimized with the Yoast SEO plugin v27.5 - https:\/\/yoast.com\/product\/yoast-seo-wordpress\/ -->\n<title>TEPOS : une d\u00e9marche pleine d&#039;\u00e9nergie ! | Avant Pays Savoyard<\/title>\n<meta name=\"description\" content=\"TEPOS : une d\u00e9marche pleine d&#039;\u00e9nergie ! | Avant Pays Savoyard\" \/>\n<meta name=\"robots\" content=\"index, follow, max-snippet:-1, max-image-preview:large, max-video-preview:-1\" \/>\n<link rel=\"canonical\" href=\"https:\/\/www.avant-pays-savoyard.com\/smaps\/tepos-une-demarche-pleine-denergie\/\" \/>\n<meta property=\"og:locale\" content=\"fr_FR\" \/>\n<meta property=\"og:type\" content=\"article\" \/>\n<meta property=\"og:title\" content=\"TEPOS : une d\u00e9marche pleine d&#039;\u00e9nergie ! | Avant Pays Savoyard\" \/>\n<meta property=\"og:description\" content=\"TEPOS : une d\u00e9marche pleine d&#039;\u00e9nergie ! | Avant Pays Savoyard\" \/>\n<meta property=\"og:url\" content=\"https:\/\/www.avant-pays-savoyard.com\/smaps\/tepos-une-demarche-pleine-denergie\/\" \/>\n<meta property=\"og:site_name\" content=\"Syndicat Mixte Avant-Pays Savoyard\" \/>\n<meta property=\"article:publisher\" content=\"https:\/\/www.facebook.com\/philippe.smaps?eid=ARBa3pcAa8gXFS8WNK_PRvsO8QdGpgIOahlkYUZ_fHoQSowEaz5KpN0GqL0PUxNL0ZbTsFwcVmpWqAsm\" \/>\n<meta property=\"article:published_time\" content=\"2020-11-13T16:22:59+00:00\" \/>\n<meta property=\"article:modified_time\" content=\"2020-11-23T11:45:51+00:00\" \/>\n<meta property=\"og:image\" content=\"https:\/\/www.avant-pays-savoyard.com\/smaps\/wp-content\/uploads\/2020\/11\/IllustrationTEPOS-e1605803108879.png\" \/>\n\t<meta property=\"og:image:width\" content=\"200\" \/>\n\t<meta property=\"og:image:height\" content=\"123\" \/>\n\t<meta property=\"og:image:type\" content=\"image\/png\" \/>\n<meta name=\"author\" content=\"SMAPS\" \/>\n<meta name=\"twitter:card\" content=\"summary_large_image\" \/>\n<meta name=\"twitter:label1\" content=\"\u00c9crit par\" \/>\n\t<meta name=\"twitter:data1\" content=\"SMAPS\" \/>\n\t<meta name=\"twitter:label2\" content=\"Dur\u00e9e de lecture estim\u00e9e\" \/>\n\t<meta name=\"twitter:data2\" content=\"2 minutes\" \/>\n<script type=\"application\/ld+json\" class=\"yoast-schema-graph\">{\"@context\":\"https:\\\/\\\/schema.org\",\"@graph\":[{\"@type\":\"Article\",\"@id\":\"https:\\\/\\\/www.avant-pays-savoyard.com\\\/smaps\\\/tepos-une-demarche-pleine-denergie\\\/#article\",\"isPartOf\":{\"@id\":\"https:\\\/\\\/www.avant-pays-savoyard.com\\\/smaps\\\/tepos-une-demarche-pleine-denergie\\\/\"},\"author\":{\"name\":\"SMAPS\",\"@id\":\"https:\\\/\\\/www.avant-pays-savoyard.com\\\/smaps\\\/#\\\/schema\\\/person\\\/97c9f75644fa5ca03f84c36512d45878\"},\"headline\":\"TEPOS : une d\u00e9marche pleine d&rsquo;\u00e9nergie !\",\"datePublished\":\"2020-11-13T16:22:59+00:00\",\"dateModified\":\"2020-11-23T11:45:51+00:00\",\"mainEntityOfPage\":{\"@id\":\"https:\\\/\\\/www.avant-pays-savoyard.com\\\/smaps\\\/tepos-une-demarche-pleine-denergie\\\/\"},\"wordCount\":374,\"publisher\":{\"@id\":\"https:\\\/\\\/www.avant-pays-savoyard.com\\\/smaps\\\/#organization\"},\"image\":{\"@id\":\"https:\\\/\\\/www.avant-pays-savoyard.com\\\/smaps\\\/tepos-une-demarche-pleine-denergie\\\/#primaryimage\"},\"thumbnailUrl\":\"https:\\\/\\\/www.avant-pays-savoyard.com\\\/smaps\\\/wp-content\\\/uploads\\\/2020\\\/11\\\/IllustrationTEPOS-e1605803108879.png\",\"articleSection\":[\"Actualit\u00e9s\",\"Environnement et \u00e9nergie\",\"Infos g\u00e9n\u00e9rales\"],\"inLanguage\":\"fr-FR\"},{\"@type\":\"WebPage\",\"@id\":\"https:\\\/\\\/www.avant-pays-savoyard.com\\\/smaps\\\/tepos-une-demarche-pleine-denergie\\\/\",\"url\":\"https:\\\/\\\/www.avant-pays-savoyard.com\\\/smaps\\\/tepos-une-demarche-pleine-denergie\\\/\",\"name\":\"TEPOS : une d\u00e9marche pleine d'\u00e9nergie ! | Avant Pays Savoyard\",\"isPartOf\":{\"@id\":\"https:\\\/\\\/www.avant-pays-savoyard.com\\\/smaps\\\/#website\"},\"primaryImageOfPage\":{\"@id\":\"https:\\\/\\\/www.avant-pays-savoyard.com\\\/smaps\\\/tepos-une-demarche-pleine-denergie\\\/#primaryimage\"},\"image\":{\"@id\":\"https:\\\/\\\/www.avant-pays-savoyard.com\\\/smaps\\\/tepos-une-demarche-pleine-denergie\\\/#primaryimage\"},\"thumbnailUrl\":\"https:\\\/\\\/www.avant-pays-savoyard.com\\\/smaps\\\/wp-content\\\/uploads\\\/2020\\\/11\\\/IllustrationTEPOS-e1605803108879.png\",\"datePublished\":\"2020-11-13T16:22:59+00:00\",\"dateModified\":\"2020-11-23T11:45:51+00:00\",\"description\":\"TEPOS : une d\u00e9marche pleine d'\u00e9nergie ! | Avant Pays Savoyard\",\"breadcrumb\":{\"@id\":\"https:\\\/\\\/www.avant-pays-savoyard.com\\\/smaps\\\/tepos-une-demarche-pleine-denergie\\\/#breadcrumb\"},\"inLanguage\":\"fr-FR\",\"potentialAction\":[{\"@type\":\"ReadAction\",\"target\":[\"https:\\\/\\\/www.avant-pays-savoyard.com\\\/smaps\\\/tepos-une-demarche-pleine-denergie\\\/\"]}]},{\"@type\":\"ImageObject\",\"inLanguage\":\"fr-FR\",\"@id\":\"https:\\\/\\\/www.avant-pays-savoyard.com\\\/smaps\\\/tepos-une-demarche-pleine-denergie\\\/#primaryimage\",\"url\":\"https:\\\/\\\/www.avant-pays-savoyard.com\\\/smaps\\\/wp-content\\\/uploads\\\/2020\\\/11\\\/IllustrationTEPOS-e1605803108879.png\",\"contentUrl\":\"https:\\\/\\\/www.avant-pays-savoyard.com\\\/smaps\\\/wp-content\\\/uploads\\\/2020\\\/11\\\/IllustrationTEPOS-e1605803108879.png\",\"width\":200,\"height\":123},{\"@type\":\"BreadcrumbList\",\"@id\":\"https:\\\/\\\/www.avant-pays-savoyard.com\\\/smaps\\\/tepos-une-demarche-pleine-denergie\\\/#breadcrumb\",\"itemListElement\":[{\"@type\":\"ListItem\",\"position\":1,\"name\":\"Accueil\",\"item\":\"https:\\\/\\\/www.avant-pays-savoyard.com\\\/smaps\\\/\"},{\"@type\":\"ListItem\",\"position\":2,\"name\":\"Actualit\u00e9s\",\"item\":\"https:\\\/\\\/www.avant-pays-savoyard.com\\\/smaps\\\/category\\\/actus\\\/\"},{\"@type\":\"ListItem\",\"position\":3,\"name\":\"TEPOS : une d\u00e9marche pleine d&rsquo;\u00e9nergie !\"}]},{\"@type\":\"WebSite\",\"@id\":\"https:\\\/\\\/www.avant-pays-savoyard.com\\\/smaps\\\/#website\",\"url\":\"https:\\\/\\\/www.avant-pays-savoyard.com\\\/smaps\\\/\",\"name\":\"Syndicat Mixte Avant-Pays Savoyard\",\"description\":\"Site du SMAPS\",\"publisher\":{\"@id\":\"https:\\\/\\\/www.avant-pays-savoyard.com\\\/smaps\\\/#organization\"},\"potentialAction\":[{\"@type\":\"SearchAction\",\"target\":{\"@type\":\"EntryPoint\",\"urlTemplate\":\"https:\\\/\\\/www.avant-pays-savoyard.com\\\/smaps\\\/?s={search_term_string}\"},\"query-input\":{\"@type\":\"PropertyValueSpecification\",\"valueRequired\":true,\"valueName\":\"search_term_string\"}}],\"inLanguage\":\"fr-FR\"},{\"@type\":\"Organization\",\"@id\":\"https:\\\/\\\/www.avant-pays-savoyard.com\\\/smaps\\\/#organization\",\"name\":\"Avant Pays Savoyard\",\"url\":\"https:\\\/\\\/www.avant-pays-savoyard.com\\\/smaps\\\/\",\"logo\":{\"@type\":\"ImageObject\",\"inLanguage\":\"fr-FR\",\"@id\":\"https:\\\/\\\/www.avant-pays-savoyard.com\\\/smaps\\\/#\\\/schema\\\/logo\\\/image\\\/\",\"url\":\"https:\\\/\\\/www.avant-pays-savoyard.com\\\/smaps\\\/wp-content\\\/uploads\\\/2020\\\/11\\\/logo-smaps.png\",\"contentUrl\":\"https:\\\/\\\/www.avant-pays-savoyard.com\\\/smaps\\\/wp-content\\\/uploads\\\/2020\\\/11\\\/logo-smaps.png\",\"width\":1617,\"height\":738,\"caption\":\"Avant Pays Savoyard\"},\"image\":{\"@id\":\"https:\\\/\\\/www.avant-pays-savoyard.com\\\/smaps\\\/#\\\/schema\\\/logo\\\/image\\\/\"},\"sameAs\":[\"https:\\\/\\\/www.facebook.com\\\/philippe.smaps?eid=ARBa3pcAa8gXFS8WNK_PRvsO8QdGpgIOahlkYUZ_fHoQSowEaz5KpN0GqL0PUxNL0ZbTsFwcVmpWqAsm\"]},{\"@type\":\"Person\",\"@id\":\"https:\\\/\\\/www.avant-pays-savoyard.com\\\/smaps\\\/#\\\/schema\\\/person\\\/97c9f75644fa5ca03f84c36512d45878\",\"name\":\"SMAPS\",\"image\":{\"@type\":\"ImageObject\",\"inLanguage\":\"fr-FR\",\"@id\":\"https:\\\/\\\/secure.gravatar.com\\\/avatar\\\/5f82331f1fbc0b612bc82f92d18052f29701b5b494fd518e67c6c8d7d646b105?s=96&d=mm&r=g\",\"url\":\"https:\\\/\\\/secure.gravatar.com\\\/avatar\\\/5f82331f1fbc0b612bc82f92d18052f29701b5b494fd518e67c6c8d7d646b105?s=96&d=mm&r=g\",\"contentUrl\":\"https:\\\/\\\/secure.gravatar.com\\\/avatar\\\/5f82331f1fbc0b612bc82f92d18052f29701b5b494fd518e67c6c8d7d646b105?s=96&d=mm&r=g\",\"caption\":\"SMAPS\"}}]}<\/script>\n<!-- \/ Yoast SEO plugin. -->","yoast_head_json":{"title":"TEPOS : une d\u00e9marche pleine d'\u00e9nergie ! | Avant Pays Savoyard","description":"TEPOS : une d\u00e9marche pleine d'\u00e9nergie ! | Avant Pays Savoyard","robots":{"index":"index","follow":"follow","max-snippet":"max-snippet:-1","max-image-preview":"max-image-preview:large","max-video-preview":"max-video-preview:-1"},"canonical":"https:\/\/www.avant-pays-savoyard.com\/smaps\/tepos-une-demarche-pleine-denergie\/","og_locale":"fr_FR","og_type":"article","og_title":"TEPOS : une d\u00e9marche pleine d'\u00e9nergie ! | Avant Pays Savoyard","og_description":"TEPOS : une d\u00e9marche pleine d'\u00e9nergie ! | Avant Pays Savoyard","og_url":"https:\/\/www.avant-pays-savoyard.com\/smaps\/tepos-une-demarche-pleine-denergie\/","og_site_name":"Syndicat Mixte Avant-Pays Savoyard","article_publisher":"https:\/\/www.facebook.com\/philippe.smaps?eid=ARBa3pcAa8gXFS8WNK_PRvsO8QdGpgIOahlkYUZ_fHoQSowEaz5KpN0GqL0PUxNL0ZbTsFwcVmpWqAsm","article_published_time":"2020-11-13T16:22:59+00:00","article_modified_time":"2020-11-23T11:45:51+00:00","og_image":[{"width":200,"height":123,"url":"https:\/\/www.avant-pays-savoyard.com\/smaps\/wp-content\/uploads\/2020\/11\/IllustrationTEPOS-e1605803108879.png","type":"image\/png"}],"author":"SMAPS","twitter_card":"summary_large_image","twitter_misc":{"\u00c9crit par":"SMAPS","Dur\u00e9e de lecture estim\u00e9e":"2 minutes"},"schema":{"@context":"https:\/\/schema.org","@graph":[{"@type":"Article","@id":"https:\/\/www.avant-pays-savoyard.com\/smaps\/tepos-une-demarche-pleine-denergie\/#article","isPartOf":{"@id":"https:\/\/www.avant-pays-savoyard.com\/smaps\/tepos-une-demarche-pleine-denergie\/"},"author":{"name":"SMAPS","@id":"https:\/\/www.avant-pays-savoyard.com\/smaps\/#\/schema\/person\/97c9f75644fa5ca03f84c36512d45878"},"headline":"TEPOS : une d\u00e9marche pleine d&rsquo;\u00e9nergie !","datePublished":"2020-11-13T16:22:59+00:00","dateModified":"2020-11-23T11:45:51+00:00","mainEntityOfPage":{"@id":"https:\/\/www.avant-pays-savoyard.com\/smaps\/tepos-une-demarche-pleine-denergie\/"},"wordCount":374,"publisher":{"@id":"https:\/\/www.avant-pays-savoyard.com\/smaps\/#organization"},"image":{"@id":"https:\/\/www.avant-pays-savoyard.com\/smaps\/tepos-une-demarche-pleine-denergie\/#primaryimage"},"thumbnailUrl":"https:\/\/www.avant-pays-savoyard.com\/smaps\/wp-content\/uploads\/2020\/11\/IllustrationTEPOS-e1605803108879.png","articleSection":["Actualit\u00e9s","Environnement et \u00e9nergie","Infos g\u00e9n\u00e9rales"],"inLanguage":"fr-FR"},{"@type":"WebPage","@id":"https:\/\/www.avant-pays-savoyard.com\/smaps\/tepos-une-demarche-pleine-denergie\/","url":"https:\/\/www.avant-pays-savoyard.com\/smaps\/tepos-une-demarche-pleine-denergie\/","name":"TEPOS : une d\u00e9marche pleine d'\u00e9nergie ! | Avant Pays Savoyard","isPartOf":{"@id":"https:\/\/www.avant-pays-savoyard.com\/smaps\/#website"},"primaryImageOfPage":{"@id":"https:\/\/www.avant-pays-savoyard.com\/smaps\/tepos-une-demarche-pleine-denergie\/#primaryimage"},"image":{"@id":"https:\/\/www.avant-pays-savoyard.com\/smaps\/tepos-une-demarche-pleine-denergie\/#primaryimage"},"thumbnailUrl":"https:\/\/www.avant-pays-savoyard.com\/smaps\/wp-content\/uploads\/2020\/11\/IllustrationTEPOS-e1605803108879.png","datePublished":"2020-11-13T16:22:59+00:00","dateModified":"2020-11-23T11:45:51+00:00","description":"TEPOS : une d\u00e9marche pleine d'\u00e9nergie ! | Avant Pays Savoyard","breadcrumb":{"@id":"https:\/\/www.avant-pays-savoyard.com\/smaps\/tepos-une-demarche-pleine-denergie\/#breadcrumb"},"inLanguage":"fr-FR","potentialAction":[{"@type":"ReadAction","target":["https:\/\/www.avant-pays-savoyard.com\/smaps\/tepos-une-demarche-pleine-denergie\/"]}]},{"@type":"ImageObject","inLanguage":"fr-FR","@id":"https:\/\/www.avant-pays-savoyard.com\/smaps\/tepos-une-demarche-pleine-denergie\/#primaryimage","url":"https:\/\/www.avant-pays-savoyard.com\/smaps\/wp-content\/uploads\/2020\/11\/IllustrationTEPOS-e1605803108879.png","contentUrl":"https:\/\/www.avant-pays-savoyard.com\/smaps\/wp-content\/uploads\/2020\/11\/IllustrationTEPOS-e1605803108879.png","width":200,"height":123},{"@type":"BreadcrumbList","@id":"https:\/\/www.avant-pays-savoyard.com\/smaps\/tepos-une-demarche-pleine-denergie\/#breadcrumb","itemListElement":[{"@type":"ListItem","position":1,"name":"Accueil","item":"https:\/\/www.avant-pays-savoyard.com\/smaps\/"},{"@type":"ListItem","position":2,"name":"Actualit\u00e9s","item":"https:\/\/www.avant-pays-savoyard.com\/smaps\/category\/actus\/"},{"@type":"ListItem","position":3,"name":"TEPOS : une d\u00e9marche pleine d&rsquo;\u00e9nergie !"}]},{"@type":"WebSite","@id":"https:\/\/www.avant-pays-savoyard.com\/smaps\/#website","url":"https:\/\/www.avant-pays-savoyard.com\/smaps\/","name":"Syndicat Mixte Avant-Pays Savoyard","description":"Site du SMAPS","publisher":{"@id":"https:\/\/www.avant-pays-savoyard.com\/smaps\/#organization"},"potentialAction":[{"@type":"SearchAction","target":{"@type":"EntryPoint","urlTemplate":"https:\/\/www.avant-pays-savoyard.com\/smaps\/?s={search_term_string}"},"query-input":{"@type":"PropertyValueSpecification","valueRequired":true,"valueName":"search_term_string"}}],"inLanguage":"fr-FR"},{"@type":"Organization","@id":"https:\/\/www.avant-pays-savoyard.com\/smaps\/#organization","name":"Avant Pays Savoyard","url":"https:\/\/www.avant-pays-savoyard.com\/smaps\/","logo":{"@type":"ImageObject","inLanguage":"fr-FR","@id":"https:\/\/www.avant-pays-savoyard.com\/smaps\/#\/schema\/logo\/image\/","url":"https:\/\/www.avant-pays-savoyard.com\/smaps\/wp-content\/uploads\/2020\/11\/logo-smaps.png","contentUrl":"https:\/\/www.avant-pays-savoyard.com\/smaps\/wp-content\/uploads\/2020\/11\/logo-smaps.png","width":1617,"height":738,"caption":"Avant Pays Savoyard"},"image":{"@id":"https:\/\/www.avant-pays-savoyard.com\/smaps\/#\/schema\/logo\/image\/"},"sameAs":["https:\/\/www.facebook.com\/philippe.smaps?eid=ARBa3pcAa8gXFS8WNK_PRvsO8QdGpgIOahlkYUZ_fHoQSowEaz5KpN0GqL0PUxNL0ZbTsFwcVmpWqAsm"]},{"@type":"Person","@id":"https:\/\/www.avant-pays-savoyard.com\/smaps\/#\/schema\/person\/97c9f75644fa5ca03f84c36512d45878","name":"SMAPS","image":{"@type":"ImageObject","inLanguage":"fr-FR","@id":"https:\/\/secure.gravatar.com\/avatar\/5f82331f1fbc0b612bc82f92d18052f29701b5b494fd518e67c6c8d7d646b105?s=96&d=mm&r=g","url":"https:\/\/secure.gravatar.com\/avatar\/5f82331f1fbc0b612bc82f92d18052f29701b5b494fd518e67c6c8d7d646b105?s=96&d=mm&r=g","contentUrl":"https:\/\/secure.gravatar.com\/avatar\/5f82331f1fbc0b612bc82f92d18052f29701b5b494fd518e67c6c8d7d646b105?s=96&d=mm&r=g","caption":"SMAPS"}}]}},"publishpress_future_action":{"enabled":false,"date":"2026-05-06 21:34:46","action":"change-status","newStatus":"draft","terms":[],"taxonomy":"category","extraData":[]},"publishpress_future_workflow_manual_trigger":{"enabledWorkflows":[]},"_links":{"self":[{"href":"https:\/\/www.avant-pays-savoyard.com\/smaps\/wp-json\/wp\/v2\/posts\/2450","targetHints":{"allow":["GET"]}}],"collection":[{"href":"https:\/\/www.avant-pays-savoyard.com\/smaps\/wp-json\/wp\/v2\/posts"}],"about":[{"href":"https:\/\/www.avant-pays-savoyard.com\/smaps\/wp-json\/wp\/v2\/types\/post"}],"author":[{"embeddable":true,"href":"https:\/\/www.avant-pays-savoyard.com\/smaps\/wp-json\/wp\/v2\/users\/2"}],"replies":[{"embeddable":true,"href":"https:\/\/www.avant-pays-savoyard.com\/smaps\/wp-json\/wp\/v2\/comments?post=2450"}],"version-history":[{"count":7,"href":"https:\/\/www.avant-pays-savoyard.com\/smaps\/wp-json\/wp\/v2\/posts\/2450\/revisions"}],"predecessor-version":[{"id":2713,"href":"https:\/\/www.avant-pays-savoyard.com\/smaps\/wp-json\/wp\/v2\/posts\/2450\/revisions\/2713"}],"wp:featuredmedia":[{"embeddable":true,"href":"https:\/\/www.avant-pays-savoyard.com\/smaps\/wp-json\/wp\/v2\/media\/2439"}],"wp:attachment":[{"href":"https:\/\/www.avant-pays-savoyard.com\/smaps\/wp-json\/wp\/v2\/media?parent=2450"}],"wp:term":[{"taxonomy":"category","embeddable":true,"href":"https:\/\/www.avant-pays-savoyard.com\/smaps\/wp-json\/wp\/v2\/categories?post=2450"},{"taxonomy":"post_tag","embeddable":true,"href":"https:\/\/www.avant-pays-savoyard.com\/smaps\/wp-json\/wp\/v2\/tags?post=2450"}],"curies":[{"name":"wp","href":"https:\/\/api.w.org\/{rel}","templated":true}]}}