{"id":3167,"date":"2021-02-16T11:14:53","date_gmt":"2021-02-16T10:14:53","guid":{"rendered":"https:\/\/www.avant-pays-savoyard.com\/smaps\/?p=3167"},"modified":"2021-02-23T15:55:45","modified_gmt":"2021-02-23T14:55:45","slug":"a-vos-marques-prets-renovez-le-reseau-faire-est-lance-en-avant-pays-savoyard","status":"publish","type":"post","link":"https:\/\/www.avant-pays-savoyard.com\/smaps\/a-vos-marques-prets-renovez-le-reseau-faire-est-lance-en-avant-pays-savoyard\/","title":{"rendered":"A vos marques&#8230;Pr\u00eats&#8230; R\u00e9novez ! Le R\u00e9seau FAIRE est lanc\u00e9 en Avant Pays Savoyard."},"content":{"rendered":"<p><strong><em>Vous souhaitez r\u00e9aliser des travaux d\u2019isolation, de chauffage, de ventilation pour faire des \u00e9conomies d\u2019\u00e9nergie et avoir plus de confort dans votre habitation ? <\/em><\/strong><\/p>\n<p><strong>FAIRE Tout pour ma r\u00e9nov\u2019 (*),<\/strong> est un service gratuit et accessible au <strong>04 56 11 99 00<\/strong> ou sur <strong><a href=\"mailto:info@faire73.fr\">info@faire73.fr<\/a><\/strong><\/p>\n<p>Tout au long de votre projet, des conseillers vous informent et vous proposent un accompagnement personnalis\u00e9 en toute neutralit\u00e9 :<\/p>\n<ul>\n<li><strong>Par o\u00f9 commencer\u00a0? <\/strong><\/li>\n<li><strong>Quelles solutions techniques\u00a0choisir<\/strong>: isolation par l\u2019int\u00e9rieur, par l\u2019ext\u00e9rieur\u00a0? quel type de mat\u00e9riaux\u00a0? changer ses menuiseries et vitrages\u00a0? comment veiller \u00e0 l\u2019\u00e9tanch\u00e9it\u00e9 \u00e0 l\u2019air\u00a0? quel mode de ventilation\u00a0?<\/li>\n<li><strong>Quelle \u00e9nergie renouvelable <\/strong>choisir pour le chauffage, l\u2019eau chaude sanitaire, l\u2019\u00e9lectricit\u00e9\u00a0: bois \u00e9nergie, solaire thermique, solaire photovolta\u00efque\u00a0?<\/li>\n<li><strong>Quelles aides financi\u00e8res <\/strong>possibles ?<\/li>\n<li>Comment mener des <strong>\u00e9conomies d\u2019\u00e9nergie <\/strong>au quotidien ?<\/li>\n<\/ul>\n<p>En Avant Pays Savoyard, ce dispositif est financ\u00e9 par l\u2019\u00c9tat, la R\u00e9gion Auvergne-Rh\u00f4ne-Alpes, le D\u00e9partement de la Savoie et par les communaut\u00e9s de communes du Lac d&rsquo;Aiguebelette, de Yenne et de Val Guiers, Le service est assur\u00e9 par l\u2019ASDER, acteur historique local de la transition \u00e9nerg\u00e9tique.Plus d&rsquo;informations <a href=\"https:\/\/www.asder.asso.fr\/je-suis-un-particulier\/\">au lien suivant<\/a>.<\/p>\n<p>Plusieurs permanences sur rendez-vous sont \u00e9galement organis\u00e9es une fois par mois dans chaque communaut\u00e9 de communes de l&rsquo;Avant Pays Savoyard.<\/p>\n<p><strong>Contacter le service au 04 56 11 99 00<\/strong>\u00a0:<br \/>\ndu lundi au vendredi de 9h \u00e0 12h et de 14h \u00e0 17h sauf le jeudi matin.<br \/>\nou sur <strong><a href=\"mailto:info@faire73.fr\">info@faire73.fr<\/a><\/strong><\/p>\n<p><strong><em>(*) Faciliter, Accompagner et Informer pour la R\u00e9novation \u00c9nerg\u00e9tique<\/em><\/strong><\/p>\n","protected":false},"excerpt":{"rendered":"<p>Vous souhaitez r\u00e9aliser des travaux d\u2019isolation, de chauffage, de ventilation pour faire des \u00e9conomies d\u2019\u00e9nergie et avoir plus de confort dans votre habitation ? FAIRE Tout pour ma r\u00e9nov\u2019 (*), est un service gratuit et accessible au 04 56 11 99 00 ou sur info@faire73.fr Tout au long de votre projet, des conseillers vous informent [&hellip;]<\/p>\n","protected":false},"author":2,"featured_media":3169,"comment_status":"closed","ping_status":"closed","sticky":false,"template":"","format":"standard","meta":{"_et_pb_use_builder":"","_et_pb_old_content":"","_et_gb_content_width":"","_monsterinsights_skip_tracking":false,"_monsterinsights_sitenote_active":false,"_monsterinsights_sitenote_note":"","_monsterinsights_sitenote_category":0,"footnotes":""},"categories":[29,6,1],"tags":[],"class_list":["post-3167","post","type-post","status-publish","format-standard","has-post-thumbnail","hentry","category-actus","category-environnement-et-energie","category-infos-generales"],"yoast_head":"<!-- This site is optimized with the Yoast SEO plugin v27.5 - https:\/\/yoast.com\/product\/yoast-seo-wordpress\/ -->\n<title>A vos marques...Pr\u00eats... R\u00e9novez ! Le R\u00e9seau FAIRE est lanc\u00e9 en Avant Pays Savoyard. | Avant Pays Savoyard<\/title>\n<meta name=\"description\" content=\"A vos marques...Pr\u00eats... R\u00e9novez ! Le R\u00e9seau FAIRE est lanc\u00e9 en Avant Pays Savoyard. | Avant Pays Savoyard\" \/>\n<meta name=\"robots\" content=\"index, follow, max-snippet:-1, max-image-preview:large, max-video-preview:-1\" \/>\n<link rel=\"canonical\" href=\"https:\/\/www.avant-pays-savoyard.com\/smaps\/a-vos-marques-prets-renovez-le-reseau-faire-est-lance-en-avant-pays-savoyard\/\" \/>\n<meta property=\"og:locale\" content=\"fr_FR\" \/>\n<meta property=\"og:type\" content=\"article\" \/>\n<meta property=\"og:title\" content=\"A vos marques...Pr\u00eats... R\u00e9novez ! Le R\u00e9seau FAIRE est lanc\u00e9 en Avant Pays Savoyard. | Avant Pays Savoyard\" \/>\n<meta property=\"og:description\" content=\"A vos marques...Pr\u00eats... R\u00e9novez ! Le R\u00e9seau FAIRE est lanc\u00e9 en Avant Pays Savoyard. | Avant Pays Savoyard\" \/>\n<meta property=\"og:url\" content=\"https:\/\/www.avant-pays-savoyard.com\/smaps\/a-vos-marques-prets-renovez-le-reseau-faire-est-lance-en-avant-pays-savoyard\/\" \/>\n<meta property=\"og:site_name\" content=\"Syndicat Mixte Avant-Pays Savoyard\" \/>\n<meta property=\"article:publisher\" content=\"https:\/\/www.facebook.com\/philippe.smaps?eid=ARBa3pcAa8gXFS8WNK_PRvsO8QdGpgIOahlkYUZ_fHoQSowEaz5KpN0GqL0PUxNL0ZbTsFwcVmpWqAsm\" \/>\n<meta property=\"article:published_time\" content=\"2021-02-16T10:14:53+00:00\" \/>\n<meta property=\"article:modified_time\" content=\"2021-02-23T14:55:45+00:00\" \/>\n<meta property=\"og:image\" content=\"https:\/\/www.avant-pays-savoyard.com\/smaps\/wp-content\/uploads\/2021\/02\/FAIRE.png\" \/>\n\t<meta property=\"og:image:width\" content=\"299\" \/>\n\t<meta property=\"og:image:height\" content=\"286\" \/>\n\t<meta property=\"og:image:type\" content=\"image\/png\" \/>\n<meta name=\"author\" content=\"SMAPS\" \/>\n<meta name=\"twitter:card\" content=\"summary_large_image\" \/>\n<meta name=\"twitter:label1\" content=\"\u00c9crit par\" \/>\n\t<meta name=\"twitter:data1\" content=\"SMAPS\" \/>\n\t<meta name=\"twitter:label2\" content=\"Dur\u00e9e de lecture estim\u00e9e\" \/>\n\t<meta name=\"twitter:data2\" content=\"1 minute\" \/>\n<script type=\"application\/ld+json\" class=\"yoast-schema-graph\">{\"@context\":\"https:\\\/\\\/schema.org\",\"@graph\":[{\"@type\":\"Article\",\"@id\":\"https:\\\/\\\/www.avant-pays-savoyard.com\\\/smaps\\\/a-vos-marques-prets-renovez-le-reseau-faire-est-lance-en-avant-pays-savoyard\\\/#article\",\"isPartOf\":{\"@id\":\"https:\\\/\\\/www.avant-pays-savoyard.com\\\/smaps\\\/a-vos-marques-prets-renovez-le-reseau-faire-est-lance-en-avant-pays-savoyard\\\/\"},\"author\":{\"name\":\"SMAPS\",\"@id\":\"https:\\\/\\\/www.avant-pays-savoyard.com\\\/smaps\\\/#\\\/schema\\\/person\\\/97c9f75644fa5ca03f84c36512d45878\"},\"headline\":\"A vos marques&#8230;Pr\u00eats&#8230; R\u00e9novez ! Le R\u00e9seau FAIRE est lanc\u00e9 en Avant Pays Savoyard.\",\"datePublished\":\"2021-02-16T10:14:53+00:00\",\"dateModified\":\"2021-02-23T14:55:45+00:00\",\"mainEntityOfPage\":{\"@id\":\"https:\\\/\\\/www.avant-pays-savoyard.com\\\/smaps\\\/a-vos-marques-prets-renovez-le-reseau-faire-est-lance-en-avant-pays-savoyard\\\/\"},\"wordCount\":266,\"publisher\":{\"@id\":\"https:\\\/\\\/www.avant-pays-savoyard.com\\\/smaps\\\/#organization\"},\"image\":{\"@id\":\"https:\\\/\\\/www.avant-pays-savoyard.com\\\/smaps\\\/a-vos-marques-prets-renovez-le-reseau-faire-est-lance-en-avant-pays-savoyard\\\/#primaryimage\"},\"thumbnailUrl\":\"https:\\\/\\\/www.avant-pays-savoyard.com\\\/smaps\\\/wp-content\\\/uploads\\\/2021\\\/02\\\/FAIRE.png\",\"articleSection\":[\"Actualit\u00e9s\",\"Environnement et \u00e9nergie\",\"Infos g\u00e9n\u00e9rales\"],\"inLanguage\":\"fr-FR\"},{\"@type\":\"WebPage\",\"@id\":\"https:\\\/\\\/www.avant-pays-savoyard.com\\\/smaps\\\/a-vos-marques-prets-renovez-le-reseau-faire-est-lance-en-avant-pays-savoyard\\\/\",\"url\":\"https:\\\/\\\/www.avant-pays-savoyard.com\\\/smaps\\\/a-vos-marques-prets-renovez-le-reseau-faire-est-lance-en-avant-pays-savoyard\\\/\",\"name\":\"A vos marques...Pr\u00eats... R\u00e9novez ! Le R\u00e9seau FAIRE est lanc\u00e9 en Avant Pays Savoyard. | Avant Pays Savoyard\",\"isPartOf\":{\"@id\":\"https:\\\/\\\/www.avant-pays-savoyard.com\\\/smaps\\\/#website\"},\"primaryImageOfPage\":{\"@id\":\"https:\\\/\\\/www.avant-pays-savoyard.com\\\/smaps\\\/a-vos-marques-prets-renovez-le-reseau-faire-est-lance-en-avant-pays-savoyard\\\/#primaryimage\"},\"image\":{\"@id\":\"https:\\\/\\\/www.avant-pays-savoyard.com\\\/smaps\\\/a-vos-marques-prets-renovez-le-reseau-faire-est-lance-en-avant-pays-savoyard\\\/#primaryimage\"},\"thumbnailUrl\":\"https:\\\/\\\/www.avant-pays-savoyard.com\\\/smaps\\\/wp-content\\\/uploads\\\/2021\\\/02\\\/FAIRE.png\",\"datePublished\":\"2021-02-16T10:14:53+00:00\",\"dateModified\":\"2021-02-23T14:55:45+00:00\",\"description\":\"A vos marques...Pr\u00eats... R\u00e9novez ! Le R\u00e9seau FAIRE est lanc\u00e9 en Avant Pays Savoyard. | Avant Pays Savoyard\",\"breadcrumb\":{\"@id\":\"https:\\\/\\\/www.avant-pays-savoyard.com\\\/smaps\\\/a-vos-marques-prets-renovez-le-reseau-faire-est-lance-en-avant-pays-savoyard\\\/#breadcrumb\"},\"inLanguage\":\"fr-FR\",\"potentialAction\":[{\"@type\":\"ReadAction\",\"target\":[\"https:\\\/\\\/www.avant-pays-savoyard.com\\\/smaps\\\/a-vos-marques-prets-renovez-le-reseau-faire-est-lance-en-avant-pays-savoyard\\\/\"]}]},{\"@type\":\"ImageObject\",\"inLanguage\":\"fr-FR\",\"@id\":\"https:\\\/\\\/www.avant-pays-savoyard.com\\\/smaps\\\/a-vos-marques-prets-renovez-le-reseau-faire-est-lance-en-avant-pays-savoyard\\\/#primaryimage\",\"url\":\"https:\\\/\\\/www.avant-pays-savoyard.com\\\/smaps\\\/wp-content\\\/uploads\\\/2021\\\/02\\\/FAIRE.png\",\"contentUrl\":\"https:\\\/\\\/www.avant-pays-savoyard.com\\\/smaps\\\/wp-content\\\/uploads\\\/2021\\\/02\\\/FAIRE.png\",\"width\":299,\"height\":286},{\"@type\":\"BreadcrumbList\",\"@id\":\"https:\\\/\\\/www.avant-pays-savoyard.com\\\/smaps\\\/a-vos-marques-prets-renovez-le-reseau-faire-est-lance-en-avant-pays-savoyard\\\/#breadcrumb\",\"itemListElement\":[{\"@type\":\"ListItem\",\"position\":1,\"name\":\"Accueil\",\"item\":\"https:\\\/\\\/www.avant-pays-savoyard.com\\\/smaps\\\/\"},{\"@type\":\"ListItem\",\"position\":2,\"name\":\"Actualit\u00e9s\",\"item\":\"https:\\\/\\\/www.avant-pays-savoyard.com\\\/smaps\\\/category\\\/actus\\\/\"},{\"@type\":\"ListItem\",\"position\":3,\"name\":\"A vos marques&#8230;Pr\u00eats&#8230; R\u00e9novez ! Le R\u00e9seau FAIRE est lanc\u00e9 en Avant Pays Savoyard.\"}]},{\"@type\":\"WebSite\",\"@id\":\"https:\\\/\\\/www.avant-pays-savoyard.com\\\/smaps\\\/#website\",\"url\":\"https:\\\/\\\/www.avant-pays-savoyard.com\\\/smaps\\\/\",\"name\":\"Syndicat Mixte Avant-Pays Savoyard\",\"description\":\"Site du SMAPS\",\"publisher\":{\"@id\":\"https:\\\/\\\/www.avant-pays-savoyard.com\\\/smaps\\\/#organization\"},\"potentialAction\":[{\"@type\":\"SearchAction\",\"target\":{\"@type\":\"EntryPoint\",\"urlTemplate\":\"https:\\\/\\\/www.avant-pays-savoyard.com\\\/smaps\\\/?s={search_term_string}\"},\"query-input\":{\"@type\":\"PropertyValueSpecification\",\"valueRequired\":true,\"valueName\":\"search_term_string\"}}],\"inLanguage\":\"fr-FR\"},{\"@type\":\"Organization\",\"@id\":\"https:\\\/\\\/www.avant-pays-savoyard.com\\\/smaps\\\/#organization\",\"name\":\"Avant Pays Savoyard\",\"url\":\"https:\\\/\\\/www.avant-pays-savoyard.com\\\/smaps\\\/\",\"logo\":{\"@type\":\"ImageObject\",\"inLanguage\":\"fr-FR\",\"@id\":\"https:\\\/\\\/www.avant-pays-savoyard.com\\\/smaps\\\/#\\\/schema\\\/logo\\\/image\\\/\",\"url\":\"https:\\\/\\\/www.avant-pays-savoyard.com\\\/smaps\\\/wp-content\\\/uploads\\\/2020\\\/11\\\/logo-smaps.png\",\"contentUrl\":\"https:\\\/\\\/www.avant-pays-savoyard.com\\\/smaps\\\/wp-content\\\/uploads\\\/2020\\\/11\\\/logo-smaps.png\",\"width\":1617,\"height\":738,\"caption\":\"Avant Pays Savoyard\"},\"image\":{\"@id\":\"https:\\\/\\\/www.avant-pays-savoyard.com\\\/smaps\\\/#\\\/schema\\\/logo\\\/image\\\/\"},\"sameAs\":[\"https:\\\/\\\/www.facebook.com\\\/philippe.smaps?eid=ARBa3pcAa8gXFS8WNK_PRvsO8QdGpgIOahlkYUZ_fHoQSowEaz5KpN0GqL0PUxNL0ZbTsFwcVmpWqAsm\"]},{\"@type\":\"Person\",\"@id\":\"https:\\\/\\\/www.avant-pays-savoyard.com\\\/smaps\\\/#\\\/schema\\\/person\\\/97c9f75644fa5ca03f84c36512d45878\",\"name\":\"SMAPS\",\"image\":{\"@type\":\"ImageObject\",\"inLanguage\":\"fr-FR\",\"@id\":\"https:\\\/\\\/secure.gravatar.com\\\/avatar\\\/5f82331f1fbc0b612bc82f92d18052f29701b5b494fd518e67c6c8d7d646b105?s=96&d=mm&r=g\",\"url\":\"https:\\\/\\\/secure.gravatar.com\\\/avatar\\\/5f82331f1fbc0b612bc82f92d18052f29701b5b494fd518e67c6c8d7d646b105?s=96&d=mm&r=g\",\"contentUrl\":\"https:\\\/\\\/secure.gravatar.com\\\/avatar\\\/5f82331f1fbc0b612bc82f92d18052f29701b5b494fd518e67c6c8d7d646b105?s=96&d=mm&r=g\",\"caption\":\"SMAPS\"}}]}<\/script>\n<!-- \/ Yoast SEO plugin. -->","yoast_head_json":{"title":"A vos marques...Pr\u00eats... R\u00e9novez ! Le R\u00e9seau FAIRE est lanc\u00e9 en Avant Pays Savoyard. | Avant Pays Savoyard","description":"A vos marques...Pr\u00eats... R\u00e9novez ! Le R\u00e9seau FAIRE est lanc\u00e9 en Avant Pays Savoyard. | Avant Pays Savoyard","robots":{"index":"index","follow":"follow","max-snippet":"max-snippet:-1","max-image-preview":"max-image-preview:large","max-video-preview":"max-video-preview:-1"},"canonical":"https:\/\/www.avant-pays-savoyard.com\/smaps\/a-vos-marques-prets-renovez-le-reseau-faire-est-lance-en-avant-pays-savoyard\/","og_locale":"fr_FR","og_type":"article","og_title":"A vos marques...Pr\u00eats... R\u00e9novez ! Le R\u00e9seau FAIRE est lanc\u00e9 en Avant Pays Savoyard. | Avant Pays Savoyard","og_description":"A vos marques...Pr\u00eats... R\u00e9novez ! Le R\u00e9seau FAIRE est lanc\u00e9 en Avant Pays Savoyard. | Avant Pays Savoyard","og_url":"https:\/\/www.avant-pays-savoyard.com\/smaps\/a-vos-marques-prets-renovez-le-reseau-faire-est-lance-en-avant-pays-savoyard\/","og_site_name":"Syndicat Mixte Avant-Pays Savoyard","article_publisher":"https:\/\/www.facebook.com\/philippe.smaps?eid=ARBa3pcAa8gXFS8WNK_PRvsO8QdGpgIOahlkYUZ_fHoQSowEaz5KpN0GqL0PUxNL0ZbTsFwcVmpWqAsm","article_published_time":"2021-02-16T10:14:53+00:00","article_modified_time":"2021-02-23T14:55:45+00:00","og_image":[{"width":299,"height":286,"url":"https:\/\/www.avant-pays-savoyard.com\/smaps\/wp-content\/uploads\/2021\/02\/FAIRE.png","type":"image\/png"}],"author":"SMAPS","twitter_card":"summary_large_image","twitter_misc":{"\u00c9crit par":"SMAPS","Dur\u00e9e de lecture estim\u00e9e":"1 minute"},"schema":{"@context":"https:\/\/schema.org","@graph":[{"@type":"Article","@id":"https:\/\/www.avant-pays-savoyard.com\/smaps\/a-vos-marques-prets-renovez-le-reseau-faire-est-lance-en-avant-pays-savoyard\/#article","isPartOf":{"@id":"https:\/\/www.avant-pays-savoyard.com\/smaps\/a-vos-marques-prets-renovez-le-reseau-faire-est-lance-en-avant-pays-savoyard\/"},"author":{"name":"SMAPS","@id":"https:\/\/www.avant-pays-savoyard.com\/smaps\/#\/schema\/person\/97c9f75644fa5ca03f84c36512d45878"},"headline":"A vos marques&#8230;Pr\u00eats&#8230; R\u00e9novez ! Le R\u00e9seau FAIRE est lanc\u00e9 en Avant Pays Savoyard.","datePublished":"2021-02-16T10:14:53+00:00","dateModified":"2021-02-23T14:55:45+00:00","mainEntityOfPage":{"@id":"https:\/\/www.avant-pays-savoyard.com\/smaps\/a-vos-marques-prets-renovez-le-reseau-faire-est-lance-en-avant-pays-savoyard\/"},"wordCount":266,"publisher":{"@id":"https:\/\/www.avant-pays-savoyard.com\/smaps\/#organization"},"image":{"@id":"https:\/\/www.avant-pays-savoyard.com\/smaps\/a-vos-marques-prets-renovez-le-reseau-faire-est-lance-en-avant-pays-savoyard\/#primaryimage"},"thumbnailUrl":"https:\/\/www.avant-pays-savoyard.com\/smaps\/wp-content\/uploads\/2021\/02\/FAIRE.png","articleSection":["Actualit\u00e9s","Environnement et \u00e9nergie","Infos g\u00e9n\u00e9rales"],"inLanguage":"fr-FR"},{"@type":"WebPage","@id":"https:\/\/www.avant-pays-savoyard.com\/smaps\/a-vos-marques-prets-renovez-le-reseau-faire-est-lance-en-avant-pays-savoyard\/","url":"https:\/\/www.avant-pays-savoyard.com\/smaps\/a-vos-marques-prets-renovez-le-reseau-faire-est-lance-en-avant-pays-savoyard\/","name":"A vos marques...Pr\u00eats... R\u00e9novez ! Le R\u00e9seau FAIRE est lanc\u00e9 en Avant Pays Savoyard. | Avant Pays Savoyard","isPartOf":{"@id":"https:\/\/www.avant-pays-savoyard.com\/smaps\/#website"},"primaryImageOfPage":{"@id":"https:\/\/www.avant-pays-savoyard.com\/smaps\/a-vos-marques-prets-renovez-le-reseau-faire-est-lance-en-avant-pays-savoyard\/#primaryimage"},"image":{"@id":"https:\/\/www.avant-pays-savoyard.com\/smaps\/a-vos-marques-prets-renovez-le-reseau-faire-est-lance-en-avant-pays-savoyard\/#primaryimage"},"thumbnailUrl":"https:\/\/www.avant-pays-savoyard.com\/smaps\/wp-content\/uploads\/2021\/02\/FAIRE.png","datePublished":"2021-02-16T10:14:53+00:00","dateModified":"2021-02-23T14:55:45+00:00","description":"A vos marques...Pr\u00eats... R\u00e9novez ! Le R\u00e9seau FAIRE est lanc\u00e9 en Avant Pays Savoyard. | Avant Pays Savoyard","breadcrumb":{"@id":"https:\/\/www.avant-pays-savoyard.com\/smaps\/a-vos-marques-prets-renovez-le-reseau-faire-est-lance-en-avant-pays-savoyard\/#breadcrumb"},"inLanguage":"fr-FR","potentialAction":[{"@type":"ReadAction","target":["https:\/\/www.avant-pays-savoyard.com\/smaps\/a-vos-marques-prets-renovez-le-reseau-faire-est-lance-en-avant-pays-savoyard\/"]}]},{"@type":"ImageObject","inLanguage":"fr-FR","@id":"https:\/\/www.avant-pays-savoyard.com\/smaps\/a-vos-marques-prets-renovez-le-reseau-faire-est-lance-en-avant-pays-savoyard\/#primaryimage","url":"https:\/\/www.avant-pays-savoyard.com\/smaps\/wp-content\/uploads\/2021\/02\/FAIRE.png","contentUrl":"https:\/\/www.avant-pays-savoyard.com\/smaps\/wp-content\/uploads\/2021\/02\/FAIRE.png","width":299,"height":286},{"@type":"BreadcrumbList","@id":"https:\/\/www.avant-pays-savoyard.com\/smaps\/a-vos-marques-prets-renovez-le-reseau-faire-est-lance-en-avant-pays-savoyard\/#breadcrumb","itemListElement":[{"@type":"ListItem","position":1,"name":"Accueil","item":"https:\/\/www.avant-pays-savoyard.com\/smaps\/"},{"@type":"ListItem","position":2,"name":"Actualit\u00e9s","item":"https:\/\/www.avant-pays-savoyard.com\/smaps\/category\/actus\/"},{"@type":"ListItem","position":3,"name":"A vos marques&#8230;Pr\u00eats&#8230; R\u00e9novez ! Le R\u00e9seau FAIRE est lanc\u00e9 en Avant Pays Savoyard."}]},{"@type":"WebSite","@id":"https:\/\/www.avant-pays-savoyard.com\/smaps\/#website","url":"https:\/\/www.avant-pays-savoyard.com\/smaps\/","name":"Syndicat Mixte Avant-Pays Savoyard","description":"Site du SMAPS","publisher":{"@id":"https:\/\/www.avant-pays-savoyard.com\/smaps\/#organization"},"potentialAction":[{"@type":"SearchAction","target":{"@type":"EntryPoint","urlTemplate":"https:\/\/www.avant-pays-savoyard.com\/smaps\/?s={search_term_string}"},"query-input":{"@type":"PropertyValueSpecification","valueRequired":true,"valueName":"search_term_string"}}],"inLanguage":"fr-FR"},{"@type":"Organization","@id":"https:\/\/www.avant-pays-savoyard.com\/smaps\/#organization","name":"Avant Pays Savoyard","url":"https:\/\/www.avant-pays-savoyard.com\/smaps\/","logo":{"@type":"ImageObject","inLanguage":"fr-FR","@id":"https:\/\/www.avant-pays-savoyard.com\/smaps\/#\/schema\/logo\/image\/","url":"https:\/\/www.avant-pays-savoyard.com\/smaps\/wp-content\/uploads\/2020\/11\/logo-smaps.png","contentUrl":"https:\/\/www.avant-pays-savoyard.com\/smaps\/wp-content\/uploads\/2020\/11\/logo-smaps.png","width":1617,"height":738,"caption":"Avant Pays Savoyard"},"image":{"@id":"https:\/\/www.avant-pays-savoyard.com\/smaps\/#\/schema\/logo\/image\/"},"sameAs":["https:\/\/www.facebook.com\/philippe.smaps?eid=ARBa3pcAa8gXFS8WNK_PRvsO8QdGpgIOahlkYUZ_fHoQSowEaz5KpN0GqL0PUxNL0ZbTsFwcVmpWqAsm"]},{"@type":"Person","@id":"https:\/\/www.avant-pays-savoyard.com\/smaps\/#\/schema\/person\/97c9f75644fa5ca03f84c36512d45878","name":"SMAPS","image":{"@type":"ImageObject","inLanguage":"fr-FR","@id":"https:\/\/secure.gravatar.com\/avatar\/5f82331f1fbc0b612bc82f92d18052f29701b5b494fd518e67c6c8d7d646b105?s=96&d=mm&r=g","url":"https:\/\/secure.gravatar.com\/avatar\/5f82331f1fbc0b612bc82f92d18052f29701b5b494fd518e67c6c8d7d646b105?s=96&d=mm&r=g","contentUrl":"https:\/\/secure.gravatar.com\/avatar\/5f82331f1fbc0b612bc82f92d18052f29701b5b494fd518e67c6c8d7d646b105?s=96&d=mm&r=g","caption":"SMAPS"}}]}},"publishpress_future_action":{"enabled":false,"date":"2026-05-07 22:42:13","action":"change-status","newStatus":"draft","terms":[],"taxonomy":"category","extraData":[]},"publishpress_future_workflow_manual_trigger":{"enabledWorkflows":[]},"_links":{"self":[{"href":"https:\/\/www.avant-pays-savoyard.com\/smaps\/wp-json\/wp\/v2\/posts\/3167","targetHints":{"allow":["GET"]}}],"collection":[{"href":"https:\/\/www.avant-pays-savoyard.com\/smaps\/wp-json\/wp\/v2\/posts"}],"about":[{"href":"https:\/\/www.avant-pays-savoyard.com\/smaps\/wp-json\/wp\/v2\/types\/post"}],"author":[{"embeddable":true,"href":"https:\/\/www.avant-pays-savoyard.com\/smaps\/wp-json\/wp\/v2\/users\/2"}],"replies":[{"embeddable":true,"href":"https:\/\/www.avant-pays-savoyard.com\/smaps\/wp-json\/wp\/v2\/comments?post=3167"}],"version-history":[{"count":4,"href":"https:\/\/www.avant-pays-savoyard.com\/smaps\/wp-json\/wp\/v2\/posts\/3167\/revisions"}],"predecessor-version":[{"id":3173,"href":"https:\/\/www.avant-pays-savoyard.com\/smaps\/wp-json\/wp\/v2\/posts\/3167\/revisions\/3173"}],"wp:featuredmedia":[{"embeddable":true,"href":"https:\/\/www.avant-pays-savoyard.com\/smaps\/wp-json\/wp\/v2\/media\/3169"}],"wp:attachment":[{"href":"https:\/\/www.avant-pays-savoyard.com\/smaps\/wp-json\/wp\/v2\/media?parent=3167"}],"wp:term":[{"taxonomy":"category","embeddable":true,"href":"https:\/\/www.avant-pays-savoyard.com\/smaps\/wp-json\/wp\/v2\/categories?post=3167"},{"taxonomy":"post_tag","embeddable":true,"href":"https:\/\/www.avant-pays-savoyard.com\/smaps\/wp-json\/wp\/v2\/tags?post=3167"}],"curies":[{"name":"wp","href":"https:\/\/api.w.org\/{rel}","templated":true}]}}