{"id":3204,"date":"2021-05-19T15:18:03","date_gmt":"2021-05-19T13:18:03","guid":{"rendered":"https:\/\/www.avant-pays-savoyard.com\/smaps\/?p=3204"},"modified":"2021-05-19T15:20:03","modified_gmt":"2021-05-19T13:20:03","slug":"rencontre-a-energie-positive-le-photovoltaique-au-sol-alimente-les-echanges","status":"publish","type":"post","link":"https:\/\/www.avant-pays-savoyard.com\/smaps\/rencontre-a-energie-positive-le-photovoltaique-au-sol-alimente-les-echanges\/","title":{"rendered":"Rencontre \u00e0 Energie Positive : le photovolta\u00efque au sol alimente les \u00e9changes !"},"content":{"rendered":"<p>La rencontre \u00e0 \u00e9nergie positive du 18 mai a r\u00e9uni plus d&rsquo;une trentaine d&rsquo;\u00e9lus \u00e0 la salle polyvalente de Yenne et \u00e0 distance. Le th\u00e8me abord\u00e9 ? <strong>Le photovolta\u00efque au sol<\/strong>. L&rsquo;occasion pour Marie-Lise MARCHAIS, Vice-Pr\u00e9sidente \u00e0 la transition \u00e9nerg\u00e9tique au SMAPS, de rappeler la n\u00e9cessit\u00e9 d&rsquo;augmenter la production d&rsquo;\u00e9nergie renouvelable sur le territoire, tout en soulignant la prudence n\u00e9cessaire \u00e0 l&rsquo;implantation de ce type de projet : \u00e9viter la concurrence avec les terres agricoles, privil\u00e9gier les surfaces en toiture&#8230;<\/p>\n<p>Un quizz r\u00e9alis\u00e9 sur le photovolta\u00efque a permis d&rsquo;aborder plusieurs questions inh\u00e9rentes au photovolta\u00efque : dur\u00e9e de vie des panneaux, principaux lieux de fabrication, recyclabilit\u00e9, etc. Le quizz est disponible <a href=\"https:\/\/www.avant-pays-savoyard.com\/smaps\/wp-content\/uploads\/2021\/05\/20210518-Quizz_PV.pdf\">au lien suivant<\/a> : n&rsquo;h\u00e9sitez pas \u00e0 tester vos connaissances. Un reportage vid\u00e9o sur le recyclage des panneaux est \u00e9galement disponible <a href=\"https:\/\/www.youtube.com\/watch?v=ZNUUHTW6Dhk\">au lien suivant<\/a>. Pour en savoir plus, vous pouvez \u00e9galement consulter le site <a href=\"https:\/\/photovoltaique.info\/fr\/\">www.photovolta\u00efque.info<\/a><\/p>\n<p><a href=\"https:\/\/photovoltaique.info\/fr\/\"><img loading=\"lazy\" decoding=\"async\" class=\"size-medium wp-image-3209 aligncenter\" src=\"https:\/\/www.avant-pays-savoyard.com\/smaps\/wp-content\/uploads\/2021\/05\/2021-05-19-11_33_12-20210518-Quizz_PV.pptx-PowerPoint-300x194.png\" alt=\"\" width=\"300\" height=\"194\" \/><\/a><\/p>\n<p>La DDT a ensuite pr\u00e9sent\u00e9 les r\u00e9sultats d&rsquo;une \u00e9tude men\u00e9e sur l&rsquo;ensemble du d\u00e9partement de la Savoie, en d\u00e9livrant les conclusions sur l&rsquo;Avant Pays Savoyard. Cette \u00e9tude avait pour objectif de pr\u00e9venir le d\u00e9veloppement du photovolta\u00efque au sol sur le territoire, en donnant aux \u00e9lus communaux des informations sur les sites propices \u00e0 l&rsquo;implantation de ce type de syst\u00e8me. \u00catre renseign\u00e9 sur les opportunit\u00e9s permet d&rsquo;\u00eatre mieux arm\u00e9 face aux nombreux d\u00e9veloppeurs existants et d&rsquo;anticiper le d\u00e9veloppement de tels projets. Sur plus d&rsquo;une centaine de sites \u00e9valu\u00e9s, 7 ont \u00e9t\u00e9 retenus et pr\u00e9sent\u00e9s de par les faibles contraintes existantes les concernant. Pour la DDT, c&rsquo;est maintenant aux \u00e9lus de voir quelle suite ils veulent donner \u00e0 ses potentialit\u00e9s.<\/p>\n<p>Pour plus d&rsquo;informations, vous pouvez contacter : C\u00f4me GEROUDET, Charg\u00e9 de mission Territoire \u00e0 Energie Positive, come.geroudet[a]avant-pays-savoyard.com ; 04 76 37 21 54<\/p>\n<p>&nbsp;<\/p>\n","protected":false},"excerpt":{"rendered":"<p>La rencontre \u00e0 \u00e9nergie positive du 18 mai a r\u00e9uni plus d&rsquo;une trentaine d&rsquo;\u00e9lus \u00e0 la salle polyvalente de Yenne et \u00e0 distance. Le th\u00e8me abord\u00e9 ? Le photovolta\u00efque au sol. L&rsquo;occasion pour Marie-Lise MARCHAIS, Vice-Pr\u00e9sidente \u00e0 la transition \u00e9nerg\u00e9tique au SMAPS, de rappeler la n\u00e9cessit\u00e9 d&rsquo;augmenter la production d&rsquo;\u00e9nergie renouvelable sur le territoire, tout [&hellip;]<\/p>\n","protected":false},"author":2,"featured_media":3206,"comment_status":"closed","ping_status":"closed","sticky":false,"template":"","format":"standard","meta":{"_et_pb_use_builder":"","_et_pb_old_content":"","_et_gb_content_width":"","_monsterinsights_skip_tracking":false,"_monsterinsights_sitenote_active":false,"_monsterinsights_sitenote_note":"","_monsterinsights_sitenote_category":0,"footnotes":""},"categories":[29,6,1],"tags":[],"class_list":["post-3204","post","type-post","status-publish","format-standard","has-post-thumbnail","hentry","category-actus","category-environnement-et-energie","category-infos-generales"],"yoast_head":"<!-- This site is optimized with the Yoast SEO plugin v27.5 - https:\/\/yoast.com\/product\/yoast-seo-wordpress\/ -->\n<title>Rencontre \u00e0 Energie Positive : le photovolta\u00efque au sol alimente les \u00e9changes ! | Avant Pays Savoyard<\/title>\n<meta name=\"description\" content=\"Rencontre \u00e0 Energie Positive : le photovolta\u00efque au sol alimente les \u00e9changes ! | Avant Pays Savoyard\" \/>\n<meta name=\"robots\" content=\"index, follow, max-snippet:-1, max-image-preview:large, max-video-preview:-1\" \/>\n<link rel=\"canonical\" href=\"https:\/\/www.avant-pays-savoyard.com\/smaps\/rencontre-a-energie-positive-le-photovoltaique-au-sol-alimente-les-echanges\/\" \/>\n<meta property=\"og:locale\" content=\"fr_FR\" \/>\n<meta property=\"og:type\" content=\"article\" \/>\n<meta property=\"og:title\" content=\"Rencontre \u00e0 Energie Positive : le photovolta\u00efque au sol alimente les \u00e9changes ! | Avant Pays Savoyard\" \/>\n<meta property=\"og:description\" content=\"Rencontre \u00e0 Energie Positive : le photovolta\u00efque au sol alimente les \u00e9changes ! | Avant Pays Savoyard\" \/>\n<meta property=\"og:url\" content=\"https:\/\/www.avant-pays-savoyard.com\/smaps\/rencontre-a-energie-positive-le-photovoltaique-au-sol-alimente-les-echanges\/\" \/>\n<meta property=\"og:site_name\" content=\"Syndicat Mixte Avant-Pays Savoyard\" \/>\n<meta property=\"article:publisher\" content=\"https:\/\/www.facebook.com\/philippe.smaps?eid=ARBa3pcAa8gXFS8WNK_PRvsO8QdGpgIOahlkYUZ_fHoQSowEaz5KpN0GqL0PUxNL0ZbTsFwcVmpWqAsm\" \/>\n<meta property=\"article:published_time\" content=\"2021-05-19T13:18:03+00:00\" \/>\n<meta property=\"article:modified_time\" content=\"2021-05-19T13:20:03+00:00\" \/>\n<meta property=\"og:image\" content=\"https:\/\/www.avant-pays-savoyard.com\/smaps\/wp-content\/uploads\/2021\/05\/pv_au_sol-1.jpg\" \/>\n\t<meta property=\"og:image:width\" content=\"780\" \/>\n\t<meta property=\"og:image:height\" content=\"385\" \/>\n\t<meta property=\"og:image:type\" content=\"image\/jpeg\" \/>\n<meta name=\"author\" content=\"SMAPS\" \/>\n<meta name=\"twitter:card\" content=\"summary_large_image\" \/>\n<meta name=\"twitter:label1\" content=\"\u00c9crit par\" \/>\n\t<meta name=\"twitter:data1\" content=\"SMAPS\" \/>\n\t<meta name=\"twitter:label2\" content=\"Dur\u00e9e de lecture estim\u00e9e\" \/>\n\t<meta name=\"twitter:data2\" content=\"2 minutes\" \/>\n<script type=\"application\/ld+json\" class=\"yoast-schema-graph\">{\"@context\":\"https:\\\/\\\/schema.org\",\"@graph\":[{\"@type\":\"Article\",\"@id\":\"https:\\\/\\\/www.avant-pays-savoyard.com\\\/smaps\\\/rencontre-a-energie-positive-le-photovoltaique-au-sol-alimente-les-echanges\\\/#article\",\"isPartOf\":{\"@id\":\"https:\\\/\\\/www.avant-pays-savoyard.com\\\/smaps\\\/rencontre-a-energie-positive-le-photovoltaique-au-sol-alimente-les-echanges\\\/\"},\"author\":{\"name\":\"SMAPS\",\"@id\":\"https:\\\/\\\/www.avant-pays-savoyard.com\\\/smaps\\\/#\\\/schema\\\/person\\\/97c9f75644fa5ca03f84c36512d45878\"},\"headline\":\"Rencontre \u00e0 Energie Positive : le photovolta\u00efque au sol alimente les \u00e9changes !\",\"datePublished\":\"2021-05-19T13:18:03+00:00\",\"dateModified\":\"2021-05-19T13:20:03+00:00\",\"mainEntityOfPage\":{\"@id\":\"https:\\\/\\\/www.avant-pays-savoyard.com\\\/smaps\\\/rencontre-a-energie-positive-le-photovoltaique-au-sol-alimente-les-echanges\\\/\"},\"wordCount\":332,\"publisher\":{\"@id\":\"https:\\\/\\\/www.avant-pays-savoyard.com\\\/smaps\\\/#organization\"},\"image\":{\"@id\":\"https:\\\/\\\/www.avant-pays-savoyard.com\\\/smaps\\\/rencontre-a-energie-positive-le-photovoltaique-au-sol-alimente-les-echanges\\\/#primaryimage\"},\"thumbnailUrl\":\"https:\\\/\\\/www.avant-pays-savoyard.com\\\/smaps\\\/wp-content\\\/uploads\\\/2021\\\/05\\\/pv_au_sol-1.jpg\",\"articleSection\":[\"Actualit\u00e9s\",\"Environnement et \u00e9nergie\",\"Infos g\u00e9n\u00e9rales\"],\"inLanguage\":\"fr-FR\"},{\"@type\":\"WebPage\",\"@id\":\"https:\\\/\\\/www.avant-pays-savoyard.com\\\/smaps\\\/rencontre-a-energie-positive-le-photovoltaique-au-sol-alimente-les-echanges\\\/\",\"url\":\"https:\\\/\\\/www.avant-pays-savoyard.com\\\/smaps\\\/rencontre-a-energie-positive-le-photovoltaique-au-sol-alimente-les-echanges\\\/\",\"name\":\"Rencontre \u00e0 Energie Positive : le photovolta\u00efque au sol alimente les \u00e9changes ! | Avant Pays Savoyard\",\"isPartOf\":{\"@id\":\"https:\\\/\\\/www.avant-pays-savoyard.com\\\/smaps\\\/#website\"},\"primaryImageOfPage\":{\"@id\":\"https:\\\/\\\/www.avant-pays-savoyard.com\\\/smaps\\\/rencontre-a-energie-positive-le-photovoltaique-au-sol-alimente-les-echanges\\\/#primaryimage\"},\"image\":{\"@id\":\"https:\\\/\\\/www.avant-pays-savoyard.com\\\/smaps\\\/rencontre-a-energie-positive-le-photovoltaique-au-sol-alimente-les-echanges\\\/#primaryimage\"},\"thumbnailUrl\":\"https:\\\/\\\/www.avant-pays-savoyard.com\\\/smaps\\\/wp-content\\\/uploads\\\/2021\\\/05\\\/pv_au_sol-1.jpg\",\"datePublished\":\"2021-05-19T13:18:03+00:00\",\"dateModified\":\"2021-05-19T13:20:03+00:00\",\"description\":\"Rencontre \u00e0 Energie Positive : le photovolta\u00efque au sol alimente les \u00e9changes ! | Avant Pays Savoyard\",\"breadcrumb\":{\"@id\":\"https:\\\/\\\/www.avant-pays-savoyard.com\\\/smaps\\\/rencontre-a-energie-positive-le-photovoltaique-au-sol-alimente-les-echanges\\\/#breadcrumb\"},\"inLanguage\":\"fr-FR\",\"potentialAction\":[{\"@type\":\"ReadAction\",\"target\":[\"https:\\\/\\\/www.avant-pays-savoyard.com\\\/smaps\\\/rencontre-a-energie-positive-le-photovoltaique-au-sol-alimente-les-echanges\\\/\"]}]},{\"@type\":\"ImageObject\",\"inLanguage\":\"fr-FR\",\"@id\":\"https:\\\/\\\/www.avant-pays-savoyard.com\\\/smaps\\\/rencontre-a-energie-positive-le-photovoltaique-au-sol-alimente-les-echanges\\\/#primaryimage\",\"url\":\"https:\\\/\\\/www.avant-pays-savoyard.com\\\/smaps\\\/wp-content\\\/uploads\\\/2021\\\/05\\\/pv_au_sol-1.jpg\",\"contentUrl\":\"https:\\\/\\\/www.avant-pays-savoyard.com\\\/smaps\\\/wp-content\\\/uploads\\\/2021\\\/05\\\/pv_au_sol-1.jpg\",\"width\":780,\"height\":385},{\"@type\":\"BreadcrumbList\",\"@id\":\"https:\\\/\\\/www.avant-pays-savoyard.com\\\/smaps\\\/rencontre-a-energie-positive-le-photovoltaique-au-sol-alimente-les-echanges\\\/#breadcrumb\",\"itemListElement\":[{\"@type\":\"ListItem\",\"position\":1,\"name\":\"Accueil\",\"item\":\"https:\\\/\\\/www.avant-pays-savoyard.com\\\/smaps\\\/\"},{\"@type\":\"ListItem\",\"position\":2,\"name\":\"Actualit\u00e9s\",\"item\":\"https:\\\/\\\/www.avant-pays-savoyard.com\\\/smaps\\\/category\\\/actus\\\/\"},{\"@type\":\"ListItem\",\"position\":3,\"name\":\"Rencontre \u00e0 Energie Positive : le photovolta\u00efque au sol alimente les \u00e9changes !\"}]},{\"@type\":\"WebSite\",\"@id\":\"https:\\\/\\\/www.avant-pays-savoyard.com\\\/smaps\\\/#website\",\"url\":\"https:\\\/\\\/www.avant-pays-savoyard.com\\\/smaps\\\/\",\"name\":\"Syndicat Mixte Avant-Pays Savoyard\",\"description\":\"Site du SMAPS\",\"publisher\":{\"@id\":\"https:\\\/\\\/www.avant-pays-savoyard.com\\\/smaps\\\/#organization\"},\"potentialAction\":[{\"@type\":\"SearchAction\",\"target\":{\"@type\":\"EntryPoint\",\"urlTemplate\":\"https:\\\/\\\/www.avant-pays-savoyard.com\\\/smaps\\\/?s={search_term_string}\"},\"query-input\":{\"@type\":\"PropertyValueSpecification\",\"valueRequired\":true,\"valueName\":\"search_term_string\"}}],\"inLanguage\":\"fr-FR\"},{\"@type\":\"Organization\",\"@id\":\"https:\\\/\\\/www.avant-pays-savoyard.com\\\/smaps\\\/#organization\",\"name\":\"Avant Pays Savoyard\",\"url\":\"https:\\\/\\\/www.avant-pays-savoyard.com\\\/smaps\\\/\",\"logo\":{\"@type\":\"ImageObject\",\"inLanguage\":\"fr-FR\",\"@id\":\"https:\\\/\\\/www.avant-pays-savoyard.com\\\/smaps\\\/#\\\/schema\\\/logo\\\/image\\\/\",\"url\":\"https:\\\/\\\/www.avant-pays-savoyard.com\\\/smaps\\\/wp-content\\\/uploads\\\/2020\\\/11\\\/logo-smaps.png\",\"contentUrl\":\"https:\\\/\\\/www.avant-pays-savoyard.com\\\/smaps\\\/wp-content\\\/uploads\\\/2020\\\/11\\\/logo-smaps.png\",\"width\":1617,\"height\":738,\"caption\":\"Avant Pays Savoyard\"},\"image\":{\"@id\":\"https:\\\/\\\/www.avant-pays-savoyard.com\\\/smaps\\\/#\\\/schema\\\/logo\\\/image\\\/\"},\"sameAs\":[\"https:\\\/\\\/www.facebook.com\\\/philippe.smaps?eid=ARBa3pcAa8gXFS8WNK_PRvsO8QdGpgIOahlkYUZ_fHoQSowEaz5KpN0GqL0PUxNL0ZbTsFwcVmpWqAsm\"]},{\"@type\":\"Person\",\"@id\":\"https:\\\/\\\/www.avant-pays-savoyard.com\\\/smaps\\\/#\\\/schema\\\/person\\\/97c9f75644fa5ca03f84c36512d45878\",\"name\":\"SMAPS\",\"image\":{\"@type\":\"ImageObject\",\"inLanguage\":\"fr-FR\",\"@id\":\"https:\\\/\\\/secure.gravatar.com\\\/avatar\\\/5f82331f1fbc0b612bc82f92d18052f29701b5b494fd518e67c6c8d7d646b105?s=96&d=mm&r=g\",\"url\":\"https:\\\/\\\/secure.gravatar.com\\\/avatar\\\/5f82331f1fbc0b612bc82f92d18052f29701b5b494fd518e67c6c8d7d646b105?s=96&d=mm&r=g\",\"contentUrl\":\"https:\\\/\\\/secure.gravatar.com\\\/avatar\\\/5f82331f1fbc0b612bc82f92d18052f29701b5b494fd518e67c6c8d7d646b105?s=96&d=mm&r=g\",\"caption\":\"SMAPS\"}}]}<\/script>\n<!-- \/ Yoast SEO plugin. -->","yoast_head_json":{"title":"Rencontre \u00e0 Energie Positive : le photovolta\u00efque au sol alimente les \u00e9changes ! | Avant Pays Savoyard","description":"Rencontre \u00e0 Energie Positive : le photovolta\u00efque au sol alimente les \u00e9changes ! | Avant Pays Savoyard","robots":{"index":"index","follow":"follow","max-snippet":"max-snippet:-1","max-image-preview":"max-image-preview:large","max-video-preview":"max-video-preview:-1"},"canonical":"https:\/\/www.avant-pays-savoyard.com\/smaps\/rencontre-a-energie-positive-le-photovoltaique-au-sol-alimente-les-echanges\/","og_locale":"fr_FR","og_type":"article","og_title":"Rencontre \u00e0 Energie Positive : le photovolta\u00efque au sol alimente les \u00e9changes ! | Avant Pays Savoyard","og_description":"Rencontre \u00e0 Energie Positive : le photovolta\u00efque au sol alimente les \u00e9changes ! | Avant Pays Savoyard","og_url":"https:\/\/www.avant-pays-savoyard.com\/smaps\/rencontre-a-energie-positive-le-photovoltaique-au-sol-alimente-les-echanges\/","og_site_name":"Syndicat Mixte Avant-Pays Savoyard","article_publisher":"https:\/\/www.facebook.com\/philippe.smaps?eid=ARBa3pcAa8gXFS8WNK_PRvsO8QdGpgIOahlkYUZ_fHoQSowEaz5KpN0GqL0PUxNL0ZbTsFwcVmpWqAsm","article_published_time":"2021-05-19T13:18:03+00:00","article_modified_time":"2021-05-19T13:20:03+00:00","og_image":[{"width":780,"height":385,"url":"https:\/\/www.avant-pays-savoyard.com\/smaps\/wp-content\/uploads\/2021\/05\/pv_au_sol-1.jpg","type":"image\/jpeg"}],"author":"SMAPS","twitter_card":"summary_large_image","twitter_misc":{"\u00c9crit par":"SMAPS","Dur\u00e9e de lecture estim\u00e9e":"2 minutes"},"schema":{"@context":"https:\/\/schema.org","@graph":[{"@type":"Article","@id":"https:\/\/www.avant-pays-savoyard.com\/smaps\/rencontre-a-energie-positive-le-photovoltaique-au-sol-alimente-les-echanges\/#article","isPartOf":{"@id":"https:\/\/www.avant-pays-savoyard.com\/smaps\/rencontre-a-energie-positive-le-photovoltaique-au-sol-alimente-les-echanges\/"},"author":{"name":"SMAPS","@id":"https:\/\/www.avant-pays-savoyard.com\/smaps\/#\/schema\/person\/97c9f75644fa5ca03f84c36512d45878"},"headline":"Rencontre \u00e0 Energie Positive : le photovolta\u00efque au sol alimente les \u00e9changes !","datePublished":"2021-05-19T13:18:03+00:00","dateModified":"2021-05-19T13:20:03+00:00","mainEntityOfPage":{"@id":"https:\/\/www.avant-pays-savoyard.com\/smaps\/rencontre-a-energie-positive-le-photovoltaique-au-sol-alimente-les-echanges\/"},"wordCount":332,"publisher":{"@id":"https:\/\/www.avant-pays-savoyard.com\/smaps\/#organization"},"image":{"@id":"https:\/\/www.avant-pays-savoyard.com\/smaps\/rencontre-a-energie-positive-le-photovoltaique-au-sol-alimente-les-echanges\/#primaryimage"},"thumbnailUrl":"https:\/\/www.avant-pays-savoyard.com\/smaps\/wp-content\/uploads\/2021\/05\/pv_au_sol-1.jpg","articleSection":["Actualit\u00e9s","Environnement et \u00e9nergie","Infos g\u00e9n\u00e9rales"],"inLanguage":"fr-FR"},{"@type":"WebPage","@id":"https:\/\/www.avant-pays-savoyard.com\/smaps\/rencontre-a-energie-positive-le-photovoltaique-au-sol-alimente-les-echanges\/","url":"https:\/\/www.avant-pays-savoyard.com\/smaps\/rencontre-a-energie-positive-le-photovoltaique-au-sol-alimente-les-echanges\/","name":"Rencontre \u00e0 Energie Positive : le photovolta\u00efque au sol alimente les \u00e9changes ! | Avant Pays Savoyard","isPartOf":{"@id":"https:\/\/www.avant-pays-savoyard.com\/smaps\/#website"},"primaryImageOfPage":{"@id":"https:\/\/www.avant-pays-savoyard.com\/smaps\/rencontre-a-energie-positive-le-photovoltaique-au-sol-alimente-les-echanges\/#primaryimage"},"image":{"@id":"https:\/\/www.avant-pays-savoyard.com\/smaps\/rencontre-a-energie-positive-le-photovoltaique-au-sol-alimente-les-echanges\/#primaryimage"},"thumbnailUrl":"https:\/\/www.avant-pays-savoyard.com\/smaps\/wp-content\/uploads\/2021\/05\/pv_au_sol-1.jpg","datePublished":"2021-05-19T13:18:03+00:00","dateModified":"2021-05-19T13:20:03+00:00","description":"Rencontre \u00e0 Energie Positive : le photovolta\u00efque au sol alimente les \u00e9changes ! | Avant Pays Savoyard","breadcrumb":{"@id":"https:\/\/www.avant-pays-savoyard.com\/smaps\/rencontre-a-energie-positive-le-photovoltaique-au-sol-alimente-les-echanges\/#breadcrumb"},"inLanguage":"fr-FR","potentialAction":[{"@type":"ReadAction","target":["https:\/\/www.avant-pays-savoyard.com\/smaps\/rencontre-a-energie-positive-le-photovoltaique-au-sol-alimente-les-echanges\/"]}]},{"@type":"ImageObject","inLanguage":"fr-FR","@id":"https:\/\/www.avant-pays-savoyard.com\/smaps\/rencontre-a-energie-positive-le-photovoltaique-au-sol-alimente-les-echanges\/#primaryimage","url":"https:\/\/www.avant-pays-savoyard.com\/smaps\/wp-content\/uploads\/2021\/05\/pv_au_sol-1.jpg","contentUrl":"https:\/\/www.avant-pays-savoyard.com\/smaps\/wp-content\/uploads\/2021\/05\/pv_au_sol-1.jpg","width":780,"height":385},{"@type":"BreadcrumbList","@id":"https:\/\/www.avant-pays-savoyard.com\/smaps\/rencontre-a-energie-positive-le-photovoltaique-au-sol-alimente-les-echanges\/#breadcrumb","itemListElement":[{"@type":"ListItem","position":1,"name":"Accueil","item":"https:\/\/www.avant-pays-savoyard.com\/smaps\/"},{"@type":"ListItem","position":2,"name":"Actualit\u00e9s","item":"https:\/\/www.avant-pays-savoyard.com\/smaps\/category\/actus\/"},{"@type":"ListItem","position":3,"name":"Rencontre \u00e0 Energie Positive : le photovolta\u00efque au sol alimente les \u00e9changes !"}]},{"@type":"WebSite","@id":"https:\/\/www.avant-pays-savoyard.com\/smaps\/#website","url":"https:\/\/www.avant-pays-savoyard.com\/smaps\/","name":"Syndicat Mixte Avant-Pays Savoyard","description":"Site du SMAPS","publisher":{"@id":"https:\/\/www.avant-pays-savoyard.com\/smaps\/#organization"},"potentialAction":[{"@type":"SearchAction","target":{"@type":"EntryPoint","urlTemplate":"https:\/\/www.avant-pays-savoyard.com\/smaps\/?s={search_term_string}"},"query-input":{"@type":"PropertyValueSpecification","valueRequired":true,"valueName":"search_term_string"}}],"inLanguage":"fr-FR"},{"@type":"Organization","@id":"https:\/\/www.avant-pays-savoyard.com\/smaps\/#organization","name":"Avant Pays Savoyard","url":"https:\/\/www.avant-pays-savoyard.com\/smaps\/","logo":{"@type":"ImageObject","inLanguage":"fr-FR","@id":"https:\/\/www.avant-pays-savoyard.com\/smaps\/#\/schema\/logo\/image\/","url":"https:\/\/www.avant-pays-savoyard.com\/smaps\/wp-content\/uploads\/2020\/11\/logo-smaps.png","contentUrl":"https:\/\/www.avant-pays-savoyard.com\/smaps\/wp-content\/uploads\/2020\/11\/logo-smaps.png","width":1617,"height":738,"caption":"Avant Pays Savoyard"},"image":{"@id":"https:\/\/www.avant-pays-savoyard.com\/smaps\/#\/schema\/logo\/image\/"},"sameAs":["https:\/\/www.facebook.com\/philippe.smaps?eid=ARBa3pcAa8gXFS8WNK_PRvsO8QdGpgIOahlkYUZ_fHoQSowEaz5KpN0GqL0PUxNL0ZbTsFwcVmpWqAsm"]},{"@type":"Person","@id":"https:\/\/www.avant-pays-savoyard.com\/smaps\/#\/schema\/person\/97c9f75644fa5ca03f84c36512d45878","name":"SMAPS","image":{"@type":"ImageObject","inLanguage":"fr-FR","@id":"https:\/\/secure.gravatar.com\/avatar\/5f82331f1fbc0b612bc82f92d18052f29701b5b494fd518e67c6c8d7d646b105?s=96&d=mm&r=g","url":"https:\/\/secure.gravatar.com\/avatar\/5f82331f1fbc0b612bc82f92d18052f29701b5b494fd518e67c6c8d7d646b105?s=96&d=mm&r=g","contentUrl":"https:\/\/secure.gravatar.com\/avatar\/5f82331f1fbc0b612bc82f92d18052f29701b5b494fd518e67c6c8d7d646b105?s=96&d=mm&r=g","caption":"SMAPS"}}]}},"publishpress_future_action":{"enabled":false,"date":"2026-05-07 19:44:04","action":"change-status","newStatus":"draft","terms":[],"taxonomy":"category","extraData":[]},"publishpress_future_workflow_manual_trigger":{"enabledWorkflows":[]},"_links":{"self":[{"href":"https:\/\/www.avant-pays-savoyard.com\/smaps\/wp-json\/wp\/v2\/posts\/3204","targetHints":{"allow":["GET"]}}],"collection":[{"href":"https:\/\/www.avant-pays-savoyard.com\/smaps\/wp-json\/wp\/v2\/posts"}],"about":[{"href":"https:\/\/www.avant-pays-savoyard.com\/smaps\/wp-json\/wp\/v2\/types\/post"}],"author":[{"embeddable":true,"href":"https:\/\/www.avant-pays-savoyard.com\/smaps\/wp-json\/wp\/v2\/users\/2"}],"replies":[{"embeddable":true,"href":"https:\/\/www.avant-pays-savoyard.com\/smaps\/wp-json\/wp\/v2\/comments?post=3204"}],"version-history":[{"count":6,"href":"https:\/\/www.avant-pays-savoyard.com\/smaps\/wp-json\/wp\/v2\/posts\/3204\/revisions"}],"predecessor-version":[{"id":3214,"href":"https:\/\/www.avant-pays-savoyard.com\/smaps\/wp-json\/wp\/v2\/posts\/3204\/revisions\/3214"}],"wp:featuredmedia":[{"embeddable":true,"href":"https:\/\/www.avant-pays-savoyard.com\/smaps\/wp-json\/wp\/v2\/media\/3206"}],"wp:attachment":[{"href":"https:\/\/www.avant-pays-savoyard.com\/smaps\/wp-json\/wp\/v2\/media?parent=3204"}],"wp:term":[{"taxonomy":"category","embeddable":true,"href":"https:\/\/www.avant-pays-savoyard.com\/smaps\/wp-json\/wp\/v2\/categories?post=3204"},{"taxonomy":"post_tag","embeddable":true,"href":"https:\/\/www.avant-pays-savoyard.com\/smaps\/wp-json\/wp\/v2\/tags?post=3204"}],"curies":[{"name":"wp","href":"https:\/\/api.w.org\/{rel}","templated":true}]}}