{"id":3222,"date":"2021-06-02T11:07:18","date_gmt":"2021-06-02T09:07:18","guid":{"rendered":"https:\/\/www.avant-pays-savoyard.com\/smaps\/?p=3222"},"modified":"2021-06-28T19:36:27","modified_gmt":"2021-06-28T17:36:27","slug":"conference-en-ligne-les-etapes-cles-dune-renovation-performante-15-juin-18h30","status":"publish","type":"post","link":"https:\/\/www.avant-pays-savoyard.com\/smaps\/conference-en-ligne-les-etapes-cles-dune-renovation-performante-15-juin-18h30\/","title":{"rendered":"Conf\u00e9rence en ligne : les \u00e9tapes cl\u00e9s d&rsquo;une r\u00e9novation performante ! 15 juin &#8211; 18h30"},"content":{"rendered":"[et_pb_section][et_pb_row][et_pb_column type=\u00a0\u00bb4_4&Prime;][et_pb_text]\n<p><strong>Le 15 juin 2021 \u00e0 18h30<\/strong>, le syndicat Mixte de l&rsquo;Avant Pays Savoyard organise en partenariat avec le R\u00e9seau FAIRE une visioconf\u00e9rence sur la r\u00e9novation \u00e9nerg\u00e9tique. Vous avez un projet et vous souhaitez mieux conna\u00eetre les diff\u00e9rentes \u00e9tapes cl\u00e9s d&rsquo;une r\u00e9novation performante ? Un conseiller sp\u00e9cialis\u00e9 du R\u00e9seau FAIRE sera l\u00e0 pour vous pr\u00e9senter et r\u00e9pondre \u00e0 vos questions.<\/p>\n<p style=\"text-align: center;\"><a href='https:\/\/docs.google.com\/forms\/d\/e\/1FAIpQLSe5PAd9s7SHuGpDZOyCKRgHxYU3bs-gDyFCQgba6VBm63MxOw\/viewform' class='big-button bigblue'>Cliquez-ici pour s&rsquo;inscrire \u00e0 la visioconf\u00e9rence<\/a>\n<p>&nbsp;<\/p>\n<p>Il abordera les rep\u00e8res appropri\u00e9s pour mener une r\u00e9novation \u00e9nerg\u00e9tique \u00e0 partir d\u2019<a href=\"https:\/\/47pqd.r.bh.d.sendibt3.com\/mk\/cl\/f\/Q5EqazZKN_osOWwkEMqsaiAGRzDnStUZqOKymc90g9LkyiXAoLqp9gAFK85qvPwTZM54Xp-hkIgNTSQ1l93eyVtvqPdrm3XG-n0MYxblUSrKTY1hDgIiSSKXorkSXe5KnSDDMam9dZcqzzr4ukltgPXrTF81WZNCGGFGvHgwAwD1gw7PStxqnQ_dDqbDo38\">exemples concrets<\/a> :<\/p>\n<ul>\n<li>Isolation Thermique par l\u2019Ext\u00e9rieur<\/li>\n<li>Isolation des combles et planchers bas<\/li>\n<li>Menuiseries (huisseries\/vitrages)<\/li>\n<li>Choix des syst\u00e8mes de ventilation et chauffage<\/li>\n<\/ul>\n<p>Un temps de questions-r\u00e9ponses est pr\u00e9vu \u00e0 la fin de l\u2019expos\u00e9 du conseiller.<\/p>\n<p>Suite \u00e0 votre inscription, nous vous enverrons par mail le lien d\u2019acc\u00e8s (via le logiciel ZOOM \u00e0 t\u00e9l\u00e9charger gratuitement ou via un navigateur internet).<\/p>\n<p>Vous souhaitez en savoir plus sur la\u00a0 transition \u00e9nerg\u00e9tique en Avant Pays Savoyard ?<\/p>\n<p>Retrouvez-nous sur Facebook sur <a href=\"https:\/\/www.facebook.com\/Territoire-%C3%A0-Energie-Positive-Avant-Pays-Savoyard-108390211446401\">Territoire \u00e0 Energie Positive &#8211; Avant Pays Savoyard<\/a><\/p>\n<p>Contact \u00e0 l&rsquo;adresse energiepositive[a]avant-pays-savoyard.com<\/p>\n<p>&nbsp;<\/p>\n[\/et_pb_text][\/et_pb_column][\/et_pb_row][\/et_pb_section]\n","protected":false},"excerpt":{"rendered":"<p><div class=\"et_pb_section et_pb_section_0 et_section_regular\" >\n\t\t\t\t\n\t\t\t\t\n\t\t\t\t\n\t\t\t\t\n\t\t\t\t\n\t\t\t\t\n\t\t\t\t\n\t\t\t\t\n\t\t\t\t\n\t\t\t<\/div><div class=\"et_pb_row et_pb_row_0 et_pb_row_empty\">\n\t\t\t\t\n\t\t\t\t\n\t\t\t\t\n\t\t\t\t\n\t\t\t\t\n\t\t\t<\/div><div class=\"et_pb_module et_pb_text et_pb_text_0  et_pb_text_align_left et_pb_bg_layout_light\">\n\t\t\t\t\n\t\t\t\t\n\t\t\t\t\n\t\t\t\t\n\t\t\t\t\n\t\t\t<\/div> Le 15 juin 2021 \u00e0 18h30, le syndicat Mixte de l&rsquo;Avant Pays Savoyard organise en partenariat avec le R\u00e9seau FAIRE une visioconf\u00e9rence sur la r\u00e9novation \u00e9nerg\u00e9tique. Vous avez un projet et vous souhaitez mieux conna\u00eetre les diff\u00e9rentes \u00e9tapes cl\u00e9s d&rsquo;une r\u00e9novation performante ? Un conseiller sp\u00e9cialis\u00e9 du R\u00e9seau FAIRE sera l\u00e0 pour vous pr\u00e9senter [&hellip;]<\/p>\n","protected":false},"author":2,"featured_media":3227,"comment_status":"closed","ping_status":"closed","sticky":false,"template":"","format":"standard","meta":{"_et_pb_use_builder":"on","_et_pb_old_content":"<p><strong>Le 15 juin 2021 \u00e0 18h30<\/strong>, le syndicat Mixte de l'Avant Pays Savoyard organise en partenariat avec le R\u00e9seau FAIRE une visioconf\u00e9rence sur la r\u00e9novation \u00e9nerg\u00e9tique. Vous avez un projet et vous souhaitez mieux conna\u00eetre les diff\u00e9rentes \u00e9tapes cl\u00e9s d'une r\u00e9novation performante ? Un conseiller sp\u00e9cialis\u00e9 du R\u00e9seau FAIRE sera l\u00e0 pour vous pr\u00e9senter et r\u00e9pondre \u00e0 vos questions.<\/p><p style=\"text-align: center;\">[button link=\"https:\/\/docs.google.com\/forms\/d\/e\/1FAIpQLSe5PAd9s7SHuGpDZOyCKRgHxYU3bs-gDyFCQgba6VBm63MxOw\/viewform\" type=\"big\" color=\"blue\"] Cliquez-ici pour s'inscrire \u00e0 la visioconf\u00e9rence[\/button]<\/p><p>\u00a0<\/p><p>Il abordera les rep\u00e8res appropri\u00e9s pour mener une r\u00e9novation \u00e9nerg\u00e9tique \u00e0 partir d\u2019<a href=\"https:\/\/47pqd.r.bh.d.sendibt3.com\/mk\/cl\/f\/Q5EqazZKN_osOWwkEMqsaiAGRzDnStUZqOKymc90g9LkyiXAoLqp9gAFK85qvPwTZM54Xp-hkIgNTSQ1l93eyVtvqPdrm3XG-n0MYxblUSrKTY1hDgIiSSKXorkSXe5KnSDDMam9dZcqzzr4ukltgPXrTF81WZNCGGFGvHgwAwD1gw7PStxqnQ_dDqbDo38\">exemples concrets<\/a> :<\/p><ul><li>Isolation Thermique par l\u2019Ext\u00e9rieur<\/li><li>Isolation des combles et planchers bas<\/li><li>Menuiseries (huisseries\/vitrages)<\/li><li>Choix des syst\u00e8mes de ventilation et chauffage<\/li><\/ul><p>Un temps de questions-r\u00e9ponses est pr\u00e9vu \u00e0 la fin de l\u2019expos\u00e9 du conseiller.<\/p><p>Suite \u00e0 votre inscription, nous vous enverrons par mail le lien d\u2019acc\u00e8s (via le logiciel ZOOM \u00e0 t\u00e9l\u00e9charger gratuitement ou via un navigateur internet).<\/p><p>Vous souhaitez en savoir plus sur la\u00a0 transition \u00e9nerg\u00e9tique en Avant Pays Savoyard ?<\/p><p>Retrouvez-nous sur Facebook sur <a href=\"https:\/\/www.facebook.com\/Territoire-%C3%A0-Energie-Positive-Avant-Pays-Savoyard-108390211446401\">Territoire \u00e0 Energie Positive - Avant Pays Savoyard<\/a><\/p><p>Contact \u00e0 l'adresse energiepositive[a]avant-pays-savoyard.com<\/p><p>\u00a0<\/p>","_et_gb_content_width":"","_monsterinsights_skip_tracking":false,"_monsterinsights_sitenote_active":false,"_monsterinsights_sitenote_note":"","_monsterinsights_sitenote_category":0,"footnotes":""},"categories":[29,6,1],"tags":[],"class_list":["post-3222","post","type-post","status-publish","format-standard","has-post-thumbnail","hentry","category-actus","category-environnement-et-energie","category-infos-generales"],"yoast_head":"<!-- This site is optimized with the Yoast SEO plugin v27.5 - https:\/\/yoast.com\/product\/yoast-seo-wordpress\/ -->\n<title>Conf\u00e9rence en ligne : les \u00e9tapes cl\u00e9s d&#039;une r\u00e9novation performante ! 15 juin - 18h30 | Avant Pays Savoyard<\/title>\n<meta name=\"description\" content=\"Conf\u00e9rence en ligne : les \u00e9tapes cl\u00e9s d&#039;une r\u00e9novation performante ! 15 juin - 18h30 | Avant Pays Savoyard\" \/>\n<meta name=\"robots\" content=\"index, follow, max-snippet:-1, max-image-preview:large, max-video-preview:-1\" \/>\n<link rel=\"canonical\" href=\"https:\/\/www.avant-pays-savoyard.com\/smaps\/conference-en-ligne-les-etapes-cles-dune-renovation-performante-15-juin-18h30\/\" \/>\n<meta property=\"og:locale\" content=\"fr_FR\" \/>\n<meta property=\"og:type\" content=\"article\" \/>\n<meta property=\"og:title\" content=\"Conf\u00e9rence en ligne : les \u00e9tapes cl\u00e9s d&#039;une r\u00e9novation performante ! 15 juin - 18h30 | Avant Pays Savoyard\" \/>\n<meta property=\"og:description\" content=\"Conf\u00e9rence en ligne : les \u00e9tapes cl\u00e9s d&#039;une r\u00e9novation performante ! 15 juin - 18h30 | Avant Pays Savoyard\" \/>\n<meta property=\"og:url\" content=\"https:\/\/www.avant-pays-savoyard.com\/smaps\/conference-en-ligne-les-etapes-cles-dune-renovation-performante-15-juin-18h30\/\" \/>\n<meta property=\"og:site_name\" content=\"Syndicat Mixte Avant-Pays Savoyard\" \/>\n<meta property=\"article:publisher\" content=\"https:\/\/www.facebook.com\/philippe.smaps?eid=ARBa3pcAa8gXFS8WNK_PRvsO8QdGpgIOahlkYUZ_fHoQSowEaz5KpN0GqL0PUxNL0ZbTsFwcVmpWqAsm\" \/>\n<meta property=\"article:published_time\" content=\"2021-06-02T09:07:18+00:00\" \/>\n<meta property=\"article:modified_time\" content=\"2021-06-28T17:36:27+00:00\" \/>\n<meta property=\"og:image\" content=\"https:\/\/www.avant-pays-savoyard.com\/smaps\/wp-content\/uploads\/2021\/06\/Affiche_Webconference-15.06_SMAPS-1-e1622625371117.png\" \/>\n\t<meta property=\"og:image:width\" content=\"1000\" \/>\n\t<meta property=\"og:image:height\" content=\"1414\" \/>\n\t<meta property=\"og:image:type\" content=\"image\/png\" \/>\n<meta name=\"author\" content=\"SMAPS\" \/>\n<meta name=\"twitter:card\" content=\"summary_large_image\" \/>\n<meta name=\"twitter:label1\" content=\"\u00c9crit par\" \/>\n\t<meta name=\"twitter:data1\" content=\"SMAPS\" \/>\n\t<meta name=\"twitter:label2\" content=\"Dur\u00e9e de lecture estim\u00e9e\" \/>\n\t<meta name=\"twitter:data2\" content=\"1 minute\" \/>\n<script type=\"application\/ld+json\" class=\"yoast-schema-graph\">{\"@context\":\"https:\\\/\\\/schema.org\",\"@graph\":[{\"@type\":\"Article\",\"@id\":\"https:\\\/\\\/www.avant-pays-savoyard.com\\\/smaps\\\/conference-en-ligne-les-etapes-cles-dune-renovation-performante-15-juin-18h30\\\/#article\",\"isPartOf\":{\"@id\":\"https:\\\/\\\/www.avant-pays-savoyard.com\\\/smaps\\\/conference-en-ligne-les-etapes-cles-dune-renovation-performante-15-juin-18h30\\\/\"},\"author\":{\"name\":\"SMAPS\",\"@id\":\"https:\\\/\\\/www.avant-pays-savoyard.com\\\/smaps\\\/#\\\/schema\\\/person\\\/97c9f75644fa5ca03f84c36512d45878\"},\"headline\":\"Conf\u00e9rence en ligne : les \u00e9tapes cl\u00e9s d&rsquo;une r\u00e9novation performante ! 15 juin &#8211; 18h30\",\"datePublished\":\"2021-06-02T09:07:18+00:00\",\"dateModified\":\"2021-06-28T17:36:27+00:00\",\"mainEntityOfPage\":{\"@id\":\"https:\\\/\\\/www.avant-pays-savoyard.com\\\/smaps\\\/conference-en-ligne-les-etapes-cles-dune-renovation-performante-15-juin-18h30\\\/\"},\"wordCount\":254,\"publisher\":{\"@id\":\"https:\\\/\\\/www.avant-pays-savoyard.com\\\/smaps\\\/#organization\"},\"image\":{\"@id\":\"https:\\\/\\\/www.avant-pays-savoyard.com\\\/smaps\\\/conference-en-ligne-les-etapes-cles-dune-renovation-performante-15-juin-18h30\\\/#primaryimage\"},\"thumbnailUrl\":\"https:\\\/\\\/www.avant-pays-savoyard.com\\\/smaps\\\/wp-content\\\/uploads\\\/2021\\\/06\\\/Affiche_Webconference-15.06_SMAPS-1-e1622625371117.png\",\"articleSection\":[\"Actualit\u00e9s\",\"Environnement et \u00e9nergie\",\"Infos g\u00e9n\u00e9rales\"],\"inLanguage\":\"fr-FR\"},{\"@type\":\"WebPage\",\"@id\":\"https:\\\/\\\/www.avant-pays-savoyard.com\\\/smaps\\\/conference-en-ligne-les-etapes-cles-dune-renovation-performante-15-juin-18h30\\\/\",\"url\":\"https:\\\/\\\/www.avant-pays-savoyard.com\\\/smaps\\\/conference-en-ligne-les-etapes-cles-dune-renovation-performante-15-juin-18h30\\\/\",\"name\":\"Conf\u00e9rence en ligne : les \u00e9tapes cl\u00e9s d'une r\u00e9novation performante ! 15 juin - 18h30 | Avant Pays Savoyard\",\"isPartOf\":{\"@id\":\"https:\\\/\\\/www.avant-pays-savoyard.com\\\/smaps\\\/#website\"},\"primaryImageOfPage\":{\"@id\":\"https:\\\/\\\/www.avant-pays-savoyard.com\\\/smaps\\\/conference-en-ligne-les-etapes-cles-dune-renovation-performante-15-juin-18h30\\\/#primaryimage\"},\"image\":{\"@id\":\"https:\\\/\\\/www.avant-pays-savoyard.com\\\/smaps\\\/conference-en-ligne-les-etapes-cles-dune-renovation-performante-15-juin-18h30\\\/#primaryimage\"},\"thumbnailUrl\":\"https:\\\/\\\/www.avant-pays-savoyard.com\\\/smaps\\\/wp-content\\\/uploads\\\/2021\\\/06\\\/Affiche_Webconference-15.06_SMAPS-1-e1622625371117.png\",\"datePublished\":\"2021-06-02T09:07:18+00:00\",\"dateModified\":\"2021-06-28T17:36:27+00:00\",\"description\":\"Conf\u00e9rence en ligne : les \u00e9tapes cl\u00e9s d'une r\u00e9novation performante ! 15 juin - 18h30 | Avant Pays Savoyard\",\"breadcrumb\":{\"@id\":\"https:\\\/\\\/www.avant-pays-savoyard.com\\\/smaps\\\/conference-en-ligne-les-etapes-cles-dune-renovation-performante-15-juin-18h30\\\/#breadcrumb\"},\"inLanguage\":\"fr-FR\",\"potentialAction\":[{\"@type\":\"ReadAction\",\"target\":[\"https:\\\/\\\/www.avant-pays-savoyard.com\\\/smaps\\\/conference-en-ligne-les-etapes-cles-dune-renovation-performante-15-juin-18h30\\\/\"]}]},{\"@type\":\"ImageObject\",\"inLanguage\":\"fr-FR\",\"@id\":\"https:\\\/\\\/www.avant-pays-savoyard.com\\\/smaps\\\/conference-en-ligne-les-etapes-cles-dune-renovation-performante-15-juin-18h30\\\/#primaryimage\",\"url\":\"https:\\\/\\\/www.avant-pays-savoyard.com\\\/smaps\\\/wp-content\\\/uploads\\\/2021\\\/06\\\/Affiche_Webconference-15.06_SMAPS-1-e1622625371117.png\",\"contentUrl\":\"https:\\\/\\\/www.avant-pays-savoyard.com\\\/smaps\\\/wp-content\\\/uploads\\\/2021\\\/06\\\/Affiche_Webconference-15.06_SMAPS-1-e1622625371117.png\",\"width\":1000,\"height\":1414},{\"@type\":\"BreadcrumbList\",\"@id\":\"https:\\\/\\\/www.avant-pays-savoyard.com\\\/smaps\\\/conference-en-ligne-les-etapes-cles-dune-renovation-performante-15-juin-18h30\\\/#breadcrumb\",\"itemListElement\":[{\"@type\":\"ListItem\",\"position\":1,\"name\":\"Accueil\",\"item\":\"https:\\\/\\\/www.avant-pays-savoyard.com\\\/smaps\\\/\"},{\"@type\":\"ListItem\",\"position\":2,\"name\":\"Actualit\u00e9s\",\"item\":\"https:\\\/\\\/www.avant-pays-savoyard.com\\\/smaps\\\/category\\\/actus\\\/\"},{\"@type\":\"ListItem\",\"position\":3,\"name\":\"Conf\u00e9rence en ligne : les \u00e9tapes cl\u00e9s d&rsquo;une r\u00e9novation performante ! 15 juin &#8211; 18h30\"}]},{\"@type\":\"WebSite\",\"@id\":\"https:\\\/\\\/www.avant-pays-savoyard.com\\\/smaps\\\/#website\",\"url\":\"https:\\\/\\\/www.avant-pays-savoyard.com\\\/smaps\\\/\",\"name\":\"Syndicat Mixte Avant-Pays Savoyard\",\"description\":\"Site du SMAPS\",\"publisher\":{\"@id\":\"https:\\\/\\\/www.avant-pays-savoyard.com\\\/smaps\\\/#organization\"},\"potentialAction\":[{\"@type\":\"SearchAction\",\"target\":{\"@type\":\"EntryPoint\",\"urlTemplate\":\"https:\\\/\\\/www.avant-pays-savoyard.com\\\/smaps\\\/?s={search_term_string}\"},\"query-input\":{\"@type\":\"PropertyValueSpecification\",\"valueRequired\":true,\"valueName\":\"search_term_string\"}}],\"inLanguage\":\"fr-FR\"},{\"@type\":\"Organization\",\"@id\":\"https:\\\/\\\/www.avant-pays-savoyard.com\\\/smaps\\\/#organization\",\"name\":\"Avant Pays Savoyard\",\"url\":\"https:\\\/\\\/www.avant-pays-savoyard.com\\\/smaps\\\/\",\"logo\":{\"@type\":\"ImageObject\",\"inLanguage\":\"fr-FR\",\"@id\":\"https:\\\/\\\/www.avant-pays-savoyard.com\\\/smaps\\\/#\\\/schema\\\/logo\\\/image\\\/\",\"url\":\"https:\\\/\\\/www.avant-pays-savoyard.com\\\/smaps\\\/wp-content\\\/uploads\\\/2020\\\/11\\\/logo-smaps.png\",\"contentUrl\":\"https:\\\/\\\/www.avant-pays-savoyard.com\\\/smaps\\\/wp-content\\\/uploads\\\/2020\\\/11\\\/logo-smaps.png\",\"width\":1617,\"height\":738,\"caption\":\"Avant Pays Savoyard\"},\"image\":{\"@id\":\"https:\\\/\\\/www.avant-pays-savoyard.com\\\/smaps\\\/#\\\/schema\\\/logo\\\/image\\\/\"},\"sameAs\":[\"https:\\\/\\\/www.facebook.com\\\/philippe.smaps?eid=ARBa3pcAa8gXFS8WNK_PRvsO8QdGpgIOahlkYUZ_fHoQSowEaz5KpN0GqL0PUxNL0ZbTsFwcVmpWqAsm\"]},{\"@type\":\"Person\",\"@id\":\"https:\\\/\\\/www.avant-pays-savoyard.com\\\/smaps\\\/#\\\/schema\\\/person\\\/97c9f75644fa5ca03f84c36512d45878\",\"name\":\"SMAPS\",\"image\":{\"@type\":\"ImageObject\",\"inLanguage\":\"fr-FR\",\"@id\":\"https:\\\/\\\/secure.gravatar.com\\\/avatar\\\/5f82331f1fbc0b612bc82f92d18052f29701b5b494fd518e67c6c8d7d646b105?s=96&d=mm&r=g\",\"url\":\"https:\\\/\\\/secure.gravatar.com\\\/avatar\\\/5f82331f1fbc0b612bc82f92d18052f29701b5b494fd518e67c6c8d7d646b105?s=96&d=mm&r=g\",\"contentUrl\":\"https:\\\/\\\/secure.gravatar.com\\\/avatar\\\/5f82331f1fbc0b612bc82f92d18052f29701b5b494fd518e67c6c8d7d646b105?s=96&d=mm&r=g\",\"caption\":\"SMAPS\"}}]}<\/script>\n<!-- \/ Yoast SEO plugin. -->","yoast_head_json":{"title":"Conf\u00e9rence en ligne : les \u00e9tapes cl\u00e9s d'une r\u00e9novation performante ! 15 juin - 18h30 | Avant Pays Savoyard","description":"Conf\u00e9rence en ligne : les \u00e9tapes cl\u00e9s d'une r\u00e9novation performante ! 15 juin - 18h30 | Avant Pays Savoyard","robots":{"index":"index","follow":"follow","max-snippet":"max-snippet:-1","max-image-preview":"max-image-preview:large","max-video-preview":"max-video-preview:-1"},"canonical":"https:\/\/www.avant-pays-savoyard.com\/smaps\/conference-en-ligne-les-etapes-cles-dune-renovation-performante-15-juin-18h30\/","og_locale":"fr_FR","og_type":"article","og_title":"Conf\u00e9rence en ligne : les \u00e9tapes cl\u00e9s d'une r\u00e9novation performante ! 15 juin - 18h30 | Avant Pays Savoyard","og_description":"Conf\u00e9rence en ligne : les \u00e9tapes cl\u00e9s d'une r\u00e9novation performante ! 15 juin - 18h30 | Avant Pays Savoyard","og_url":"https:\/\/www.avant-pays-savoyard.com\/smaps\/conference-en-ligne-les-etapes-cles-dune-renovation-performante-15-juin-18h30\/","og_site_name":"Syndicat Mixte Avant-Pays Savoyard","article_publisher":"https:\/\/www.facebook.com\/philippe.smaps?eid=ARBa3pcAa8gXFS8WNK_PRvsO8QdGpgIOahlkYUZ_fHoQSowEaz5KpN0GqL0PUxNL0ZbTsFwcVmpWqAsm","article_published_time":"2021-06-02T09:07:18+00:00","article_modified_time":"2021-06-28T17:36:27+00:00","og_image":[{"width":1000,"height":1414,"url":"https:\/\/www.avant-pays-savoyard.com\/smaps\/wp-content\/uploads\/2021\/06\/Affiche_Webconference-15.06_SMAPS-1-e1622625371117.png","type":"image\/png"}],"author":"SMAPS","twitter_card":"summary_large_image","twitter_misc":{"\u00c9crit par":"SMAPS","Dur\u00e9e de lecture estim\u00e9e":"1 minute"},"schema":{"@context":"https:\/\/schema.org","@graph":[{"@type":"Article","@id":"https:\/\/www.avant-pays-savoyard.com\/smaps\/conference-en-ligne-les-etapes-cles-dune-renovation-performante-15-juin-18h30\/#article","isPartOf":{"@id":"https:\/\/www.avant-pays-savoyard.com\/smaps\/conference-en-ligne-les-etapes-cles-dune-renovation-performante-15-juin-18h30\/"},"author":{"name":"SMAPS","@id":"https:\/\/www.avant-pays-savoyard.com\/smaps\/#\/schema\/person\/97c9f75644fa5ca03f84c36512d45878"},"headline":"Conf\u00e9rence en ligne : les \u00e9tapes cl\u00e9s d&rsquo;une r\u00e9novation performante ! 15 juin &#8211; 18h30","datePublished":"2021-06-02T09:07:18+00:00","dateModified":"2021-06-28T17:36:27+00:00","mainEntityOfPage":{"@id":"https:\/\/www.avant-pays-savoyard.com\/smaps\/conference-en-ligne-les-etapes-cles-dune-renovation-performante-15-juin-18h30\/"},"wordCount":254,"publisher":{"@id":"https:\/\/www.avant-pays-savoyard.com\/smaps\/#organization"},"image":{"@id":"https:\/\/www.avant-pays-savoyard.com\/smaps\/conference-en-ligne-les-etapes-cles-dune-renovation-performante-15-juin-18h30\/#primaryimage"},"thumbnailUrl":"https:\/\/www.avant-pays-savoyard.com\/smaps\/wp-content\/uploads\/2021\/06\/Affiche_Webconference-15.06_SMAPS-1-e1622625371117.png","articleSection":["Actualit\u00e9s","Environnement et \u00e9nergie","Infos g\u00e9n\u00e9rales"],"inLanguage":"fr-FR"},{"@type":"WebPage","@id":"https:\/\/www.avant-pays-savoyard.com\/smaps\/conference-en-ligne-les-etapes-cles-dune-renovation-performante-15-juin-18h30\/","url":"https:\/\/www.avant-pays-savoyard.com\/smaps\/conference-en-ligne-les-etapes-cles-dune-renovation-performante-15-juin-18h30\/","name":"Conf\u00e9rence en ligne : les \u00e9tapes cl\u00e9s d'une r\u00e9novation performante ! 15 juin - 18h30 | Avant Pays Savoyard","isPartOf":{"@id":"https:\/\/www.avant-pays-savoyard.com\/smaps\/#website"},"primaryImageOfPage":{"@id":"https:\/\/www.avant-pays-savoyard.com\/smaps\/conference-en-ligne-les-etapes-cles-dune-renovation-performante-15-juin-18h30\/#primaryimage"},"image":{"@id":"https:\/\/www.avant-pays-savoyard.com\/smaps\/conference-en-ligne-les-etapes-cles-dune-renovation-performante-15-juin-18h30\/#primaryimage"},"thumbnailUrl":"https:\/\/www.avant-pays-savoyard.com\/smaps\/wp-content\/uploads\/2021\/06\/Affiche_Webconference-15.06_SMAPS-1-e1622625371117.png","datePublished":"2021-06-02T09:07:18+00:00","dateModified":"2021-06-28T17:36:27+00:00","description":"Conf\u00e9rence en ligne : les \u00e9tapes cl\u00e9s d'une r\u00e9novation performante ! 15 juin - 18h30 | Avant Pays Savoyard","breadcrumb":{"@id":"https:\/\/www.avant-pays-savoyard.com\/smaps\/conference-en-ligne-les-etapes-cles-dune-renovation-performante-15-juin-18h30\/#breadcrumb"},"inLanguage":"fr-FR","potentialAction":[{"@type":"ReadAction","target":["https:\/\/www.avant-pays-savoyard.com\/smaps\/conference-en-ligne-les-etapes-cles-dune-renovation-performante-15-juin-18h30\/"]}]},{"@type":"ImageObject","inLanguage":"fr-FR","@id":"https:\/\/www.avant-pays-savoyard.com\/smaps\/conference-en-ligne-les-etapes-cles-dune-renovation-performante-15-juin-18h30\/#primaryimage","url":"https:\/\/www.avant-pays-savoyard.com\/smaps\/wp-content\/uploads\/2021\/06\/Affiche_Webconference-15.06_SMAPS-1-e1622625371117.png","contentUrl":"https:\/\/www.avant-pays-savoyard.com\/smaps\/wp-content\/uploads\/2021\/06\/Affiche_Webconference-15.06_SMAPS-1-e1622625371117.png","width":1000,"height":1414},{"@type":"BreadcrumbList","@id":"https:\/\/www.avant-pays-savoyard.com\/smaps\/conference-en-ligne-les-etapes-cles-dune-renovation-performante-15-juin-18h30\/#breadcrumb","itemListElement":[{"@type":"ListItem","position":1,"name":"Accueil","item":"https:\/\/www.avant-pays-savoyard.com\/smaps\/"},{"@type":"ListItem","position":2,"name":"Actualit\u00e9s","item":"https:\/\/www.avant-pays-savoyard.com\/smaps\/category\/actus\/"},{"@type":"ListItem","position":3,"name":"Conf\u00e9rence en ligne : les \u00e9tapes cl\u00e9s d&rsquo;une r\u00e9novation performante ! 15 juin &#8211; 18h30"}]},{"@type":"WebSite","@id":"https:\/\/www.avant-pays-savoyard.com\/smaps\/#website","url":"https:\/\/www.avant-pays-savoyard.com\/smaps\/","name":"Syndicat Mixte Avant-Pays Savoyard","description":"Site du SMAPS","publisher":{"@id":"https:\/\/www.avant-pays-savoyard.com\/smaps\/#organization"},"potentialAction":[{"@type":"SearchAction","target":{"@type":"EntryPoint","urlTemplate":"https:\/\/www.avant-pays-savoyard.com\/smaps\/?s={search_term_string}"},"query-input":{"@type":"PropertyValueSpecification","valueRequired":true,"valueName":"search_term_string"}}],"inLanguage":"fr-FR"},{"@type":"Organization","@id":"https:\/\/www.avant-pays-savoyard.com\/smaps\/#organization","name":"Avant Pays Savoyard","url":"https:\/\/www.avant-pays-savoyard.com\/smaps\/","logo":{"@type":"ImageObject","inLanguage":"fr-FR","@id":"https:\/\/www.avant-pays-savoyard.com\/smaps\/#\/schema\/logo\/image\/","url":"https:\/\/www.avant-pays-savoyard.com\/smaps\/wp-content\/uploads\/2020\/11\/logo-smaps.png","contentUrl":"https:\/\/www.avant-pays-savoyard.com\/smaps\/wp-content\/uploads\/2020\/11\/logo-smaps.png","width":1617,"height":738,"caption":"Avant Pays Savoyard"},"image":{"@id":"https:\/\/www.avant-pays-savoyard.com\/smaps\/#\/schema\/logo\/image\/"},"sameAs":["https:\/\/www.facebook.com\/philippe.smaps?eid=ARBa3pcAa8gXFS8WNK_PRvsO8QdGpgIOahlkYUZ_fHoQSowEaz5KpN0GqL0PUxNL0ZbTsFwcVmpWqAsm"]},{"@type":"Person","@id":"https:\/\/www.avant-pays-savoyard.com\/smaps\/#\/schema\/person\/97c9f75644fa5ca03f84c36512d45878","name":"SMAPS","image":{"@type":"ImageObject","inLanguage":"fr-FR","@id":"https:\/\/secure.gravatar.com\/avatar\/5f82331f1fbc0b612bc82f92d18052f29701b5b494fd518e67c6c8d7d646b105?s=96&d=mm&r=g","url":"https:\/\/secure.gravatar.com\/avatar\/5f82331f1fbc0b612bc82f92d18052f29701b5b494fd518e67c6c8d7d646b105?s=96&d=mm&r=g","contentUrl":"https:\/\/secure.gravatar.com\/avatar\/5f82331f1fbc0b612bc82f92d18052f29701b5b494fd518e67c6c8d7d646b105?s=96&d=mm&r=g","caption":"SMAPS"}}]}},"publishpress_future_action":{"enabled":false,"date":"2026-05-07 09:34:42","action":"change-status","newStatus":"draft","terms":[],"taxonomy":"category","extraData":[]},"publishpress_future_workflow_manual_trigger":{"enabledWorkflows":[]},"_links":{"self":[{"href":"https:\/\/www.avant-pays-savoyard.com\/smaps\/wp-json\/wp\/v2\/posts\/3222","targetHints":{"allow":["GET"]}}],"collection":[{"href":"https:\/\/www.avant-pays-savoyard.com\/smaps\/wp-json\/wp\/v2\/posts"}],"about":[{"href":"https:\/\/www.avant-pays-savoyard.com\/smaps\/wp-json\/wp\/v2\/types\/post"}],"author":[{"embeddable":true,"href":"https:\/\/www.avant-pays-savoyard.com\/smaps\/wp-json\/wp\/v2\/users\/2"}],"replies":[{"embeddable":true,"href":"https:\/\/www.avant-pays-savoyard.com\/smaps\/wp-json\/wp\/v2\/comments?post=3222"}],"version-history":[{"count":8,"href":"https:\/\/www.avant-pays-savoyard.com\/smaps\/wp-json\/wp\/v2\/posts\/3222\/revisions"}],"predecessor-version":[{"id":3273,"href":"https:\/\/www.avant-pays-savoyard.com\/smaps\/wp-json\/wp\/v2\/posts\/3222\/revisions\/3273"}],"wp:featuredmedia":[{"embeddable":true,"href":"https:\/\/www.avant-pays-savoyard.com\/smaps\/wp-json\/wp\/v2\/media\/3227"}],"wp:attachment":[{"href":"https:\/\/www.avant-pays-savoyard.com\/smaps\/wp-json\/wp\/v2\/media?parent=3222"}],"wp:term":[{"taxonomy":"category","embeddable":true,"href":"https:\/\/www.avant-pays-savoyard.com\/smaps\/wp-json\/wp\/v2\/categories?post=3222"},{"taxonomy":"post_tag","embeddable":true,"href":"https:\/\/www.avant-pays-savoyard.com\/smaps\/wp-json\/wp\/v2\/tags?post=3222"}],"curies":[{"name":"wp","href":"https:\/\/api.w.org\/{rel}","templated":true}]}}