{"id":3289,"date":"2021-08-05T11:05:12","date_gmt":"2021-08-05T09:05:12","guid":{"rendered":"https:\/\/www.avant-pays-savoyard.com\/smaps\/?p=3289"},"modified":"2021-08-05T11:05:12","modified_gmt":"2021-08-05T09:05:12","slug":"signature-du-contrat-de-relance-et-de-transition-ecologique-avec-letat","status":"publish","type":"post","link":"https:\/\/www.avant-pays-savoyard.com\/smaps\/signature-du-contrat-de-relance-et-de-transition-ecologique-avec-letat\/","title":{"rendered":"Signature du Contrat de Relance et de Transition Ecologique avec l&rsquo;Etat"},"content":{"rendered":"<p>Les contrats de relance et de transition \u00e9cologique (CRTE) ont pour objectif d\u2019accompagner la relance de l\u2019activit\u00e9 par la r\u00e9alisation de projets concrets contribuant \u00e0 la transformation \u00e9cologique, sociale, culturelle et \u00e9conomique des territoires. Ils s\u2019inscrivent \u00e0 la fois dans le temps court du plan France Relance et dans le temps long par l\u2019accompagnement de projets structurants pour les territoires.<\/p>\n<p>La secr\u00e9taire g\u00e9n\u00e9rale de la pr\u00e9fecture de la Savoie Juliette PART a sign\u00e9 vendredi 23 juillet le CRTE du Syndicat Mixte de l\u2019Avant-Pays Savoyard (SMAPS) avec le pr\u00e9sident Guy DUMOLLARD.<\/p>\n<p style=\"text-align: center;\"><img loading=\"lazy\" decoding=\"async\" class=\"aligncenter  wp-image-3291\" src=\"https:\/\/www.avant-pays-savoyard.com\/smaps\/wp-content\/uploads\/2021\/08\/SMAPS-SIGNATURE-DU-CONTRAt-scaled.jpg\" alt=\"SMAPS - SIGNATURE DU CONTRAt\" width=\"699\" height=\"466\" \/><span style=\"font-size: 10pt;\"><em>\u00a0Le Pr\u00e9sident du Smaps, les 3 Pr\u00e9sidents des EPCI membres du SMAPS : Val Guiers, Yenne et Lac d&rsquo;Aiguebelette ont \u00e9galement sign\u00e9 ce CRTE<\/em><\/span><\/p>\n<p><strong>Dans le cadre du CRTE, l\u2019\u00c9tat apporte en 2021 7,6 millions d\u2019euros en soutien aux projets port\u00e9s dans l\u2019Avant-Pays Savoyard<\/strong>, incluant les cr\u00e9dits du plan France Relance notamment sur la reconversion de friches et provenant de l\u2019Agence de l\u2019Eau, ainsi que les dotations de droit commun\u00a0 comme la DSIL (Dotation de soutien \u00e0 l\u2019investissement local) ou la DETR (Dotation d\u2019\u00e9quipement des territoires ruraux), fl\u00e9ch\u00e9es sur les projets du CRTE.<\/p>\n<p>Cette somme se r\u00e9partit sur deux grandes th\u00e9matiques identifi\u00e9es comme centrales pour le\u00a0 l\u2019Avant-Pays Savoyard\u00a0: la transition \u00e9cologique (r\u00e9novation \u00e9nerg\u00e9tique du b\u00e2ti, mobilit\u00e9s actives, pr\u00e9servation de la biodiversit\u00e9) et le d\u00e9veloppement \u00e9conomique durable du territoire (construction de b\u00e2timents publics, reconversion de friches, perfectionnement de l\u2019accueil touristique, inclusion num\u00e9rique).<\/p>\n<p style=\"text-align: right;\"><em>Issu du communiqu\u00e9 de presse de la Pr\u00e9fecture de Savoie du 23\/07\/21<\/em><\/p>\n","protected":false},"excerpt":{"rendered":"<p>Les contrats de relance et de transition \u00e9cologique (CRTE) ont pour objectif d\u2019accompagner la relance de l\u2019activit\u00e9 par la r\u00e9alisation de projets concrets contribuant \u00e0 la transformation \u00e9cologique, sociale, culturelle et \u00e9conomique des territoires. Ils s\u2019inscrivent \u00e0 la fois dans le temps court du plan France Relance et dans le temps long par l\u2019accompagnement de [&hellip;]<\/p>\n","protected":false},"author":1,"featured_media":3290,"comment_status":"closed","ping_status":"closed","sticky":false,"template":"","format":"standard","meta":{"_et_pb_use_builder":"","_et_pb_old_content":"","_et_gb_content_width":"","_monsterinsights_skip_tracking":false,"_monsterinsights_sitenote_active":false,"_monsterinsights_sitenote_note":"","_monsterinsights_sitenote_category":0,"footnotes":""},"categories":[30,29,6,1],"tags":[],"class_list":["post-3289","post","type-post","status-publish","format-standard","has-post-thumbnail","hentry","category-a-la-une","category-actus","category-environnement-et-energie","category-infos-generales"],"yoast_head":"<!-- This site is optimized with the Yoast SEO plugin v27.5 - https:\/\/yoast.com\/product\/yoast-seo-wordpress\/ -->\n<title>Signature du Contrat de Relance et de Transition Ecologique avec l&#039;Etat | Avant Pays Savoyard<\/title>\n<meta name=\"description\" content=\"Signature du Contrat de Relance et de Transition Ecologique avec l&#039;Etat | Avant Pays Savoyard\" \/>\n<meta name=\"robots\" content=\"index, follow, max-snippet:-1, max-image-preview:large, max-video-preview:-1\" \/>\n<link rel=\"canonical\" href=\"https:\/\/www.avant-pays-savoyard.com\/smaps\/signature-du-contrat-de-relance-et-de-transition-ecologique-avec-letat\/\" \/>\n<meta property=\"og:locale\" content=\"fr_FR\" \/>\n<meta property=\"og:type\" content=\"article\" \/>\n<meta property=\"og:title\" content=\"Signature du Contrat de Relance et de Transition Ecologique avec l&#039;Etat | Avant Pays Savoyard\" \/>\n<meta property=\"og:description\" content=\"Signature du Contrat de Relance et de Transition Ecologique avec l&#039;Etat | Avant Pays Savoyard\" \/>\n<meta property=\"og:url\" content=\"https:\/\/www.avant-pays-savoyard.com\/smaps\/signature-du-contrat-de-relance-et-de-transition-ecologique-avec-letat\/\" \/>\n<meta property=\"og:site_name\" content=\"Syndicat Mixte Avant-Pays Savoyard\" \/>\n<meta property=\"article:publisher\" content=\"https:\/\/www.facebook.com\/philippe.smaps?eid=ARBa3pcAa8gXFS8WNK_PRvsO8QdGpgIOahlkYUZ_fHoQSowEaz5KpN0GqL0PUxNL0ZbTsFwcVmpWqAsm\" \/>\n<meta property=\"article:published_time\" content=\"2021-08-05T09:05:12+00:00\" \/>\n<meta property=\"og:image\" content=\"https:\/\/www.avant-pays-savoyard.com\/smaps\/wp-content\/uploads\/2021\/08\/SMAPS-SIGNATURE-DU-CONTRAT-DE-RELANCE-scaled.jpg\" \/>\n\t<meta property=\"og:image:width\" content=\"2560\" \/>\n\t<meta property=\"og:image:height\" content=\"1707\" \/>\n\t<meta property=\"og:image:type\" content=\"image\/jpeg\" \/>\n<meta name=\"author\" content=\"smAPSmL65\" \/>\n<meta name=\"twitter:card\" content=\"summary_large_image\" \/>\n<meta name=\"twitter:label1\" content=\"\u00c9crit par\" \/>\n\t<meta name=\"twitter:data1\" content=\"smAPSmL65\" \/>\n\t<meta name=\"twitter:label2\" content=\"Dur\u00e9e de lecture estim\u00e9e\" \/>\n\t<meta name=\"twitter:data2\" content=\"1 minute\" \/>\n<script type=\"application\/ld+json\" class=\"yoast-schema-graph\">{\"@context\":\"https:\\\/\\\/schema.org\",\"@graph\":[{\"@type\":\"Article\",\"@id\":\"https:\\\/\\\/www.avant-pays-savoyard.com\\\/smaps\\\/signature-du-contrat-de-relance-et-de-transition-ecologique-avec-letat\\\/#article\",\"isPartOf\":{\"@id\":\"https:\\\/\\\/www.avant-pays-savoyard.com\\\/smaps\\\/signature-du-contrat-de-relance-et-de-transition-ecologique-avec-letat\\\/\"},\"author\":{\"name\":\"smAPSmL65\",\"@id\":\"https:\\\/\\\/www.avant-pays-savoyard.com\\\/smaps\\\/#\\\/schema\\\/person\\\/fab57194713e775af3c314e297146813\"},\"headline\":\"Signature du Contrat de Relance et de Transition Ecologique avec l&rsquo;Etat\",\"datePublished\":\"2021-08-05T09:05:12+00:00\",\"mainEntityOfPage\":{\"@id\":\"https:\\\/\\\/www.avant-pays-savoyard.com\\\/smaps\\\/signature-du-contrat-de-relance-et-de-transition-ecologique-avec-letat\\\/\"},\"wordCount\":285,\"publisher\":{\"@id\":\"https:\\\/\\\/www.avant-pays-savoyard.com\\\/smaps\\\/#organization\"},\"image\":{\"@id\":\"https:\\\/\\\/www.avant-pays-savoyard.com\\\/smaps\\\/signature-du-contrat-de-relance-et-de-transition-ecologique-avec-letat\\\/#primaryimage\"},\"thumbnailUrl\":\"https:\\\/\\\/www.avant-pays-savoyard.com\\\/smaps\\\/wp-content\\\/uploads\\\/2021\\\/08\\\/SMAPS-SIGNATURE-DU-CONTRAT-DE-RELANCE-scaled.jpg\",\"articleSection\":[\"\u00c0 la une\",\"Actualit\u00e9s\",\"Environnement et \u00e9nergie\",\"Infos g\u00e9n\u00e9rales\"],\"inLanguage\":\"fr-FR\"},{\"@type\":\"WebPage\",\"@id\":\"https:\\\/\\\/www.avant-pays-savoyard.com\\\/smaps\\\/signature-du-contrat-de-relance-et-de-transition-ecologique-avec-letat\\\/\",\"url\":\"https:\\\/\\\/www.avant-pays-savoyard.com\\\/smaps\\\/signature-du-contrat-de-relance-et-de-transition-ecologique-avec-letat\\\/\",\"name\":\"Signature du Contrat de Relance et de Transition Ecologique avec l'Etat | Avant Pays Savoyard\",\"isPartOf\":{\"@id\":\"https:\\\/\\\/www.avant-pays-savoyard.com\\\/smaps\\\/#website\"},\"primaryImageOfPage\":{\"@id\":\"https:\\\/\\\/www.avant-pays-savoyard.com\\\/smaps\\\/signature-du-contrat-de-relance-et-de-transition-ecologique-avec-letat\\\/#primaryimage\"},\"image\":{\"@id\":\"https:\\\/\\\/www.avant-pays-savoyard.com\\\/smaps\\\/signature-du-contrat-de-relance-et-de-transition-ecologique-avec-letat\\\/#primaryimage\"},\"thumbnailUrl\":\"https:\\\/\\\/www.avant-pays-savoyard.com\\\/smaps\\\/wp-content\\\/uploads\\\/2021\\\/08\\\/SMAPS-SIGNATURE-DU-CONTRAT-DE-RELANCE-scaled.jpg\",\"datePublished\":\"2021-08-05T09:05:12+00:00\",\"description\":\"Signature du Contrat de Relance et de Transition Ecologique avec l'Etat | Avant Pays Savoyard\",\"breadcrumb\":{\"@id\":\"https:\\\/\\\/www.avant-pays-savoyard.com\\\/smaps\\\/signature-du-contrat-de-relance-et-de-transition-ecologique-avec-letat\\\/#breadcrumb\"},\"inLanguage\":\"fr-FR\",\"potentialAction\":[{\"@type\":\"ReadAction\",\"target\":[\"https:\\\/\\\/www.avant-pays-savoyard.com\\\/smaps\\\/signature-du-contrat-de-relance-et-de-transition-ecologique-avec-letat\\\/\"]}]},{\"@type\":\"ImageObject\",\"inLanguage\":\"fr-FR\",\"@id\":\"https:\\\/\\\/www.avant-pays-savoyard.com\\\/smaps\\\/signature-du-contrat-de-relance-et-de-transition-ecologique-avec-letat\\\/#primaryimage\",\"url\":\"https:\\\/\\\/www.avant-pays-savoyard.com\\\/smaps\\\/wp-content\\\/uploads\\\/2021\\\/08\\\/SMAPS-SIGNATURE-DU-CONTRAT-DE-RELANCE-scaled.jpg\",\"contentUrl\":\"https:\\\/\\\/www.avant-pays-savoyard.com\\\/smaps\\\/wp-content\\\/uploads\\\/2021\\\/08\\\/SMAPS-SIGNATURE-DU-CONTRAT-DE-RELANCE-scaled.jpg\",\"width\":2560,\"height\":1707,\"caption\":\"SMAPS - SIGNATURE DU CONTRAT DE RELANCE\"},{\"@type\":\"BreadcrumbList\",\"@id\":\"https:\\\/\\\/www.avant-pays-savoyard.com\\\/smaps\\\/signature-du-contrat-de-relance-et-de-transition-ecologique-avec-letat\\\/#breadcrumb\",\"itemListElement\":[{\"@type\":\"ListItem\",\"position\":1,\"name\":\"Accueil\",\"item\":\"https:\\\/\\\/www.avant-pays-savoyard.com\\\/smaps\\\/\"},{\"@type\":\"ListItem\",\"position\":2,\"name\":\"\u00c0 la une\",\"item\":\"https:\\\/\\\/www.avant-pays-savoyard.com\\\/smaps\\\/category\\\/a-la-une\\\/\"},{\"@type\":\"ListItem\",\"position\":3,\"name\":\"Signature du Contrat de Relance et de Transition Ecologique avec l&rsquo;Etat\"}]},{\"@type\":\"WebSite\",\"@id\":\"https:\\\/\\\/www.avant-pays-savoyard.com\\\/smaps\\\/#website\",\"url\":\"https:\\\/\\\/www.avant-pays-savoyard.com\\\/smaps\\\/\",\"name\":\"Syndicat Mixte Avant-Pays Savoyard\",\"description\":\"Site du SMAPS\",\"publisher\":{\"@id\":\"https:\\\/\\\/www.avant-pays-savoyard.com\\\/smaps\\\/#organization\"},\"potentialAction\":[{\"@type\":\"SearchAction\",\"target\":{\"@type\":\"EntryPoint\",\"urlTemplate\":\"https:\\\/\\\/www.avant-pays-savoyard.com\\\/smaps\\\/?s={search_term_string}\"},\"query-input\":{\"@type\":\"PropertyValueSpecification\",\"valueRequired\":true,\"valueName\":\"search_term_string\"}}],\"inLanguage\":\"fr-FR\"},{\"@type\":\"Organization\",\"@id\":\"https:\\\/\\\/www.avant-pays-savoyard.com\\\/smaps\\\/#organization\",\"name\":\"Avant Pays Savoyard\",\"url\":\"https:\\\/\\\/www.avant-pays-savoyard.com\\\/smaps\\\/\",\"logo\":{\"@type\":\"ImageObject\",\"inLanguage\":\"fr-FR\",\"@id\":\"https:\\\/\\\/www.avant-pays-savoyard.com\\\/smaps\\\/#\\\/schema\\\/logo\\\/image\\\/\",\"url\":\"https:\\\/\\\/www.avant-pays-savoyard.com\\\/smaps\\\/wp-content\\\/uploads\\\/2020\\\/11\\\/logo-smaps.png\",\"contentUrl\":\"https:\\\/\\\/www.avant-pays-savoyard.com\\\/smaps\\\/wp-content\\\/uploads\\\/2020\\\/11\\\/logo-smaps.png\",\"width\":1617,\"height\":738,\"caption\":\"Avant Pays Savoyard\"},\"image\":{\"@id\":\"https:\\\/\\\/www.avant-pays-savoyard.com\\\/smaps\\\/#\\\/schema\\\/logo\\\/image\\\/\"},\"sameAs\":[\"https:\\\/\\\/www.facebook.com\\\/philippe.smaps?eid=ARBa3pcAa8gXFS8WNK_PRvsO8QdGpgIOahlkYUZ_fHoQSowEaz5KpN0GqL0PUxNL0ZbTsFwcVmpWqAsm\"]},{\"@type\":\"Person\",\"@id\":\"https:\\\/\\\/www.avant-pays-savoyard.com\\\/smaps\\\/#\\\/schema\\\/person\\\/fab57194713e775af3c314e297146813\",\"name\":\"smAPSmL65\",\"image\":{\"@type\":\"ImageObject\",\"inLanguage\":\"fr-FR\",\"@id\":\"https:\\\/\\\/secure.gravatar.com\\\/avatar\\\/dc5d73baded898ee913c73539d946a61dc93931ee6b82a5f537a964c628a3a30?s=96&d=mm&r=g\",\"url\":\"https:\\\/\\\/secure.gravatar.com\\\/avatar\\\/dc5d73baded898ee913c73539d946a61dc93931ee6b82a5f537a964c628a3a30?s=96&d=mm&r=g\",\"contentUrl\":\"https:\\\/\\\/secure.gravatar.com\\\/avatar\\\/dc5d73baded898ee913c73539d946a61dc93931ee6b82a5f537a964c628a3a30?s=96&d=mm&r=g\",\"caption\":\"smAPSmL65\"}}]}<\/script>\n<!-- \/ Yoast SEO plugin. -->","yoast_head_json":{"title":"Signature du Contrat de Relance et de Transition Ecologique avec l'Etat | Avant Pays Savoyard","description":"Signature du Contrat de Relance et de Transition Ecologique avec l'Etat | Avant Pays Savoyard","robots":{"index":"index","follow":"follow","max-snippet":"max-snippet:-1","max-image-preview":"max-image-preview:large","max-video-preview":"max-video-preview:-1"},"canonical":"https:\/\/www.avant-pays-savoyard.com\/smaps\/signature-du-contrat-de-relance-et-de-transition-ecologique-avec-letat\/","og_locale":"fr_FR","og_type":"article","og_title":"Signature du Contrat de Relance et de Transition Ecologique avec l'Etat | Avant Pays Savoyard","og_description":"Signature du Contrat de Relance et de Transition Ecologique avec l'Etat | Avant Pays Savoyard","og_url":"https:\/\/www.avant-pays-savoyard.com\/smaps\/signature-du-contrat-de-relance-et-de-transition-ecologique-avec-letat\/","og_site_name":"Syndicat Mixte Avant-Pays Savoyard","article_publisher":"https:\/\/www.facebook.com\/philippe.smaps?eid=ARBa3pcAa8gXFS8WNK_PRvsO8QdGpgIOahlkYUZ_fHoQSowEaz5KpN0GqL0PUxNL0ZbTsFwcVmpWqAsm","article_published_time":"2021-08-05T09:05:12+00:00","og_image":[{"width":2560,"height":1707,"url":"https:\/\/www.avant-pays-savoyard.com\/smaps\/wp-content\/uploads\/2021\/08\/SMAPS-SIGNATURE-DU-CONTRAT-DE-RELANCE-scaled.jpg","type":"image\/jpeg"}],"author":"smAPSmL65","twitter_card":"summary_large_image","twitter_misc":{"\u00c9crit par":"smAPSmL65","Dur\u00e9e de lecture estim\u00e9e":"1 minute"},"schema":{"@context":"https:\/\/schema.org","@graph":[{"@type":"Article","@id":"https:\/\/www.avant-pays-savoyard.com\/smaps\/signature-du-contrat-de-relance-et-de-transition-ecologique-avec-letat\/#article","isPartOf":{"@id":"https:\/\/www.avant-pays-savoyard.com\/smaps\/signature-du-contrat-de-relance-et-de-transition-ecologique-avec-letat\/"},"author":{"name":"smAPSmL65","@id":"https:\/\/www.avant-pays-savoyard.com\/smaps\/#\/schema\/person\/fab57194713e775af3c314e297146813"},"headline":"Signature du Contrat de Relance et de Transition Ecologique avec l&rsquo;Etat","datePublished":"2021-08-05T09:05:12+00:00","mainEntityOfPage":{"@id":"https:\/\/www.avant-pays-savoyard.com\/smaps\/signature-du-contrat-de-relance-et-de-transition-ecologique-avec-letat\/"},"wordCount":285,"publisher":{"@id":"https:\/\/www.avant-pays-savoyard.com\/smaps\/#organization"},"image":{"@id":"https:\/\/www.avant-pays-savoyard.com\/smaps\/signature-du-contrat-de-relance-et-de-transition-ecologique-avec-letat\/#primaryimage"},"thumbnailUrl":"https:\/\/www.avant-pays-savoyard.com\/smaps\/wp-content\/uploads\/2021\/08\/SMAPS-SIGNATURE-DU-CONTRAT-DE-RELANCE-scaled.jpg","articleSection":["\u00c0 la une","Actualit\u00e9s","Environnement et \u00e9nergie","Infos g\u00e9n\u00e9rales"],"inLanguage":"fr-FR"},{"@type":"WebPage","@id":"https:\/\/www.avant-pays-savoyard.com\/smaps\/signature-du-contrat-de-relance-et-de-transition-ecologique-avec-letat\/","url":"https:\/\/www.avant-pays-savoyard.com\/smaps\/signature-du-contrat-de-relance-et-de-transition-ecologique-avec-letat\/","name":"Signature du Contrat de Relance et de Transition Ecologique avec l'Etat | Avant Pays Savoyard","isPartOf":{"@id":"https:\/\/www.avant-pays-savoyard.com\/smaps\/#website"},"primaryImageOfPage":{"@id":"https:\/\/www.avant-pays-savoyard.com\/smaps\/signature-du-contrat-de-relance-et-de-transition-ecologique-avec-letat\/#primaryimage"},"image":{"@id":"https:\/\/www.avant-pays-savoyard.com\/smaps\/signature-du-contrat-de-relance-et-de-transition-ecologique-avec-letat\/#primaryimage"},"thumbnailUrl":"https:\/\/www.avant-pays-savoyard.com\/smaps\/wp-content\/uploads\/2021\/08\/SMAPS-SIGNATURE-DU-CONTRAT-DE-RELANCE-scaled.jpg","datePublished":"2021-08-05T09:05:12+00:00","description":"Signature du Contrat de Relance et de Transition Ecologique avec l'Etat | Avant Pays Savoyard","breadcrumb":{"@id":"https:\/\/www.avant-pays-savoyard.com\/smaps\/signature-du-contrat-de-relance-et-de-transition-ecologique-avec-letat\/#breadcrumb"},"inLanguage":"fr-FR","potentialAction":[{"@type":"ReadAction","target":["https:\/\/www.avant-pays-savoyard.com\/smaps\/signature-du-contrat-de-relance-et-de-transition-ecologique-avec-letat\/"]}]},{"@type":"ImageObject","inLanguage":"fr-FR","@id":"https:\/\/www.avant-pays-savoyard.com\/smaps\/signature-du-contrat-de-relance-et-de-transition-ecologique-avec-letat\/#primaryimage","url":"https:\/\/www.avant-pays-savoyard.com\/smaps\/wp-content\/uploads\/2021\/08\/SMAPS-SIGNATURE-DU-CONTRAT-DE-RELANCE-scaled.jpg","contentUrl":"https:\/\/www.avant-pays-savoyard.com\/smaps\/wp-content\/uploads\/2021\/08\/SMAPS-SIGNATURE-DU-CONTRAT-DE-RELANCE-scaled.jpg","width":2560,"height":1707,"caption":"SMAPS - SIGNATURE DU CONTRAT DE RELANCE"},{"@type":"BreadcrumbList","@id":"https:\/\/www.avant-pays-savoyard.com\/smaps\/signature-du-contrat-de-relance-et-de-transition-ecologique-avec-letat\/#breadcrumb","itemListElement":[{"@type":"ListItem","position":1,"name":"Accueil","item":"https:\/\/www.avant-pays-savoyard.com\/smaps\/"},{"@type":"ListItem","position":2,"name":"\u00c0 la une","item":"https:\/\/www.avant-pays-savoyard.com\/smaps\/category\/a-la-une\/"},{"@type":"ListItem","position":3,"name":"Signature du Contrat de Relance et de Transition Ecologique avec l&rsquo;Etat"}]},{"@type":"WebSite","@id":"https:\/\/www.avant-pays-savoyard.com\/smaps\/#website","url":"https:\/\/www.avant-pays-savoyard.com\/smaps\/","name":"Syndicat Mixte Avant-Pays Savoyard","description":"Site du SMAPS","publisher":{"@id":"https:\/\/www.avant-pays-savoyard.com\/smaps\/#organization"},"potentialAction":[{"@type":"SearchAction","target":{"@type":"EntryPoint","urlTemplate":"https:\/\/www.avant-pays-savoyard.com\/smaps\/?s={search_term_string}"},"query-input":{"@type":"PropertyValueSpecification","valueRequired":true,"valueName":"search_term_string"}}],"inLanguage":"fr-FR"},{"@type":"Organization","@id":"https:\/\/www.avant-pays-savoyard.com\/smaps\/#organization","name":"Avant Pays Savoyard","url":"https:\/\/www.avant-pays-savoyard.com\/smaps\/","logo":{"@type":"ImageObject","inLanguage":"fr-FR","@id":"https:\/\/www.avant-pays-savoyard.com\/smaps\/#\/schema\/logo\/image\/","url":"https:\/\/www.avant-pays-savoyard.com\/smaps\/wp-content\/uploads\/2020\/11\/logo-smaps.png","contentUrl":"https:\/\/www.avant-pays-savoyard.com\/smaps\/wp-content\/uploads\/2020\/11\/logo-smaps.png","width":1617,"height":738,"caption":"Avant Pays Savoyard"},"image":{"@id":"https:\/\/www.avant-pays-savoyard.com\/smaps\/#\/schema\/logo\/image\/"},"sameAs":["https:\/\/www.facebook.com\/philippe.smaps?eid=ARBa3pcAa8gXFS8WNK_PRvsO8QdGpgIOahlkYUZ_fHoQSowEaz5KpN0GqL0PUxNL0ZbTsFwcVmpWqAsm"]},{"@type":"Person","@id":"https:\/\/www.avant-pays-savoyard.com\/smaps\/#\/schema\/person\/fab57194713e775af3c314e297146813","name":"smAPSmL65","image":{"@type":"ImageObject","inLanguage":"fr-FR","@id":"https:\/\/secure.gravatar.com\/avatar\/dc5d73baded898ee913c73539d946a61dc93931ee6b82a5f537a964c628a3a30?s=96&d=mm&r=g","url":"https:\/\/secure.gravatar.com\/avatar\/dc5d73baded898ee913c73539d946a61dc93931ee6b82a5f537a964c628a3a30?s=96&d=mm&r=g","contentUrl":"https:\/\/secure.gravatar.com\/avatar\/dc5d73baded898ee913c73539d946a61dc93931ee6b82a5f537a964c628a3a30?s=96&d=mm&r=g","caption":"smAPSmL65"}}]}},"publishpress_future_action":{"enabled":false,"date":"2026-05-07 05:31:38","action":"change-status","newStatus":"draft","terms":[],"taxonomy":"category","extraData":[]},"publishpress_future_workflow_manual_trigger":{"enabledWorkflows":[]},"_links":{"self":[{"href":"https:\/\/www.avant-pays-savoyard.com\/smaps\/wp-json\/wp\/v2\/posts\/3289","targetHints":{"allow":["GET"]}}],"collection":[{"href":"https:\/\/www.avant-pays-savoyard.com\/smaps\/wp-json\/wp\/v2\/posts"}],"about":[{"href":"https:\/\/www.avant-pays-savoyard.com\/smaps\/wp-json\/wp\/v2\/types\/post"}],"author":[{"embeddable":true,"href":"https:\/\/www.avant-pays-savoyard.com\/smaps\/wp-json\/wp\/v2\/users\/1"}],"replies":[{"embeddable":true,"href":"https:\/\/www.avant-pays-savoyard.com\/smaps\/wp-json\/wp\/v2\/comments?post=3289"}],"version-history":[{"count":1,"href":"https:\/\/www.avant-pays-savoyard.com\/smaps\/wp-json\/wp\/v2\/posts\/3289\/revisions"}],"predecessor-version":[{"id":3292,"href":"https:\/\/www.avant-pays-savoyard.com\/smaps\/wp-json\/wp\/v2\/posts\/3289\/revisions\/3292"}],"wp:featuredmedia":[{"embeddable":true,"href":"https:\/\/www.avant-pays-savoyard.com\/smaps\/wp-json\/wp\/v2\/media\/3290"}],"wp:attachment":[{"href":"https:\/\/www.avant-pays-savoyard.com\/smaps\/wp-json\/wp\/v2\/media?parent=3289"}],"wp:term":[{"taxonomy":"category","embeddable":true,"href":"https:\/\/www.avant-pays-savoyard.com\/smaps\/wp-json\/wp\/v2\/categories?post=3289"},{"taxonomy":"post_tag","embeddable":true,"href":"https:\/\/www.avant-pays-savoyard.com\/smaps\/wp-json\/wp\/v2\/tags?post=3289"}],"curies":[{"name":"wp","href":"https:\/\/api.w.org\/{rel}","templated":true}]}}