{"id":3325,"date":"2021-09-21T14:44:44","date_gmt":"2021-09-21T12:44:44","guid":{"rendered":"https:\/\/www.avant-pays-savoyard.com\/smaps\/?p=3325"},"modified":"2021-09-22T13:46:14","modified_gmt":"2021-09-22T11:46:14","slug":"les-aides-financieres-a-la-renovation-des-billes-pour-les-artisans","status":"publish","type":"post","link":"https:\/\/www.avant-pays-savoyard.com\/smaps\/les-aides-financieres-a-la-renovation-des-billes-pour-les-artisans\/","title":{"rendered":"Les aides financi\u00e8res \u00e0 la r\u00e9novation : des billes pour les artisans !"},"content":{"rendered":"<p>Les aides \u00e0 la r\u00e9novation, c&rsquo;est un peu comme un maquis : difficile de ne pas s&rsquo;y perdre ! Ce lundi 21 septembre \u00e0 Rochefort, une dizaine d&rsquo;artisans de l&rsquo;Avant Pays Savoyard a assist\u00e9 \u00e0 une conf\u00e9rence autour des aides financi\u00e8res \u00e0 la r\u00e9novation \u00e9nerg\u00e9tique. Renaud PEISIEU, de l&rsquo;ASDER, a pu faire part des derni\u00e8res \u00e9volutions en la mati\u00e8re ainsi que de son exp\u00e9rience terrain. En effet, en tant que conseiller du r\u00e9seau FAIRE, il re\u00e7oit les appels et oriente les habitants du territoire dans leurs questions sur la r\u00e9novation \u00e9nerg\u00e9tique. Un sujet loin d&rsquo;\u00eatre anecdotique pour le territoire, l&rsquo;Avant Pays Savoyard \u00e9tant fortement impliqu\u00e9 pour la transition \u00e9nerg\u00e9tique avec la volont\u00e9 de devenir Territoire \u00e0 Energie Positive \u00e0 2050 !<\/p>\n<p><img loading=\"lazy\" decoding=\"async\" class=\"size-medium wp-image-3331 alignnone\" src=\"https:\/\/www.avant-pays-savoyard.com\/smaps\/wp-content\/uploads\/2021\/09\/photo_2021-09-21_10-56-10-300x225.jpg\" alt=\"\" width=\"300\" height=\"225\" \/> \u00a0 \u00a0 \u00a0 \u00a0 \u00a0 \u00a0 \u00a0 \u00a0 \u00a0 \u00a0 \u00a0 \u00a0 \u00a0 \u00a0 \u00a0 \u00a0 \u00a0 \u00a0 \u00a0 \u00a0 \u00a0 \u00a0 \u00a0 <img loading=\"lazy\" decoding=\"async\" class=\"size-medium wp-image-3332 alignnone\" src=\"https:\/\/www.avant-pays-savoyard.com\/smaps\/wp-content\/uploads\/2021\/09\/photo_2021-09-21_10-56-12-300x225.jpg\" alt=\"\" width=\"300\" height=\"225\" \/><\/p>\n<p>Une conf\u00e9rence bienvenue, au vu de la complexit\u00e9 existante des aides \u00e0 la r\u00e9novation : Ma Prime R\u00e9nov&rsquo;, Habiter Mieux,\u00a0 Eco-pr\u00eat \u00e0 taux z\u00e9ro, Certificats d&rsquo;\u00e9conomies d&rsquo;\u00e9nergies, aides d\u00e9partementales et locales&#8230; Les dispositifs sont nombreux, avec des exigences variables. Un casse-t\u00eate pour les artisans souhaitant faire b\u00e9n\u00e9ficier \u00e0 leurs clients des aides. L&rsquo;intervenant a pu ainsi repr\u00e9ciser la chronologie des d\u00e9marches \u00e0 respecter, les \u00e9l\u00e9ments indispensables \u00e0 int\u00e9grer au devis, les accompagnements existants, etc.<\/p>\n<p>Ce temps a \u00e9t\u00e9 compl\u00e9t\u00e9 par une intervention d&rsquo;Imen BENNTICHA, conseill\u00e8re \u00e0 la Chambre des M\u00e9tiers et de l&rsquo;Artisanat, en portant notamment une attention particuli\u00e8re \u00e0 la question des d\u00e9chets : quelles sont les obligations actuelles ? Les \u00e9volutions \u00e0 venir ? Quelles sont les aides pouvant \u00eatre sollicit\u00e9es par les artisans ? Autant de questions o\u00f9 les artisans peuvent b\u00e9n\u00e9ficier d&rsquo;un accompagnement de la Chambre.<\/p>\n<p>La rencontre s&rsquo;est termin\u00e9e par un temps convivial autour d&rsquo;un verre, avec des \u00e9changes entre artisans, les \u00e9lus pr\u00e9sents et les techniciens.<\/p>\n<p><img loading=\"lazy\" decoding=\"async\" class=\"alignnone size-medium wp-image-3328\" src=\"https:\/\/www.avant-pays-savoyard.com\/smaps\/wp-content\/uploads\/2021\/09\/photo_2021-09-21_10-56-04-300x225.jpg\" alt=\"\" width=\"300\" height=\"225\" \/> \u00a0 \u00a0 \u00a0 \u00a0 \u00a0 \u00a0 \u00a0 \u00a0 \u00a0 \u00a0 \u00a0 \u00a0 \u00a0 \u00a0 \u00a0 \u00a0 <img loading=\"lazy\" decoding=\"async\" class=\"alignnone size-medium wp-image-3330\" src=\"https:\/\/www.avant-pays-savoyard.com\/smaps\/wp-content\/uploads\/2021\/09\/photo_2021-09-21_10-56-08-300x225.jpg\" alt=\"\" width=\"300\" height=\"225\" \/><\/p>\n<p>Les supports sont disponibles en cliquant sur les liens suivants :<\/p>\n<ul>\n<li><a href=\"https:\/\/www.avant-pays-savoyard.com\/smaps\/wp-content\/uploads\/2021\/09\/Conference-Aides-a-la-renovation-energetique-Rochefort.pdf\">Aides financi\u00e8res \u00e0 la r\u00e9novation | Pr\u00e9sentation du conseiller FAIRE de l&rsquo;ASDER<\/a><\/li>\n<li><a href=\"https:\/\/www.avant-pays-savoyard.com\/smaps\/wp-content\/uploads\/2021\/09\/presentation-APS-Batiment-1.pdf\">D\u00e9chets et accompagnements par la Chambre des M\u00e9tiers et de l&rsquo;Artisanat<\/a><\/li>\n<\/ul>\n<p><strong>Contacts :<\/strong><\/p>\n<p>Renaud PEISIEU, Conseiller R\u00e9seau FAIRE Savoie, 04 56 11 99 00, <a href=\"mailto:renaud.peisieu@asder.asso.fr\">renaud.peisieu[a]asder.asso.fr<\/a><\/p>\n<p>Imen BENNTICHA, Conseill\u00e8re Environnement, Chambre des M\u00e9tiers et de l&rsquo;Artisanat, 04 79 69 94 26, <a href=\"mailto:imen.bennticha@cma-auvergnerhonealpes.fr\">imen.bennticha[a]cma-auvergnerhonealpes.fr <\/a><\/p>\n<p>C\u00f4me GEROUDET, Charg\u00e9 de mission Energie, Syndicat Mixte de l&rsquo;Avant Pays Savoyard, 04 76 37 21 54, <a href=\"mailto:come.geroudet@avant-pays-savoyard.com\">come.geroudet[a]avant-pays-savoyard.com<\/a><\/p>\n<p>Cette conf\u00e9rence a \u00e9t\u00e9 organis\u00e9e avec le soutien des collectivit\u00e9s de l&rsquo;Avant Pays Savoyard et du D\u00e9partement de la Savoie.<\/p>\n<p><img loading=\"lazy\" decoding=\"async\" class=\"alignnone size-medium wp-image-853\" src=\"https:\/\/www.avant-pays-savoyard.com\/smaps\/wp-content\/uploads\/2020\/05\/communaute-communes-lac-aiguebelette-300x86.png\" alt=\"\" width=\"300\" height=\"86\" srcset=\"https:\/\/www.avant-pays-savoyard.com\/smaps\/wp-content\/uploads\/2020\/05\/communaute-communes-lac-aiguebelette-300x86.png 300w, https:\/\/www.avant-pays-savoyard.com\/smaps\/wp-content\/uploads\/2020\/05\/communaute-communes-lac-aiguebelette.png 385w\" sizes=\"(max-width: 300px) 100vw, 300px\" \/><img loading=\"lazy\" decoding=\"async\" class=\"alignnone wp-image-852\" src=\"https:\/\/www.avant-pays-savoyard.com\/smaps\/wp-content\/uploads\/2020\/05\/logovalguiers.jpg\" alt=\"\" width=\"168\" height=\"108\" \/><img loading=\"lazy\" decoding=\"async\" class=\"alignnone wp-image-850\" src=\"https:\/\/www.avant-pays-savoyard.com\/smaps\/wp-content\/uploads\/2020\/05\/7933781f4db1bf1c5a0005281e676f1c829271fc-291x300.jpg\" alt=\"\" width=\"126\" height=\"130\" \/><img loading=\"lazy\" decoding=\"async\" class=\"alignnone size-medium wp-image-3175\" src=\"https:\/\/www.avant-pays-savoyard.com\/smaps\/wp-content\/uploads\/2020\/12\/LOGO-TEPOS-V2-15-300x212.png\" alt=\"\" width=\"300\" height=\"212\" \/><\/p>\n<p><img loading=\"lazy\" decoding=\"async\" class=\"alignnone  wp-image-849\" src=\"https:\/\/www.avant-pays-savoyard.com\/smaps\/wp-content\/uploads\/2020\/05\/1187px-Logo_D\u00e9partement_Savoie.svg_-300x259.png\" alt=\"\" width=\"123\" height=\"106\" srcset=\"https:\/\/www.avant-pays-savoyard.com\/smaps\/wp-content\/uploads\/2020\/05\/1187px-Logo_D\u00e9partement_Savoie.svg_-300x259.png 300w, https:\/\/www.avant-pays-savoyard.com\/smaps\/wp-content\/uploads\/2020\/05\/1187px-Logo_D\u00e9partement_Savoie.svg_-1024x883.png 1024w, https:\/\/www.avant-pays-savoyard.com\/smaps\/wp-content\/uploads\/2020\/05\/1187px-Logo_D\u00e9partement_Savoie.svg_-768x663.png 768w, https:\/\/www.avant-pays-savoyard.com\/smaps\/wp-content\/uploads\/2020\/05\/1187px-Logo_D\u00e9partement_Savoie.svg_-1080x932.png 1080w, https:\/\/www.avant-pays-savoyard.com\/smaps\/wp-content\/uploads\/2020\/05\/1187px-Logo_D\u00e9partement_Savoie.svg_-980x845.png 980w, https:\/\/www.avant-pays-savoyard.com\/smaps\/wp-content\/uploads\/2020\/05\/1187px-Logo_D\u00e9partement_Savoie.svg_-480x414.png 480w, https:\/\/www.avant-pays-savoyard.com\/smaps\/wp-content\/uploads\/2020\/05\/1187px-Logo_D\u00e9partement_Savoie.svg_.png 1187w\" sizes=\"(max-width: 123px) 100vw, 123px\" \/> <img loading=\"lazy\" decoding=\"async\" class=\"alignnone  wp-image-869\" src=\"https:\/\/www.avant-pays-savoyard.com\/smaps\/wp-content\/uploads\/2020\/05\/875_001_logoregion-auvergneRhoneAlpes-300x98.png\" alt=\"\" width=\"306\" height=\"100\" \/> <img loading=\"lazy\" decoding=\"async\" class=\"alignnone  wp-image-3169\" src=\"https:\/\/www.avant-pays-savoyard.com\/smaps\/wp-content\/uploads\/2021\/02\/FAIRE.png\" alt=\"\" width=\"170\" height=\"163\" \/><img loading=\"lazy\" decoding=\"async\" class=\"alignnone  wp-image-3339\" src=\"https:\/\/www.avant-pays-savoyard.com\/smaps\/wp-content\/uploads\/2021\/09\/external-content.duckduckgo.com_-1-300x133.png\" alt=\"\" width=\"198\" height=\"88\" \/><\/p>\n<p>&nbsp;<\/p>\n<p>&nbsp;<\/p>\n","protected":false},"excerpt":{"rendered":"<p>Les aides \u00e0 la r\u00e9novation, c&rsquo;est un peu comme un maquis : difficile de ne pas s&rsquo;y perdre ! Ce lundi 21 septembre \u00e0 Rochefort, une dizaine d&rsquo;artisans de l&rsquo;Avant Pays Savoyard a assist\u00e9 \u00e0 une conf\u00e9rence autour des aides financi\u00e8res \u00e0 la r\u00e9novation \u00e9nerg\u00e9tique. Renaud PEISIEU, de l&rsquo;ASDER, a pu faire part des derni\u00e8res [&hellip;]<\/p>\n","protected":false},"author":2,"featured_media":3331,"comment_status":"closed","ping_status":"closed","sticky":false,"template":"","format":"standard","meta":{"_et_pb_use_builder":"","_et_pb_old_content":"","_et_gb_content_width":"","_monsterinsights_skip_tracking":false,"_monsterinsights_sitenote_active":false,"_monsterinsights_sitenote_note":"","_monsterinsights_sitenote_category":0,"footnotes":""},"categories":[30,6,7,1],"tags":[],"class_list":["post-3325","post","type-post","status-publish","format-standard","has-post-thumbnail","hentry","category-a-la-une","category-environnement-et-energie","category-habitat","category-infos-generales"],"yoast_head":"<!-- This site is optimized with the Yoast SEO plugin v27.5 - https:\/\/yoast.com\/product\/yoast-seo-wordpress\/ -->\n<title>Les aides financi\u00e8res \u00e0 la r\u00e9novation : des billes pour les artisans ! | Avant Pays Savoyard<\/title>\n<meta name=\"description\" content=\"Les aides financi\u00e8res \u00e0 la r\u00e9novation : des billes pour les artisans ! | Avant Pays Savoyard\" \/>\n<meta name=\"robots\" content=\"index, follow, max-snippet:-1, max-image-preview:large, max-video-preview:-1\" \/>\n<link rel=\"canonical\" href=\"https:\/\/www.avant-pays-savoyard.com\/smaps\/les-aides-financieres-a-la-renovation-des-billes-pour-les-artisans\/\" \/>\n<meta property=\"og:locale\" content=\"fr_FR\" \/>\n<meta property=\"og:type\" content=\"article\" \/>\n<meta property=\"og:title\" content=\"Les aides financi\u00e8res \u00e0 la r\u00e9novation : des billes pour les artisans ! | Avant Pays Savoyard\" \/>\n<meta property=\"og:description\" content=\"Les aides financi\u00e8res \u00e0 la r\u00e9novation : des billes pour les artisans ! | Avant Pays Savoyard\" \/>\n<meta property=\"og:url\" content=\"https:\/\/www.avant-pays-savoyard.com\/smaps\/les-aides-financieres-a-la-renovation-des-billes-pour-les-artisans\/\" \/>\n<meta property=\"og:site_name\" content=\"Syndicat Mixte Avant-Pays Savoyard\" \/>\n<meta property=\"article:publisher\" content=\"https:\/\/www.facebook.com\/philippe.smaps?eid=ARBa3pcAa8gXFS8WNK_PRvsO8QdGpgIOahlkYUZ_fHoQSowEaz5KpN0GqL0PUxNL0ZbTsFwcVmpWqAsm\" \/>\n<meta property=\"article:published_time\" content=\"2021-09-21T12:44:44+00:00\" \/>\n<meta property=\"article:modified_time\" content=\"2021-09-22T11:46:14+00:00\" \/>\n<meta property=\"og:image\" content=\"https:\/\/www.avant-pays-savoyard.com\/smaps\/wp-content\/uploads\/2021\/09\/photo_2021-09-21_10-56-10.jpg\" \/>\n\t<meta property=\"og:image:width\" content=\"1280\" \/>\n\t<meta property=\"og:image:height\" content=\"960\" \/>\n\t<meta property=\"og:image:type\" content=\"image\/jpeg\" \/>\n<meta name=\"author\" content=\"SMAPS\" \/>\n<meta name=\"twitter:card\" content=\"summary_large_image\" \/>\n<meta name=\"twitter:label1\" content=\"\u00c9crit par\" \/>\n\t<meta name=\"twitter:data1\" content=\"SMAPS\" \/>\n\t<meta name=\"twitter:label2\" content=\"Dur\u00e9e de lecture estim\u00e9e\" \/>\n\t<meta name=\"twitter:data2\" content=\"2 minutes\" \/>\n<script type=\"application\/ld+json\" class=\"yoast-schema-graph\">{\"@context\":\"https:\\\/\\\/schema.org\",\"@graph\":[{\"@type\":\"Article\",\"@id\":\"https:\\\/\\\/www.avant-pays-savoyard.com\\\/smaps\\\/les-aides-financieres-a-la-renovation-des-billes-pour-les-artisans\\\/#article\",\"isPartOf\":{\"@id\":\"https:\\\/\\\/www.avant-pays-savoyard.com\\\/smaps\\\/les-aides-financieres-a-la-renovation-des-billes-pour-les-artisans\\\/\"},\"author\":{\"name\":\"SMAPS\",\"@id\":\"https:\\\/\\\/www.avant-pays-savoyard.com\\\/smaps\\\/#\\\/schema\\\/person\\\/97c9f75644fa5ca03f84c36512d45878\"},\"headline\":\"Les aides financi\u00e8res \u00e0 la r\u00e9novation : des billes pour les artisans !\",\"datePublished\":\"2021-09-21T12:44:44+00:00\",\"dateModified\":\"2021-09-22T11:46:14+00:00\",\"mainEntityOfPage\":{\"@id\":\"https:\\\/\\\/www.avant-pays-savoyard.com\\\/smaps\\\/les-aides-financieres-a-la-renovation-des-billes-pour-les-artisans\\\/\"},\"wordCount\":438,\"publisher\":{\"@id\":\"https:\\\/\\\/www.avant-pays-savoyard.com\\\/smaps\\\/#organization\"},\"image\":{\"@id\":\"https:\\\/\\\/www.avant-pays-savoyard.com\\\/smaps\\\/les-aides-financieres-a-la-renovation-des-billes-pour-les-artisans\\\/#primaryimage\"},\"thumbnailUrl\":\"https:\\\/\\\/www.avant-pays-savoyard.com\\\/smaps\\\/wp-content\\\/uploads\\\/2021\\\/09\\\/photo_2021-09-21_10-56-10.jpg\",\"articleSection\":[\"\u00c0 la une\",\"Environnement et \u00e9nergie\",\"Habitat\",\"Infos g\u00e9n\u00e9rales\"],\"inLanguage\":\"fr-FR\"},{\"@type\":\"WebPage\",\"@id\":\"https:\\\/\\\/www.avant-pays-savoyard.com\\\/smaps\\\/les-aides-financieres-a-la-renovation-des-billes-pour-les-artisans\\\/\",\"url\":\"https:\\\/\\\/www.avant-pays-savoyard.com\\\/smaps\\\/les-aides-financieres-a-la-renovation-des-billes-pour-les-artisans\\\/\",\"name\":\"Les aides financi\u00e8res \u00e0 la r\u00e9novation : des billes pour les artisans ! | Avant Pays Savoyard\",\"isPartOf\":{\"@id\":\"https:\\\/\\\/www.avant-pays-savoyard.com\\\/smaps\\\/#website\"},\"primaryImageOfPage\":{\"@id\":\"https:\\\/\\\/www.avant-pays-savoyard.com\\\/smaps\\\/les-aides-financieres-a-la-renovation-des-billes-pour-les-artisans\\\/#primaryimage\"},\"image\":{\"@id\":\"https:\\\/\\\/www.avant-pays-savoyard.com\\\/smaps\\\/les-aides-financieres-a-la-renovation-des-billes-pour-les-artisans\\\/#primaryimage\"},\"thumbnailUrl\":\"https:\\\/\\\/www.avant-pays-savoyard.com\\\/smaps\\\/wp-content\\\/uploads\\\/2021\\\/09\\\/photo_2021-09-21_10-56-10.jpg\",\"datePublished\":\"2021-09-21T12:44:44+00:00\",\"dateModified\":\"2021-09-22T11:46:14+00:00\",\"description\":\"Les aides financi\u00e8res \u00e0 la r\u00e9novation : des billes pour les artisans ! | Avant Pays Savoyard\",\"breadcrumb\":{\"@id\":\"https:\\\/\\\/www.avant-pays-savoyard.com\\\/smaps\\\/les-aides-financieres-a-la-renovation-des-billes-pour-les-artisans\\\/#breadcrumb\"},\"inLanguage\":\"fr-FR\",\"potentialAction\":[{\"@type\":\"ReadAction\",\"target\":[\"https:\\\/\\\/www.avant-pays-savoyard.com\\\/smaps\\\/les-aides-financieres-a-la-renovation-des-billes-pour-les-artisans\\\/\"]}]},{\"@type\":\"ImageObject\",\"inLanguage\":\"fr-FR\",\"@id\":\"https:\\\/\\\/www.avant-pays-savoyard.com\\\/smaps\\\/les-aides-financieres-a-la-renovation-des-billes-pour-les-artisans\\\/#primaryimage\",\"url\":\"https:\\\/\\\/www.avant-pays-savoyard.com\\\/smaps\\\/wp-content\\\/uploads\\\/2021\\\/09\\\/photo_2021-09-21_10-56-10.jpg\",\"contentUrl\":\"https:\\\/\\\/www.avant-pays-savoyard.com\\\/smaps\\\/wp-content\\\/uploads\\\/2021\\\/09\\\/photo_2021-09-21_10-56-10.jpg\",\"width\":1280,\"height\":960},{\"@type\":\"BreadcrumbList\",\"@id\":\"https:\\\/\\\/www.avant-pays-savoyard.com\\\/smaps\\\/les-aides-financieres-a-la-renovation-des-billes-pour-les-artisans\\\/#breadcrumb\",\"itemListElement\":[{\"@type\":\"ListItem\",\"position\":1,\"name\":\"Accueil\",\"item\":\"https:\\\/\\\/www.avant-pays-savoyard.com\\\/smaps\\\/\"},{\"@type\":\"ListItem\",\"position\":2,\"name\":\"\u00c0 la une\",\"item\":\"https:\\\/\\\/www.avant-pays-savoyard.com\\\/smaps\\\/category\\\/a-la-une\\\/\"},{\"@type\":\"ListItem\",\"position\":3,\"name\":\"Les aides financi\u00e8res \u00e0 la r\u00e9novation : des billes pour les artisans !\"}]},{\"@type\":\"WebSite\",\"@id\":\"https:\\\/\\\/www.avant-pays-savoyard.com\\\/smaps\\\/#website\",\"url\":\"https:\\\/\\\/www.avant-pays-savoyard.com\\\/smaps\\\/\",\"name\":\"Syndicat Mixte Avant-Pays Savoyard\",\"description\":\"Site du SMAPS\",\"publisher\":{\"@id\":\"https:\\\/\\\/www.avant-pays-savoyard.com\\\/smaps\\\/#organization\"},\"potentialAction\":[{\"@type\":\"SearchAction\",\"target\":{\"@type\":\"EntryPoint\",\"urlTemplate\":\"https:\\\/\\\/www.avant-pays-savoyard.com\\\/smaps\\\/?s={search_term_string}\"},\"query-input\":{\"@type\":\"PropertyValueSpecification\",\"valueRequired\":true,\"valueName\":\"search_term_string\"}}],\"inLanguage\":\"fr-FR\"},{\"@type\":\"Organization\",\"@id\":\"https:\\\/\\\/www.avant-pays-savoyard.com\\\/smaps\\\/#organization\",\"name\":\"Avant Pays Savoyard\",\"url\":\"https:\\\/\\\/www.avant-pays-savoyard.com\\\/smaps\\\/\",\"logo\":{\"@type\":\"ImageObject\",\"inLanguage\":\"fr-FR\",\"@id\":\"https:\\\/\\\/www.avant-pays-savoyard.com\\\/smaps\\\/#\\\/schema\\\/logo\\\/image\\\/\",\"url\":\"https:\\\/\\\/www.avant-pays-savoyard.com\\\/smaps\\\/wp-content\\\/uploads\\\/2020\\\/11\\\/logo-smaps.png\",\"contentUrl\":\"https:\\\/\\\/www.avant-pays-savoyard.com\\\/smaps\\\/wp-content\\\/uploads\\\/2020\\\/11\\\/logo-smaps.png\",\"width\":1617,\"height\":738,\"caption\":\"Avant Pays Savoyard\"},\"image\":{\"@id\":\"https:\\\/\\\/www.avant-pays-savoyard.com\\\/smaps\\\/#\\\/schema\\\/logo\\\/image\\\/\"},\"sameAs\":[\"https:\\\/\\\/www.facebook.com\\\/philippe.smaps?eid=ARBa3pcAa8gXFS8WNK_PRvsO8QdGpgIOahlkYUZ_fHoQSowEaz5KpN0GqL0PUxNL0ZbTsFwcVmpWqAsm\"]},{\"@type\":\"Person\",\"@id\":\"https:\\\/\\\/www.avant-pays-savoyard.com\\\/smaps\\\/#\\\/schema\\\/person\\\/97c9f75644fa5ca03f84c36512d45878\",\"name\":\"SMAPS\",\"image\":{\"@type\":\"ImageObject\",\"inLanguage\":\"fr-FR\",\"@id\":\"https:\\\/\\\/secure.gravatar.com\\\/avatar\\\/5f82331f1fbc0b612bc82f92d18052f29701b5b494fd518e67c6c8d7d646b105?s=96&d=mm&r=g\",\"url\":\"https:\\\/\\\/secure.gravatar.com\\\/avatar\\\/5f82331f1fbc0b612bc82f92d18052f29701b5b494fd518e67c6c8d7d646b105?s=96&d=mm&r=g\",\"contentUrl\":\"https:\\\/\\\/secure.gravatar.com\\\/avatar\\\/5f82331f1fbc0b612bc82f92d18052f29701b5b494fd518e67c6c8d7d646b105?s=96&d=mm&r=g\",\"caption\":\"SMAPS\"}}]}<\/script>\n<!-- \/ Yoast SEO plugin. -->","yoast_head_json":{"title":"Les aides financi\u00e8res \u00e0 la r\u00e9novation : des billes pour les artisans ! | Avant Pays Savoyard","description":"Les aides financi\u00e8res \u00e0 la r\u00e9novation : des billes pour les artisans ! | Avant Pays Savoyard","robots":{"index":"index","follow":"follow","max-snippet":"max-snippet:-1","max-image-preview":"max-image-preview:large","max-video-preview":"max-video-preview:-1"},"canonical":"https:\/\/www.avant-pays-savoyard.com\/smaps\/les-aides-financieres-a-la-renovation-des-billes-pour-les-artisans\/","og_locale":"fr_FR","og_type":"article","og_title":"Les aides financi\u00e8res \u00e0 la r\u00e9novation : des billes pour les artisans ! | Avant Pays Savoyard","og_description":"Les aides financi\u00e8res \u00e0 la r\u00e9novation : des billes pour les artisans ! | Avant Pays Savoyard","og_url":"https:\/\/www.avant-pays-savoyard.com\/smaps\/les-aides-financieres-a-la-renovation-des-billes-pour-les-artisans\/","og_site_name":"Syndicat Mixte Avant-Pays Savoyard","article_publisher":"https:\/\/www.facebook.com\/philippe.smaps?eid=ARBa3pcAa8gXFS8WNK_PRvsO8QdGpgIOahlkYUZ_fHoQSowEaz5KpN0GqL0PUxNL0ZbTsFwcVmpWqAsm","article_published_time":"2021-09-21T12:44:44+00:00","article_modified_time":"2021-09-22T11:46:14+00:00","og_image":[{"width":1280,"height":960,"url":"https:\/\/www.avant-pays-savoyard.com\/smaps\/wp-content\/uploads\/2021\/09\/photo_2021-09-21_10-56-10.jpg","type":"image\/jpeg"}],"author":"SMAPS","twitter_card":"summary_large_image","twitter_misc":{"\u00c9crit par":"SMAPS","Dur\u00e9e de lecture estim\u00e9e":"2 minutes"},"schema":{"@context":"https:\/\/schema.org","@graph":[{"@type":"Article","@id":"https:\/\/www.avant-pays-savoyard.com\/smaps\/les-aides-financieres-a-la-renovation-des-billes-pour-les-artisans\/#article","isPartOf":{"@id":"https:\/\/www.avant-pays-savoyard.com\/smaps\/les-aides-financieres-a-la-renovation-des-billes-pour-les-artisans\/"},"author":{"name":"SMAPS","@id":"https:\/\/www.avant-pays-savoyard.com\/smaps\/#\/schema\/person\/97c9f75644fa5ca03f84c36512d45878"},"headline":"Les aides financi\u00e8res \u00e0 la r\u00e9novation : des billes pour les artisans !","datePublished":"2021-09-21T12:44:44+00:00","dateModified":"2021-09-22T11:46:14+00:00","mainEntityOfPage":{"@id":"https:\/\/www.avant-pays-savoyard.com\/smaps\/les-aides-financieres-a-la-renovation-des-billes-pour-les-artisans\/"},"wordCount":438,"publisher":{"@id":"https:\/\/www.avant-pays-savoyard.com\/smaps\/#organization"},"image":{"@id":"https:\/\/www.avant-pays-savoyard.com\/smaps\/les-aides-financieres-a-la-renovation-des-billes-pour-les-artisans\/#primaryimage"},"thumbnailUrl":"https:\/\/www.avant-pays-savoyard.com\/smaps\/wp-content\/uploads\/2021\/09\/photo_2021-09-21_10-56-10.jpg","articleSection":["\u00c0 la une","Environnement et \u00e9nergie","Habitat","Infos g\u00e9n\u00e9rales"],"inLanguage":"fr-FR"},{"@type":"WebPage","@id":"https:\/\/www.avant-pays-savoyard.com\/smaps\/les-aides-financieres-a-la-renovation-des-billes-pour-les-artisans\/","url":"https:\/\/www.avant-pays-savoyard.com\/smaps\/les-aides-financieres-a-la-renovation-des-billes-pour-les-artisans\/","name":"Les aides financi\u00e8res \u00e0 la r\u00e9novation : des billes pour les artisans ! | Avant Pays Savoyard","isPartOf":{"@id":"https:\/\/www.avant-pays-savoyard.com\/smaps\/#website"},"primaryImageOfPage":{"@id":"https:\/\/www.avant-pays-savoyard.com\/smaps\/les-aides-financieres-a-la-renovation-des-billes-pour-les-artisans\/#primaryimage"},"image":{"@id":"https:\/\/www.avant-pays-savoyard.com\/smaps\/les-aides-financieres-a-la-renovation-des-billes-pour-les-artisans\/#primaryimage"},"thumbnailUrl":"https:\/\/www.avant-pays-savoyard.com\/smaps\/wp-content\/uploads\/2021\/09\/photo_2021-09-21_10-56-10.jpg","datePublished":"2021-09-21T12:44:44+00:00","dateModified":"2021-09-22T11:46:14+00:00","description":"Les aides financi\u00e8res \u00e0 la r\u00e9novation : des billes pour les artisans ! | Avant Pays Savoyard","breadcrumb":{"@id":"https:\/\/www.avant-pays-savoyard.com\/smaps\/les-aides-financieres-a-la-renovation-des-billes-pour-les-artisans\/#breadcrumb"},"inLanguage":"fr-FR","potentialAction":[{"@type":"ReadAction","target":["https:\/\/www.avant-pays-savoyard.com\/smaps\/les-aides-financieres-a-la-renovation-des-billes-pour-les-artisans\/"]}]},{"@type":"ImageObject","inLanguage":"fr-FR","@id":"https:\/\/www.avant-pays-savoyard.com\/smaps\/les-aides-financieres-a-la-renovation-des-billes-pour-les-artisans\/#primaryimage","url":"https:\/\/www.avant-pays-savoyard.com\/smaps\/wp-content\/uploads\/2021\/09\/photo_2021-09-21_10-56-10.jpg","contentUrl":"https:\/\/www.avant-pays-savoyard.com\/smaps\/wp-content\/uploads\/2021\/09\/photo_2021-09-21_10-56-10.jpg","width":1280,"height":960},{"@type":"BreadcrumbList","@id":"https:\/\/www.avant-pays-savoyard.com\/smaps\/les-aides-financieres-a-la-renovation-des-billes-pour-les-artisans\/#breadcrumb","itemListElement":[{"@type":"ListItem","position":1,"name":"Accueil","item":"https:\/\/www.avant-pays-savoyard.com\/smaps\/"},{"@type":"ListItem","position":2,"name":"\u00c0 la une","item":"https:\/\/www.avant-pays-savoyard.com\/smaps\/category\/a-la-une\/"},{"@type":"ListItem","position":3,"name":"Les aides financi\u00e8res \u00e0 la r\u00e9novation : des billes pour les artisans !"}]},{"@type":"WebSite","@id":"https:\/\/www.avant-pays-savoyard.com\/smaps\/#website","url":"https:\/\/www.avant-pays-savoyard.com\/smaps\/","name":"Syndicat Mixte Avant-Pays Savoyard","description":"Site du SMAPS","publisher":{"@id":"https:\/\/www.avant-pays-savoyard.com\/smaps\/#organization"},"potentialAction":[{"@type":"SearchAction","target":{"@type":"EntryPoint","urlTemplate":"https:\/\/www.avant-pays-savoyard.com\/smaps\/?s={search_term_string}"},"query-input":{"@type":"PropertyValueSpecification","valueRequired":true,"valueName":"search_term_string"}}],"inLanguage":"fr-FR"},{"@type":"Organization","@id":"https:\/\/www.avant-pays-savoyard.com\/smaps\/#organization","name":"Avant Pays Savoyard","url":"https:\/\/www.avant-pays-savoyard.com\/smaps\/","logo":{"@type":"ImageObject","inLanguage":"fr-FR","@id":"https:\/\/www.avant-pays-savoyard.com\/smaps\/#\/schema\/logo\/image\/","url":"https:\/\/www.avant-pays-savoyard.com\/smaps\/wp-content\/uploads\/2020\/11\/logo-smaps.png","contentUrl":"https:\/\/www.avant-pays-savoyard.com\/smaps\/wp-content\/uploads\/2020\/11\/logo-smaps.png","width":1617,"height":738,"caption":"Avant Pays Savoyard"},"image":{"@id":"https:\/\/www.avant-pays-savoyard.com\/smaps\/#\/schema\/logo\/image\/"},"sameAs":["https:\/\/www.facebook.com\/philippe.smaps?eid=ARBa3pcAa8gXFS8WNK_PRvsO8QdGpgIOahlkYUZ_fHoQSowEaz5KpN0GqL0PUxNL0ZbTsFwcVmpWqAsm"]},{"@type":"Person","@id":"https:\/\/www.avant-pays-savoyard.com\/smaps\/#\/schema\/person\/97c9f75644fa5ca03f84c36512d45878","name":"SMAPS","image":{"@type":"ImageObject","inLanguage":"fr-FR","@id":"https:\/\/secure.gravatar.com\/avatar\/5f82331f1fbc0b612bc82f92d18052f29701b5b494fd518e67c6c8d7d646b105?s=96&d=mm&r=g","url":"https:\/\/secure.gravatar.com\/avatar\/5f82331f1fbc0b612bc82f92d18052f29701b5b494fd518e67c6c8d7d646b105?s=96&d=mm&r=g","contentUrl":"https:\/\/secure.gravatar.com\/avatar\/5f82331f1fbc0b612bc82f92d18052f29701b5b494fd518e67c6c8d7d646b105?s=96&d=mm&r=g","caption":"SMAPS"}}]}},"publishpress_future_action":{"enabled":false,"date":"2026-05-09 00:33:02","action":"change-status","newStatus":"draft","terms":[],"taxonomy":"category","extraData":[]},"publishpress_future_workflow_manual_trigger":{"enabledWorkflows":[]},"_links":{"self":[{"href":"https:\/\/www.avant-pays-savoyard.com\/smaps\/wp-json\/wp\/v2\/posts\/3325","targetHints":{"allow":["GET"]}}],"collection":[{"href":"https:\/\/www.avant-pays-savoyard.com\/smaps\/wp-json\/wp\/v2\/posts"}],"about":[{"href":"https:\/\/www.avant-pays-savoyard.com\/smaps\/wp-json\/wp\/v2\/types\/post"}],"author":[{"embeddable":true,"href":"https:\/\/www.avant-pays-savoyard.com\/smaps\/wp-json\/wp\/v2\/users\/2"}],"replies":[{"embeddable":true,"href":"https:\/\/www.avant-pays-savoyard.com\/smaps\/wp-json\/wp\/v2\/comments?post=3325"}],"version-history":[{"count":5,"href":"https:\/\/www.avant-pays-savoyard.com\/smaps\/wp-json\/wp\/v2\/posts\/3325\/revisions"}],"predecessor-version":[{"id":3340,"href":"https:\/\/www.avant-pays-savoyard.com\/smaps\/wp-json\/wp\/v2\/posts\/3325\/revisions\/3340"}],"wp:featuredmedia":[{"embeddable":true,"href":"https:\/\/www.avant-pays-savoyard.com\/smaps\/wp-json\/wp\/v2\/media\/3331"}],"wp:attachment":[{"href":"https:\/\/www.avant-pays-savoyard.com\/smaps\/wp-json\/wp\/v2\/media?parent=3325"}],"wp:term":[{"taxonomy":"category","embeddable":true,"href":"https:\/\/www.avant-pays-savoyard.com\/smaps\/wp-json\/wp\/v2\/categories?post=3325"},{"taxonomy":"post_tag","embeddable":true,"href":"https:\/\/www.avant-pays-savoyard.com\/smaps\/wp-json\/wp\/v2\/tags?post=3325"}],"curies":[{"name":"wp","href":"https:\/\/api.w.org\/{rel}","templated":true}]}}