{"id":3355,"date":"2021-10-07T10:46:57","date_gmt":"2021-10-07T08:46:57","guid":{"rendered":"https:\/\/www.avant-pays-savoyard.com\/smaps\/?p=3355"},"modified":"2021-10-07T10:49:40","modified_gmt":"2021-10-07T08:49:40","slug":"climat-un-atelier-avec-les-elus-afin-davoir-toutes-les-cartes-en-main","status":"publish","type":"post","link":"https:\/\/www.avant-pays-savoyard.com\/smaps\/climat-un-atelier-avec-les-elus-afin-davoir-toutes-les-cartes-en-main\/","title":{"rendered":"Climat : un atelier avec les \u00e9lus, afin d&rsquo;avoir toutes les cartes en main !"},"content":{"rendered":"<p>&nbsp;<\/p>\n<p>L&rsquo;atelier annon\u00e7ait complet ce mercredi 6 octobre \u00e0 la Maison du Lac d&rsquo;Aiguebelette. 16 \u00e9lus de l&rsquo;Avant Pays Savoyard se sont retrouv\u00e9s pour mieux comprendre les enjeux des d\u00e9r\u00e8glements climatiques, autour de la<a href=\"https:\/\/fresqueduclimat.org\/\"> Fresque du Climat<\/a>.<\/p>\n<p><img loading=\"lazy\" decoding=\"async\" class=\"alignnone size-medium wp-image-3356\" src=\"https:\/\/www.avant-pays-savoyard.com\/smaps\/wp-content\/uploads\/2021\/10\/photo_2021-10-07_10-23-40-300x225.jpg\" alt=\"\" width=\"300\" height=\"225\" \/> <img loading=\"lazy\" decoding=\"async\" class=\"alignnone size-medium wp-image-3357\" src=\"https:\/\/www.avant-pays-savoyard.com\/smaps\/wp-content\/uploads\/2021\/10\/photo_2021-10-07_10-23-47-300x225.jpg\" alt=\"\" width=\"300\" height=\"225\" \/> <img loading=\"lazy\" decoding=\"async\" class=\"alignnone size-medium wp-image-3360\" src=\"https:\/\/www.avant-pays-savoyard.com\/smaps\/wp-content\/uploads\/2021\/10\/photo_2021-10-07_10-25-12-300x225.jpg\" alt=\"\" width=\"300\" height=\"225\" \/><\/p>\n<p>Deux intervenants qualifi\u00e9s, Beno\u00eet LEBEAU et Emmanuelle FINAZ, ont anim\u00e9 l&rsquo;atelier. R\u00e8gles du jeu, explication du fonctionnement, distribution des cartes, et voil\u00e0 les \u00e9changes partis pour la soir\u00e9e, autour d&rsquo;une fresque qui a pris forme petit \u00e0 petit.<\/p>\n<p>Activit\u00e9s humaines, \u00e9missions de gaz \u00e0 effet de serre, calcification, for\u00e7age radiatif&#8230; Les concepts abord\u00e9s ne sont pas toujours simples \u00e0 premi\u00e8re vue, mais quelques explications et \u00e9changes permettent de s&rsquo;approprier rapidement le probl\u00e8me. Bas\u00e9 sur le rapport du GIEC de plus de 1500 pages, la Fresque synth\u00e9tise le travail r\u00e9alis\u00e9 par le groupement d&rsquo;experts de fa\u00e7on ludique.<\/p>\n<p><img loading=\"lazy\" decoding=\"async\" class=\"alignnone size-medium wp-image-3359\" src=\"https:\/\/www.avant-pays-savoyard.com\/smaps\/wp-content\/uploads\/2021\/10\/photo_2021-10-07_10-24-20-300x225.jpg\" alt=\"\" width=\"300\" height=\"225\" \/> <img loading=\"lazy\" decoding=\"async\" class=\"alignnone size-medium wp-image-3361\" src=\"https:\/\/www.avant-pays-savoyard.com\/smaps\/wp-content\/uploads\/2021\/10\/photo_2021-10-07_10-25-16-300x225.jpg\" alt=\"\" width=\"300\" height=\"225\" \/> <img loading=\"lazy\" decoding=\"async\" class=\"alignnone size-medium wp-image-3363\" src=\"https:\/\/www.avant-pays-savoyard.com\/smaps\/wp-content\/uploads\/2021\/10\/photo_2021-10-07_10-25-21-300x225.jpg\" alt=\"\" width=\"300\" height=\"225\" \/><\/p>\n<p>Apr\u00e8s plus de 40 cartes organis\u00e9es entre elles et 1h30 de co-construction, vient le temps des \u00e9changes. Quelles solutions pour demain ? Comment r\u00e9duire son impact individuel ? Comment \u00eatre efficace et ne pas mettre en place de \u00ab\u00a0fausses bonnes id\u00e9es\u00a0\u00bb ? Quelles politiques publiques \u00e0 mener ?<\/p>\n<p><img loading=\"lazy\" decoding=\"async\" class=\"alignnone size-medium wp-image-3364\" src=\"https:\/\/www.avant-pays-savoyard.com\/smaps\/wp-content\/uploads\/2021\/10\/photo_2021-10-07_10-25-29-300x225.jpg\" alt=\"\" width=\"300\" height=\"225\" \/> <img loading=\"lazy\" decoding=\"async\" class=\"alignnone size-medium wp-image-3365\" src=\"https:\/\/www.avant-pays-savoyard.com\/smaps\/wp-content\/uploads\/2021\/10\/photo_2021-10-07_10-25-36-300x225.jpg\" alt=\"\" width=\"300\" height=\"225\" \/> <img loading=\"lazy\" decoding=\"async\" class=\"alignnone size-medium wp-image-3366\" src=\"https:\/\/www.avant-pays-savoyard.com\/smaps\/wp-content\/uploads\/2021\/10\/photo_2021-10-07_10-25-50-300x225.jpg\" alt=\"\" width=\"300\" height=\"225\" \/><\/p>\n<p>Les \u00e9changes ont \u00e9t\u00e9 nourris : effet rebond, sensibilisation, place du t\u00e9l\u00e9travail, de la r\u00e9novation \u00e9nerg\u00e9tique et des \u00e9nergies renouvelables&#8230; La question de l&rsquo;acceptabilit\u00e9 des solutions et du changement des comportements est ainsi revenu dans les d\u00e9bats.<\/p>\n<p>Une prochaine fresque \u00e0 destination des \u00e9lus est organis\u00e9e le 27 octobre soir. Pensez \u00e0 vous inscrire, les places sont limit\u00e9es !<\/p>\n<p><strong>Vous souhaitez plus d&rsquo;informations ? Savoir comment participer \u00e0 cet atelier dans votre commune ?<\/strong><\/p>\n<p>Contact : C\u00f4me GEROUDET, charg\u00e9 de mission Energie, energiepositive[a]avant-pays-savoyard.com, 04 76 37 21 54<\/p>\n<p>Cet atelier a \u00e9t\u00e9 financ\u00e9 par le Syndicat Mixte de l&rsquo;Avant Pays Savoyard, le D\u00e9partement de la Savoie et l&rsquo;ADEME.<\/p>\n<p><img loading=\"lazy\" decoding=\"async\" class=\"alignnone wp-image-849\" src=\"https:\/\/www.avant-pays-savoyard.com\/smaps\/wp-content\/uploads\/2020\/05\/1187px-Logo_D\u00e9partement_Savoie.svg_-300x259.png\" alt=\"\" width=\"208\" height=\"180\" srcset=\"https:\/\/www.avant-pays-savoyard.com\/smaps\/wp-content\/uploads\/2020\/05\/1187px-Logo_D\u00e9partement_Savoie.svg_-300x259.png 300w, https:\/\/www.avant-pays-savoyard.com\/smaps\/wp-content\/uploads\/2020\/05\/1187px-Logo_D\u00e9partement_Savoie.svg_-1024x883.png 1024w, https:\/\/www.avant-pays-savoyard.com\/smaps\/wp-content\/uploads\/2020\/05\/1187px-Logo_D\u00e9partement_Savoie.svg_-768x663.png 768w, https:\/\/www.avant-pays-savoyard.com\/smaps\/wp-content\/uploads\/2020\/05\/1187px-Logo_D\u00e9partement_Savoie.svg_-1080x932.png 1080w, https:\/\/www.avant-pays-savoyard.com\/smaps\/wp-content\/uploads\/2020\/05\/1187px-Logo_D\u00e9partement_Savoie.svg_-980x845.png 980w, https:\/\/www.avant-pays-savoyard.com\/smaps\/wp-content\/uploads\/2020\/05\/1187px-Logo_D\u00e9partement_Savoie.svg_-480x414.png 480w, https:\/\/www.avant-pays-savoyard.com\/smaps\/wp-content\/uploads\/2020\/05\/1187px-Logo_D\u00e9partement_Savoie.svg_.png 1187w\" sizes=\"(max-width: 208px) 100vw, 208px\" \/> <img loading=\"lazy\" decoding=\"async\" class=\"alignnone wp-image-3367\" src=\"https:\/\/www.avant-pays-savoyard.com\/smaps\/wp-content\/uploads\/2021\/10\/ademe-logo-2-281x300.jpg\" alt=\"\" width=\"187\" height=\"200\" \/><img loading=\"lazy\" decoding=\"async\" class=\"alignnone size-medium wp-image-3175\" src=\"https:\/\/www.avant-pays-savoyard.com\/smaps\/wp-content\/uploads\/2020\/12\/LOGO-TEPOS-V2-15-300x212.png\" alt=\"\" width=\"300\" height=\"212\" \/><\/p>\n<p>&nbsp;<\/p>\n<p>&nbsp;<\/p>\n<p>&nbsp;<\/p>\n<p>&nbsp;<\/p>\n<p>&nbsp;<\/p>\n","protected":false},"excerpt":{"rendered":"<p>&nbsp; L&rsquo;atelier annon\u00e7ait complet ce mercredi 6 octobre \u00e0 la Maison du Lac d&rsquo;Aiguebelette. 16 \u00e9lus de l&rsquo;Avant Pays Savoyard se sont retrouv\u00e9s pour mieux comprendre les enjeux des d\u00e9r\u00e8glements climatiques, autour de la Fresque du Climat. Deux intervenants qualifi\u00e9s, Beno\u00eet LEBEAU et Emmanuelle FINAZ, ont anim\u00e9 l&rsquo;atelier. R\u00e8gles du jeu, explication du fonctionnement, distribution [&hellip;]<\/p>\n","protected":false},"author":2,"featured_media":3359,"comment_status":"closed","ping_status":"closed","sticky":false,"template":"","format":"standard","meta":{"_et_pb_use_builder":"","_et_pb_old_content":"","_et_gb_content_width":"","_monsterinsights_skip_tracking":false,"_monsterinsights_sitenote_active":false,"_monsterinsights_sitenote_note":"","_monsterinsights_sitenote_category":0,"footnotes":""},"categories":[30,29,6,1],"tags":[],"class_list":["post-3355","post","type-post","status-publish","format-standard","has-post-thumbnail","hentry","category-a-la-une","category-actus","category-environnement-et-energie","category-infos-generales"],"yoast_head":"<!-- This site is optimized with the Yoast SEO plugin v27.5 - https:\/\/yoast.com\/product\/yoast-seo-wordpress\/ -->\n<title>Climat : un atelier avec les \u00e9lus, afin d&#039;avoir toutes les cartes en main ! | Avant Pays Savoyard<\/title>\n<meta name=\"description\" content=\"Climat : un atelier avec les \u00e9lus, afin d&#039;avoir toutes les cartes en main ! | Avant Pays Savoyard\" \/>\n<meta name=\"robots\" content=\"index, follow, max-snippet:-1, max-image-preview:large, max-video-preview:-1\" \/>\n<link rel=\"canonical\" href=\"https:\/\/www.avant-pays-savoyard.com\/smaps\/climat-un-atelier-avec-les-elus-afin-davoir-toutes-les-cartes-en-main\/\" \/>\n<meta property=\"og:locale\" content=\"fr_FR\" \/>\n<meta property=\"og:type\" content=\"article\" \/>\n<meta property=\"og:title\" content=\"Climat : un atelier avec les \u00e9lus, afin d&#039;avoir toutes les cartes en main ! | Avant Pays Savoyard\" \/>\n<meta property=\"og:description\" content=\"Climat : un atelier avec les \u00e9lus, afin d&#039;avoir toutes les cartes en main ! | Avant Pays Savoyard\" \/>\n<meta property=\"og:url\" content=\"https:\/\/www.avant-pays-savoyard.com\/smaps\/climat-un-atelier-avec-les-elus-afin-davoir-toutes-les-cartes-en-main\/\" \/>\n<meta property=\"og:site_name\" content=\"Syndicat Mixte Avant-Pays Savoyard\" \/>\n<meta property=\"article:publisher\" content=\"https:\/\/www.facebook.com\/philippe.smaps?eid=ARBa3pcAa8gXFS8WNK_PRvsO8QdGpgIOahlkYUZ_fHoQSowEaz5KpN0GqL0PUxNL0ZbTsFwcVmpWqAsm\" \/>\n<meta property=\"article:published_time\" content=\"2021-10-07T08:46:57+00:00\" \/>\n<meta property=\"article:modified_time\" content=\"2021-10-07T08:49:40+00:00\" \/>\n<meta property=\"og:image\" content=\"https:\/\/www.avant-pays-savoyard.com\/smaps\/wp-content\/uploads\/2021\/10\/photo_2021-10-07_10-24-20.jpg\" \/>\n\t<meta property=\"og:image:width\" content=\"1280\" \/>\n\t<meta property=\"og:image:height\" content=\"960\" \/>\n\t<meta property=\"og:image:type\" content=\"image\/jpeg\" \/>\n<meta name=\"author\" content=\"SMAPS\" \/>\n<meta name=\"twitter:card\" content=\"summary_large_image\" \/>\n<meta name=\"twitter:label1\" content=\"\u00c9crit par\" \/>\n\t<meta name=\"twitter:data1\" content=\"SMAPS\" \/>\n\t<meta name=\"twitter:label2\" content=\"Dur\u00e9e de lecture estim\u00e9e\" \/>\n\t<meta name=\"twitter:data2\" content=\"1 minute\" \/>\n<script type=\"application\/ld+json\" class=\"yoast-schema-graph\">{\"@context\":\"https:\\\/\\\/schema.org\",\"@graph\":[{\"@type\":\"Article\",\"@id\":\"https:\\\/\\\/www.avant-pays-savoyard.com\\\/smaps\\\/climat-un-atelier-avec-les-elus-afin-davoir-toutes-les-cartes-en-main\\\/#article\",\"isPartOf\":{\"@id\":\"https:\\\/\\\/www.avant-pays-savoyard.com\\\/smaps\\\/climat-un-atelier-avec-les-elus-afin-davoir-toutes-les-cartes-en-main\\\/\"},\"author\":{\"name\":\"SMAPS\",\"@id\":\"https:\\\/\\\/www.avant-pays-savoyard.com\\\/smaps\\\/#\\\/schema\\\/person\\\/97c9f75644fa5ca03f84c36512d45878\"},\"headline\":\"Climat : un atelier avec les \u00e9lus, afin d&rsquo;avoir toutes les cartes en main !\",\"datePublished\":\"2021-10-07T08:46:57+00:00\",\"dateModified\":\"2021-10-07T08:49:40+00:00\",\"mainEntityOfPage\":{\"@id\":\"https:\\\/\\\/www.avant-pays-savoyard.com\\\/smaps\\\/climat-un-atelier-avec-les-elus-afin-davoir-toutes-les-cartes-en-main\\\/\"},\"wordCount\":324,\"publisher\":{\"@id\":\"https:\\\/\\\/www.avant-pays-savoyard.com\\\/smaps\\\/#organization\"},\"image\":{\"@id\":\"https:\\\/\\\/www.avant-pays-savoyard.com\\\/smaps\\\/climat-un-atelier-avec-les-elus-afin-davoir-toutes-les-cartes-en-main\\\/#primaryimage\"},\"thumbnailUrl\":\"https:\\\/\\\/www.avant-pays-savoyard.com\\\/smaps\\\/wp-content\\\/uploads\\\/2021\\\/10\\\/photo_2021-10-07_10-24-20.jpg\",\"articleSection\":[\"\u00c0 la une\",\"Actualit\u00e9s\",\"Environnement et \u00e9nergie\",\"Infos g\u00e9n\u00e9rales\"],\"inLanguage\":\"fr-FR\"},{\"@type\":\"WebPage\",\"@id\":\"https:\\\/\\\/www.avant-pays-savoyard.com\\\/smaps\\\/climat-un-atelier-avec-les-elus-afin-davoir-toutes-les-cartes-en-main\\\/\",\"url\":\"https:\\\/\\\/www.avant-pays-savoyard.com\\\/smaps\\\/climat-un-atelier-avec-les-elus-afin-davoir-toutes-les-cartes-en-main\\\/\",\"name\":\"Climat : un atelier avec les \u00e9lus, afin d'avoir toutes les cartes en main ! | Avant Pays Savoyard\",\"isPartOf\":{\"@id\":\"https:\\\/\\\/www.avant-pays-savoyard.com\\\/smaps\\\/#website\"},\"primaryImageOfPage\":{\"@id\":\"https:\\\/\\\/www.avant-pays-savoyard.com\\\/smaps\\\/climat-un-atelier-avec-les-elus-afin-davoir-toutes-les-cartes-en-main\\\/#primaryimage\"},\"image\":{\"@id\":\"https:\\\/\\\/www.avant-pays-savoyard.com\\\/smaps\\\/climat-un-atelier-avec-les-elus-afin-davoir-toutes-les-cartes-en-main\\\/#primaryimage\"},\"thumbnailUrl\":\"https:\\\/\\\/www.avant-pays-savoyard.com\\\/smaps\\\/wp-content\\\/uploads\\\/2021\\\/10\\\/photo_2021-10-07_10-24-20.jpg\",\"datePublished\":\"2021-10-07T08:46:57+00:00\",\"dateModified\":\"2021-10-07T08:49:40+00:00\",\"description\":\"Climat : un atelier avec les \u00e9lus, afin d'avoir toutes les cartes en main ! | Avant Pays Savoyard\",\"breadcrumb\":{\"@id\":\"https:\\\/\\\/www.avant-pays-savoyard.com\\\/smaps\\\/climat-un-atelier-avec-les-elus-afin-davoir-toutes-les-cartes-en-main\\\/#breadcrumb\"},\"inLanguage\":\"fr-FR\",\"potentialAction\":[{\"@type\":\"ReadAction\",\"target\":[\"https:\\\/\\\/www.avant-pays-savoyard.com\\\/smaps\\\/climat-un-atelier-avec-les-elus-afin-davoir-toutes-les-cartes-en-main\\\/\"]}]},{\"@type\":\"ImageObject\",\"inLanguage\":\"fr-FR\",\"@id\":\"https:\\\/\\\/www.avant-pays-savoyard.com\\\/smaps\\\/climat-un-atelier-avec-les-elus-afin-davoir-toutes-les-cartes-en-main\\\/#primaryimage\",\"url\":\"https:\\\/\\\/www.avant-pays-savoyard.com\\\/smaps\\\/wp-content\\\/uploads\\\/2021\\\/10\\\/photo_2021-10-07_10-24-20.jpg\",\"contentUrl\":\"https:\\\/\\\/www.avant-pays-savoyard.com\\\/smaps\\\/wp-content\\\/uploads\\\/2021\\\/10\\\/photo_2021-10-07_10-24-20.jpg\",\"width\":1280,\"height\":960},{\"@type\":\"BreadcrumbList\",\"@id\":\"https:\\\/\\\/www.avant-pays-savoyard.com\\\/smaps\\\/climat-un-atelier-avec-les-elus-afin-davoir-toutes-les-cartes-en-main\\\/#breadcrumb\",\"itemListElement\":[{\"@type\":\"ListItem\",\"position\":1,\"name\":\"Accueil\",\"item\":\"https:\\\/\\\/www.avant-pays-savoyard.com\\\/smaps\\\/\"},{\"@type\":\"ListItem\",\"position\":2,\"name\":\"\u00c0 la une\",\"item\":\"https:\\\/\\\/www.avant-pays-savoyard.com\\\/smaps\\\/category\\\/a-la-une\\\/\"},{\"@type\":\"ListItem\",\"position\":3,\"name\":\"Climat : un atelier avec les \u00e9lus, afin d&rsquo;avoir toutes les cartes en main !\"}]},{\"@type\":\"WebSite\",\"@id\":\"https:\\\/\\\/www.avant-pays-savoyard.com\\\/smaps\\\/#website\",\"url\":\"https:\\\/\\\/www.avant-pays-savoyard.com\\\/smaps\\\/\",\"name\":\"Syndicat Mixte Avant-Pays Savoyard\",\"description\":\"Site du SMAPS\",\"publisher\":{\"@id\":\"https:\\\/\\\/www.avant-pays-savoyard.com\\\/smaps\\\/#organization\"},\"potentialAction\":[{\"@type\":\"SearchAction\",\"target\":{\"@type\":\"EntryPoint\",\"urlTemplate\":\"https:\\\/\\\/www.avant-pays-savoyard.com\\\/smaps\\\/?s={search_term_string}\"},\"query-input\":{\"@type\":\"PropertyValueSpecification\",\"valueRequired\":true,\"valueName\":\"search_term_string\"}}],\"inLanguage\":\"fr-FR\"},{\"@type\":\"Organization\",\"@id\":\"https:\\\/\\\/www.avant-pays-savoyard.com\\\/smaps\\\/#organization\",\"name\":\"Avant Pays Savoyard\",\"url\":\"https:\\\/\\\/www.avant-pays-savoyard.com\\\/smaps\\\/\",\"logo\":{\"@type\":\"ImageObject\",\"inLanguage\":\"fr-FR\",\"@id\":\"https:\\\/\\\/www.avant-pays-savoyard.com\\\/smaps\\\/#\\\/schema\\\/logo\\\/image\\\/\",\"url\":\"https:\\\/\\\/www.avant-pays-savoyard.com\\\/smaps\\\/wp-content\\\/uploads\\\/2020\\\/11\\\/logo-smaps.png\",\"contentUrl\":\"https:\\\/\\\/www.avant-pays-savoyard.com\\\/smaps\\\/wp-content\\\/uploads\\\/2020\\\/11\\\/logo-smaps.png\",\"width\":1617,\"height\":738,\"caption\":\"Avant Pays Savoyard\"},\"image\":{\"@id\":\"https:\\\/\\\/www.avant-pays-savoyard.com\\\/smaps\\\/#\\\/schema\\\/logo\\\/image\\\/\"},\"sameAs\":[\"https:\\\/\\\/www.facebook.com\\\/philippe.smaps?eid=ARBa3pcAa8gXFS8WNK_PRvsO8QdGpgIOahlkYUZ_fHoQSowEaz5KpN0GqL0PUxNL0ZbTsFwcVmpWqAsm\"]},{\"@type\":\"Person\",\"@id\":\"https:\\\/\\\/www.avant-pays-savoyard.com\\\/smaps\\\/#\\\/schema\\\/person\\\/97c9f75644fa5ca03f84c36512d45878\",\"name\":\"SMAPS\",\"image\":{\"@type\":\"ImageObject\",\"inLanguage\":\"fr-FR\",\"@id\":\"https:\\\/\\\/secure.gravatar.com\\\/avatar\\\/5f82331f1fbc0b612bc82f92d18052f29701b5b494fd518e67c6c8d7d646b105?s=96&d=mm&r=g\",\"url\":\"https:\\\/\\\/secure.gravatar.com\\\/avatar\\\/5f82331f1fbc0b612bc82f92d18052f29701b5b494fd518e67c6c8d7d646b105?s=96&d=mm&r=g\",\"contentUrl\":\"https:\\\/\\\/secure.gravatar.com\\\/avatar\\\/5f82331f1fbc0b612bc82f92d18052f29701b5b494fd518e67c6c8d7d646b105?s=96&d=mm&r=g\",\"caption\":\"SMAPS\"}}]}<\/script>\n<!-- \/ Yoast SEO plugin. -->","yoast_head_json":{"title":"Climat : un atelier avec les \u00e9lus, afin d'avoir toutes les cartes en main ! | Avant Pays Savoyard","description":"Climat : un atelier avec les \u00e9lus, afin d'avoir toutes les cartes en main ! | Avant Pays Savoyard","robots":{"index":"index","follow":"follow","max-snippet":"max-snippet:-1","max-image-preview":"max-image-preview:large","max-video-preview":"max-video-preview:-1"},"canonical":"https:\/\/www.avant-pays-savoyard.com\/smaps\/climat-un-atelier-avec-les-elus-afin-davoir-toutes-les-cartes-en-main\/","og_locale":"fr_FR","og_type":"article","og_title":"Climat : un atelier avec les \u00e9lus, afin d'avoir toutes les cartes en main ! | Avant Pays Savoyard","og_description":"Climat : un atelier avec les \u00e9lus, afin d'avoir toutes les cartes en main ! | Avant Pays Savoyard","og_url":"https:\/\/www.avant-pays-savoyard.com\/smaps\/climat-un-atelier-avec-les-elus-afin-davoir-toutes-les-cartes-en-main\/","og_site_name":"Syndicat Mixte Avant-Pays Savoyard","article_publisher":"https:\/\/www.facebook.com\/philippe.smaps?eid=ARBa3pcAa8gXFS8WNK_PRvsO8QdGpgIOahlkYUZ_fHoQSowEaz5KpN0GqL0PUxNL0ZbTsFwcVmpWqAsm","article_published_time":"2021-10-07T08:46:57+00:00","article_modified_time":"2021-10-07T08:49:40+00:00","og_image":[{"width":1280,"height":960,"url":"https:\/\/www.avant-pays-savoyard.com\/smaps\/wp-content\/uploads\/2021\/10\/photo_2021-10-07_10-24-20.jpg","type":"image\/jpeg"}],"author":"SMAPS","twitter_card":"summary_large_image","twitter_misc":{"\u00c9crit par":"SMAPS","Dur\u00e9e de lecture estim\u00e9e":"1 minute"},"schema":{"@context":"https:\/\/schema.org","@graph":[{"@type":"Article","@id":"https:\/\/www.avant-pays-savoyard.com\/smaps\/climat-un-atelier-avec-les-elus-afin-davoir-toutes-les-cartes-en-main\/#article","isPartOf":{"@id":"https:\/\/www.avant-pays-savoyard.com\/smaps\/climat-un-atelier-avec-les-elus-afin-davoir-toutes-les-cartes-en-main\/"},"author":{"name":"SMAPS","@id":"https:\/\/www.avant-pays-savoyard.com\/smaps\/#\/schema\/person\/97c9f75644fa5ca03f84c36512d45878"},"headline":"Climat : un atelier avec les \u00e9lus, afin d&rsquo;avoir toutes les cartes en main !","datePublished":"2021-10-07T08:46:57+00:00","dateModified":"2021-10-07T08:49:40+00:00","mainEntityOfPage":{"@id":"https:\/\/www.avant-pays-savoyard.com\/smaps\/climat-un-atelier-avec-les-elus-afin-davoir-toutes-les-cartes-en-main\/"},"wordCount":324,"publisher":{"@id":"https:\/\/www.avant-pays-savoyard.com\/smaps\/#organization"},"image":{"@id":"https:\/\/www.avant-pays-savoyard.com\/smaps\/climat-un-atelier-avec-les-elus-afin-davoir-toutes-les-cartes-en-main\/#primaryimage"},"thumbnailUrl":"https:\/\/www.avant-pays-savoyard.com\/smaps\/wp-content\/uploads\/2021\/10\/photo_2021-10-07_10-24-20.jpg","articleSection":["\u00c0 la une","Actualit\u00e9s","Environnement et \u00e9nergie","Infos g\u00e9n\u00e9rales"],"inLanguage":"fr-FR"},{"@type":"WebPage","@id":"https:\/\/www.avant-pays-savoyard.com\/smaps\/climat-un-atelier-avec-les-elus-afin-davoir-toutes-les-cartes-en-main\/","url":"https:\/\/www.avant-pays-savoyard.com\/smaps\/climat-un-atelier-avec-les-elus-afin-davoir-toutes-les-cartes-en-main\/","name":"Climat : un atelier avec les \u00e9lus, afin d'avoir toutes les cartes en main ! | Avant Pays Savoyard","isPartOf":{"@id":"https:\/\/www.avant-pays-savoyard.com\/smaps\/#website"},"primaryImageOfPage":{"@id":"https:\/\/www.avant-pays-savoyard.com\/smaps\/climat-un-atelier-avec-les-elus-afin-davoir-toutes-les-cartes-en-main\/#primaryimage"},"image":{"@id":"https:\/\/www.avant-pays-savoyard.com\/smaps\/climat-un-atelier-avec-les-elus-afin-davoir-toutes-les-cartes-en-main\/#primaryimage"},"thumbnailUrl":"https:\/\/www.avant-pays-savoyard.com\/smaps\/wp-content\/uploads\/2021\/10\/photo_2021-10-07_10-24-20.jpg","datePublished":"2021-10-07T08:46:57+00:00","dateModified":"2021-10-07T08:49:40+00:00","description":"Climat : un atelier avec les \u00e9lus, afin d'avoir toutes les cartes en main ! | Avant Pays Savoyard","breadcrumb":{"@id":"https:\/\/www.avant-pays-savoyard.com\/smaps\/climat-un-atelier-avec-les-elus-afin-davoir-toutes-les-cartes-en-main\/#breadcrumb"},"inLanguage":"fr-FR","potentialAction":[{"@type":"ReadAction","target":["https:\/\/www.avant-pays-savoyard.com\/smaps\/climat-un-atelier-avec-les-elus-afin-davoir-toutes-les-cartes-en-main\/"]}]},{"@type":"ImageObject","inLanguage":"fr-FR","@id":"https:\/\/www.avant-pays-savoyard.com\/smaps\/climat-un-atelier-avec-les-elus-afin-davoir-toutes-les-cartes-en-main\/#primaryimage","url":"https:\/\/www.avant-pays-savoyard.com\/smaps\/wp-content\/uploads\/2021\/10\/photo_2021-10-07_10-24-20.jpg","contentUrl":"https:\/\/www.avant-pays-savoyard.com\/smaps\/wp-content\/uploads\/2021\/10\/photo_2021-10-07_10-24-20.jpg","width":1280,"height":960},{"@type":"BreadcrumbList","@id":"https:\/\/www.avant-pays-savoyard.com\/smaps\/climat-un-atelier-avec-les-elus-afin-davoir-toutes-les-cartes-en-main\/#breadcrumb","itemListElement":[{"@type":"ListItem","position":1,"name":"Accueil","item":"https:\/\/www.avant-pays-savoyard.com\/smaps\/"},{"@type":"ListItem","position":2,"name":"\u00c0 la une","item":"https:\/\/www.avant-pays-savoyard.com\/smaps\/category\/a-la-une\/"},{"@type":"ListItem","position":3,"name":"Climat : un atelier avec les \u00e9lus, afin d&rsquo;avoir toutes les cartes en main !"}]},{"@type":"WebSite","@id":"https:\/\/www.avant-pays-savoyard.com\/smaps\/#website","url":"https:\/\/www.avant-pays-savoyard.com\/smaps\/","name":"Syndicat Mixte Avant-Pays Savoyard","description":"Site du SMAPS","publisher":{"@id":"https:\/\/www.avant-pays-savoyard.com\/smaps\/#organization"},"potentialAction":[{"@type":"SearchAction","target":{"@type":"EntryPoint","urlTemplate":"https:\/\/www.avant-pays-savoyard.com\/smaps\/?s={search_term_string}"},"query-input":{"@type":"PropertyValueSpecification","valueRequired":true,"valueName":"search_term_string"}}],"inLanguage":"fr-FR"},{"@type":"Organization","@id":"https:\/\/www.avant-pays-savoyard.com\/smaps\/#organization","name":"Avant Pays Savoyard","url":"https:\/\/www.avant-pays-savoyard.com\/smaps\/","logo":{"@type":"ImageObject","inLanguage":"fr-FR","@id":"https:\/\/www.avant-pays-savoyard.com\/smaps\/#\/schema\/logo\/image\/","url":"https:\/\/www.avant-pays-savoyard.com\/smaps\/wp-content\/uploads\/2020\/11\/logo-smaps.png","contentUrl":"https:\/\/www.avant-pays-savoyard.com\/smaps\/wp-content\/uploads\/2020\/11\/logo-smaps.png","width":1617,"height":738,"caption":"Avant Pays Savoyard"},"image":{"@id":"https:\/\/www.avant-pays-savoyard.com\/smaps\/#\/schema\/logo\/image\/"},"sameAs":["https:\/\/www.facebook.com\/philippe.smaps?eid=ARBa3pcAa8gXFS8WNK_PRvsO8QdGpgIOahlkYUZ_fHoQSowEaz5KpN0GqL0PUxNL0ZbTsFwcVmpWqAsm"]},{"@type":"Person","@id":"https:\/\/www.avant-pays-savoyard.com\/smaps\/#\/schema\/person\/97c9f75644fa5ca03f84c36512d45878","name":"SMAPS","image":{"@type":"ImageObject","inLanguage":"fr-FR","@id":"https:\/\/secure.gravatar.com\/avatar\/5f82331f1fbc0b612bc82f92d18052f29701b5b494fd518e67c6c8d7d646b105?s=96&d=mm&r=g","url":"https:\/\/secure.gravatar.com\/avatar\/5f82331f1fbc0b612bc82f92d18052f29701b5b494fd518e67c6c8d7d646b105?s=96&d=mm&r=g","contentUrl":"https:\/\/secure.gravatar.com\/avatar\/5f82331f1fbc0b612bc82f92d18052f29701b5b494fd518e67c6c8d7d646b105?s=96&d=mm&r=g","caption":"SMAPS"}}]}},"publishpress_future_action":{"enabled":false,"date":"2026-05-08 06:02:45","action":"change-status","newStatus":"draft","terms":[],"taxonomy":"category","extraData":[]},"publishpress_future_workflow_manual_trigger":{"enabledWorkflows":[]},"_links":{"self":[{"href":"https:\/\/www.avant-pays-savoyard.com\/smaps\/wp-json\/wp\/v2\/posts\/3355","targetHints":{"allow":["GET"]}}],"collection":[{"href":"https:\/\/www.avant-pays-savoyard.com\/smaps\/wp-json\/wp\/v2\/posts"}],"about":[{"href":"https:\/\/www.avant-pays-savoyard.com\/smaps\/wp-json\/wp\/v2\/types\/post"}],"author":[{"embeddable":true,"href":"https:\/\/www.avant-pays-savoyard.com\/smaps\/wp-json\/wp\/v2\/users\/2"}],"replies":[{"embeddable":true,"href":"https:\/\/www.avant-pays-savoyard.com\/smaps\/wp-json\/wp\/v2\/comments?post=3355"}],"version-history":[{"count":3,"href":"https:\/\/www.avant-pays-savoyard.com\/smaps\/wp-json\/wp\/v2\/posts\/3355\/revisions"}],"predecessor-version":[{"id":3370,"href":"https:\/\/www.avant-pays-savoyard.com\/smaps\/wp-json\/wp\/v2\/posts\/3355\/revisions\/3370"}],"wp:featuredmedia":[{"embeddable":true,"href":"https:\/\/www.avant-pays-savoyard.com\/smaps\/wp-json\/wp\/v2\/media\/3359"}],"wp:attachment":[{"href":"https:\/\/www.avant-pays-savoyard.com\/smaps\/wp-json\/wp\/v2\/media?parent=3355"}],"wp:term":[{"taxonomy":"category","embeddable":true,"href":"https:\/\/www.avant-pays-savoyard.com\/smaps\/wp-json\/wp\/v2\/categories?post=3355"},{"taxonomy":"post_tag","embeddable":true,"href":"https:\/\/www.avant-pays-savoyard.com\/smaps\/wp-json\/wp\/v2\/tags?post=3355"}],"curies":[{"name":"wp","href":"https:\/\/api.w.org\/{rel}","templated":true}]}}