{"id":3375,"date":"2021-10-11T15:17:35","date_gmt":"2021-10-11T13:17:35","guid":{"rendered":"https:\/\/www.avant-pays-savoyard.com\/smaps\/?p=3375"},"modified":"2021-10-11T15:20:44","modified_gmt":"2021-10-11T13:20:44","slug":"le-groupement-daudits-decoles-souvre-aux-autres-batiments-publics","status":"publish","type":"post","link":"https:\/\/www.avant-pays-savoyard.com\/smaps\/le-groupement-daudits-decoles-souvre-aux-autres-batiments-publics\/","title":{"rendered":"Le groupement d&rsquo;audits d&rsquo;\u00e9coles s&rsquo;ouvre aux autres b\u00e2timents publics."},"content":{"rendered":"<p>&nbsp;<\/p>\n<p>R\u00e9nover un b\u00e2timents public, \u00e7a n&rsquo;est pas simple, mais \u00e7a le devient plus quand on le fait ensemble ! Une dizaine de communes portent ainsi ensemble leur projets de r\u00e9novation d&rsquo;\u00e9coles \u00e0 travers un groupement mis en place par le Syndicat Mixte de l&rsquo;Avant Pays Savoyard.<\/p>\n<p>En r\u00e9pondant \u00e0 un appel \u00e0 projet d\u00e9di\u00e9 (ACTEE-MERISIER), elles ont pu ainsi obtenir plus de 130 000 \u20ac pour le financement d&rsquo;audits et de ma\u00eetrise d&rsquo;oeuvre. Une premi\u00e8re vague d&rsquo;audits aura ainsi lieu d&rsquo;ici le d\u00e9but de l&rsquo;ann\u00e9e prochaine. Une fois r\u00e9alis\u00e9s, ces audits seront analys\u00e9s, afin d&rsquo;identifier les possibilit\u00e9s de mutualisation : contrats d&rsquo;exploitation group\u00e9s, mission commune de r\u00e9novation de l&rsquo;\u00e9clairage des b\u00e2timents&#8230;<\/p>\n<p>Ce groupement apporte aussi une certaine l\u00e9gitimit\u00e9 aupr\u00e8s des financeurs, avec un poids non n\u00e9gligeable : une dizaine de b\u00e2timents audit\u00e9s, plusieurs milliers de m\u00e8tre carr\u00e9s \u00e0 r\u00e9nover, un volume de travaux important, un investissement fort pour des \u00e9conomies d&rsquo;\u00e9nergies significatives&#8230;<\/p>\n<p>Les premiers audits seront r\u00e9alis\u00e9s en passant par le Syndicat D\u00e9partemental d&rsquo;Energies de Savoie (SDES). Une aide et expertise bienvenue, facilitant le choix des bureaux d&rsquo;\u00e9tudes pour les communes. D&rsquo;autant plus que le SDES apporte des fonds importants : 50% de financement pour les audits et jusqu&rsquo;\u00e0 80 000 \u20ac d&rsquo;aide pour les travaux d&rsquo;\u00e9conomies d&rsquo;\u00e9nergie.<\/p>\n<p>Aujourd&rsquo;hui, le groupement constitu\u00e9 souhaite ouvrir ses portes aux autres communes int\u00e9ress\u00e9s par la r\u00e9alisation d&rsquo;audits sur un ou plusieurs de leurs b\u00e2timents. Une participation gagnant-gagnant : les nouveaux venus b\u00e9n\u00e9ficieront de la force d&rsquo;une d\u00e9marche group\u00e9e (r\u00e9duction des co\u00fbts, expertise, financements&#8230;), tandis que celle-ci s&rsquo;en trouvera renforc\u00e9e.<\/p>\n<p><strong>Vous \u00eates une commune de l&rsquo;Avant Pays Savoyard int\u00e9ress\u00e9e par la r\u00e9alisation d&rsquo;un audit approfondi sur un de vos b\u00e2timents ?<\/strong> Faites-nous en part en contactant C\u00f4me GEROUDET, charg\u00e9 de mission Energie, \u00e0 come.geroudet[a]avant-pays-savoyard.com, ou au 04 76 37 21 54<\/p>\n<p><img loading=\"lazy\" decoding=\"async\" class=\"alignnone size-medium wp-image-3354\" src=\"https:\/\/www.avant-pays-savoyard.com\/smaps\/wp-content\/uploads\/2021\/10\/logo-actee-300x45.jpg\" alt=\"\" width=\"300\" height=\"45\" \/><img loading=\"lazy\" decoding=\"async\" class=\"alignnone wp-image-3175\" src=\"https:\/\/www.avant-pays-savoyard.com\/smaps\/wp-content\/uploads\/2020\/12\/LOGO-TEPOS-V2-15-300x212.png\" alt=\"\" width=\"238\" height=\"168\" \/><\/p>\n","protected":false},"excerpt":{"rendered":"<p>&nbsp; R\u00e9nover un b\u00e2timents public, \u00e7a n&rsquo;est pas simple, mais \u00e7a le devient plus quand on le fait ensemble ! Une dizaine de communes portent ainsi ensemble leur projets de r\u00e9novation d&rsquo;\u00e9coles \u00e0 travers un groupement mis en place par le Syndicat Mixte de l&rsquo;Avant Pays Savoyard. En r\u00e9pondant \u00e0 un appel \u00e0 projet d\u00e9di\u00e9 [&hellip;]<\/p>\n","protected":false},"author":2,"featured_media":3376,"comment_status":"closed","ping_status":"closed","sticky":false,"template":"","format":"standard","meta":{"_et_pb_use_builder":"","_et_pb_old_content":"","_et_gb_content_width":"","_monsterinsights_skip_tracking":false,"_monsterinsights_sitenote_active":false,"_monsterinsights_sitenote_note":"","_monsterinsights_sitenote_category":0,"footnotes":""},"categories":[6],"tags":[],"class_list":["post-3375","post","type-post","status-publish","format-standard","has-post-thumbnail","hentry","category-environnement-et-energie"],"yoast_head":"<!-- This site is optimized with the Yoast SEO plugin v27.5 - https:\/\/yoast.com\/product\/yoast-seo-wordpress\/ -->\n<title>Le groupement d&#039;audits d&#039;\u00e9coles s&#039;ouvre aux autres b\u00e2timents publics. | Avant Pays Savoyard<\/title>\n<meta name=\"description\" content=\"Le groupement d&#039;audits d&#039;\u00e9coles s&#039;ouvre aux autres b\u00e2timents publics. | Avant Pays Savoyard\" \/>\n<meta name=\"robots\" content=\"index, follow, max-snippet:-1, max-image-preview:large, max-video-preview:-1\" \/>\n<link rel=\"canonical\" href=\"https:\/\/www.avant-pays-savoyard.com\/smaps\/le-groupement-daudits-decoles-souvre-aux-autres-batiments-publics\/\" \/>\n<meta property=\"og:locale\" content=\"fr_FR\" \/>\n<meta property=\"og:type\" content=\"article\" \/>\n<meta property=\"og:title\" content=\"Le groupement d&#039;audits d&#039;\u00e9coles s&#039;ouvre aux autres b\u00e2timents publics. | Avant Pays Savoyard\" \/>\n<meta property=\"og:description\" content=\"Le groupement d&#039;audits d&#039;\u00e9coles s&#039;ouvre aux autres b\u00e2timents publics. | Avant Pays Savoyard\" \/>\n<meta property=\"og:url\" content=\"https:\/\/www.avant-pays-savoyard.com\/smaps\/le-groupement-daudits-decoles-souvre-aux-autres-batiments-publics\/\" \/>\n<meta property=\"og:site_name\" content=\"Syndicat Mixte Avant-Pays Savoyard\" \/>\n<meta property=\"article:publisher\" content=\"https:\/\/www.facebook.com\/philippe.smaps?eid=ARBa3pcAa8gXFS8WNK_PRvsO8QdGpgIOahlkYUZ_fHoQSowEaz5KpN0GqL0PUxNL0ZbTsFwcVmpWqAsm\" \/>\n<meta property=\"article:published_time\" content=\"2021-10-11T13:17:35+00:00\" \/>\n<meta property=\"article:modified_time\" content=\"2021-10-11T13:20:44+00:00\" \/>\n<meta property=\"og:image\" content=\"https:\/\/www.avant-pays-savoyard.com\/smaps\/wp-content\/uploads\/2021\/10\/photo_2021-06-23_18-39-49.jpg\" \/>\n\t<meta property=\"og:image:width\" content=\"1280\" \/>\n\t<meta property=\"og:image:height\" content=\"960\" \/>\n\t<meta property=\"og:image:type\" content=\"image\/jpeg\" \/>\n<meta name=\"author\" content=\"SMAPS\" \/>\n<meta name=\"twitter:card\" content=\"summary_large_image\" \/>\n<meta name=\"twitter:label1\" content=\"\u00c9crit par\" \/>\n\t<meta name=\"twitter:data1\" content=\"SMAPS\" \/>\n\t<meta name=\"twitter:label2\" content=\"Dur\u00e9e de lecture estim\u00e9e\" \/>\n\t<meta name=\"twitter:data2\" content=\"2 minutes\" \/>\n<script type=\"application\/ld+json\" class=\"yoast-schema-graph\">{\"@context\":\"https:\\\/\\\/schema.org\",\"@graph\":[{\"@type\":\"Article\",\"@id\":\"https:\\\/\\\/www.avant-pays-savoyard.com\\\/smaps\\\/le-groupement-daudits-decoles-souvre-aux-autres-batiments-publics\\\/#article\",\"isPartOf\":{\"@id\":\"https:\\\/\\\/www.avant-pays-savoyard.com\\\/smaps\\\/le-groupement-daudits-decoles-souvre-aux-autres-batiments-publics\\\/\"},\"author\":{\"name\":\"SMAPS\",\"@id\":\"https:\\\/\\\/www.avant-pays-savoyard.com\\\/smaps\\\/#\\\/schema\\\/person\\\/97c9f75644fa5ca03f84c36512d45878\"},\"headline\":\"Le groupement d&rsquo;audits d&rsquo;\u00e9coles s&rsquo;ouvre aux autres b\u00e2timents publics.\",\"datePublished\":\"2021-10-11T13:17:35+00:00\",\"dateModified\":\"2021-10-11T13:20:44+00:00\",\"mainEntityOfPage\":{\"@id\":\"https:\\\/\\\/www.avant-pays-savoyard.com\\\/smaps\\\/le-groupement-daudits-decoles-souvre-aux-autres-batiments-publics\\\/\"},\"wordCount\":359,\"publisher\":{\"@id\":\"https:\\\/\\\/www.avant-pays-savoyard.com\\\/smaps\\\/#organization\"},\"image\":{\"@id\":\"https:\\\/\\\/www.avant-pays-savoyard.com\\\/smaps\\\/le-groupement-daudits-decoles-souvre-aux-autres-batiments-publics\\\/#primaryimage\"},\"thumbnailUrl\":\"https:\\\/\\\/www.avant-pays-savoyard.com\\\/smaps\\\/wp-content\\\/uploads\\\/2021\\\/10\\\/photo_2021-06-23_18-39-49.jpg\",\"articleSection\":[\"Environnement et \u00e9nergie\"],\"inLanguage\":\"fr-FR\"},{\"@type\":\"WebPage\",\"@id\":\"https:\\\/\\\/www.avant-pays-savoyard.com\\\/smaps\\\/le-groupement-daudits-decoles-souvre-aux-autres-batiments-publics\\\/\",\"url\":\"https:\\\/\\\/www.avant-pays-savoyard.com\\\/smaps\\\/le-groupement-daudits-decoles-souvre-aux-autres-batiments-publics\\\/\",\"name\":\"Le groupement d'audits d'\u00e9coles s'ouvre aux autres b\u00e2timents publics. | Avant Pays Savoyard\",\"isPartOf\":{\"@id\":\"https:\\\/\\\/www.avant-pays-savoyard.com\\\/smaps\\\/#website\"},\"primaryImageOfPage\":{\"@id\":\"https:\\\/\\\/www.avant-pays-savoyard.com\\\/smaps\\\/le-groupement-daudits-decoles-souvre-aux-autres-batiments-publics\\\/#primaryimage\"},\"image\":{\"@id\":\"https:\\\/\\\/www.avant-pays-savoyard.com\\\/smaps\\\/le-groupement-daudits-decoles-souvre-aux-autres-batiments-publics\\\/#primaryimage\"},\"thumbnailUrl\":\"https:\\\/\\\/www.avant-pays-savoyard.com\\\/smaps\\\/wp-content\\\/uploads\\\/2021\\\/10\\\/photo_2021-06-23_18-39-49.jpg\",\"datePublished\":\"2021-10-11T13:17:35+00:00\",\"dateModified\":\"2021-10-11T13:20:44+00:00\",\"description\":\"Le groupement d'audits d'\u00e9coles s'ouvre aux autres b\u00e2timents publics. | Avant Pays Savoyard\",\"breadcrumb\":{\"@id\":\"https:\\\/\\\/www.avant-pays-savoyard.com\\\/smaps\\\/le-groupement-daudits-decoles-souvre-aux-autres-batiments-publics\\\/#breadcrumb\"},\"inLanguage\":\"fr-FR\",\"potentialAction\":[{\"@type\":\"ReadAction\",\"target\":[\"https:\\\/\\\/www.avant-pays-savoyard.com\\\/smaps\\\/le-groupement-daudits-decoles-souvre-aux-autres-batiments-publics\\\/\"]}]},{\"@type\":\"ImageObject\",\"inLanguage\":\"fr-FR\",\"@id\":\"https:\\\/\\\/www.avant-pays-savoyard.com\\\/smaps\\\/le-groupement-daudits-decoles-souvre-aux-autres-batiments-publics\\\/#primaryimage\",\"url\":\"https:\\\/\\\/www.avant-pays-savoyard.com\\\/smaps\\\/wp-content\\\/uploads\\\/2021\\\/10\\\/photo_2021-06-23_18-39-49.jpg\",\"contentUrl\":\"https:\\\/\\\/www.avant-pays-savoyard.com\\\/smaps\\\/wp-content\\\/uploads\\\/2021\\\/10\\\/photo_2021-06-23_18-39-49.jpg\",\"width\":1280,\"height\":960},{\"@type\":\"BreadcrumbList\",\"@id\":\"https:\\\/\\\/www.avant-pays-savoyard.com\\\/smaps\\\/le-groupement-daudits-decoles-souvre-aux-autres-batiments-publics\\\/#breadcrumb\",\"itemListElement\":[{\"@type\":\"ListItem\",\"position\":1,\"name\":\"Accueil\",\"item\":\"https:\\\/\\\/www.avant-pays-savoyard.com\\\/smaps\\\/\"},{\"@type\":\"ListItem\",\"position\":2,\"name\":\"Environnement et \u00e9nergie\",\"item\":\"https:\\\/\\\/www.avant-pays-savoyard.com\\\/smaps\\\/category\\\/environnement-et-energie\\\/\"},{\"@type\":\"ListItem\",\"position\":3,\"name\":\"Le groupement d&rsquo;audits d&rsquo;\u00e9coles s&rsquo;ouvre aux autres b\u00e2timents publics.\"}]},{\"@type\":\"WebSite\",\"@id\":\"https:\\\/\\\/www.avant-pays-savoyard.com\\\/smaps\\\/#website\",\"url\":\"https:\\\/\\\/www.avant-pays-savoyard.com\\\/smaps\\\/\",\"name\":\"Syndicat Mixte Avant-Pays Savoyard\",\"description\":\"Site du SMAPS\",\"publisher\":{\"@id\":\"https:\\\/\\\/www.avant-pays-savoyard.com\\\/smaps\\\/#organization\"},\"potentialAction\":[{\"@type\":\"SearchAction\",\"target\":{\"@type\":\"EntryPoint\",\"urlTemplate\":\"https:\\\/\\\/www.avant-pays-savoyard.com\\\/smaps\\\/?s={search_term_string}\"},\"query-input\":{\"@type\":\"PropertyValueSpecification\",\"valueRequired\":true,\"valueName\":\"search_term_string\"}}],\"inLanguage\":\"fr-FR\"},{\"@type\":\"Organization\",\"@id\":\"https:\\\/\\\/www.avant-pays-savoyard.com\\\/smaps\\\/#organization\",\"name\":\"Avant Pays Savoyard\",\"url\":\"https:\\\/\\\/www.avant-pays-savoyard.com\\\/smaps\\\/\",\"logo\":{\"@type\":\"ImageObject\",\"inLanguage\":\"fr-FR\",\"@id\":\"https:\\\/\\\/www.avant-pays-savoyard.com\\\/smaps\\\/#\\\/schema\\\/logo\\\/image\\\/\",\"url\":\"https:\\\/\\\/www.avant-pays-savoyard.com\\\/smaps\\\/wp-content\\\/uploads\\\/2020\\\/11\\\/logo-smaps.png\",\"contentUrl\":\"https:\\\/\\\/www.avant-pays-savoyard.com\\\/smaps\\\/wp-content\\\/uploads\\\/2020\\\/11\\\/logo-smaps.png\",\"width\":1617,\"height\":738,\"caption\":\"Avant Pays Savoyard\"},\"image\":{\"@id\":\"https:\\\/\\\/www.avant-pays-savoyard.com\\\/smaps\\\/#\\\/schema\\\/logo\\\/image\\\/\"},\"sameAs\":[\"https:\\\/\\\/www.facebook.com\\\/philippe.smaps?eid=ARBa3pcAa8gXFS8WNK_PRvsO8QdGpgIOahlkYUZ_fHoQSowEaz5KpN0GqL0PUxNL0ZbTsFwcVmpWqAsm\"]},{\"@type\":\"Person\",\"@id\":\"https:\\\/\\\/www.avant-pays-savoyard.com\\\/smaps\\\/#\\\/schema\\\/person\\\/97c9f75644fa5ca03f84c36512d45878\",\"name\":\"SMAPS\",\"image\":{\"@type\":\"ImageObject\",\"inLanguage\":\"fr-FR\",\"@id\":\"https:\\\/\\\/secure.gravatar.com\\\/avatar\\\/5f82331f1fbc0b612bc82f92d18052f29701b5b494fd518e67c6c8d7d646b105?s=96&d=mm&r=g\",\"url\":\"https:\\\/\\\/secure.gravatar.com\\\/avatar\\\/5f82331f1fbc0b612bc82f92d18052f29701b5b494fd518e67c6c8d7d646b105?s=96&d=mm&r=g\",\"contentUrl\":\"https:\\\/\\\/secure.gravatar.com\\\/avatar\\\/5f82331f1fbc0b612bc82f92d18052f29701b5b494fd518e67c6c8d7d646b105?s=96&d=mm&r=g\",\"caption\":\"SMAPS\"}}]}<\/script>\n<!-- \/ Yoast SEO plugin. -->","yoast_head_json":{"title":"Le groupement d'audits d'\u00e9coles s'ouvre aux autres b\u00e2timents publics. | Avant Pays Savoyard","description":"Le groupement d'audits d'\u00e9coles s'ouvre aux autres b\u00e2timents publics. | Avant Pays Savoyard","robots":{"index":"index","follow":"follow","max-snippet":"max-snippet:-1","max-image-preview":"max-image-preview:large","max-video-preview":"max-video-preview:-1"},"canonical":"https:\/\/www.avant-pays-savoyard.com\/smaps\/le-groupement-daudits-decoles-souvre-aux-autres-batiments-publics\/","og_locale":"fr_FR","og_type":"article","og_title":"Le groupement d'audits d'\u00e9coles s'ouvre aux autres b\u00e2timents publics. | Avant Pays Savoyard","og_description":"Le groupement d'audits d'\u00e9coles s'ouvre aux autres b\u00e2timents publics. | Avant Pays Savoyard","og_url":"https:\/\/www.avant-pays-savoyard.com\/smaps\/le-groupement-daudits-decoles-souvre-aux-autres-batiments-publics\/","og_site_name":"Syndicat Mixte Avant-Pays Savoyard","article_publisher":"https:\/\/www.facebook.com\/philippe.smaps?eid=ARBa3pcAa8gXFS8WNK_PRvsO8QdGpgIOahlkYUZ_fHoQSowEaz5KpN0GqL0PUxNL0ZbTsFwcVmpWqAsm","article_published_time":"2021-10-11T13:17:35+00:00","article_modified_time":"2021-10-11T13:20:44+00:00","og_image":[{"width":1280,"height":960,"url":"https:\/\/www.avant-pays-savoyard.com\/smaps\/wp-content\/uploads\/2021\/10\/photo_2021-06-23_18-39-49.jpg","type":"image\/jpeg"}],"author":"SMAPS","twitter_card":"summary_large_image","twitter_misc":{"\u00c9crit par":"SMAPS","Dur\u00e9e de lecture estim\u00e9e":"2 minutes"},"schema":{"@context":"https:\/\/schema.org","@graph":[{"@type":"Article","@id":"https:\/\/www.avant-pays-savoyard.com\/smaps\/le-groupement-daudits-decoles-souvre-aux-autres-batiments-publics\/#article","isPartOf":{"@id":"https:\/\/www.avant-pays-savoyard.com\/smaps\/le-groupement-daudits-decoles-souvre-aux-autres-batiments-publics\/"},"author":{"name":"SMAPS","@id":"https:\/\/www.avant-pays-savoyard.com\/smaps\/#\/schema\/person\/97c9f75644fa5ca03f84c36512d45878"},"headline":"Le groupement d&rsquo;audits d&rsquo;\u00e9coles s&rsquo;ouvre aux autres b\u00e2timents publics.","datePublished":"2021-10-11T13:17:35+00:00","dateModified":"2021-10-11T13:20:44+00:00","mainEntityOfPage":{"@id":"https:\/\/www.avant-pays-savoyard.com\/smaps\/le-groupement-daudits-decoles-souvre-aux-autres-batiments-publics\/"},"wordCount":359,"publisher":{"@id":"https:\/\/www.avant-pays-savoyard.com\/smaps\/#organization"},"image":{"@id":"https:\/\/www.avant-pays-savoyard.com\/smaps\/le-groupement-daudits-decoles-souvre-aux-autres-batiments-publics\/#primaryimage"},"thumbnailUrl":"https:\/\/www.avant-pays-savoyard.com\/smaps\/wp-content\/uploads\/2021\/10\/photo_2021-06-23_18-39-49.jpg","articleSection":["Environnement et \u00e9nergie"],"inLanguage":"fr-FR"},{"@type":"WebPage","@id":"https:\/\/www.avant-pays-savoyard.com\/smaps\/le-groupement-daudits-decoles-souvre-aux-autres-batiments-publics\/","url":"https:\/\/www.avant-pays-savoyard.com\/smaps\/le-groupement-daudits-decoles-souvre-aux-autres-batiments-publics\/","name":"Le groupement d'audits d'\u00e9coles s'ouvre aux autres b\u00e2timents publics. | Avant Pays Savoyard","isPartOf":{"@id":"https:\/\/www.avant-pays-savoyard.com\/smaps\/#website"},"primaryImageOfPage":{"@id":"https:\/\/www.avant-pays-savoyard.com\/smaps\/le-groupement-daudits-decoles-souvre-aux-autres-batiments-publics\/#primaryimage"},"image":{"@id":"https:\/\/www.avant-pays-savoyard.com\/smaps\/le-groupement-daudits-decoles-souvre-aux-autres-batiments-publics\/#primaryimage"},"thumbnailUrl":"https:\/\/www.avant-pays-savoyard.com\/smaps\/wp-content\/uploads\/2021\/10\/photo_2021-06-23_18-39-49.jpg","datePublished":"2021-10-11T13:17:35+00:00","dateModified":"2021-10-11T13:20:44+00:00","description":"Le groupement d'audits d'\u00e9coles s'ouvre aux autres b\u00e2timents publics. | Avant Pays Savoyard","breadcrumb":{"@id":"https:\/\/www.avant-pays-savoyard.com\/smaps\/le-groupement-daudits-decoles-souvre-aux-autres-batiments-publics\/#breadcrumb"},"inLanguage":"fr-FR","potentialAction":[{"@type":"ReadAction","target":["https:\/\/www.avant-pays-savoyard.com\/smaps\/le-groupement-daudits-decoles-souvre-aux-autres-batiments-publics\/"]}]},{"@type":"ImageObject","inLanguage":"fr-FR","@id":"https:\/\/www.avant-pays-savoyard.com\/smaps\/le-groupement-daudits-decoles-souvre-aux-autres-batiments-publics\/#primaryimage","url":"https:\/\/www.avant-pays-savoyard.com\/smaps\/wp-content\/uploads\/2021\/10\/photo_2021-06-23_18-39-49.jpg","contentUrl":"https:\/\/www.avant-pays-savoyard.com\/smaps\/wp-content\/uploads\/2021\/10\/photo_2021-06-23_18-39-49.jpg","width":1280,"height":960},{"@type":"BreadcrumbList","@id":"https:\/\/www.avant-pays-savoyard.com\/smaps\/le-groupement-daudits-decoles-souvre-aux-autres-batiments-publics\/#breadcrumb","itemListElement":[{"@type":"ListItem","position":1,"name":"Accueil","item":"https:\/\/www.avant-pays-savoyard.com\/smaps\/"},{"@type":"ListItem","position":2,"name":"Environnement et \u00e9nergie","item":"https:\/\/www.avant-pays-savoyard.com\/smaps\/category\/environnement-et-energie\/"},{"@type":"ListItem","position":3,"name":"Le groupement d&rsquo;audits d&rsquo;\u00e9coles s&rsquo;ouvre aux autres b\u00e2timents publics."}]},{"@type":"WebSite","@id":"https:\/\/www.avant-pays-savoyard.com\/smaps\/#website","url":"https:\/\/www.avant-pays-savoyard.com\/smaps\/","name":"Syndicat Mixte Avant-Pays Savoyard","description":"Site du SMAPS","publisher":{"@id":"https:\/\/www.avant-pays-savoyard.com\/smaps\/#organization"},"potentialAction":[{"@type":"SearchAction","target":{"@type":"EntryPoint","urlTemplate":"https:\/\/www.avant-pays-savoyard.com\/smaps\/?s={search_term_string}"},"query-input":{"@type":"PropertyValueSpecification","valueRequired":true,"valueName":"search_term_string"}}],"inLanguage":"fr-FR"},{"@type":"Organization","@id":"https:\/\/www.avant-pays-savoyard.com\/smaps\/#organization","name":"Avant Pays Savoyard","url":"https:\/\/www.avant-pays-savoyard.com\/smaps\/","logo":{"@type":"ImageObject","inLanguage":"fr-FR","@id":"https:\/\/www.avant-pays-savoyard.com\/smaps\/#\/schema\/logo\/image\/","url":"https:\/\/www.avant-pays-savoyard.com\/smaps\/wp-content\/uploads\/2020\/11\/logo-smaps.png","contentUrl":"https:\/\/www.avant-pays-savoyard.com\/smaps\/wp-content\/uploads\/2020\/11\/logo-smaps.png","width":1617,"height":738,"caption":"Avant Pays Savoyard"},"image":{"@id":"https:\/\/www.avant-pays-savoyard.com\/smaps\/#\/schema\/logo\/image\/"},"sameAs":["https:\/\/www.facebook.com\/philippe.smaps?eid=ARBa3pcAa8gXFS8WNK_PRvsO8QdGpgIOahlkYUZ_fHoQSowEaz5KpN0GqL0PUxNL0ZbTsFwcVmpWqAsm"]},{"@type":"Person","@id":"https:\/\/www.avant-pays-savoyard.com\/smaps\/#\/schema\/person\/97c9f75644fa5ca03f84c36512d45878","name":"SMAPS","image":{"@type":"ImageObject","inLanguage":"fr-FR","@id":"https:\/\/secure.gravatar.com\/avatar\/5f82331f1fbc0b612bc82f92d18052f29701b5b494fd518e67c6c8d7d646b105?s=96&d=mm&r=g","url":"https:\/\/secure.gravatar.com\/avatar\/5f82331f1fbc0b612bc82f92d18052f29701b5b494fd518e67c6c8d7d646b105?s=96&d=mm&r=g","contentUrl":"https:\/\/secure.gravatar.com\/avatar\/5f82331f1fbc0b612bc82f92d18052f29701b5b494fd518e67c6c8d7d646b105?s=96&d=mm&r=g","caption":"SMAPS"}}]}},"publishpress_future_action":{"enabled":false,"date":"2026-05-09 15:26:27","action":"change-status","newStatus":"draft","terms":[],"taxonomy":"category","extraData":[]},"publishpress_future_workflow_manual_trigger":{"enabledWorkflows":[]},"_links":{"self":[{"href":"https:\/\/www.avant-pays-savoyard.com\/smaps\/wp-json\/wp\/v2\/posts\/3375","targetHints":{"allow":["GET"]}}],"collection":[{"href":"https:\/\/www.avant-pays-savoyard.com\/smaps\/wp-json\/wp\/v2\/posts"}],"about":[{"href":"https:\/\/www.avant-pays-savoyard.com\/smaps\/wp-json\/wp\/v2\/types\/post"}],"author":[{"embeddable":true,"href":"https:\/\/www.avant-pays-savoyard.com\/smaps\/wp-json\/wp\/v2\/users\/2"}],"replies":[{"embeddable":true,"href":"https:\/\/www.avant-pays-savoyard.com\/smaps\/wp-json\/wp\/v2\/comments?post=3375"}],"version-history":[{"count":4,"href":"https:\/\/www.avant-pays-savoyard.com\/smaps\/wp-json\/wp\/v2\/posts\/3375\/revisions"}],"predecessor-version":[{"id":3380,"href":"https:\/\/www.avant-pays-savoyard.com\/smaps\/wp-json\/wp\/v2\/posts\/3375\/revisions\/3380"}],"wp:featuredmedia":[{"embeddable":true,"href":"https:\/\/www.avant-pays-savoyard.com\/smaps\/wp-json\/wp\/v2\/media\/3376"}],"wp:attachment":[{"href":"https:\/\/www.avant-pays-savoyard.com\/smaps\/wp-json\/wp\/v2\/media?parent=3375"}],"wp:term":[{"taxonomy":"category","embeddable":true,"href":"https:\/\/www.avant-pays-savoyard.com\/smaps\/wp-json\/wp\/v2\/categories?post=3375"},{"taxonomy":"post_tag","embeddable":true,"href":"https:\/\/www.avant-pays-savoyard.com\/smaps\/wp-json\/wp\/v2\/tags?post=3375"}],"curies":[{"name":"wp","href":"https:\/\/api.w.org\/{rel}","templated":true}]}}