{"id":3754,"date":"2021-11-17T10:41:18","date_gmt":"2021-11-17T09:41:18","guid":{"rendered":"https:\/\/www.avant-pays-savoyard.com\/smaps\/?p=3754"},"modified":"2021-11-18T17:16:06","modified_gmt":"2021-11-18T16:16:06","slug":"conference-par-quoi-remplacer-ma-chaudiere-fioul-jeudi-2-decembre-yenne","status":"publish","type":"post","link":"https:\/\/www.avant-pays-savoyard.com\/smaps\/conference-par-quoi-remplacer-ma-chaudiere-fioul-jeudi-2-decembre-yenne\/","title":{"rendered":"Conf\u00e9rence : Par quoi remplacer ma chaudi\u00e8re fioul ? &#8211; Jeudi 2 d\u00e9cembre \/ Yenne"},"content":{"rendered":"<p>Envie de remplacer votre chaudi\u00e8re fioul\u00a0? Mais comment s\u2019y prendre\u00a0? Par quoi la remplacer\u00a0? Quelles solutions techniques adapt\u00e9es\u00a0? Quelles aides financi\u00e8res\u00a0?<\/p>\n<p>Un conseiller du Service FAIRE Savoie, Renaud PEISIEU, vous donnera toutes les informations n\u00e9cessaires pour vous lancer et changer de syst\u00e8me de chauffage.<\/p>\n<p>Inscrivez-vous sans attendre\u00a0: <a href=\"https:\/\/forms.gle\/PMP33aNmBaybAWra9\">https:\/\/forms.gle\/PMP33aNmBaybAWra9<\/a><\/p>\n<p><strong><u>Infos pratiques\u00a0: <\/u><\/strong><\/p>\n<ul>\n<li>\ud83d\udcc5 Jeudi 02 d\u00e9cembre \u00e0 18h30<\/li>\n<li>\ud83d\udccd Salle polyvalente de Yenne<\/li>\n<li>\u2139 Pass sanitaire obligatoire<\/li>\n<li>Sur inscription\u00a0: https:\/\/forms.gle\/PMP33aNmBaybAWra9<\/li>\n<\/ul>\n<p><img loading=\"lazy\" decoding=\"async\" class=\"alignnone size-medium wp-image-3756\" src=\"https:\/\/www.avant-pays-savoyard.com\/smaps\/wp-content\/uploads\/2021\/11\/Illustration-200x300.jpg\" alt=\"\" width=\"200\" height=\"300\" srcset=\"https:\/\/www.avant-pays-savoyard.com\/smaps\/wp-content\/uploads\/2021\/11\/Illustration-200x300.jpg 200w, https:\/\/www.avant-pays-savoyard.com\/smaps\/wp-content\/uploads\/2021\/11\/Illustration-320x480.jpg 320w, https:\/\/www.avant-pays-savoyard.com\/smaps\/wp-content\/uploads\/2021\/11\/Illustration.jpg 400w\" sizes=\"(max-width: 200px) 100vw, 200px\" \/><\/p>\n<p>&nbsp;<\/p>\n<p><img loading=\"lazy\" decoding=\"async\" class=\"alignnone  wp-image-3169\" src=\"https:\/\/www.avant-pays-savoyard.com\/smaps\/wp-content\/uploads\/2021\/02\/FAIRE.png\" alt=\"\" width=\"189\" height=\"181\" \/><img loading=\"lazy\" decoding=\"async\" class=\"alignnone  wp-image-3758\" src=\"https:\/\/www.avant-pays-savoyard.com\/smaps\/wp-content\/uploads\/2021\/11\/savoie-300x271.png\" alt=\"\" width=\"167\" height=\"151\" \/><\/p>\n","protected":false},"excerpt":{"rendered":"<p>Envie de remplacer votre chaudi\u00e8re fioul\u00a0? Mais comment s\u2019y prendre\u00a0? Par quoi la remplacer\u00a0? Quelles solutions techniques adapt\u00e9es\u00a0? Quelles aides financi\u00e8res\u00a0? Un conseiller du Service FAIRE Savoie, Renaud PEISIEU, vous donnera toutes les informations n\u00e9cessaires pour vous lancer et changer de syst\u00e8me de chauffage. Inscrivez-vous sans attendre\u00a0: https:\/\/forms.gle\/PMP33aNmBaybAWra9 Infos pratiques\u00a0: \ud83d\udcc5 Jeudi 02 d\u00e9cembre \u00e0 [&hellip;]<\/p>\n","protected":false},"author":2,"featured_media":3755,"comment_status":"closed","ping_status":"closed","sticky":false,"template":"","format":"standard","meta":{"_et_pb_use_builder":"","_et_pb_old_content":"","_et_gb_content_width":"","_monsterinsights_skip_tracking":false,"_monsterinsights_sitenote_active":false,"_monsterinsights_sitenote_note":"","_monsterinsights_sitenote_category":0,"footnotes":""},"categories":[29,34,6,7,1,39,33,32],"tags":[],"class_list":["post-3754","post","type-post","status-publish","format-standard","has-post-thumbnail","hentry","category-actus","category-chaleur-renouvelable","category-environnement-et-energie","category-habitat","category-infos-generales","category-particuliers","category-reseau-faire","category-tepos"],"yoast_head":"<!-- This site is optimized with the Yoast SEO plugin v27.5 - https:\/\/yoast.com\/product\/yoast-seo-wordpress\/ -->\n<title>Conf\u00e9rence : Par quoi remplacer ma chaudi\u00e8re fioul ? - Jeudi 2 d\u00e9cembre \/ Yenne | Avant Pays Savoyard<\/title>\n<meta name=\"description\" content=\"Conf\u00e9rence : Par quoi remplacer ma chaudi\u00e8re fioul ? - Jeudi 2 d\u00e9cembre \/ Yenne | Avant Pays Savoyard\" \/>\n<meta name=\"robots\" content=\"index, follow, max-snippet:-1, max-image-preview:large, max-video-preview:-1\" \/>\n<link rel=\"canonical\" href=\"https:\/\/www.avant-pays-savoyard.com\/smaps\/conference-par-quoi-remplacer-ma-chaudiere-fioul-jeudi-2-decembre-yenne\/\" \/>\n<meta property=\"og:locale\" content=\"fr_FR\" \/>\n<meta property=\"og:type\" content=\"article\" \/>\n<meta property=\"og:title\" content=\"Conf\u00e9rence : Par quoi remplacer ma chaudi\u00e8re fioul ? - Jeudi 2 d\u00e9cembre \/ Yenne | Avant Pays Savoyard\" \/>\n<meta property=\"og:description\" content=\"Conf\u00e9rence : Par quoi remplacer ma chaudi\u00e8re fioul ? - Jeudi 2 d\u00e9cembre \/ Yenne | Avant Pays Savoyard\" \/>\n<meta property=\"og:url\" content=\"https:\/\/www.avant-pays-savoyard.com\/smaps\/conference-par-quoi-remplacer-ma-chaudiere-fioul-jeudi-2-decembre-yenne\/\" \/>\n<meta property=\"og:site_name\" content=\"Syndicat Mixte Avant-Pays Savoyard\" \/>\n<meta property=\"article:publisher\" content=\"https:\/\/www.facebook.com\/philippe.smaps?eid=ARBa3pcAa8gXFS8WNK_PRvsO8QdGpgIOahlkYUZ_fHoQSowEaz5KpN0GqL0PUxNL0ZbTsFwcVmpWqAsm\" \/>\n<meta property=\"article:published_time\" content=\"2021-11-17T09:41:18+00:00\" \/>\n<meta property=\"article:modified_time\" content=\"2021-11-18T16:16:06+00:00\" \/>\n<meta property=\"og:image\" content=\"https:\/\/www.avant-pays-savoyard.com\/smaps\/wp-content\/uploads\/2021\/11\/Illustration-2-1024x524.png\" \/>\n\t<meta property=\"og:image:width\" content=\"1024\" \/>\n\t<meta property=\"og:image:height\" content=\"524\" \/>\n\t<meta property=\"og:image:type\" content=\"image\/png\" \/>\n<meta name=\"author\" content=\"SMAPS\" \/>\n<meta name=\"twitter:card\" content=\"summary_large_image\" \/>\n<meta name=\"twitter:label1\" content=\"\u00c9crit par\" \/>\n\t<meta name=\"twitter:data1\" content=\"SMAPS\" \/>\n\t<meta name=\"twitter:label2\" content=\"Dur\u00e9e de lecture estim\u00e9e\" \/>\n\t<meta name=\"twitter:data2\" content=\"1 minute\" \/>\n<script type=\"application\/ld+json\" class=\"yoast-schema-graph\">{\"@context\":\"https:\\\/\\\/schema.org\",\"@graph\":[{\"@type\":\"Article\",\"@id\":\"https:\\\/\\\/www.avant-pays-savoyard.com\\\/smaps\\\/conference-par-quoi-remplacer-ma-chaudiere-fioul-jeudi-2-decembre-yenne\\\/#article\",\"isPartOf\":{\"@id\":\"https:\\\/\\\/www.avant-pays-savoyard.com\\\/smaps\\\/conference-par-quoi-remplacer-ma-chaudiere-fioul-jeudi-2-decembre-yenne\\\/\"},\"author\":{\"name\":\"SMAPS\",\"@id\":\"https:\\\/\\\/www.avant-pays-savoyard.com\\\/smaps\\\/#\\\/schema\\\/person\\\/97c9f75644fa5ca03f84c36512d45878\"},\"headline\":\"Conf\u00e9rence : Par quoi remplacer ma chaudi\u00e8re fioul ? &#8211; Jeudi 2 d\u00e9cembre \\\/ Yenne\",\"datePublished\":\"2021-11-17T09:41:18+00:00\",\"dateModified\":\"2021-11-18T16:16:06+00:00\",\"mainEntityOfPage\":{\"@id\":\"https:\\\/\\\/www.avant-pays-savoyard.com\\\/smaps\\\/conference-par-quoi-remplacer-ma-chaudiere-fioul-jeudi-2-decembre-yenne\\\/\"},\"wordCount\":93,\"publisher\":{\"@id\":\"https:\\\/\\\/www.avant-pays-savoyard.com\\\/smaps\\\/#organization\"},\"image\":{\"@id\":\"https:\\\/\\\/www.avant-pays-savoyard.com\\\/smaps\\\/conference-par-quoi-remplacer-ma-chaudiere-fioul-jeudi-2-decembre-yenne\\\/#primaryimage\"},\"thumbnailUrl\":\"https:\\\/\\\/www.avant-pays-savoyard.com\\\/smaps\\\/wp-content\\\/uploads\\\/2021\\\/11\\\/Illustration-2.png\",\"articleSection\":[\"Actualit\u00e9s\",\"Chaleur renouvelable\",\"Environnement et \u00e9nergie\",\"Habitat\",\"Infos g\u00e9n\u00e9rales\",\"Particuliers\",\"R\u00e9seau FAIRE\",\"TEPOS\"],\"inLanguage\":\"fr-FR\"},{\"@type\":\"WebPage\",\"@id\":\"https:\\\/\\\/www.avant-pays-savoyard.com\\\/smaps\\\/conference-par-quoi-remplacer-ma-chaudiere-fioul-jeudi-2-decembre-yenne\\\/\",\"url\":\"https:\\\/\\\/www.avant-pays-savoyard.com\\\/smaps\\\/conference-par-quoi-remplacer-ma-chaudiere-fioul-jeudi-2-decembre-yenne\\\/\",\"name\":\"Conf\u00e9rence : Par quoi remplacer ma chaudi\u00e8re fioul ? - Jeudi 2 d\u00e9cembre \\\/ Yenne | Avant Pays Savoyard\",\"isPartOf\":{\"@id\":\"https:\\\/\\\/www.avant-pays-savoyard.com\\\/smaps\\\/#website\"},\"primaryImageOfPage\":{\"@id\":\"https:\\\/\\\/www.avant-pays-savoyard.com\\\/smaps\\\/conference-par-quoi-remplacer-ma-chaudiere-fioul-jeudi-2-decembre-yenne\\\/#primaryimage\"},\"image\":{\"@id\":\"https:\\\/\\\/www.avant-pays-savoyard.com\\\/smaps\\\/conference-par-quoi-remplacer-ma-chaudiere-fioul-jeudi-2-decembre-yenne\\\/#primaryimage\"},\"thumbnailUrl\":\"https:\\\/\\\/www.avant-pays-savoyard.com\\\/smaps\\\/wp-content\\\/uploads\\\/2021\\\/11\\\/Illustration-2.png\",\"datePublished\":\"2021-11-17T09:41:18+00:00\",\"dateModified\":\"2021-11-18T16:16:06+00:00\",\"description\":\"Conf\u00e9rence : Par quoi remplacer ma chaudi\u00e8re fioul ? - Jeudi 2 d\u00e9cembre \\\/ Yenne | Avant Pays Savoyard\",\"breadcrumb\":{\"@id\":\"https:\\\/\\\/www.avant-pays-savoyard.com\\\/smaps\\\/conference-par-quoi-remplacer-ma-chaudiere-fioul-jeudi-2-decembre-yenne\\\/#breadcrumb\"},\"inLanguage\":\"fr-FR\",\"potentialAction\":[{\"@type\":\"ReadAction\",\"target\":[\"https:\\\/\\\/www.avant-pays-savoyard.com\\\/smaps\\\/conference-par-quoi-remplacer-ma-chaudiere-fioul-jeudi-2-decembre-yenne\\\/\"]}]},{\"@type\":\"ImageObject\",\"inLanguage\":\"fr-FR\",\"@id\":\"https:\\\/\\\/www.avant-pays-savoyard.com\\\/smaps\\\/conference-par-quoi-remplacer-ma-chaudiere-fioul-jeudi-2-decembre-yenne\\\/#primaryimage\",\"url\":\"https:\\\/\\\/www.avant-pays-savoyard.com\\\/smaps\\\/wp-content\\\/uploads\\\/2021\\\/11\\\/Illustration-2.png\",\"contentUrl\":\"https:\\\/\\\/www.avant-pays-savoyard.com\\\/smaps\\\/wp-content\\\/uploads\\\/2021\\\/11\\\/Illustration-2.png\",\"width\":1324,\"height\":678},{\"@type\":\"BreadcrumbList\",\"@id\":\"https:\\\/\\\/www.avant-pays-savoyard.com\\\/smaps\\\/conference-par-quoi-remplacer-ma-chaudiere-fioul-jeudi-2-decembre-yenne\\\/#breadcrumb\",\"itemListElement\":[{\"@type\":\"ListItem\",\"position\":1,\"name\":\"Accueil\",\"item\":\"https:\\\/\\\/www.avant-pays-savoyard.com\\\/smaps\\\/\"},{\"@type\":\"ListItem\",\"position\":2,\"name\":\"TEPOS\",\"item\":\"https:\\\/\\\/www.avant-pays-savoyard.com\\\/smaps\\\/category\\\/tepos\\\/\"},{\"@type\":\"ListItem\",\"position\":3,\"name\":\"Chaleur renouvelable\",\"item\":\"https:\\\/\\\/www.avant-pays-savoyard.com\\\/smaps\\\/category\\\/tepos\\\/chaleur-renouvelable\\\/\"},{\"@type\":\"ListItem\",\"position\":4,\"name\":\"Conf\u00e9rence : Par quoi remplacer ma chaudi\u00e8re fioul ? &#8211; Jeudi 2 d\u00e9cembre \\\/ Yenne\"}]},{\"@type\":\"WebSite\",\"@id\":\"https:\\\/\\\/www.avant-pays-savoyard.com\\\/smaps\\\/#website\",\"url\":\"https:\\\/\\\/www.avant-pays-savoyard.com\\\/smaps\\\/\",\"name\":\"Syndicat Mixte Avant-Pays Savoyard\",\"description\":\"Site du SMAPS\",\"publisher\":{\"@id\":\"https:\\\/\\\/www.avant-pays-savoyard.com\\\/smaps\\\/#organization\"},\"potentialAction\":[{\"@type\":\"SearchAction\",\"target\":{\"@type\":\"EntryPoint\",\"urlTemplate\":\"https:\\\/\\\/www.avant-pays-savoyard.com\\\/smaps\\\/?s={search_term_string}\"},\"query-input\":{\"@type\":\"PropertyValueSpecification\",\"valueRequired\":true,\"valueName\":\"search_term_string\"}}],\"inLanguage\":\"fr-FR\"},{\"@type\":\"Organization\",\"@id\":\"https:\\\/\\\/www.avant-pays-savoyard.com\\\/smaps\\\/#organization\",\"name\":\"Avant Pays Savoyard\",\"url\":\"https:\\\/\\\/www.avant-pays-savoyard.com\\\/smaps\\\/\",\"logo\":{\"@type\":\"ImageObject\",\"inLanguage\":\"fr-FR\",\"@id\":\"https:\\\/\\\/www.avant-pays-savoyard.com\\\/smaps\\\/#\\\/schema\\\/logo\\\/image\\\/\",\"url\":\"https:\\\/\\\/www.avant-pays-savoyard.com\\\/smaps\\\/wp-content\\\/uploads\\\/2020\\\/11\\\/logo-smaps.png\",\"contentUrl\":\"https:\\\/\\\/www.avant-pays-savoyard.com\\\/smaps\\\/wp-content\\\/uploads\\\/2020\\\/11\\\/logo-smaps.png\",\"width\":1617,\"height\":738,\"caption\":\"Avant Pays Savoyard\"},\"image\":{\"@id\":\"https:\\\/\\\/www.avant-pays-savoyard.com\\\/smaps\\\/#\\\/schema\\\/logo\\\/image\\\/\"},\"sameAs\":[\"https:\\\/\\\/www.facebook.com\\\/philippe.smaps?eid=ARBa3pcAa8gXFS8WNK_PRvsO8QdGpgIOahlkYUZ_fHoQSowEaz5KpN0GqL0PUxNL0ZbTsFwcVmpWqAsm\"]},{\"@type\":\"Person\",\"@id\":\"https:\\\/\\\/www.avant-pays-savoyard.com\\\/smaps\\\/#\\\/schema\\\/person\\\/97c9f75644fa5ca03f84c36512d45878\",\"name\":\"SMAPS\",\"image\":{\"@type\":\"ImageObject\",\"inLanguage\":\"fr-FR\",\"@id\":\"https:\\\/\\\/secure.gravatar.com\\\/avatar\\\/5f82331f1fbc0b612bc82f92d18052f29701b5b494fd518e67c6c8d7d646b105?s=96&d=mm&r=g\",\"url\":\"https:\\\/\\\/secure.gravatar.com\\\/avatar\\\/5f82331f1fbc0b612bc82f92d18052f29701b5b494fd518e67c6c8d7d646b105?s=96&d=mm&r=g\",\"contentUrl\":\"https:\\\/\\\/secure.gravatar.com\\\/avatar\\\/5f82331f1fbc0b612bc82f92d18052f29701b5b494fd518e67c6c8d7d646b105?s=96&d=mm&r=g\",\"caption\":\"SMAPS\"}}]}<\/script>\n<!-- \/ Yoast SEO plugin. -->","yoast_head_json":{"title":"Conf\u00e9rence : Par quoi remplacer ma chaudi\u00e8re fioul ? - Jeudi 2 d\u00e9cembre \/ Yenne | Avant Pays Savoyard","description":"Conf\u00e9rence : Par quoi remplacer ma chaudi\u00e8re fioul ? - Jeudi 2 d\u00e9cembre \/ Yenne | Avant Pays Savoyard","robots":{"index":"index","follow":"follow","max-snippet":"max-snippet:-1","max-image-preview":"max-image-preview:large","max-video-preview":"max-video-preview:-1"},"canonical":"https:\/\/www.avant-pays-savoyard.com\/smaps\/conference-par-quoi-remplacer-ma-chaudiere-fioul-jeudi-2-decembre-yenne\/","og_locale":"fr_FR","og_type":"article","og_title":"Conf\u00e9rence : Par quoi remplacer ma chaudi\u00e8re fioul ? - Jeudi 2 d\u00e9cembre \/ Yenne | Avant Pays Savoyard","og_description":"Conf\u00e9rence : Par quoi remplacer ma chaudi\u00e8re fioul ? - Jeudi 2 d\u00e9cembre \/ Yenne | Avant Pays Savoyard","og_url":"https:\/\/www.avant-pays-savoyard.com\/smaps\/conference-par-quoi-remplacer-ma-chaudiere-fioul-jeudi-2-decembre-yenne\/","og_site_name":"Syndicat Mixte Avant-Pays Savoyard","article_publisher":"https:\/\/www.facebook.com\/philippe.smaps?eid=ARBa3pcAa8gXFS8WNK_PRvsO8QdGpgIOahlkYUZ_fHoQSowEaz5KpN0GqL0PUxNL0ZbTsFwcVmpWqAsm","article_published_time":"2021-11-17T09:41:18+00:00","article_modified_time":"2021-11-18T16:16:06+00:00","og_image":[{"width":1024,"height":524,"url":"https:\/\/www.avant-pays-savoyard.com\/smaps\/wp-content\/uploads\/2021\/11\/Illustration-2-1024x524.png","type":"image\/png"}],"author":"SMAPS","twitter_card":"summary_large_image","twitter_misc":{"\u00c9crit par":"SMAPS","Dur\u00e9e de lecture estim\u00e9e":"1 minute"},"schema":{"@context":"https:\/\/schema.org","@graph":[{"@type":"Article","@id":"https:\/\/www.avant-pays-savoyard.com\/smaps\/conference-par-quoi-remplacer-ma-chaudiere-fioul-jeudi-2-decembre-yenne\/#article","isPartOf":{"@id":"https:\/\/www.avant-pays-savoyard.com\/smaps\/conference-par-quoi-remplacer-ma-chaudiere-fioul-jeudi-2-decembre-yenne\/"},"author":{"name":"SMAPS","@id":"https:\/\/www.avant-pays-savoyard.com\/smaps\/#\/schema\/person\/97c9f75644fa5ca03f84c36512d45878"},"headline":"Conf\u00e9rence : Par quoi remplacer ma chaudi\u00e8re fioul ? &#8211; Jeudi 2 d\u00e9cembre \/ Yenne","datePublished":"2021-11-17T09:41:18+00:00","dateModified":"2021-11-18T16:16:06+00:00","mainEntityOfPage":{"@id":"https:\/\/www.avant-pays-savoyard.com\/smaps\/conference-par-quoi-remplacer-ma-chaudiere-fioul-jeudi-2-decembre-yenne\/"},"wordCount":93,"publisher":{"@id":"https:\/\/www.avant-pays-savoyard.com\/smaps\/#organization"},"image":{"@id":"https:\/\/www.avant-pays-savoyard.com\/smaps\/conference-par-quoi-remplacer-ma-chaudiere-fioul-jeudi-2-decembre-yenne\/#primaryimage"},"thumbnailUrl":"https:\/\/www.avant-pays-savoyard.com\/smaps\/wp-content\/uploads\/2021\/11\/Illustration-2.png","articleSection":["Actualit\u00e9s","Chaleur renouvelable","Environnement et \u00e9nergie","Habitat","Infos g\u00e9n\u00e9rales","Particuliers","R\u00e9seau FAIRE","TEPOS"],"inLanguage":"fr-FR"},{"@type":"WebPage","@id":"https:\/\/www.avant-pays-savoyard.com\/smaps\/conference-par-quoi-remplacer-ma-chaudiere-fioul-jeudi-2-decembre-yenne\/","url":"https:\/\/www.avant-pays-savoyard.com\/smaps\/conference-par-quoi-remplacer-ma-chaudiere-fioul-jeudi-2-decembre-yenne\/","name":"Conf\u00e9rence : Par quoi remplacer ma chaudi\u00e8re fioul ? - Jeudi 2 d\u00e9cembre \/ Yenne | Avant Pays Savoyard","isPartOf":{"@id":"https:\/\/www.avant-pays-savoyard.com\/smaps\/#website"},"primaryImageOfPage":{"@id":"https:\/\/www.avant-pays-savoyard.com\/smaps\/conference-par-quoi-remplacer-ma-chaudiere-fioul-jeudi-2-decembre-yenne\/#primaryimage"},"image":{"@id":"https:\/\/www.avant-pays-savoyard.com\/smaps\/conference-par-quoi-remplacer-ma-chaudiere-fioul-jeudi-2-decembre-yenne\/#primaryimage"},"thumbnailUrl":"https:\/\/www.avant-pays-savoyard.com\/smaps\/wp-content\/uploads\/2021\/11\/Illustration-2.png","datePublished":"2021-11-17T09:41:18+00:00","dateModified":"2021-11-18T16:16:06+00:00","description":"Conf\u00e9rence : Par quoi remplacer ma chaudi\u00e8re fioul ? - Jeudi 2 d\u00e9cembre \/ Yenne | Avant Pays Savoyard","breadcrumb":{"@id":"https:\/\/www.avant-pays-savoyard.com\/smaps\/conference-par-quoi-remplacer-ma-chaudiere-fioul-jeudi-2-decembre-yenne\/#breadcrumb"},"inLanguage":"fr-FR","potentialAction":[{"@type":"ReadAction","target":["https:\/\/www.avant-pays-savoyard.com\/smaps\/conference-par-quoi-remplacer-ma-chaudiere-fioul-jeudi-2-decembre-yenne\/"]}]},{"@type":"ImageObject","inLanguage":"fr-FR","@id":"https:\/\/www.avant-pays-savoyard.com\/smaps\/conference-par-quoi-remplacer-ma-chaudiere-fioul-jeudi-2-decembre-yenne\/#primaryimage","url":"https:\/\/www.avant-pays-savoyard.com\/smaps\/wp-content\/uploads\/2021\/11\/Illustration-2.png","contentUrl":"https:\/\/www.avant-pays-savoyard.com\/smaps\/wp-content\/uploads\/2021\/11\/Illustration-2.png","width":1324,"height":678},{"@type":"BreadcrumbList","@id":"https:\/\/www.avant-pays-savoyard.com\/smaps\/conference-par-quoi-remplacer-ma-chaudiere-fioul-jeudi-2-decembre-yenne\/#breadcrumb","itemListElement":[{"@type":"ListItem","position":1,"name":"Accueil","item":"https:\/\/www.avant-pays-savoyard.com\/smaps\/"},{"@type":"ListItem","position":2,"name":"TEPOS","item":"https:\/\/www.avant-pays-savoyard.com\/smaps\/category\/tepos\/"},{"@type":"ListItem","position":3,"name":"Chaleur renouvelable","item":"https:\/\/www.avant-pays-savoyard.com\/smaps\/category\/tepos\/chaleur-renouvelable\/"},{"@type":"ListItem","position":4,"name":"Conf\u00e9rence : Par quoi remplacer ma chaudi\u00e8re fioul ? &#8211; Jeudi 2 d\u00e9cembre \/ Yenne"}]},{"@type":"WebSite","@id":"https:\/\/www.avant-pays-savoyard.com\/smaps\/#website","url":"https:\/\/www.avant-pays-savoyard.com\/smaps\/","name":"Syndicat Mixte Avant-Pays Savoyard","description":"Site du SMAPS","publisher":{"@id":"https:\/\/www.avant-pays-savoyard.com\/smaps\/#organization"},"potentialAction":[{"@type":"SearchAction","target":{"@type":"EntryPoint","urlTemplate":"https:\/\/www.avant-pays-savoyard.com\/smaps\/?s={search_term_string}"},"query-input":{"@type":"PropertyValueSpecification","valueRequired":true,"valueName":"search_term_string"}}],"inLanguage":"fr-FR"},{"@type":"Organization","@id":"https:\/\/www.avant-pays-savoyard.com\/smaps\/#organization","name":"Avant Pays Savoyard","url":"https:\/\/www.avant-pays-savoyard.com\/smaps\/","logo":{"@type":"ImageObject","inLanguage":"fr-FR","@id":"https:\/\/www.avant-pays-savoyard.com\/smaps\/#\/schema\/logo\/image\/","url":"https:\/\/www.avant-pays-savoyard.com\/smaps\/wp-content\/uploads\/2020\/11\/logo-smaps.png","contentUrl":"https:\/\/www.avant-pays-savoyard.com\/smaps\/wp-content\/uploads\/2020\/11\/logo-smaps.png","width":1617,"height":738,"caption":"Avant Pays Savoyard"},"image":{"@id":"https:\/\/www.avant-pays-savoyard.com\/smaps\/#\/schema\/logo\/image\/"},"sameAs":["https:\/\/www.facebook.com\/philippe.smaps?eid=ARBa3pcAa8gXFS8WNK_PRvsO8QdGpgIOahlkYUZ_fHoQSowEaz5KpN0GqL0PUxNL0ZbTsFwcVmpWqAsm"]},{"@type":"Person","@id":"https:\/\/www.avant-pays-savoyard.com\/smaps\/#\/schema\/person\/97c9f75644fa5ca03f84c36512d45878","name":"SMAPS","image":{"@type":"ImageObject","inLanguage":"fr-FR","@id":"https:\/\/secure.gravatar.com\/avatar\/5f82331f1fbc0b612bc82f92d18052f29701b5b494fd518e67c6c8d7d646b105?s=96&d=mm&r=g","url":"https:\/\/secure.gravatar.com\/avatar\/5f82331f1fbc0b612bc82f92d18052f29701b5b494fd518e67c6c8d7d646b105?s=96&d=mm&r=g","contentUrl":"https:\/\/secure.gravatar.com\/avatar\/5f82331f1fbc0b612bc82f92d18052f29701b5b494fd518e67c6c8d7d646b105?s=96&d=mm&r=g","caption":"SMAPS"}}]}},"publishpress_future_action":{"enabled":false,"date":"2026-05-08 23:13:18","action":"change-status","newStatus":"draft","terms":[],"taxonomy":"category","extraData":[]},"publishpress_future_workflow_manual_trigger":{"enabledWorkflows":[]},"_links":{"self":[{"href":"https:\/\/www.avant-pays-savoyard.com\/smaps\/wp-json\/wp\/v2\/posts\/3754","targetHints":{"allow":["GET"]}}],"collection":[{"href":"https:\/\/www.avant-pays-savoyard.com\/smaps\/wp-json\/wp\/v2\/posts"}],"about":[{"href":"https:\/\/www.avant-pays-savoyard.com\/smaps\/wp-json\/wp\/v2\/types\/post"}],"author":[{"embeddable":true,"href":"https:\/\/www.avant-pays-savoyard.com\/smaps\/wp-json\/wp\/v2\/users\/2"}],"replies":[{"embeddable":true,"href":"https:\/\/www.avant-pays-savoyard.com\/smaps\/wp-json\/wp\/v2\/comments?post=3754"}],"version-history":[{"count":2,"href":"https:\/\/www.avant-pays-savoyard.com\/smaps\/wp-json\/wp\/v2\/posts\/3754\/revisions"}],"predecessor-version":[{"id":3759,"href":"https:\/\/www.avant-pays-savoyard.com\/smaps\/wp-json\/wp\/v2\/posts\/3754\/revisions\/3759"}],"wp:featuredmedia":[{"embeddable":true,"href":"https:\/\/www.avant-pays-savoyard.com\/smaps\/wp-json\/wp\/v2\/media\/3755"}],"wp:attachment":[{"href":"https:\/\/www.avant-pays-savoyard.com\/smaps\/wp-json\/wp\/v2\/media?parent=3754"}],"wp:term":[{"taxonomy":"category","embeddable":true,"href":"https:\/\/www.avant-pays-savoyard.com\/smaps\/wp-json\/wp\/v2\/categories?post=3754"},{"taxonomy":"post_tag","embeddable":true,"href":"https:\/\/www.avant-pays-savoyard.com\/smaps\/wp-json\/wp\/v2\/tags?post=3754"}],"curies":[{"name":"wp","href":"https:\/\/api.w.org\/{rel}","templated":true}]}}