{"id":4199,"date":"2022-03-30T16:57:16","date_gmt":"2022-03-30T14:57:16","guid":{"rendered":"https:\/\/www.avant-pays-savoyard.com\/smaps\/?p=4199"},"modified":"2022-03-30T17:13:24","modified_gmt":"2022-03-30T15:13:24","slug":"rencontre-sur-le-solaire-a-la-ferme","status":"publish","type":"post","link":"https:\/\/www.avant-pays-savoyard.com\/smaps\/rencontre-sur-le-solaire-a-la-ferme\/","title":{"rendered":"Rencontre sur le solaire agricole : \u00e7a brille \u00e0 la ferme !"},"content":{"rendered":"<p>Une vingtaine d&rsquo;exploitants agricoles se sont retrouv\u00e9s le 29 mars apr\u00e8s-midi \u00e0 Entrelacs au GAEC des Thevenons, pour visiter les installations photovolta\u00efques de la ferme.La rencontre \u00e9tait organis\u00e9e par la Communaut\u00e9 d&rsquo;Agglom\u00e9ration de Grand Lac, le Syndicat Mixte de l&rsquo;Avant Pays Savoyard et le GVA de l&rsquo;Albanais.<\/p>\n<p><img loading=\"lazy\" decoding=\"async\" class=\"size-medium wp-image-4203 aligncenter\" src=\"https:\/\/www.avant-pays-savoyard.com\/smaps\/wp-content\/uploads\/2022\/03\/photo_2022-03-29_17-25-54-300x225.jpg\" alt=\"\" width=\"300\" height=\"225\" \/><\/p>\n<p>M. QUAY a ainsi pr\u00e9senter les diff\u00e9rents projets men\u00e9s en solaire : un sur une toiture existante, un autre en neuf et une dernier en tiers investissement.<\/p>\n<p><img loading=\"lazy\" decoding=\"async\" class=\"size-medium wp-image-4201 aligncenter\" src=\"https:\/\/www.avant-pays-savoyard.com\/smaps\/wp-content\/uploads\/2022\/03\/photo_2022-03-29_17-25-56-300x225.jpg\" alt=\"\" width=\"300\" height=\"225\" \/><\/p>\n<p>L&rsquo;ASDER est intervenu pour donner des \u00e9l\u00e9ments techniques et financiers pr\u00e9cis aux exploitants : rentabilit\u00e9, d\u00e9marches et d\u00e9lais, proximit\u00e9 du transformateur, fonctionnement g\u00e9n\u00e9ral&#8230; Un temps qui s&rsquo;est fini autour d&rsquo;un verre pour \u00e9changer sur les projets de chacun.<\/p>\n<p>L&rsquo;occasion pour les agriculteurs d&rsquo;\u00eatre inform\u00e9 d&rsquo;une aide (jusqu&rsquo;\u00e0 250 000 \u20ac, \u00e0 hauteur de 50%) au d\u00e9samiantage en cas de solarisation, mise en place par la R\u00e9gion Auvergne Rh\u00f4ne Alpes. Plus d&rsquo;infos <a href=\"https:\/\/www.auvergnerhonealpes.fr\/aide\/505\/289-financer-des-projets-de-desamiantages-de-toitures-en-cas-de-solarisation-environnement-energie.htm\">au lien suivant<\/a>.<\/p>\n<p>Vous souhaitez plus d&rsquo;informations ? Vous avez un projet ? Rendez-vous <a href=\"https:\/\/www.avant-pays-savoyard.com\/smaps\/project\/energie-positive\/\">au lien suivant<\/a><\/p>\n<p>Un projet de photovolta\u00efque en agriculture ? Contactez Martin KELLER de l&rsquo;ASDER, 04 12 04 31 03<br \/>\nmartin.keller[a]asder.asso.fr ou energiepositive[a]avant-pays-savoyard.com<\/p>\n","protected":false},"excerpt":{"rendered":"<p>Une vingtaine d&rsquo;exploitants agricoles se sont retrouv\u00e9s le 29 mars apr\u00e8s-midi \u00e0 Entrelacs au GAEC des Thevenons, pour visiter les installations photovolta\u00efques de la ferme.La rencontre \u00e9tait organis\u00e9e par la Communaut\u00e9 d&rsquo;Agglom\u00e9ration de Grand Lac, le Syndicat Mixte de l&rsquo;Avant Pays Savoyard et le GVA de l&rsquo;Albanais. M. QUAY a ainsi pr\u00e9senter les diff\u00e9rents projets [&hellip;]<\/p>\n","protected":false},"author":2,"featured_media":4202,"comment_status":"closed","ping_status":"closed","sticky":false,"template":"","format":"standard","meta":{"_et_pb_use_builder":"","_et_pb_old_content":"","_et_gb_content_width":"","_monsterinsights_skip_tracking":false,"_monsterinsights_sitenote_active":false,"_monsterinsights_sitenote_note":"","_monsterinsights_sitenote_category":0,"footnotes":""},"categories":[30,29,6,1,40,32],"tags":[],"class_list":["post-4199","post","type-post","status-publish","format-standard","has-post-thumbnail","hentry","category-a-la-une","category-actus","category-environnement-et-energie","category-infos-generales","category-monde-agricole","category-tepos"],"yoast_head":"<!-- This site is optimized with the Yoast SEO plugin v27.5 - https:\/\/yoast.com\/product\/yoast-seo-wordpress\/ -->\n<title>Rencontre sur le solaire agricole : \u00e7a brille \u00e0 la ferme ! | Avant Pays Savoyard<\/title>\n<meta name=\"description\" content=\"Rencontre sur le solaire agricole : \u00e7a brille \u00e0 la ferme ! | Avant Pays Savoyard\" \/>\n<meta name=\"robots\" content=\"index, follow, max-snippet:-1, max-image-preview:large, max-video-preview:-1\" \/>\n<link rel=\"canonical\" href=\"https:\/\/www.avant-pays-savoyard.com\/smaps\/rencontre-sur-le-solaire-a-la-ferme\/\" \/>\n<meta property=\"og:locale\" content=\"fr_FR\" \/>\n<meta property=\"og:type\" content=\"article\" \/>\n<meta property=\"og:title\" content=\"Rencontre sur le solaire agricole : \u00e7a brille \u00e0 la ferme ! | Avant Pays Savoyard\" \/>\n<meta property=\"og:description\" content=\"Rencontre sur le solaire agricole : \u00e7a brille \u00e0 la ferme ! | Avant Pays Savoyard\" \/>\n<meta property=\"og:url\" content=\"https:\/\/www.avant-pays-savoyard.com\/smaps\/rencontre-sur-le-solaire-a-la-ferme\/\" \/>\n<meta property=\"og:site_name\" content=\"Syndicat Mixte Avant-Pays Savoyard\" \/>\n<meta property=\"article:publisher\" content=\"https:\/\/www.facebook.com\/philippe.smaps?eid=ARBa3pcAa8gXFS8WNK_PRvsO8QdGpgIOahlkYUZ_fHoQSowEaz5KpN0GqL0PUxNL0ZbTsFwcVmpWqAsm\" \/>\n<meta property=\"article:published_time\" content=\"2022-03-30T14:57:16+00:00\" \/>\n<meta property=\"article:modified_time\" content=\"2022-03-30T15:13:24+00:00\" \/>\n<meta property=\"og:image\" content=\"https:\/\/www.avant-pays-savoyard.com\/smaps\/wp-content\/uploads\/2022\/03\/photo_2022-03-29_17-26-03.jpg\" \/>\n\t<meta property=\"og:image:width\" content=\"1280\" \/>\n\t<meta property=\"og:image:height\" content=\"960\" \/>\n\t<meta property=\"og:image:type\" content=\"image\/jpeg\" \/>\n<meta name=\"author\" content=\"SMAPS\" \/>\n<meta name=\"twitter:card\" content=\"summary_large_image\" \/>\n<meta name=\"twitter:label1\" content=\"\u00c9crit par\" \/>\n\t<meta name=\"twitter:data1\" content=\"SMAPS\" \/>\n\t<meta name=\"twitter:label2\" content=\"Dur\u00e9e de lecture estim\u00e9e\" \/>\n\t<meta name=\"twitter:data2\" content=\"2 minutes\" \/>\n<script type=\"application\/ld+json\" class=\"yoast-schema-graph\">{\"@context\":\"https:\\\/\\\/schema.org\",\"@graph\":[{\"@type\":\"Article\",\"@id\":\"https:\\\/\\\/www.avant-pays-savoyard.com\\\/smaps\\\/rencontre-sur-le-solaire-a-la-ferme\\\/#article\",\"isPartOf\":{\"@id\":\"https:\\\/\\\/www.avant-pays-savoyard.com\\\/smaps\\\/rencontre-sur-le-solaire-a-la-ferme\\\/\"},\"author\":{\"name\":\"SMAPS\",\"@id\":\"https:\\\/\\\/www.avant-pays-savoyard.com\\\/smaps\\\/#\\\/schema\\\/person\\\/97c9f75644fa5ca03f84c36512d45878\"},\"headline\":\"Rencontre sur le solaire agricole : \u00e7a brille \u00e0 la ferme !\",\"datePublished\":\"2022-03-30T14:57:16+00:00\",\"dateModified\":\"2022-03-30T15:13:24+00:00\",\"mainEntityOfPage\":{\"@id\":\"https:\\\/\\\/www.avant-pays-savoyard.com\\\/smaps\\\/rencontre-sur-le-solaire-a-la-ferme\\\/\"},\"wordCount\":214,\"publisher\":{\"@id\":\"https:\\\/\\\/www.avant-pays-savoyard.com\\\/smaps\\\/#organization\"},\"image\":{\"@id\":\"https:\\\/\\\/www.avant-pays-savoyard.com\\\/smaps\\\/rencontre-sur-le-solaire-a-la-ferme\\\/#primaryimage\"},\"thumbnailUrl\":\"https:\\\/\\\/www.avant-pays-savoyard.com\\\/smaps\\\/wp-content\\\/uploads\\\/2022\\\/03\\\/photo_2022-03-29_17-26-03.jpg\",\"articleSection\":[\"\u00c0 la une\",\"Actualit\u00e9s\",\"Environnement et \u00e9nergie\",\"Infos g\u00e9n\u00e9rales\",\"Monde agricole\",\"TEPOS\"],\"inLanguage\":\"fr-FR\"},{\"@type\":\"WebPage\",\"@id\":\"https:\\\/\\\/www.avant-pays-savoyard.com\\\/smaps\\\/rencontre-sur-le-solaire-a-la-ferme\\\/\",\"url\":\"https:\\\/\\\/www.avant-pays-savoyard.com\\\/smaps\\\/rencontre-sur-le-solaire-a-la-ferme\\\/\",\"name\":\"Rencontre sur le solaire agricole : \u00e7a brille \u00e0 la ferme ! | Avant Pays Savoyard\",\"isPartOf\":{\"@id\":\"https:\\\/\\\/www.avant-pays-savoyard.com\\\/smaps\\\/#website\"},\"primaryImageOfPage\":{\"@id\":\"https:\\\/\\\/www.avant-pays-savoyard.com\\\/smaps\\\/rencontre-sur-le-solaire-a-la-ferme\\\/#primaryimage\"},\"image\":{\"@id\":\"https:\\\/\\\/www.avant-pays-savoyard.com\\\/smaps\\\/rencontre-sur-le-solaire-a-la-ferme\\\/#primaryimage\"},\"thumbnailUrl\":\"https:\\\/\\\/www.avant-pays-savoyard.com\\\/smaps\\\/wp-content\\\/uploads\\\/2022\\\/03\\\/photo_2022-03-29_17-26-03.jpg\",\"datePublished\":\"2022-03-30T14:57:16+00:00\",\"dateModified\":\"2022-03-30T15:13:24+00:00\",\"description\":\"Rencontre sur le solaire agricole : \u00e7a brille \u00e0 la ferme ! | Avant Pays Savoyard\",\"breadcrumb\":{\"@id\":\"https:\\\/\\\/www.avant-pays-savoyard.com\\\/smaps\\\/rencontre-sur-le-solaire-a-la-ferme\\\/#breadcrumb\"},\"inLanguage\":\"fr-FR\",\"potentialAction\":[{\"@type\":\"ReadAction\",\"target\":[\"https:\\\/\\\/www.avant-pays-savoyard.com\\\/smaps\\\/rencontre-sur-le-solaire-a-la-ferme\\\/\"]}]},{\"@type\":\"ImageObject\",\"inLanguage\":\"fr-FR\",\"@id\":\"https:\\\/\\\/www.avant-pays-savoyard.com\\\/smaps\\\/rencontre-sur-le-solaire-a-la-ferme\\\/#primaryimage\",\"url\":\"https:\\\/\\\/www.avant-pays-savoyard.com\\\/smaps\\\/wp-content\\\/uploads\\\/2022\\\/03\\\/photo_2022-03-29_17-26-03.jpg\",\"contentUrl\":\"https:\\\/\\\/www.avant-pays-savoyard.com\\\/smaps\\\/wp-content\\\/uploads\\\/2022\\\/03\\\/photo_2022-03-29_17-26-03.jpg\",\"width\":1280,\"height\":960},{\"@type\":\"BreadcrumbList\",\"@id\":\"https:\\\/\\\/www.avant-pays-savoyard.com\\\/smaps\\\/rencontre-sur-le-solaire-a-la-ferme\\\/#breadcrumb\",\"itemListElement\":[{\"@type\":\"ListItem\",\"position\":1,\"name\":\"Accueil\",\"item\":\"https:\\\/\\\/www.avant-pays-savoyard.com\\\/smaps\\\/\"},{\"@type\":\"ListItem\",\"position\":2,\"name\":\"TEPOS\",\"item\":\"https:\\\/\\\/www.avant-pays-savoyard.com\\\/smaps\\\/category\\\/tepos\\\/\"},{\"@type\":\"ListItem\",\"position\":3,\"name\":\"Monde agricole\",\"item\":\"https:\\\/\\\/www.avant-pays-savoyard.com\\\/smaps\\\/category\\\/tepos\\\/monde-agricole\\\/\"},{\"@type\":\"ListItem\",\"position\":4,\"name\":\"Rencontre sur le solaire agricole : \u00e7a brille \u00e0 la ferme !\"}]},{\"@type\":\"WebSite\",\"@id\":\"https:\\\/\\\/www.avant-pays-savoyard.com\\\/smaps\\\/#website\",\"url\":\"https:\\\/\\\/www.avant-pays-savoyard.com\\\/smaps\\\/\",\"name\":\"Syndicat Mixte Avant-Pays Savoyard\",\"description\":\"Site du SMAPS\",\"publisher\":{\"@id\":\"https:\\\/\\\/www.avant-pays-savoyard.com\\\/smaps\\\/#organization\"},\"potentialAction\":[{\"@type\":\"SearchAction\",\"target\":{\"@type\":\"EntryPoint\",\"urlTemplate\":\"https:\\\/\\\/www.avant-pays-savoyard.com\\\/smaps\\\/?s={search_term_string}\"},\"query-input\":{\"@type\":\"PropertyValueSpecification\",\"valueRequired\":true,\"valueName\":\"search_term_string\"}}],\"inLanguage\":\"fr-FR\"},{\"@type\":\"Organization\",\"@id\":\"https:\\\/\\\/www.avant-pays-savoyard.com\\\/smaps\\\/#organization\",\"name\":\"Avant Pays Savoyard\",\"url\":\"https:\\\/\\\/www.avant-pays-savoyard.com\\\/smaps\\\/\",\"logo\":{\"@type\":\"ImageObject\",\"inLanguage\":\"fr-FR\",\"@id\":\"https:\\\/\\\/www.avant-pays-savoyard.com\\\/smaps\\\/#\\\/schema\\\/logo\\\/image\\\/\",\"url\":\"https:\\\/\\\/www.avant-pays-savoyard.com\\\/smaps\\\/wp-content\\\/uploads\\\/2020\\\/11\\\/logo-smaps.png\",\"contentUrl\":\"https:\\\/\\\/www.avant-pays-savoyard.com\\\/smaps\\\/wp-content\\\/uploads\\\/2020\\\/11\\\/logo-smaps.png\",\"width\":1617,\"height\":738,\"caption\":\"Avant Pays Savoyard\"},\"image\":{\"@id\":\"https:\\\/\\\/www.avant-pays-savoyard.com\\\/smaps\\\/#\\\/schema\\\/logo\\\/image\\\/\"},\"sameAs\":[\"https:\\\/\\\/www.facebook.com\\\/philippe.smaps?eid=ARBa3pcAa8gXFS8WNK_PRvsO8QdGpgIOahlkYUZ_fHoQSowEaz5KpN0GqL0PUxNL0ZbTsFwcVmpWqAsm\"]},{\"@type\":\"Person\",\"@id\":\"https:\\\/\\\/www.avant-pays-savoyard.com\\\/smaps\\\/#\\\/schema\\\/person\\\/97c9f75644fa5ca03f84c36512d45878\",\"name\":\"SMAPS\",\"image\":{\"@type\":\"ImageObject\",\"inLanguage\":\"fr-FR\",\"@id\":\"https:\\\/\\\/secure.gravatar.com\\\/avatar\\\/5f82331f1fbc0b612bc82f92d18052f29701b5b494fd518e67c6c8d7d646b105?s=96&d=mm&r=g\",\"url\":\"https:\\\/\\\/secure.gravatar.com\\\/avatar\\\/5f82331f1fbc0b612bc82f92d18052f29701b5b494fd518e67c6c8d7d646b105?s=96&d=mm&r=g\",\"contentUrl\":\"https:\\\/\\\/secure.gravatar.com\\\/avatar\\\/5f82331f1fbc0b612bc82f92d18052f29701b5b494fd518e67c6c8d7d646b105?s=96&d=mm&r=g\",\"caption\":\"SMAPS\"}}]}<\/script>\n<!-- \/ Yoast SEO plugin. -->","yoast_head_json":{"title":"Rencontre sur le solaire agricole : \u00e7a brille \u00e0 la ferme ! | Avant Pays Savoyard","description":"Rencontre sur le solaire agricole : \u00e7a brille \u00e0 la ferme ! | Avant Pays Savoyard","robots":{"index":"index","follow":"follow","max-snippet":"max-snippet:-1","max-image-preview":"max-image-preview:large","max-video-preview":"max-video-preview:-1"},"canonical":"https:\/\/www.avant-pays-savoyard.com\/smaps\/rencontre-sur-le-solaire-a-la-ferme\/","og_locale":"fr_FR","og_type":"article","og_title":"Rencontre sur le solaire agricole : \u00e7a brille \u00e0 la ferme ! | Avant Pays Savoyard","og_description":"Rencontre sur le solaire agricole : \u00e7a brille \u00e0 la ferme ! | Avant Pays Savoyard","og_url":"https:\/\/www.avant-pays-savoyard.com\/smaps\/rencontre-sur-le-solaire-a-la-ferme\/","og_site_name":"Syndicat Mixte Avant-Pays Savoyard","article_publisher":"https:\/\/www.facebook.com\/philippe.smaps?eid=ARBa3pcAa8gXFS8WNK_PRvsO8QdGpgIOahlkYUZ_fHoQSowEaz5KpN0GqL0PUxNL0ZbTsFwcVmpWqAsm","article_published_time":"2022-03-30T14:57:16+00:00","article_modified_time":"2022-03-30T15:13:24+00:00","og_image":[{"width":1280,"height":960,"url":"https:\/\/www.avant-pays-savoyard.com\/smaps\/wp-content\/uploads\/2022\/03\/photo_2022-03-29_17-26-03.jpg","type":"image\/jpeg"}],"author":"SMAPS","twitter_card":"summary_large_image","twitter_misc":{"\u00c9crit par":"SMAPS","Dur\u00e9e de lecture estim\u00e9e":"2 minutes"},"schema":{"@context":"https:\/\/schema.org","@graph":[{"@type":"Article","@id":"https:\/\/www.avant-pays-savoyard.com\/smaps\/rencontre-sur-le-solaire-a-la-ferme\/#article","isPartOf":{"@id":"https:\/\/www.avant-pays-savoyard.com\/smaps\/rencontre-sur-le-solaire-a-la-ferme\/"},"author":{"name":"SMAPS","@id":"https:\/\/www.avant-pays-savoyard.com\/smaps\/#\/schema\/person\/97c9f75644fa5ca03f84c36512d45878"},"headline":"Rencontre sur le solaire agricole : \u00e7a brille \u00e0 la ferme !","datePublished":"2022-03-30T14:57:16+00:00","dateModified":"2022-03-30T15:13:24+00:00","mainEntityOfPage":{"@id":"https:\/\/www.avant-pays-savoyard.com\/smaps\/rencontre-sur-le-solaire-a-la-ferme\/"},"wordCount":214,"publisher":{"@id":"https:\/\/www.avant-pays-savoyard.com\/smaps\/#organization"},"image":{"@id":"https:\/\/www.avant-pays-savoyard.com\/smaps\/rencontre-sur-le-solaire-a-la-ferme\/#primaryimage"},"thumbnailUrl":"https:\/\/www.avant-pays-savoyard.com\/smaps\/wp-content\/uploads\/2022\/03\/photo_2022-03-29_17-26-03.jpg","articleSection":["\u00c0 la une","Actualit\u00e9s","Environnement et \u00e9nergie","Infos g\u00e9n\u00e9rales","Monde agricole","TEPOS"],"inLanguage":"fr-FR"},{"@type":"WebPage","@id":"https:\/\/www.avant-pays-savoyard.com\/smaps\/rencontre-sur-le-solaire-a-la-ferme\/","url":"https:\/\/www.avant-pays-savoyard.com\/smaps\/rencontre-sur-le-solaire-a-la-ferme\/","name":"Rencontre sur le solaire agricole : \u00e7a brille \u00e0 la ferme ! | Avant Pays Savoyard","isPartOf":{"@id":"https:\/\/www.avant-pays-savoyard.com\/smaps\/#website"},"primaryImageOfPage":{"@id":"https:\/\/www.avant-pays-savoyard.com\/smaps\/rencontre-sur-le-solaire-a-la-ferme\/#primaryimage"},"image":{"@id":"https:\/\/www.avant-pays-savoyard.com\/smaps\/rencontre-sur-le-solaire-a-la-ferme\/#primaryimage"},"thumbnailUrl":"https:\/\/www.avant-pays-savoyard.com\/smaps\/wp-content\/uploads\/2022\/03\/photo_2022-03-29_17-26-03.jpg","datePublished":"2022-03-30T14:57:16+00:00","dateModified":"2022-03-30T15:13:24+00:00","description":"Rencontre sur le solaire agricole : \u00e7a brille \u00e0 la ferme ! | Avant Pays Savoyard","breadcrumb":{"@id":"https:\/\/www.avant-pays-savoyard.com\/smaps\/rencontre-sur-le-solaire-a-la-ferme\/#breadcrumb"},"inLanguage":"fr-FR","potentialAction":[{"@type":"ReadAction","target":["https:\/\/www.avant-pays-savoyard.com\/smaps\/rencontre-sur-le-solaire-a-la-ferme\/"]}]},{"@type":"ImageObject","inLanguage":"fr-FR","@id":"https:\/\/www.avant-pays-savoyard.com\/smaps\/rencontre-sur-le-solaire-a-la-ferme\/#primaryimage","url":"https:\/\/www.avant-pays-savoyard.com\/smaps\/wp-content\/uploads\/2022\/03\/photo_2022-03-29_17-26-03.jpg","contentUrl":"https:\/\/www.avant-pays-savoyard.com\/smaps\/wp-content\/uploads\/2022\/03\/photo_2022-03-29_17-26-03.jpg","width":1280,"height":960},{"@type":"BreadcrumbList","@id":"https:\/\/www.avant-pays-savoyard.com\/smaps\/rencontre-sur-le-solaire-a-la-ferme\/#breadcrumb","itemListElement":[{"@type":"ListItem","position":1,"name":"Accueil","item":"https:\/\/www.avant-pays-savoyard.com\/smaps\/"},{"@type":"ListItem","position":2,"name":"TEPOS","item":"https:\/\/www.avant-pays-savoyard.com\/smaps\/category\/tepos\/"},{"@type":"ListItem","position":3,"name":"Monde agricole","item":"https:\/\/www.avant-pays-savoyard.com\/smaps\/category\/tepos\/monde-agricole\/"},{"@type":"ListItem","position":4,"name":"Rencontre sur le solaire agricole : \u00e7a brille \u00e0 la ferme !"}]},{"@type":"WebSite","@id":"https:\/\/www.avant-pays-savoyard.com\/smaps\/#website","url":"https:\/\/www.avant-pays-savoyard.com\/smaps\/","name":"Syndicat Mixte Avant-Pays Savoyard","description":"Site du SMAPS","publisher":{"@id":"https:\/\/www.avant-pays-savoyard.com\/smaps\/#organization"},"potentialAction":[{"@type":"SearchAction","target":{"@type":"EntryPoint","urlTemplate":"https:\/\/www.avant-pays-savoyard.com\/smaps\/?s={search_term_string}"},"query-input":{"@type":"PropertyValueSpecification","valueRequired":true,"valueName":"search_term_string"}}],"inLanguage":"fr-FR"},{"@type":"Organization","@id":"https:\/\/www.avant-pays-savoyard.com\/smaps\/#organization","name":"Avant Pays Savoyard","url":"https:\/\/www.avant-pays-savoyard.com\/smaps\/","logo":{"@type":"ImageObject","inLanguage":"fr-FR","@id":"https:\/\/www.avant-pays-savoyard.com\/smaps\/#\/schema\/logo\/image\/","url":"https:\/\/www.avant-pays-savoyard.com\/smaps\/wp-content\/uploads\/2020\/11\/logo-smaps.png","contentUrl":"https:\/\/www.avant-pays-savoyard.com\/smaps\/wp-content\/uploads\/2020\/11\/logo-smaps.png","width":1617,"height":738,"caption":"Avant Pays Savoyard"},"image":{"@id":"https:\/\/www.avant-pays-savoyard.com\/smaps\/#\/schema\/logo\/image\/"},"sameAs":["https:\/\/www.facebook.com\/philippe.smaps?eid=ARBa3pcAa8gXFS8WNK_PRvsO8QdGpgIOahlkYUZ_fHoQSowEaz5KpN0GqL0PUxNL0ZbTsFwcVmpWqAsm"]},{"@type":"Person","@id":"https:\/\/www.avant-pays-savoyard.com\/smaps\/#\/schema\/person\/97c9f75644fa5ca03f84c36512d45878","name":"SMAPS","image":{"@type":"ImageObject","inLanguage":"fr-FR","@id":"https:\/\/secure.gravatar.com\/avatar\/5f82331f1fbc0b612bc82f92d18052f29701b5b494fd518e67c6c8d7d646b105?s=96&d=mm&r=g","url":"https:\/\/secure.gravatar.com\/avatar\/5f82331f1fbc0b612bc82f92d18052f29701b5b494fd518e67c6c8d7d646b105?s=96&d=mm&r=g","contentUrl":"https:\/\/secure.gravatar.com\/avatar\/5f82331f1fbc0b612bc82f92d18052f29701b5b494fd518e67c6c8d7d646b105?s=96&d=mm&r=g","caption":"SMAPS"}}]}},"publishpress_future_action":{"enabled":false,"date":"2026-05-07 07:55:02","action":"change-status","newStatus":"draft","terms":[],"taxonomy":"category","extraData":[]},"publishpress_future_workflow_manual_trigger":{"enabledWorkflows":[]},"_links":{"self":[{"href":"https:\/\/www.avant-pays-savoyard.com\/smaps\/wp-json\/wp\/v2\/posts\/4199","targetHints":{"allow":["GET"]}}],"collection":[{"href":"https:\/\/www.avant-pays-savoyard.com\/smaps\/wp-json\/wp\/v2\/posts"}],"about":[{"href":"https:\/\/www.avant-pays-savoyard.com\/smaps\/wp-json\/wp\/v2\/types\/post"}],"author":[{"embeddable":true,"href":"https:\/\/www.avant-pays-savoyard.com\/smaps\/wp-json\/wp\/v2\/users\/2"}],"replies":[{"embeddable":true,"href":"https:\/\/www.avant-pays-savoyard.com\/smaps\/wp-json\/wp\/v2\/comments?post=4199"}],"version-history":[{"count":9,"href":"https:\/\/www.avant-pays-savoyard.com\/smaps\/wp-json\/wp\/v2\/posts\/4199\/revisions"}],"predecessor-version":[{"id":4211,"href":"https:\/\/www.avant-pays-savoyard.com\/smaps\/wp-json\/wp\/v2\/posts\/4199\/revisions\/4211"}],"wp:featuredmedia":[{"embeddable":true,"href":"https:\/\/www.avant-pays-savoyard.com\/smaps\/wp-json\/wp\/v2\/media\/4202"}],"wp:attachment":[{"href":"https:\/\/www.avant-pays-savoyard.com\/smaps\/wp-json\/wp\/v2\/media?parent=4199"}],"wp:term":[{"taxonomy":"category","embeddable":true,"href":"https:\/\/www.avant-pays-savoyard.com\/smaps\/wp-json\/wp\/v2\/categories?post=4199"},{"taxonomy":"post_tag","embeddable":true,"href":"https:\/\/www.avant-pays-savoyard.com\/smaps\/wp-json\/wp\/v2\/tags?post=4199"}],"curies":[{"name":"wp","href":"https:\/\/api.w.org\/{rel}","templated":true}]}}