{"id":4246,"date":"2022-06-07T15:05:31","date_gmt":"2022-06-07T13:05:31","guid":{"rendered":"https:\/\/www.avant-pays-savoyard.com\/smaps\/?p=4246"},"modified":"2022-06-07T15:10:39","modified_gmt":"2022-06-07T13:10:39","slug":"samedi-cest-energie","status":"publish","type":"post","link":"https:\/\/www.avant-pays-savoyard.com\/smaps\/samedi-cest-energie\/","title":{"rendered":"Samedi, c&rsquo;est Energie !"},"content":{"rendered":"<p>Apr\u00e8s<a href=\"https:\/\/ccla.fr\/fete-de-la-nature\/\"> la f\u00eate de la Nature<\/a> autour du Lac d&rsquo;Aiguebelette fin mai et la manifestation \u00ab\u00a0<a href=\"https:\/\/ccyenne.fr\/lecolo-citoyenne-manifestation-ecolo-festive\/\">l&rsquo;Ecolo-CitoYenne<\/a>\u00a0\u00bb ce samedi 4 juin \u00e0 Yenne, c&rsquo;est au tour des Espaces de Vie Sociale (l&rsquo;AVIE, Parisolidarit\u00e9, Acty Initiatives) de proposer une semaine de l&rsquo;environnement sur le territoire de Val Guiers, en partenariat avec la communaut\u00e9 de communes et l&rsquo;Avant Pays Savoyard.<\/p>\n<p>Des animations sont propos\u00e9es du 7 au 11 juin (cf. programme ci-dessous). Et ce samedi, c&rsquo;est Energie ! 2 ateliers participatifs et gratuit sont propos\u00e9s au Gymnase de La Bridoire, \u00e0 10h et \u00e0 14h. L&rsquo;Association Savoyarde de D\u00e9veloppement des Energies Renouvelables interviendra le matin pour \u00e9changer sur les gestes simples pour faire des \u00e9conomies d&rsquo;\u00e9nergie. L&rsquo;apr\u00e8s-midi, c&rsquo;est l&rsquo;association Conscience et Impact Ecologie qui animera une Fresque du Climat : un atelier ludique et collaboratif pour (enfin !) tout comprendre aux changements climatiques.<\/p>\n<p>Pour en savoir plus, vous pouvez nous contacter \u00e0 energiepositive@avant-pays-savoyard.com ou au 04 76 37 21 54 .<\/p>\n<p>Le programme complet de la semaine de l&rsquo;environnement, seul ou \u00e0 plusieurs, vous \u00eates le \/ la bienvenue ! L\u2019ensemble des animations propos\u00e9es sont libres et gratuites, pour tous.<\/p>\n<ul>\n<li><strong>Mardi 7 juin\u00a0: Acty Initiatives<\/strong> (82 chemin des p\u00e2querettes 38480 Pont de Beauvoisin)<\/li>\n<\/ul>\n<p>10h \u00e0 12h =&gt; <strong>Animation du SYCLUM sur la th\u00e9matique \u00ab\u00a0Gaspillage alimentaire\u00a0\u00bb <\/strong>\u00e0 Acty Initiatives. <em>ateliers ludiques et participatifs<\/em><\/p>\n<p>14h \u00e0 15h30 =&gt; <strong>D\u00e9fil\u00e9 de mode \u00e0 la Recyclerie du Guiers<\/strong> (143 chemin de Clermont 38480 Pont de Beauvoisin). <em>Composes en groupe une tenue id\u00e9ale et prends toi au jeu, en d\u00e9filant\u00a0!<\/em><\/p>\n<p>15h30 \u00e0 16h =&gt; Boissons offertes par Acty Initiatives<\/p>\n<ul>\n<li><strong>Mercredi 8 juin\u00a0: AVIE <\/strong>(Maison de Vie Locale, 35 place de la R\u00e9sistance, 73520 la Bridoire)<\/li>\n<\/ul>\n<p>9h \u00e0 11h =&gt; <strong>Nettoyage citoyen<\/strong> \u00ab\u00a0Clean Walk\u00a0\u00bb. D\u00e9part de l\u2019AVIE. <em>Petits et grands agissent ensemble pour nettoyer la commune. Pour + de fun, vient d\u00e9guis\u00e9\u00a0!<\/em><\/p>\n<p>11h \u00e0 12h =&gt; Rafraichissements offerts par la mairie de la Bridoire.<\/p>\n<p>14h30 \u00e0 16h30 =&gt; La biblioth\u00e8que met \u00e0 disposition des <strong>Malles p\u00e9dagogiques sue le th\u00e8me \u00ab\u00a0protection de l\u2019environnement\u00a0\u00bb<\/strong>, \u00e0 destination des enfants et leurs parents, en salle de r\u00e9union \u00e0 l\u2019AVIE. <em>Tu es curieux, tu te poses des questions, tu trouveras certainement des r\u00e9ponses dans ces malles\u00a0!<\/em><\/p>\n<ul>\n<li><strong>Vendredi 10 juin\u00a0: PARISolidarit\u00e9 <\/strong>(147 route du stade, 73240 Saint-Genix-Les-Villages)<\/li>\n<\/ul>\n<p>9h \u00e0 12h =&gt; <strong>Animation \u00ab\u00a0V\u00e9lo \u00e0 Assistance Electrique\u00a0\u00bb<\/strong> par l\u2019Agence Eco-mobilit\u00e9. Parking de PARISolidarit\u00e9. <em>Des conseils, des essais, viens vite d\u00e9couvrir\u00a0! R\u00e9mi r\u00e9pondra \u00e0 toutes tes questions.<\/em><\/p>\n<ul>\n<li><strong>Samedi 11 juin\u00a0: Journ\u00e9e de cl\u00f4ture, Gymnase de la Bridoire <\/strong>(Combe, 73520 la Bridoire)<\/li>\n<\/ul>\n<p>10h \u00e0 11h30 =&gt; <strong>Animations \u00ab\u00a0Eco-Consommation\u00a0\u00bb<\/strong> par ASDER. <em>Comment faire des \u00e9conomies dans son quotidien\u00a0? R\u00e9duire sa consommation \u00e9nerg\u00e9tique\u00a0? Astuces et r\u00e9ponses en ateliers participatifs.<\/em><\/p>\n<p>12h \u00e0 14h =&gt; <strong>Pique-Nique \u00ab\u00a0Z\u00e9ro d\u00e9chets\u00a0\u00bb<\/strong>. <em>Rel\u00e8ves le d\u00e9fi\u00a0: pr\u00e9pares-toi un bon d\u00e9jeuner, laisses les emballages au placard\u00a0!\u00a0<\/em>\ud83d\ude09 <em>C\u2019est bon pour ta plan\u00e8te<\/em>.<\/p>\n<p>14h \u00e0 16h =&gt; <strong>Fresque du climat par CIE<\/strong>. <em>Ateliers ludiques et participatifs<\/em><\/p>\n<p><img loading=\"lazy\" decoding=\"async\" class=\"alignnone size-medium wp-image-4251\" src=\"https:\/\/www.avant-pays-savoyard.com\/smaps\/wp-content\/uploads\/2022\/06\/20220611-Semaine_Environnement_CCVG-1-225x300.png\" alt=\"\" width=\"225\" height=\"300\" \/><\/p>\n","protected":false},"excerpt":{"rendered":"<p>Apr\u00e8s la f\u00eate de la Nature autour du Lac d&rsquo;Aiguebelette fin mai et la manifestation \u00ab\u00a0l&rsquo;Ecolo-CitoYenne\u00a0\u00bb ce samedi 4 juin \u00e0 Yenne, c&rsquo;est au tour des Espaces de Vie Sociale (l&rsquo;AVIE, Parisolidarit\u00e9, Acty Initiatives) de proposer une semaine de l&rsquo;environnement sur le territoire de Val Guiers, en partenariat avec la communaut\u00e9 de communes et l&rsquo;Avant [&hellip;]<\/p>\n","protected":false},"author":2,"featured_media":4251,"comment_status":"closed","ping_status":"closed","sticky":false,"template":"","format":"standard","meta":{"_et_pb_use_builder":"","_et_pb_old_content":"","_et_gb_content_width":"","_monsterinsights_skip_tracking":false,"_monsterinsights_sitenote_active":false,"_monsterinsights_sitenote_note":"","_monsterinsights_sitenote_category":0,"footnotes":""},"categories":[30,29,6,1,32],"tags":[],"class_list":["post-4246","post","type-post","status-publish","format-standard","has-post-thumbnail","hentry","category-a-la-une","category-actus","category-environnement-et-energie","category-infos-generales","category-tepos"],"yoast_head":"<!-- This site is optimized with the Yoast SEO plugin v27.5 - https:\/\/yoast.com\/product\/yoast-seo-wordpress\/ -->\n<title>Samedi, c&#039;est Energie ! | Avant Pays Savoyard<\/title>\n<meta name=\"description\" content=\"Samedi, c&#039;est Energie ! | Avant Pays Savoyard\" \/>\n<meta name=\"robots\" content=\"index, follow, max-snippet:-1, max-image-preview:large, max-video-preview:-1\" \/>\n<link rel=\"canonical\" href=\"https:\/\/www.avant-pays-savoyard.com\/smaps\/samedi-cest-energie\/\" \/>\n<meta property=\"og:locale\" content=\"fr_FR\" \/>\n<meta property=\"og:type\" content=\"article\" \/>\n<meta property=\"og:title\" content=\"Samedi, c&#039;est Energie ! | Avant Pays Savoyard\" \/>\n<meta property=\"og:description\" content=\"Samedi, c&#039;est Energie ! | Avant Pays Savoyard\" \/>\n<meta property=\"og:url\" content=\"https:\/\/www.avant-pays-savoyard.com\/smaps\/samedi-cest-energie\/\" \/>\n<meta property=\"og:site_name\" content=\"Syndicat Mixte Avant-Pays Savoyard\" \/>\n<meta property=\"article:publisher\" content=\"https:\/\/www.facebook.com\/philippe.smaps?eid=ARBa3pcAa8gXFS8WNK_PRvsO8QdGpgIOahlkYUZ_fHoQSowEaz5KpN0GqL0PUxNL0ZbTsFwcVmpWqAsm\" \/>\n<meta property=\"article:published_time\" content=\"2022-06-07T13:05:31+00:00\" \/>\n<meta property=\"article:modified_time\" content=\"2022-06-07T13:10:39+00:00\" \/>\n<meta property=\"og:image\" content=\"https:\/\/www.avant-pays-savoyard.com\/smaps\/wp-content\/uploads\/2022\/06\/20220611-Semaine_Environnement_CCVG-1.png\" \/>\n\t<meta property=\"og:image:width\" content=\"1008\" \/>\n\t<meta property=\"og:image:height\" content=\"1344\" \/>\n\t<meta property=\"og:image:type\" content=\"image\/png\" \/>\n<meta name=\"author\" content=\"SMAPS\" \/>\n<meta name=\"twitter:card\" content=\"summary_large_image\" \/>\n<meta name=\"twitter:label1\" content=\"\u00c9crit par\" \/>\n\t<meta name=\"twitter:data1\" content=\"SMAPS\" \/>\n\t<meta name=\"twitter:label2\" content=\"Dur\u00e9e de lecture estim\u00e9e\" \/>\n\t<meta name=\"twitter:data2\" content=\"3 minutes\" \/>\n<script type=\"application\/ld+json\" class=\"yoast-schema-graph\">{\"@context\":\"https:\\\/\\\/schema.org\",\"@graph\":[{\"@type\":\"Article\",\"@id\":\"https:\\\/\\\/www.avant-pays-savoyard.com\\\/smaps\\\/samedi-cest-energie\\\/#article\",\"isPartOf\":{\"@id\":\"https:\\\/\\\/www.avant-pays-savoyard.com\\\/smaps\\\/samedi-cest-energie\\\/\"},\"author\":{\"name\":\"SMAPS\",\"@id\":\"https:\\\/\\\/www.avant-pays-savoyard.com\\\/smaps\\\/#\\\/schema\\\/person\\\/97c9f75644fa5ca03f84c36512d45878\"},\"headline\":\"Samedi, c&rsquo;est Energie !\",\"datePublished\":\"2022-06-07T13:05:31+00:00\",\"dateModified\":\"2022-06-07T13:10:39+00:00\",\"mainEntityOfPage\":{\"@id\":\"https:\\\/\\\/www.avant-pays-savoyard.com\\\/smaps\\\/samedi-cest-energie\\\/\"},\"wordCount\":486,\"publisher\":{\"@id\":\"https:\\\/\\\/www.avant-pays-savoyard.com\\\/smaps\\\/#organization\"},\"image\":{\"@id\":\"https:\\\/\\\/www.avant-pays-savoyard.com\\\/smaps\\\/samedi-cest-energie\\\/#primaryimage\"},\"thumbnailUrl\":\"https:\\\/\\\/www.avant-pays-savoyard.com\\\/smaps\\\/wp-content\\\/uploads\\\/2022\\\/06\\\/20220611-Semaine_Environnement_CCVG-1.png\",\"articleSection\":[\"\u00c0 la une\",\"Actualit\u00e9s\",\"Environnement et \u00e9nergie\",\"Infos g\u00e9n\u00e9rales\",\"TEPOS\"],\"inLanguage\":\"fr-FR\"},{\"@type\":\"WebPage\",\"@id\":\"https:\\\/\\\/www.avant-pays-savoyard.com\\\/smaps\\\/samedi-cest-energie\\\/\",\"url\":\"https:\\\/\\\/www.avant-pays-savoyard.com\\\/smaps\\\/samedi-cest-energie\\\/\",\"name\":\"Samedi, c'est Energie ! | Avant Pays Savoyard\",\"isPartOf\":{\"@id\":\"https:\\\/\\\/www.avant-pays-savoyard.com\\\/smaps\\\/#website\"},\"primaryImageOfPage\":{\"@id\":\"https:\\\/\\\/www.avant-pays-savoyard.com\\\/smaps\\\/samedi-cest-energie\\\/#primaryimage\"},\"image\":{\"@id\":\"https:\\\/\\\/www.avant-pays-savoyard.com\\\/smaps\\\/samedi-cest-energie\\\/#primaryimage\"},\"thumbnailUrl\":\"https:\\\/\\\/www.avant-pays-savoyard.com\\\/smaps\\\/wp-content\\\/uploads\\\/2022\\\/06\\\/20220611-Semaine_Environnement_CCVG-1.png\",\"datePublished\":\"2022-06-07T13:05:31+00:00\",\"dateModified\":\"2022-06-07T13:10:39+00:00\",\"description\":\"Samedi, c'est Energie ! | Avant Pays Savoyard\",\"breadcrumb\":{\"@id\":\"https:\\\/\\\/www.avant-pays-savoyard.com\\\/smaps\\\/samedi-cest-energie\\\/#breadcrumb\"},\"inLanguage\":\"fr-FR\",\"potentialAction\":[{\"@type\":\"ReadAction\",\"target\":[\"https:\\\/\\\/www.avant-pays-savoyard.com\\\/smaps\\\/samedi-cest-energie\\\/\"]}]},{\"@type\":\"ImageObject\",\"inLanguage\":\"fr-FR\",\"@id\":\"https:\\\/\\\/www.avant-pays-savoyard.com\\\/smaps\\\/samedi-cest-energie\\\/#primaryimage\",\"url\":\"https:\\\/\\\/www.avant-pays-savoyard.com\\\/smaps\\\/wp-content\\\/uploads\\\/2022\\\/06\\\/20220611-Semaine_Environnement_CCVG-1.png\",\"contentUrl\":\"https:\\\/\\\/www.avant-pays-savoyard.com\\\/smaps\\\/wp-content\\\/uploads\\\/2022\\\/06\\\/20220611-Semaine_Environnement_CCVG-1.png\",\"width\":1008,\"height\":1344},{\"@type\":\"BreadcrumbList\",\"@id\":\"https:\\\/\\\/www.avant-pays-savoyard.com\\\/smaps\\\/samedi-cest-energie\\\/#breadcrumb\",\"itemListElement\":[{\"@type\":\"ListItem\",\"position\":1,\"name\":\"Accueil\",\"item\":\"https:\\\/\\\/www.avant-pays-savoyard.com\\\/smaps\\\/\"},{\"@type\":\"ListItem\",\"position\":2,\"name\":\"\u00c0 la une\",\"item\":\"https:\\\/\\\/www.avant-pays-savoyard.com\\\/smaps\\\/category\\\/a-la-une\\\/\"},{\"@type\":\"ListItem\",\"position\":3,\"name\":\"Samedi, c&rsquo;est Energie !\"}]},{\"@type\":\"WebSite\",\"@id\":\"https:\\\/\\\/www.avant-pays-savoyard.com\\\/smaps\\\/#website\",\"url\":\"https:\\\/\\\/www.avant-pays-savoyard.com\\\/smaps\\\/\",\"name\":\"Syndicat Mixte Avant-Pays Savoyard\",\"description\":\"Site du SMAPS\",\"publisher\":{\"@id\":\"https:\\\/\\\/www.avant-pays-savoyard.com\\\/smaps\\\/#organization\"},\"potentialAction\":[{\"@type\":\"SearchAction\",\"target\":{\"@type\":\"EntryPoint\",\"urlTemplate\":\"https:\\\/\\\/www.avant-pays-savoyard.com\\\/smaps\\\/?s={search_term_string}\"},\"query-input\":{\"@type\":\"PropertyValueSpecification\",\"valueRequired\":true,\"valueName\":\"search_term_string\"}}],\"inLanguage\":\"fr-FR\"},{\"@type\":\"Organization\",\"@id\":\"https:\\\/\\\/www.avant-pays-savoyard.com\\\/smaps\\\/#organization\",\"name\":\"Avant Pays Savoyard\",\"url\":\"https:\\\/\\\/www.avant-pays-savoyard.com\\\/smaps\\\/\",\"logo\":{\"@type\":\"ImageObject\",\"inLanguage\":\"fr-FR\",\"@id\":\"https:\\\/\\\/www.avant-pays-savoyard.com\\\/smaps\\\/#\\\/schema\\\/logo\\\/image\\\/\",\"url\":\"https:\\\/\\\/www.avant-pays-savoyard.com\\\/smaps\\\/wp-content\\\/uploads\\\/2020\\\/11\\\/logo-smaps.png\",\"contentUrl\":\"https:\\\/\\\/www.avant-pays-savoyard.com\\\/smaps\\\/wp-content\\\/uploads\\\/2020\\\/11\\\/logo-smaps.png\",\"width\":1617,\"height\":738,\"caption\":\"Avant Pays Savoyard\"},\"image\":{\"@id\":\"https:\\\/\\\/www.avant-pays-savoyard.com\\\/smaps\\\/#\\\/schema\\\/logo\\\/image\\\/\"},\"sameAs\":[\"https:\\\/\\\/www.facebook.com\\\/philippe.smaps?eid=ARBa3pcAa8gXFS8WNK_PRvsO8QdGpgIOahlkYUZ_fHoQSowEaz5KpN0GqL0PUxNL0ZbTsFwcVmpWqAsm\"]},{\"@type\":\"Person\",\"@id\":\"https:\\\/\\\/www.avant-pays-savoyard.com\\\/smaps\\\/#\\\/schema\\\/person\\\/97c9f75644fa5ca03f84c36512d45878\",\"name\":\"SMAPS\",\"image\":{\"@type\":\"ImageObject\",\"inLanguage\":\"fr-FR\",\"@id\":\"https:\\\/\\\/secure.gravatar.com\\\/avatar\\\/5f82331f1fbc0b612bc82f92d18052f29701b5b494fd518e67c6c8d7d646b105?s=96&d=mm&r=g\",\"url\":\"https:\\\/\\\/secure.gravatar.com\\\/avatar\\\/5f82331f1fbc0b612bc82f92d18052f29701b5b494fd518e67c6c8d7d646b105?s=96&d=mm&r=g\",\"contentUrl\":\"https:\\\/\\\/secure.gravatar.com\\\/avatar\\\/5f82331f1fbc0b612bc82f92d18052f29701b5b494fd518e67c6c8d7d646b105?s=96&d=mm&r=g\",\"caption\":\"SMAPS\"}}]}<\/script>\n<!-- \/ Yoast SEO plugin. -->","yoast_head_json":{"title":"Samedi, c'est Energie ! | Avant Pays Savoyard","description":"Samedi, c'est Energie ! | Avant Pays Savoyard","robots":{"index":"index","follow":"follow","max-snippet":"max-snippet:-1","max-image-preview":"max-image-preview:large","max-video-preview":"max-video-preview:-1"},"canonical":"https:\/\/www.avant-pays-savoyard.com\/smaps\/samedi-cest-energie\/","og_locale":"fr_FR","og_type":"article","og_title":"Samedi, c'est Energie ! | Avant Pays Savoyard","og_description":"Samedi, c'est Energie ! | Avant Pays Savoyard","og_url":"https:\/\/www.avant-pays-savoyard.com\/smaps\/samedi-cest-energie\/","og_site_name":"Syndicat Mixte Avant-Pays Savoyard","article_publisher":"https:\/\/www.facebook.com\/philippe.smaps?eid=ARBa3pcAa8gXFS8WNK_PRvsO8QdGpgIOahlkYUZ_fHoQSowEaz5KpN0GqL0PUxNL0ZbTsFwcVmpWqAsm","article_published_time":"2022-06-07T13:05:31+00:00","article_modified_time":"2022-06-07T13:10:39+00:00","og_image":[{"width":1008,"height":1344,"url":"https:\/\/www.avant-pays-savoyard.com\/smaps\/wp-content\/uploads\/2022\/06\/20220611-Semaine_Environnement_CCVG-1.png","type":"image\/png"}],"author":"SMAPS","twitter_card":"summary_large_image","twitter_misc":{"\u00c9crit par":"SMAPS","Dur\u00e9e de lecture estim\u00e9e":"3 minutes"},"schema":{"@context":"https:\/\/schema.org","@graph":[{"@type":"Article","@id":"https:\/\/www.avant-pays-savoyard.com\/smaps\/samedi-cest-energie\/#article","isPartOf":{"@id":"https:\/\/www.avant-pays-savoyard.com\/smaps\/samedi-cest-energie\/"},"author":{"name":"SMAPS","@id":"https:\/\/www.avant-pays-savoyard.com\/smaps\/#\/schema\/person\/97c9f75644fa5ca03f84c36512d45878"},"headline":"Samedi, c&rsquo;est Energie !","datePublished":"2022-06-07T13:05:31+00:00","dateModified":"2022-06-07T13:10:39+00:00","mainEntityOfPage":{"@id":"https:\/\/www.avant-pays-savoyard.com\/smaps\/samedi-cest-energie\/"},"wordCount":486,"publisher":{"@id":"https:\/\/www.avant-pays-savoyard.com\/smaps\/#organization"},"image":{"@id":"https:\/\/www.avant-pays-savoyard.com\/smaps\/samedi-cest-energie\/#primaryimage"},"thumbnailUrl":"https:\/\/www.avant-pays-savoyard.com\/smaps\/wp-content\/uploads\/2022\/06\/20220611-Semaine_Environnement_CCVG-1.png","articleSection":["\u00c0 la une","Actualit\u00e9s","Environnement et \u00e9nergie","Infos g\u00e9n\u00e9rales","TEPOS"],"inLanguage":"fr-FR"},{"@type":"WebPage","@id":"https:\/\/www.avant-pays-savoyard.com\/smaps\/samedi-cest-energie\/","url":"https:\/\/www.avant-pays-savoyard.com\/smaps\/samedi-cest-energie\/","name":"Samedi, c'est Energie ! | Avant Pays Savoyard","isPartOf":{"@id":"https:\/\/www.avant-pays-savoyard.com\/smaps\/#website"},"primaryImageOfPage":{"@id":"https:\/\/www.avant-pays-savoyard.com\/smaps\/samedi-cest-energie\/#primaryimage"},"image":{"@id":"https:\/\/www.avant-pays-savoyard.com\/smaps\/samedi-cest-energie\/#primaryimage"},"thumbnailUrl":"https:\/\/www.avant-pays-savoyard.com\/smaps\/wp-content\/uploads\/2022\/06\/20220611-Semaine_Environnement_CCVG-1.png","datePublished":"2022-06-07T13:05:31+00:00","dateModified":"2022-06-07T13:10:39+00:00","description":"Samedi, c'est Energie ! | Avant Pays Savoyard","breadcrumb":{"@id":"https:\/\/www.avant-pays-savoyard.com\/smaps\/samedi-cest-energie\/#breadcrumb"},"inLanguage":"fr-FR","potentialAction":[{"@type":"ReadAction","target":["https:\/\/www.avant-pays-savoyard.com\/smaps\/samedi-cest-energie\/"]}]},{"@type":"ImageObject","inLanguage":"fr-FR","@id":"https:\/\/www.avant-pays-savoyard.com\/smaps\/samedi-cest-energie\/#primaryimage","url":"https:\/\/www.avant-pays-savoyard.com\/smaps\/wp-content\/uploads\/2022\/06\/20220611-Semaine_Environnement_CCVG-1.png","contentUrl":"https:\/\/www.avant-pays-savoyard.com\/smaps\/wp-content\/uploads\/2022\/06\/20220611-Semaine_Environnement_CCVG-1.png","width":1008,"height":1344},{"@type":"BreadcrumbList","@id":"https:\/\/www.avant-pays-savoyard.com\/smaps\/samedi-cest-energie\/#breadcrumb","itemListElement":[{"@type":"ListItem","position":1,"name":"Accueil","item":"https:\/\/www.avant-pays-savoyard.com\/smaps\/"},{"@type":"ListItem","position":2,"name":"\u00c0 la une","item":"https:\/\/www.avant-pays-savoyard.com\/smaps\/category\/a-la-une\/"},{"@type":"ListItem","position":3,"name":"Samedi, c&rsquo;est Energie !"}]},{"@type":"WebSite","@id":"https:\/\/www.avant-pays-savoyard.com\/smaps\/#website","url":"https:\/\/www.avant-pays-savoyard.com\/smaps\/","name":"Syndicat Mixte Avant-Pays Savoyard","description":"Site du SMAPS","publisher":{"@id":"https:\/\/www.avant-pays-savoyard.com\/smaps\/#organization"},"potentialAction":[{"@type":"SearchAction","target":{"@type":"EntryPoint","urlTemplate":"https:\/\/www.avant-pays-savoyard.com\/smaps\/?s={search_term_string}"},"query-input":{"@type":"PropertyValueSpecification","valueRequired":true,"valueName":"search_term_string"}}],"inLanguage":"fr-FR"},{"@type":"Organization","@id":"https:\/\/www.avant-pays-savoyard.com\/smaps\/#organization","name":"Avant Pays Savoyard","url":"https:\/\/www.avant-pays-savoyard.com\/smaps\/","logo":{"@type":"ImageObject","inLanguage":"fr-FR","@id":"https:\/\/www.avant-pays-savoyard.com\/smaps\/#\/schema\/logo\/image\/","url":"https:\/\/www.avant-pays-savoyard.com\/smaps\/wp-content\/uploads\/2020\/11\/logo-smaps.png","contentUrl":"https:\/\/www.avant-pays-savoyard.com\/smaps\/wp-content\/uploads\/2020\/11\/logo-smaps.png","width":1617,"height":738,"caption":"Avant Pays Savoyard"},"image":{"@id":"https:\/\/www.avant-pays-savoyard.com\/smaps\/#\/schema\/logo\/image\/"},"sameAs":["https:\/\/www.facebook.com\/philippe.smaps?eid=ARBa3pcAa8gXFS8WNK_PRvsO8QdGpgIOahlkYUZ_fHoQSowEaz5KpN0GqL0PUxNL0ZbTsFwcVmpWqAsm"]},{"@type":"Person","@id":"https:\/\/www.avant-pays-savoyard.com\/smaps\/#\/schema\/person\/97c9f75644fa5ca03f84c36512d45878","name":"SMAPS","image":{"@type":"ImageObject","inLanguage":"fr-FR","@id":"https:\/\/secure.gravatar.com\/avatar\/5f82331f1fbc0b612bc82f92d18052f29701b5b494fd518e67c6c8d7d646b105?s=96&d=mm&r=g","url":"https:\/\/secure.gravatar.com\/avatar\/5f82331f1fbc0b612bc82f92d18052f29701b5b494fd518e67c6c8d7d646b105?s=96&d=mm&r=g","contentUrl":"https:\/\/secure.gravatar.com\/avatar\/5f82331f1fbc0b612bc82f92d18052f29701b5b494fd518e67c6c8d7d646b105?s=96&d=mm&r=g","caption":"SMAPS"}}]}},"publishpress_future_action":{"enabled":false,"date":"2026-05-07 19:16:59","action":"change-status","newStatus":"draft","terms":[],"taxonomy":"category","extraData":[]},"publishpress_future_workflow_manual_trigger":{"enabledWorkflows":[]},"_links":{"self":[{"href":"https:\/\/www.avant-pays-savoyard.com\/smaps\/wp-json\/wp\/v2\/posts\/4246","targetHints":{"allow":["GET"]}}],"collection":[{"href":"https:\/\/www.avant-pays-savoyard.com\/smaps\/wp-json\/wp\/v2\/posts"}],"about":[{"href":"https:\/\/www.avant-pays-savoyard.com\/smaps\/wp-json\/wp\/v2\/types\/post"}],"author":[{"embeddable":true,"href":"https:\/\/www.avant-pays-savoyard.com\/smaps\/wp-json\/wp\/v2\/users\/2"}],"replies":[{"embeddable":true,"href":"https:\/\/www.avant-pays-savoyard.com\/smaps\/wp-json\/wp\/v2\/comments?post=4246"}],"version-history":[{"count":4,"href":"https:\/\/www.avant-pays-savoyard.com\/smaps\/wp-json\/wp\/v2\/posts\/4246\/revisions"}],"predecessor-version":[{"id":4252,"href":"https:\/\/www.avant-pays-savoyard.com\/smaps\/wp-json\/wp\/v2\/posts\/4246\/revisions\/4252"}],"wp:featuredmedia":[{"embeddable":true,"href":"https:\/\/www.avant-pays-savoyard.com\/smaps\/wp-json\/wp\/v2\/media\/4251"}],"wp:attachment":[{"href":"https:\/\/www.avant-pays-savoyard.com\/smaps\/wp-json\/wp\/v2\/media?parent=4246"}],"wp:term":[{"taxonomy":"category","embeddable":true,"href":"https:\/\/www.avant-pays-savoyard.com\/smaps\/wp-json\/wp\/v2\/categories?post=4246"},{"taxonomy":"post_tag","embeddable":true,"href":"https:\/\/www.avant-pays-savoyard.com\/smaps\/wp-json\/wp\/v2\/tags?post=4246"}],"curies":[{"name":"wp","href":"https:\/\/api.w.org\/{rel}","templated":true}]}}