{"id":4694,"date":"2022-10-26T17:06:09","date_gmt":"2022-10-26T15:06:09","guid":{"rendered":"https:\/\/www.avant-pays-savoyard.com\/smaps\/?p=4694"},"modified":"2022-10-26T17:06:09","modified_gmt":"2022-10-26T15:06:09","slug":"matinee-conseil-renovation-a-novalaise-samedi-22-octobre-du-monde-et-des-renos","status":"publish","type":"post","link":"https:\/\/www.avant-pays-savoyard.com\/smaps\/matinee-conseil-renovation-a-novalaise-samedi-22-octobre-du-monde-et-des-renos\/","title":{"rendered":"Matin\u00e9e Conseil R\u00e9novation \u00e0 Novalaise\u00a0samedi 22 octobre : du monde et des r\u00e9nos !"},"content":{"rendered":"<p>Il y avait de l\u2019attente ce samedi matin, Salle Pr\u00e9 Saint Jean \u00e0 Novalaise. Conseillers\u00a0et artisans ont accueilli des habitants venus nombreux pour poser leur question.<\/p>\n<p>Les exposants ont pu ainsi \u00e9changer de longues minutes avec le public pr\u00e9sent. \u00ab\u00a0Les conseillers apportent neutralit\u00e9 et vision d\u2019ensemble. Ca permet d\u2019aller au-del\u00e0 d\u2019un simple changement de menuiseries ou de l\u2019installation d\u2019une pompe \u00e0 chaleur, et de ne pas omettre d\u2019autres travaux pertinents, comme la ventilation.\u00bb pr\u00e9cise Sophie ROY, du Parc Naturel R\u00e9gional de Chartreuse, co-organisateur de l\u2019\u00e9v\u00e8nement avec le Syndicat Mixte de l\u2019Avant-pays savoyard. \u00ab\u00a0Les artisans donnent quant \u00e0 eux une expertise technique compl\u00e9mentaire quand le projet est plus mature.\u00a0\u00bb<\/p>\n<p>Avec plus de 70 personnes en une matin\u00e9e, la matin\u00e9e a rencontr\u00e9 son public. \u00ab\u00a0Le contexte pousse les gens \u00e0 se poser la question des \u00e9conomies d\u2019\u00e9nergie et \u00e0 chercher des solutions.\u00a0\u00bb abonde Renaud PEISIEU, conseiller France R\u00e9nov\u2019 \u00e0 l\u2019ASDER<\/p>\n<p>\u00ab Le contexte est tr\u00e8s compliqu\u00e9 avec les prix actuels de l\u2019\u00e9nergie . La r\u00e9novation performante est une solution r\u00e9elle, mais parfois complexe \u00e0 mettre en place pour faire des \u00e9conomies d&rsquo;\u00e9nergies \u00bb selon Marie-Lise MARCHAIS, Vice-Pr\u00e9sidente \u00e0 la Transition \u00e9nerg\u00e9tique au Syndicat Mixte de l\u2019Avant Pays Savoyard. \u00ab Notre action consiste \u00e0 favoriser et accompagner les projets des habitants, des collectivit\u00e9s et des acteurs \u00e9conomiques \u00e0 travers diff\u00e9rents dispositifs d\u2019aide.\u00a0\u00bb<\/p>\n<p>Cet \u00e9v\u00e8nement a \u00e9t\u00e9 organis\u00e9 dans le cadre du Service Public de la Performance Energ\u00e9tique de l&rsquo;Habitat, et co-organis\u00e9 par le Syndicat Mixte de l&rsquo;Avant Pays Savoyard et le Parc Naturel R\u00e9gional de Chartreuse.<\/p>\n<p><img loading=\"lazy\" decoding=\"async\" class=\"alignnone  wp-image-3101\" src=\"https:\/\/www.avant-pays-savoyard.com\/smaps\/wp-content\/uploads\/2020\/12\/logo-smart-300x125.jpg\" alt=\"Avant-Pays Savoyard\" width=\"199\" height=\"83\" \/> <img loading=\"lazy\" decoding=\"async\" class=\"alignnone  wp-image-3758\" src=\"https:\/\/www.avant-pays-savoyard.com\/smaps\/wp-content\/uploads\/2021\/11\/savoie-300x271.png\" alt=\"\" width=\"136\" height=\"123\" \/> <img loading=\"lazy\" decoding=\"async\" class=\"alignnone  wp-image-4002\" src=\"https:\/\/www.avant-pays-savoyard.com\/smaps\/wp-content\/uploads\/2022\/02\/france_renov-300x177.jpg\" alt=\"Logo France Renov\" width=\"193\" height=\"114\" srcset=\"https:\/\/www.avant-pays-savoyard.com\/smaps\/wp-content\/uploads\/2022\/02\/france_renov-300x177.jpg 300w, https:\/\/www.avant-pays-savoyard.com\/smaps\/wp-content\/uploads\/2022\/02\/france_renov.jpg 474w\" sizes=\"(max-width: 193px) 100vw, 193px\" \/> <img loading=\"lazy\" decoding=\"async\" class=\"alignnone  wp-image-4666\" src=\"https:\/\/www.avant-pays-savoyard.com\/smaps\/wp-content\/uploads\/2022\/10\/logo-partenaire-region-auvergne-rhone-alpes-rvb-300x150.png\" alt=\"\" width=\"210\" height=\"105\" \/> <img loading=\"lazy\" decoding=\"async\" class=\"alignnone  wp-image-4659\" src=\"https:\/\/www.avant-pays-savoyard.com\/smaps\/wp-content\/uploads\/2022\/10\/PNRChartreuse.png\" alt=\"\" width=\"113\" height=\"123\" \/> <img loading=\"lazy\" decoding=\"async\" class=\"alignnone  wp-image-3339\" src=\"https:\/\/www.avant-pays-savoyard.com\/smaps\/wp-content\/uploads\/2021\/09\/external-content.duckduckgo.com_-1-300x133.png\" alt=\"\" width=\"230\" height=\"102\" \/><\/p>\n<p>&nbsp;<\/p>\n","protected":false},"excerpt":{"rendered":"<p>Il y avait de l\u2019attente ce samedi matin, Salle Pr\u00e9 Saint Jean \u00e0 Novalaise. Conseillers\u00a0et artisans ont accueilli des habitants venus nombreux pour poser leur question. Les exposants ont pu ainsi \u00e9changer de longues minutes avec le public pr\u00e9sent. \u00ab\u00a0Les conseillers apportent neutralit\u00e9 et vision d\u2019ensemble. Ca permet d\u2019aller au-del\u00e0 d\u2019un simple changement de menuiseries [&hellip;]<\/p>\n","protected":false},"author":2,"featured_media":4695,"comment_status":"closed","ping_status":"closed","sticky":false,"template":"","format":"standard","meta":{"_et_pb_use_builder":"","_et_pb_old_content":"","_et_gb_content_width":"","_monsterinsights_skip_tracking":false,"_monsterinsights_sitenote_active":false,"_monsterinsights_sitenote_note":"","_monsterinsights_sitenote_category":0,"footnotes":""},"categories":[30,29,6,7,1,39,33,32],"tags":[],"class_list":["post-4694","post","type-post","status-publish","format-standard","has-post-thumbnail","hentry","category-a-la-une","category-actus","category-environnement-et-energie","category-habitat","category-infos-generales","category-particuliers","category-reseau-faire","category-tepos"],"yoast_head":"<!-- This site is optimized with the Yoast SEO plugin v27.5 - https:\/\/yoast.com\/product\/yoast-seo-wordpress\/ -->\n<title>Matin\u00e9e Conseil R\u00e9novation \u00e0 Novalaise\u00a0samedi 22 octobre : du monde et des r\u00e9nos ! | Avant Pays Savoyard<\/title>\n<meta name=\"description\" content=\"Matin\u00e9e Conseil R\u00e9novation \u00e0 Novalaise\u00a0samedi 22 octobre : du monde et des r\u00e9nos ! | Avant Pays Savoyard\" \/>\n<meta name=\"robots\" content=\"index, follow, max-snippet:-1, max-image-preview:large, max-video-preview:-1\" \/>\n<link rel=\"canonical\" href=\"https:\/\/www.avant-pays-savoyard.com\/smaps\/matinee-conseil-renovation-a-novalaise-samedi-22-octobre-du-monde-et-des-renos\/\" \/>\n<meta property=\"og:locale\" content=\"fr_FR\" \/>\n<meta property=\"og:type\" content=\"article\" \/>\n<meta property=\"og:title\" content=\"Matin\u00e9e Conseil R\u00e9novation \u00e0 Novalaise\u00a0samedi 22 octobre : du monde et des r\u00e9nos ! | Avant Pays Savoyard\" \/>\n<meta property=\"og:description\" content=\"Matin\u00e9e Conseil R\u00e9novation \u00e0 Novalaise\u00a0samedi 22 octobre : du monde et des r\u00e9nos ! | Avant Pays Savoyard\" \/>\n<meta property=\"og:url\" content=\"https:\/\/www.avant-pays-savoyard.com\/smaps\/matinee-conseil-renovation-a-novalaise-samedi-22-octobre-du-monde-et-des-renos\/\" \/>\n<meta property=\"og:site_name\" content=\"Syndicat Mixte Avant-Pays Savoyard\" \/>\n<meta property=\"article:publisher\" content=\"https:\/\/www.facebook.com\/philippe.smaps?eid=ARBa3pcAa8gXFS8WNK_PRvsO8QdGpgIOahlkYUZ_fHoQSowEaz5KpN0GqL0PUxNL0ZbTsFwcVmpWqAsm\" \/>\n<meta property=\"article:published_time\" content=\"2022-10-26T15:06:09+00:00\" \/>\n<meta property=\"og:image\" content=\"https:\/\/www.avant-pays-savoyard.com\/smaps\/wp-content\/uploads\/2022\/10\/IMG_4951.jpg\" \/>\n\t<meta property=\"og:image:width\" content=\"2048\" \/>\n\t<meta property=\"og:image:height\" content=\"1139\" \/>\n\t<meta property=\"og:image:type\" content=\"image\/jpeg\" \/>\n<meta name=\"author\" content=\"SMAPS\" \/>\n<meta name=\"twitter:card\" content=\"summary_large_image\" \/>\n<meta name=\"twitter:label1\" content=\"\u00c9crit par\" \/>\n\t<meta name=\"twitter:data1\" content=\"SMAPS\" \/>\n\t<meta name=\"twitter:label2\" content=\"Dur\u00e9e de lecture estim\u00e9e\" \/>\n\t<meta name=\"twitter:data2\" content=\"1 minute\" \/>\n<script type=\"application\/ld+json\" class=\"yoast-schema-graph\">{\"@context\":\"https:\\\/\\\/schema.org\",\"@graph\":[{\"@type\":\"Article\",\"@id\":\"https:\\\/\\\/www.avant-pays-savoyard.com\\\/smaps\\\/matinee-conseil-renovation-a-novalaise-samedi-22-octobre-du-monde-et-des-renos\\\/#article\",\"isPartOf\":{\"@id\":\"https:\\\/\\\/www.avant-pays-savoyard.com\\\/smaps\\\/matinee-conseil-renovation-a-novalaise-samedi-22-octobre-du-monde-et-des-renos\\\/\"},\"author\":{\"name\":\"SMAPS\",\"@id\":\"https:\\\/\\\/www.avant-pays-savoyard.com\\\/smaps\\\/#\\\/schema\\\/person\\\/97c9f75644fa5ca03f84c36512d45878\"},\"headline\":\"Matin\u00e9e Conseil R\u00e9novation \u00e0 Novalaise\u00a0samedi 22 octobre : du monde et des r\u00e9nos !\",\"datePublished\":\"2022-10-26T15:06:09+00:00\",\"mainEntityOfPage\":{\"@id\":\"https:\\\/\\\/www.avant-pays-savoyard.com\\\/smaps\\\/matinee-conseil-renovation-a-novalaise-samedi-22-octobre-du-monde-et-des-renos\\\/\"},\"wordCount\":289,\"publisher\":{\"@id\":\"https:\\\/\\\/www.avant-pays-savoyard.com\\\/smaps\\\/#organization\"},\"image\":{\"@id\":\"https:\\\/\\\/www.avant-pays-savoyard.com\\\/smaps\\\/matinee-conseil-renovation-a-novalaise-samedi-22-octobre-du-monde-et-des-renos\\\/#primaryimage\"},\"thumbnailUrl\":\"https:\\\/\\\/www.avant-pays-savoyard.com\\\/smaps\\\/wp-content\\\/uploads\\\/2022\\\/10\\\/IMG_4951.jpg\",\"articleSection\":[\"\u00c0 la une\",\"Actualit\u00e9s\",\"Environnement et \u00e9nergie\",\"Habitat\",\"Infos g\u00e9n\u00e9rales\",\"Particuliers\",\"R\u00e9seau FAIRE\",\"TEPOS\"],\"inLanguage\":\"fr-FR\"},{\"@type\":\"WebPage\",\"@id\":\"https:\\\/\\\/www.avant-pays-savoyard.com\\\/smaps\\\/matinee-conseil-renovation-a-novalaise-samedi-22-octobre-du-monde-et-des-renos\\\/\",\"url\":\"https:\\\/\\\/www.avant-pays-savoyard.com\\\/smaps\\\/matinee-conseil-renovation-a-novalaise-samedi-22-octobre-du-monde-et-des-renos\\\/\",\"name\":\"Matin\u00e9e Conseil R\u00e9novation \u00e0 Novalaise\u00a0samedi 22 octobre : du monde et des r\u00e9nos ! | Avant Pays Savoyard\",\"isPartOf\":{\"@id\":\"https:\\\/\\\/www.avant-pays-savoyard.com\\\/smaps\\\/#website\"},\"primaryImageOfPage\":{\"@id\":\"https:\\\/\\\/www.avant-pays-savoyard.com\\\/smaps\\\/matinee-conseil-renovation-a-novalaise-samedi-22-octobre-du-monde-et-des-renos\\\/#primaryimage\"},\"image\":{\"@id\":\"https:\\\/\\\/www.avant-pays-savoyard.com\\\/smaps\\\/matinee-conseil-renovation-a-novalaise-samedi-22-octobre-du-monde-et-des-renos\\\/#primaryimage\"},\"thumbnailUrl\":\"https:\\\/\\\/www.avant-pays-savoyard.com\\\/smaps\\\/wp-content\\\/uploads\\\/2022\\\/10\\\/IMG_4951.jpg\",\"datePublished\":\"2022-10-26T15:06:09+00:00\",\"description\":\"Matin\u00e9e Conseil R\u00e9novation \u00e0 Novalaise\u00a0samedi 22 octobre : du monde et des r\u00e9nos ! | Avant Pays Savoyard\",\"breadcrumb\":{\"@id\":\"https:\\\/\\\/www.avant-pays-savoyard.com\\\/smaps\\\/matinee-conseil-renovation-a-novalaise-samedi-22-octobre-du-monde-et-des-renos\\\/#breadcrumb\"},\"inLanguage\":\"fr-FR\",\"potentialAction\":[{\"@type\":\"ReadAction\",\"target\":[\"https:\\\/\\\/www.avant-pays-savoyard.com\\\/smaps\\\/matinee-conseil-renovation-a-novalaise-samedi-22-octobre-du-monde-et-des-renos\\\/\"]}]},{\"@type\":\"ImageObject\",\"inLanguage\":\"fr-FR\",\"@id\":\"https:\\\/\\\/www.avant-pays-savoyard.com\\\/smaps\\\/matinee-conseil-renovation-a-novalaise-samedi-22-octobre-du-monde-et-des-renos\\\/#primaryimage\",\"url\":\"https:\\\/\\\/www.avant-pays-savoyard.com\\\/smaps\\\/wp-content\\\/uploads\\\/2022\\\/10\\\/IMG_4951.jpg\",\"contentUrl\":\"https:\\\/\\\/www.avant-pays-savoyard.com\\\/smaps\\\/wp-content\\\/uploads\\\/2022\\\/10\\\/IMG_4951.jpg\",\"width\":2048,\"height\":1139},{\"@type\":\"BreadcrumbList\",\"@id\":\"https:\\\/\\\/www.avant-pays-savoyard.com\\\/smaps\\\/matinee-conseil-renovation-a-novalaise-samedi-22-octobre-du-monde-et-des-renos\\\/#breadcrumb\",\"itemListElement\":[{\"@type\":\"ListItem\",\"position\":1,\"name\":\"Accueil\",\"item\":\"https:\\\/\\\/www.avant-pays-savoyard.com\\\/smaps\\\/\"},{\"@type\":\"ListItem\",\"position\":2,\"name\":\"\u00c0 la une\",\"item\":\"https:\\\/\\\/www.avant-pays-savoyard.com\\\/smaps\\\/category\\\/a-la-une\\\/\"},{\"@type\":\"ListItem\",\"position\":3,\"name\":\"Matin\u00e9e Conseil R\u00e9novation \u00e0 Novalaise\u00a0samedi 22 octobre : du monde et des r\u00e9nos !\"}]},{\"@type\":\"WebSite\",\"@id\":\"https:\\\/\\\/www.avant-pays-savoyard.com\\\/smaps\\\/#website\",\"url\":\"https:\\\/\\\/www.avant-pays-savoyard.com\\\/smaps\\\/\",\"name\":\"Syndicat Mixte Avant-Pays Savoyard\",\"description\":\"Site du SMAPS\",\"publisher\":{\"@id\":\"https:\\\/\\\/www.avant-pays-savoyard.com\\\/smaps\\\/#organization\"},\"potentialAction\":[{\"@type\":\"SearchAction\",\"target\":{\"@type\":\"EntryPoint\",\"urlTemplate\":\"https:\\\/\\\/www.avant-pays-savoyard.com\\\/smaps\\\/?s={search_term_string}\"},\"query-input\":{\"@type\":\"PropertyValueSpecification\",\"valueRequired\":true,\"valueName\":\"search_term_string\"}}],\"inLanguage\":\"fr-FR\"},{\"@type\":\"Organization\",\"@id\":\"https:\\\/\\\/www.avant-pays-savoyard.com\\\/smaps\\\/#organization\",\"name\":\"Avant Pays Savoyard\",\"url\":\"https:\\\/\\\/www.avant-pays-savoyard.com\\\/smaps\\\/\",\"logo\":{\"@type\":\"ImageObject\",\"inLanguage\":\"fr-FR\",\"@id\":\"https:\\\/\\\/www.avant-pays-savoyard.com\\\/smaps\\\/#\\\/schema\\\/logo\\\/image\\\/\",\"url\":\"https:\\\/\\\/www.avant-pays-savoyard.com\\\/smaps\\\/wp-content\\\/uploads\\\/2020\\\/11\\\/logo-smaps.png\",\"contentUrl\":\"https:\\\/\\\/www.avant-pays-savoyard.com\\\/smaps\\\/wp-content\\\/uploads\\\/2020\\\/11\\\/logo-smaps.png\",\"width\":1617,\"height\":738,\"caption\":\"Avant Pays Savoyard\"},\"image\":{\"@id\":\"https:\\\/\\\/www.avant-pays-savoyard.com\\\/smaps\\\/#\\\/schema\\\/logo\\\/image\\\/\"},\"sameAs\":[\"https:\\\/\\\/www.facebook.com\\\/philippe.smaps?eid=ARBa3pcAa8gXFS8WNK_PRvsO8QdGpgIOahlkYUZ_fHoQSowEaz5KpN0GqL0PUxNL0ZbTsFwcVmpWqAsm\"]},{\"@type\":\"Person\",\"@id\":\"https:\\\/\\\/www.avant-pays-savoyard.com\\\/smaps\\\/#\\\/schema\\\/person\\\/97c9f75644fa5ca03f84c36512d45878\",\"name\":\"SMAPS\",\"image\":{\"@type\":\"ImageObject\",\"inLanguage\":\"fr-FR\",\"@id\":\"https:\\\/\\\/secure.gravatar.com\\\/avatar\\\/5f82331f1fbc0b612bc82f92d18052f29701b5b494fd518e67c6c8d7d646b105?s=96&d=mm&r=g\",\"url\":\"https:\\\/\\\/secure.gravatar.com\\\/avatar\\\/5f82331f1fbc0b612bc82f92d18052f29701b5b494fd518e67c6c8d7d646b105?s=96&d=mm&r=g\",\"contentUrl\":\"https:\\\/\\\/secure.gravatar.com\\\/avatar\\\/5f82331f1fbc0b612bc82f92d18052f29701b5b494fd518e67c6c8d7d646b105?s=96&d=mm&r=g\",\"caption\":\"SMAPS\"}}]}<\/script>\n<!-- \/ Yoast SEO plugin. -->","yoast_head_json":{"title":"Matin\u00e9e Conseil R\u00e9novation \u00e0 Novalaise\u00a0samedi 22 octobre : du monde et des r\u00e9nos ! | Avant Pays Savoyard","description":"Matin\u00e9e Conseil R\u00e9novation \u00e0 Novalaise\u00a0samedi 22 octobre : du monde et des r\u00e9nos ! | Avant Pays Savoyard","robots":{"index":"index","follow":"follow","max-snippet":"max-snippet:-1","max-image-preview":"max-image-preview:large","max-video-preview":"max-video-preview:-1"},"canonical":"https:\/\/www.avant-pays-savoyard.com\/smaps\/matinee-conseil-renovation-a-novalaise-samedi-22-octobre-du-monde-et-des-renos\/","og_locale":"fr_FR","og_type":"article","og_title":"Matin\u00e9e Conseil R\u00e9novation \u00e0 Novalaise\u00a0samedi 22 octobre : du monde et des r\u00e9nos ! | Avant Pays Savoyard","og_description":"Matin\u00e9e Conseil R\u00e9novation \u00e0 Novalaise\u00a0samedi 22 octobre : du monde et des r\u00e9nos ! | Avant Pays Savoyard","og_url":"https:\/\/www.avant-pays-savoyard.com\/smaps\/matinee-conseil-renovation-a-novalaise-samedi-22-octobre-du-monde-et-des-renos\/","og_site_name":"Syndicat Mixte Avant-Pays Savoyard","article_publisher":"https:\/\/www.facebook.com\/philippe.smaps?eid=ARBa3pcAa8gXFS8WNK_PRvsO8QdGpgIOahlkYUZ_fHoQSowEaz5KpN0GqL0PUxNL0ZbTsFwcVmpWqAsm","article_published_time":"2022-10-26T15:06:09+00:00","og_image":[{"width":2048,"height":1139,"url":"https:\/\/www.avant-pays-savoyard.com\/smaps\/wp-content\/uploads\/2022\/10\/IMG_4951.jpg","type":"image\/jpeg"}],"author":"SMAPS","twitter_card":"summary_large_image","twitter_misc":{"\u00c9crit par":"SMAPS","Dur\u00e9e de lecture estim\u00e9e":"1 minute"},"schema":{"@context":"https:\/\/schema.org","@graph":[{"@type":"Article","@id":"https:\/\/www.avant-pays-savoyard.com\/smaps\/matinee-conseil-renovation-a-novalaise-samedi-22-octobre-du-monde-et-des-renos\/#article","isPartOf":{"@id":"https:\/\/www.avant-pays-savoyard.com\/smaps\/matinee-conseil-renovation-a-novalaise-samedi-22-octobre-du-monde-et-des-renos\/"},"author":{"name":"SMAPS","@id":"https:\/\/www.avant-pays-savoyard.com\/smaps\/#\/schema\/person\/97c9f75644fa5ca03f84c36512d45878"},"headline":"Matin\u00e9e Conseil R\u00e9novation \u00e0 Novalaise\u00a0samedi 22 octobre : du monde et des r\u00e9nos !","datePublished":"2022-10-26T15:06:09+00:00","mainEntityOfPage":{"@id":"https:\/\/www.avant-pays-savoyard.com\/smaps\/matinee-conseil-renovation-a-novalaise-samedi-22-octobre-du-monde-et-des-renos\/"},"wordCount":289,"publisher":{"@id":"https:\/\/www.avant-pays-savoyard.com\/smaps\/#organization"},"image":{"@id":"https:\/\/www.avant-pays-savoyard.com\/smaps\/matinee-conseil-renovation-a-novalaise-samedi-22-octobre-du-monde-et-des-renos\/#primaryimage"},"thumbnailUrl":"https:\/\/www.avant-pays-savoyard.com\/smaps\/wp-content\/uploads\/2022\/10\/IMG_4951.jpg","articleSection":["\u00c0 la une","Actualit\u00e9s","Environnement et \u00e9nergie","Habitat","Infos g\u00e9n\u00e9rales","Particuliers","R\u00e9seau FAIRE","TEPOS"],"inLanguage":"fr-FR"},{"@type":"WebPage","@id":"https:\/\/www.avant-pays-savoyard.com\/smaps\/matinee-conseil-renovation-a-novalaise-samedi-22-octobre-du-monde-et-des-renos\/","url":"https:\/\/www.avant-pays-savoyard.com\/smaps\/matinee-conseil-renovation-a-novalaise-samedi-22-octobre-du-monde-et-des-renos\/","name":"Matin\u00e9e Conseil R\u00e9novation \u00e0 Novalaise\u00a0samedi 22 octobre : du monde et des r\u00e9nos ! | Avant Pays Savoyard","isPartOf":{"@id":"https:\/\/www.avant-pays-savoyard.com\/smaps\/#website"},"primaryImageOfPage":{"@id":"https:\/\/www.avant-pays-savoyard.com\/smaps\/matinee-conseil-renovation-a-novalaise-samedi-22-octobre-du-monde-et-des-renos\/#primaryimage"},"image":{"@id":"https:\/\/www.avant-pays-savoyard.com\/smaps\/matinee-conseil-renovation-a-novalaise-samedi-22-octobre-du-monde-et-des-renos\/#primaryimage"},"thumbnailUrl":"https:\/\/www.avant-pays-savoyard.com\/smaps\/wp-content\/uploads\/2022\/10\/IMG_4951.jpg","datePublished":"2022-10-26T15:06:09+00:00","description":"Matin\u00e9e Conseil R\u00e9novation \u00e0 Novalaise\u00a0samedi 22 octobre : du monde et des r\u00e9nos ! | Avant Pays Savoyard","breadcrumb":{"@id":"https:\/\/www.avant-pays-savoyard.com\/smaps\/matinee-conseil-renovation-a-novalaise-samedi-22-octobre-du-monde-et-des-renos\/#breadcrumb"},"inLanguage":"fr-FR","potentialAction":[{"@type":"ReadAction","target":["https:\/\/www.avant-pays-savoyard.com\/smaps\/matinee-conseil-renovation-a-novalaise-samedi-22-octobre-du-monde-et-des-renos\/"]}]},{"@type":"ImageObject","inLanguage":"fr-FR","@id":"https:\/\/www.avant-pays-savoyard.com\/smaps\/matinee-conseil-renovation-a-novalaise-samedi-22-octobre-du-monde-et-des-renos\/#primaryimage","url":"https:\/\/www.avant-pays-savoyard.com\/smaps\/wp-content\/uploads\/2022\/10\/IMG_4951.jpg","contentUrl":"https:\/\/www.avant-pays-savoyard.com\/smaps\/wp-content\/uploads\/2022\/10\/IMG_4951.jpg","width":2048,"height":1139},{"@type":"BreadcrumbList","@id":"https:\/\/www.avant-pays-savoyard.com\/smaps\/matinee-conseil-renovation-a-novalaise-samedi-22-octobre-du-monde-et-des-renos\/#breadcrumb","itemListElement":[{"@type":"ListItem","position":1,"name":"Accueil","item":"https:\/\/www.avant-pays-savoyard.com\/smaps\/"},{"@type":"ListItem","position":2,"name":"\u00c0 la une","item":"https:\/\/www.avant-pays-savoyard.com\/smaps\/category\/a-la-une\/"},{"@type":"ListItem","position":3,"name":"Matin\u00e9e Conseil R\u00e9novation \u00e0 Novalaise\u00a0samedi 22 octobre : du monde et des r\u00e9nos !"}]},{"@type":"WebSite","@id":"https:\/\/www.avant-pays-savoyard.com\/smaps\/#website","url":"https:\/\/www.avant-pays-savoyard.com\/smaps\/","name":"Syndicat Mixte Avant-Pays Savoyard","description":"Site du SMAPS","publisher":{"@id":"https:\/\/www.avant-pays-savoyard.com\/smaps\/#organization"},"potentialAction":[{"@type":"SearchAction","target":{"@type":"EntryPoint","urlTemplate":"https:\/\/www.avant-pays-savoyard.com\/smaps\/?s={search_term_string}"},"query-input":{"@type":"PropertyValueSpecification","valueRequired":true,"valueName":"search_term_string"}}],"inLanguage":"fr-FR"},{"@type":"Organization","@id":"https:\/\/www.avant-pays-savoyard.com\/smaps\/#organization","name":"Avant Pays Savoyard","url":"https:\/\/www.avant-pays-savoyard.com\/smaps\/","logo":{"@type":"ImageObject","inLanguage":"fr-FR","@id":"https:\/\/www.avant-pays-savoyard.com\/smaps\/#\/schema\/logo\/image\/","url":"https:\/\/www.avant-pays-savoyard.com\/smaps\/wp-content\/uploads\/2020\/11\/logo-smaps.png","contentUrl":"https:\/\/www.avant-pays-savoyard.com\/smaps\/wp-content\/uploads\/2020\/11\/logo-smaps.png","width":1617,"height":738,"caption":"Avant Pays Savoyard"},"image":{"@id":"https:\/\/www.avant-pays-savoyard.com\/smaps\/#\/schema\/logo\/image\/"},"sameAs":["https:\/\/www.facebook.com\/philippe.smaps?eid=ARBa3pcAa8gXFS8WNK_PRvsO8QdGpgIOahlkYUZ_fHoQSowEaz5KpN0GqL0PUxNL0ZbTsFwcVmpWqAsm"]},{"@type":"Person","@id":"https:\/\/www.avant-pays-savoyard.com\/smaps\/#\/schema\/person\/97c9f75644fa5ca03f84c36512d45878","name":"SMAPS","image":{"@type":"ImageObject","inLanguage":"fr-FR","@id":"https:\/\/secure.gravatar.com\/avatar\/5f82331f1fbc0b612bc82f92d18052f29701b5b494fd518e67c6c8d7d646b105?s=96&d=mm&r=g","url":"https:\/\/secure.gravatar.com\/avatar\/5f82331f1fbc0b612bc82f92d18052f29701b5b494fd518e67c6c8d7d646b105?s=96&d=mm&r=g","contentUrl":"https:\/\/secure.gravatar.com\/avatar\/5f82331f1fbc0b612bc82f92d18052f29701b5b494fd518e67c6c8d7d646b105?s=96&d=mm&r=g","caption":"SMAPS"}}]}},"publishpress_future_action":{"enabled":false,"date":"2026-05-08 03:12:59","action":"change-status","newStatus":"draft","terms":[],"taxonomy":"category","extraData":[]},"publishpress_future_workflow_manual_trigger":{"enabledWorkflows":[]},"_links":{"self":[{"href":"https:\/\/www.avant-pays-savoyard.com\/smaps\/wp-json\/wp\/v2\/posts\/4694","targetHints":{"allow":["GET"]}}],"collection":[{"href":"https:\/\/www.avant-pays-savoyard.com\/smaps\/wp-json\/wp\/v2\/posts"}],"about":[{"href":"https:\/\/www.avant-pays-savoyard.com\/smaps\/wp-json\/wp\/v2\/types\/post"}],"author":[{"embeddable":true,"href":"https:\/\/www.avant-pays-savoyard.com\/smaps\/wp-json\/wp\/v2\/users\/2"}],"replies":[{"embeddable":true,"href":"https:\/\/www.avant-pays-savoyard.com\/smaps\/wp-json\/wp\/v2\/comments?post=4694"}],"version-history":[{"count":1,"href":"https:\/\/www.avant-pays-savoyard.com\/smaps\/wp-json\/wp\/v2\/posts\/4694\/revisions"}],"predecessor-version":[{"id":4696,"href":"https:\/\/www.avant-pays-savoyard.com\/smaps\/wp-json\/wp\/v2\/posts\/4694\/revisions\/4696"}],"wp:featuredmedia":[{"embeddable":true,"href":"https:\/\/www.avant-pays-savoyard.com\/smaps\/wp-json\/wp\/v2\/media\/4695"}],"wp:attachment":[{"href":"https:\/\/www.avant-pays-savoyard.com\/smaps\/wp-json\/wp\/v2\/media?parent=4694"}],"wp:term":[{"taxonomy":"category","embeddable":true,"href":"https:\/\/www.avant-pays-savoyard.com\/smaps\/wp-json\/wp\/v2\/categories?post=4694"},{"taxonomy":"post_tag","embeddable":true,"href":"https:\/\/www.avant-pays-savoyard.com\/smaps\/wp-json\/wp\/v2\/tags?post=4694"}],"curies":[{"name":"wp","href":"https:\/\/api.w.org\/{rel}","templated":true}]}}