{"id":4786,"date":"2022-12-12T13:54:02","date_gmt":"2022-12-12T12:54:02","guid":{"rendered":"https:\/\/www.avant-pays-savoyard.com\/smaps\/?p=4786"},"modified":"2022-12-12T14:38:37","modified_gmt":"2022-12-12T13:38:37","slug":"remise-des-prix-eco-defis-les-entreprises-se-mobilisent-pour-la-transition","status":"publish","type":"post","link":"https:\/\/www.avant-pays-savoyard.com\/smaps\/remise-des-prix-eco-defis-les-entreprises-se-mobilisent-pour-la-transition\/","title":{"rendered":"Remise des prix Eco-D\u00e9fis : les entreprises se mobilisent pour la transition !"},"content":{"rendered":"<p>Ce jeudi 8 d\u00e9cembre soir, en parall\u00e8le de la f\u00eate des lumi\u00e8res, avait lieu la c\u00e9r\u00e9monie de remise des prix <a href=\"https:\/\/www.avant-pays-savoyard.com\/smaps\/project\/energiepositive-ecodefis\/\">Eco-D\u00e9fis<\/a> \u00e0 Saint-B\u00e9ron, en pr\u00e9sence d&rsquo;une trentaine d&rsquo;\u00e9lus et entreprises du territoire.<\/p>\n<p>5 entreprises, artisans ou commer\u00e7ants, se sont vus r\u00e9compens\u00e9s pour leurs actions en faveur de l&rsquo;environnement. Garagiste, fleuriste, agent immobilier, esth\u00e9ticienne, \u00e9picier&#8230; Des profils tr\u00e8s divers, qui portent des d\u00e9marches inspirantes au sein de leur structure et aupr\u00e8s de leurs clients !<\/p>\n<p>\u00ab\u00a0En isolant l&rsquo;ensemble du garage, on a fait des \u00e9conomies d&rsquo;\u00e9nergies consid\u00e9rables. En plus, on autoproduit notre \u00e9lectricit\u00e9 avec un syst\u00e8me photovolta\u00efque en toiture. La facture d&rsquo;\u00e9nergie est pass\u00e9e de 2500-3000 \u20ac \u00e0 400 \u20ac.\u00a0\u00bb a pu t\u00e9moign\u00e9 <strong>Michel ROSSI, g\u00e9rant d&rsquo;un garage \u00e0 Saint-B\u00e9ron<\/strong>, et r\u00e9compens\u00e9 par <strong>le coup de coeur du jury<\/strong> pour l&rsquo;ensemble de ses actions. En plus des \u00e9conomies g\u00e9n\u00e9r\u00e9es, le confort de travail a \u00e9t\u00e9\u00a0 \u00e9galement fortement am\u00e9lior\u00e9 au sein de l&rsquo;entreprise en permettant de ne plus travailler dans le froid.<\/p>\n<p style=\"text-align: center;\"><img loading=\"lazy\" decoding=\"async\" class=\"alignnone size-medium wp-image-4792\" src=\"https:\/\/www.avant-pays-savoyard.com\/smaps\/wp-content\/uploads\/2022\/12\/Visite_Garage_Rossi-300x200.jpg\" alt=\"\" width=\"300\" height=\"200\" \/> <img loading=\"lazy\" decoding=\"async\" class=\"alignnone size-medium wp-image-4795\" src=\"https:\/\/www.avant-pays-savoyard.com\/smaps\/wp-content\/uploads\/2022\/12\/Visite_garage_Rossi_3-300x200.jpg\" alt=\"\" width=\"300\" height=\"200\" \/><\/p>\n<p>Marie-Lise MARCHAIS et Christophe VEUILLET, Vices-Pr\u00e9sidents du Syndicat Mixte de l&rsquo;Avant-Pays Savoyard, ont rappel\u00e9 l&rsquo;engagement du territoire pour la transition \u00e9nerg\u00e9tique. \u00ab\u00a0A travers les Eco-D\u00e9fis, on souhaite favoriser l&rsquo;engagement des artisans et commer\u00e7ants et valoriser les initiatives\u00a0\u00bb. Accompagn\u00e9 dans leurs d\u00e9marches par la Chambre des M\u00e9tiers et de l&rsquo;Artisanat, les entreprises volontaires peuvent ainsi se voir labelliser pour leurs actions et r\u00e9compenser.<\/p>\n<p><img loading=\"lazy\" decoding=\"async\" class=\"alignnone size-medium wp-image-4794 aligncenter\" src=\"https:\/\/www.avant-pays-savoyard.com\/smaps\/wp-content\/uploads\/2022\/12\/Visite_garage_Rossi_2-300x200.jpg\" alt=\"\" width=\"300\" height=\"200\" \/><\/p>\n<p>5 entreprises laur\u00e9ats ont ainsi pu recevoir leurs prix ce jeudi soir, entour\u00e9s par leurs familles et par de nombreux \u00e9lus :<\/p>\n<ul>\n<li><strong>Garage Rossi<\/strong>, Garagiste \u00e0 Saint-B\u00e9ron &#8211; Niveau <strong>Or<\/strong> et <strong>Coup de Coeur du jury<\/strong>. Michel ROSSI a fait r\u00e9nover l&rsquo;ensemble de son atelier, install\u00e9 un syst\u00e8me de production d&rsquo;\u00e9lectricit\u00e9 photovolta\u00efque pour l&rsquo;autoconsommation et changer son chauffage. Il met \u00e9galement une voiture \u00e9lectrique \u00e0 disposition pour d\u00e9panner ses clients, et a am\u00e9lior\u00e9 le stockage de ses d\u00e9chets dangereux \u00e0 travers la mise en place de bacs de r\u00e9tention.<\/li>\n<\/ul>\n<p><img loading=\"lazy\" decoding=\"async\" class=\"size-medium wp-image-4793 aligncenter\" src=\"https:\/\/www.avant-pays-savoyard.com\/smaps\/wp-content\/uploads\/2022\/12\/Visite_garage_rossi_1-300x200.jpg\" alt=\"\" width=\"300\" height=\"200\" \/><\/p>\n<ul>\n<li><strong>C&rsquo;est Ma Nature<\/strong>, fleuriste \u00e0 Yenne &#8211; Niveau <strong>Or<\/strong>. L&rsquo;artisan Yanne MARIN a notamment <strong>adapt\u00e9 les plannings<\/strong> des salari\u00e9es pour faciliter <strong>le covoiturage<\/strong> entre elles. L&rsquo;entreprise propose une palette de fleurs de production fran\u00e7aise, et embauche un apprenti.<\/li>\n<\/ul>\n<p><img loading=\"lazy\" decoding=\"async\" class=\"size-medium wp-image-4796 aligncenter\" src=\"https:\/\/www.avant-pays-savoyard.com\/smaps\/wp-content\/uploads\/2022\/12\/DSC08199-300x200.jpg\" alt=\"\" width=\"300\" height=\"200\" \/><\/p>\n<ul>\n<li><strong>L&rsquo;Epicerie du Coing<\/strong>, \u00e9picerie \u00e0 Novalaise &#8211; Niveau <strong>Or<\/strong>. Le commerce promeut particuli\u00e8rement le vrac et depuis peu<strong> la consigne<\/strong>. Les clients peuvent ainsi ramener leurs bouteilles de bi\u00e8re qui seront ainsi r\u00e9utilis\u00e9es.<\/li>\n<\/ul>\n<p><img loading=\"lazy\" decoding=\"async\" class=\"alignnone size-medium wp-image-4791 aligncenter\" src=\"https:\/\/www.avant-pays-savoyard.com\/smaps\/wp-content\/uploads\/2022\/12\/EpicerieCoing-EcoDefis-300x200.jpg\" alt=\"\" width=\"300\" height=\"200\" \/><\/p>\n<ul>\n<li><strong>Amour de soi<\/strong>, esth\u00e9ticienne \u00e0 Saint-Genix-Les-Villages &#8211; Niveau <strong>Argent. <\/strong>Audrey BIARD forme r\u00e9guli\u00e8rement des apprentis, et utilise du mat\u00e9riel lavable dans une d\u00e9marche de r\u00e9duction des d\u00e9chets.<\/li>\n<\/ul>\n<p><img loading=\"lazy\" decoding=\"async\" class=\"alignnone size-medium wp-image-4789 aligncenter\" src=\"https:\/\/www.avant-pays-savoyard.com\/smaps\/wp-content\/uploads\/2022\/12\/AmourDeSoi-EcoDefis-300x200.jpg\" alt=\"\" width=\"300\" height=\"200\" \/><\/p>\n<ul>\n<li><strong>Comparet Immobilier<\/strong>, agence immobili\u00e8re \u00e0 Saint-Genix-Les-Villages &#8211; Niveau <strong>Bronze. <\/strong>L&rsquo;agence a notamment r\u00e9nov\u00e9 son local, permettant de r\u00e9duire la facture tout en am\u00e9liorant sa visibilit\u00e9.<\/li>\n<\/ul>\n<p><img loading=\"lazy\" decoding=\"async\" class=\"size-medium wp-image-4790 aligncenter\" src=\"https:\/\/www.avant-pays-savoyard.com\/smaps\/wp-content\/uploads\/2022\/12\/Comparet_Immobilier-EcoDefis-300x200.jpg\" alt=\"\" width=\"300\" height=\"200\" \/><\/p>\n<p>Bapt\u00eame de parapente, tickets de cin\u00e9ma et journ\u00e9es Via Ferrata\/Cano\u00e9 : les entreprises ont \u00e9t\u00e9 r\u00e9compens\u00e9es pour leurs actions et encourager \u00e0 poursuivre leur d\u00e9marche. La soir\u00e9e et les discussions se sont ensuite poursuivis autour d&rsquo;un verre.<\/p>\n<p style=\"text-align: center;\">\u00a0<img loading=\"lazy\" decoding=\"async\" class=\"alignnone size-medium wp-image-4797\" src=\"https:\/\/www.avant-pays-savoyard.com\/smaps\/wp-content\/uploads\/2022\/12\/DSC08201-300x200.jpg\" alt=\"\" width=\"300\" height=\"200\" \/> <img loading=\"lazy\" decoding=\"async\" class=\"alignnone size-medium wp-image-4798\" src=\"https:\/\/www.avant-pays-savoyard.com\/smaps\/wp-content\/uploads\/2022\/12\/DSC08202-300x200.jpg\" alt=\"\" width=\"300\" height=\"200\" \/><\/p>\n<p>10 autres entreprises sont actuellement accompagn\u00e9es et engag\u00e9es, pour des labellisations futures. Int\u00e9ress\u00e9 pour rentrer dans la d\u00e9marche ? Plus d&rsquo;infos sur la page internet <a href=\"https:\/\/www.avant-pays-savoyard.com\/smaps\/project\/energiepositive-ecodefis\/\">Eco-D\u00e9fis<\/a> et aupr\u00e8s de Nicolas CHATON (04 79 69 94 44, nicolas.chaton@cma-auvergnerhonealpes.fr).<\/p>\n<p>L&rsquo;Avant-Pays Savoyard est le premier territoire en Auvergne-Rh\u00f4ne-Alpes a avoir lanc\u00e9 les Eco-D\u00e9fis, en partenariat avec la Chambre des M\u00e9tiers et de l&rsquo;Artisanat. Cette action b\u00e9n\u00e9ficie du soutien de l&rsquo;ADEME.<\/p>\n<p><img loading=\"lazy\" decoding=\"async\" class=\"alignnone size-full wp-image-3877\" src=\"https:\/\/www.avant-pays-savoyard.com\/smaps\/wp-content\/uploads\/2021\/11\/eco-defi.jpg\" alt=\"\" width=\"245\" height=\"150\" \/><img loading=\"lazy\" decoding=\"async\" class=\"alignnone size-medium wp-image-3884\" src=\"https:\/\/www.avant-pays-savoyard.com\/smaps\/wp-content\/uploads\/2021\/11\/cma-savoie-logo_0-300x127.png\" alt=\"\" width=\"300\" height=\"127\" \/>\u00a0 <img loading=\"lazy\" decoding=\"async\" class=\"alignnone size-medium wp-image-4788\" src=\"https:\/\/www.avant-pays-savoyard.com\/smaps\/wp-content\/uploads\/2022\/12\/logo-SMAPS-TEPOS-300x141.png\" alt=\"\" width=\"300\" height=\"141\" \/><img loading=\"lazy\" decoding=\"async\" class=\"alignnone wp-image-3367\" src=\"https:\/\/www.avant-pays-savoyard.com\/smaps\/wp-content\/uploads\/2021\/10\/ademe-logo-2-281x300.jpg\" alt=\"\" width=\"148\" height=\"158\" \/><\/p>\n","protected":false},"excerpt":{"rendered":"<p>Ce jeudi 8 d\u00e9cembre soir, en parall\u00e8le de la f\u00eate des lumi\u00e8res, avait lieu la c\u00e9r\u00e9monie de remise des prix Eco-D\u00e9fis \u00e0 Saint-B\u00e9ron, en pr\u00e9sence d&rsquo;une trentaine d&rsquo;\u00e9lus et entreprises du territoire. 5 entreprises, artisans ou commer\u00e7ants, se sont vus r\u00e9compens\u00e9s pour leurs actions en faveur de l&rsquo;environnement. Garagiste, fleuriste, agent immobilier, esth\u00e9ticienne, \u00e9picier&#8230; Des [&hellip;]<\/p>\n","protected":false},"author":2,"featured_media":4801,"comment_status":"closed","ping_status":"closed","sticky":false,"template":"","format":"standard","meta":{"_et_pb_use_builder":"","_et_pb_old_content":"","_et_gb_content_width":"","_monsterinsights_skip_tracking":false,"_monsterinsights_sitenote_active":false,"_monsterinsights_sitenote_note":"","_monsterinsights_sitenote_category":0,"footnotes":""},"categories":[30,29,35,9,6,1,32],"tags":[],"class_list":["post-4786","post","type-post","status-publish","format-standard","has-post-thumbnail","hentry","category-a-la-une","category-actus","category-eco-defis","category-economie","category-environnement-et-energie","category-infos-generales","category-tepos"],"yoast_head":"<!-- This site is optimized with the Yoast SEO plugin v27.5 - https:\/\/yoast.com\/product\/yoast-seo-wordpress\/ -->\n<title>Remise des prix Eco-D\u00e9fis : les entreprises se mobilisent pour la transition ! | Avant Pays Savoyard<\/title>\n<meta name=\"description\" content=\"Remise des prix Eco-D\u00e9fis : les entreprises se mobilisent pour la transition ! | Avant Pays Savoyard\" \/>\n<meta name=\"robots\" content=\"index, follow, max-snippet:-1, max-image-preview:large, max-video-preview:-1\" \/>\n<link rel=\"canonical\" href=\"https:\/\/www.avant-pays-savoyard.com\/smaps\/remise-des-prix-eco-defis-les-entreprises-se-mobilisent-pour-la-transition\/\" \/>\n<meta property=\"og:locale\" content=\"fr_FR\" \/>\n<meta property=\"og:type\" content=\"article\" \/>\n<meta property=\"og:title\" content=\"Remise des prix Eco-D\u00e9fis : les entreprises se mobilisent pour la transition ! | Avant Pays Savoyard\" \/>\n<meta property=\"og:description\" content=\"Remise des prix Eco-D\u00e9fis : les entreprises se mobilisent pour la transition ! | Avant Pays Savoyard\" \/>\n<meta property=\"og:url\" content=\"https:\/\/www.avant-pays-savoyard.com\/smaps\/remise-des-prix-eco-defis-les-entreprises-se-mobilisent-pour-la-transition\/\" \/>\n<meta property=\"og:site_name\" content=\"Syndicat Mixte Avant-Pays Savoyard\" \/>\n<meta property=\"article:publisher\" content=\"https:\/\/www.facebook.com\/philippe.smaps?eid=ARBa3pcAa8gXFS8WNK_PRvsO8QdGpgIOahlkYUZ_fHoQSowEaz5KpN0GqL0PUxNL0ZbTsFwcVmpWqAsm\" \/>\n<meta property=\"article:published_time\" content=\"2022-12-12T12:54:02+00:00\" \/>\n<meta property=\"article:modified_time\" content=\"2022-12-12T13:38:37+00:00\" \/>\n<meta property=\"og:image\" content=\"https:\/\/www.avant-pays-savoyard.com\/smaps\/wp-content\/uploads\/2022\/12\/319746462_6347753308571417_4809796757835180152_n.jpg\" \/>\n\t<meta property=\"og:image:width\" content=\"960\" \/>\n\t<meta property=\"og:image:height\" content=\"720\" \/>\n\t<meta property=\"og:image:type\" content=\"image\/jpeg\" \/>\n<meta name=\"author\" content=\"SMAPS\" \/>\n<meta name=\"twitter:card\" content=\"summary_large_image\" \/>\n<meta name=\"twitter:label1\" content=\"\u00c9crit par\" \/>\n\t<meta name=\"twitter:data1\" content=\"SMAPS\" \/>\n\t<meta name=\"twitter:label2\" content=\"Dur\u00e9e de lecture estim\u00e9e\" \/>\n\t<meta name=\"twitter:data2\" content=\"6 minutes\" \/>\n<script type=\"application\/ld+json\" class=\"yoast-schema-graph\">{\"@context\":\"https:\\\/\\\/schema.org\",\"@graph\":[{\"@type\":\"Article\",\"@id\":\"https:\\\/\\\/www.avant-pays-savoyard.com\\\/smaps\\\/remise-des-prix-eco-defis-les-entreprises-se-mobilisent-pour-la-transition\\\/#article\",\"isPartOf\":{\"@id\":\"https:\\\/\\\/www.avant-pays-savoyard.com\\\/smaps\\\/remise-des-prix-eco-defis-les-entreprises-se-mobilisent-pour-la-transition\\\/\"},\"author\":{\"name\":\"SMAPS\",\"@id\":\"https:\\\/\\\/www.avant-pays-savoyard.com\\\/smaps\\\/#\\\/schema\\\/person\\\/97c9f75644fa5ca03f84c36512d45878\"},\"headline\":\"Remise des prix Eco-D\u00e9fis : les entreprises se mobilisent pour la transition !\",\"datePublished\":\"2022-12-12T12:54:02+00:00\",\"dateModified\":\"2022-12-12T13:38:37+00:00\",\"mainEntityOfPage\":{\"@id\":\"https:\\\/\\\/www.avant-pays-savoyard.com\\\/smaps\\\/remise-des-prix-eco-defis-les-entreprises-se-mobilisent-pour-la-transition\\\/\"},\"wordCount\":633,\"publisher\":{\"@id\":\"https:\\\/\\\/www.avant-pays-savoyard.com\\\/smaps\\\/#organization\"},\"image\":{\"@id\":\"https:\\\/\\\/www.avant-pays-savoyard.com\\\/smaps\\\/remise-des-prix-eco-defis-les-entreprises-se-mobilisent-pour-la-transition\\\/#primaryimage\"},\"thumbnailUrl\":\"https:\\\/\\\/www.avant-pays-savoyard.com\\\/smaps\\\/wp-content\\\/uploads\\\/2022\\\/12\\\/319746462_6347753308571417_4809796757835180152_n.jpg\",\"articleSection\":[\"\u00c0 la une\",\"Actualit\u00e9s\",\"ECO-DEFIS\",\"\u00c9conomie\",\"Environnement et \u00e9nergie\",\"Infos g\u00e9n\u00e9rales\",\"TEPOS\"],\"inLanguage\":\"fr-FR\"},{\"@type\":\"WebPage\",\"@id\":\"https:\\\/\\\/www.avant-pays-savoyard.com\\\/smaps\\\/remise-des-prix-eco-defis-les-entreprises-se-mobilisent-pour-la-transition\\\/\",\"url\":\"https:\\\/\\\/www.avant-pays-savoyard.com\\\/smaps\\\/remise-des-prix-eco-defis-les-entreprises-se-mobilisent-pour-la-transition\\\/\",\"name\":\"Remise des prix Eco-D\u00e9fis : les entreprises se mobilisent pour la transition ! | Avant Pays Savoyard\",\"isPartOf\":{\"@id\":\"https:\\\/\\\/www.avant-pays-savoyard.com\\\/smaps\\\/#website\"},\"primaryImageOfPage\":{\"@id\":\"https:\\\/\\\/www.avant-pays-savoyard.com\\\/smaps\\\/remise-des-prix-eco-defis-les-entreprises-se-mobilisent-pour-la-transition\\\/#primaryimage\"},\"image\":{\"@id\":\"https:\\\/\\\/www.avant-pays-savoyard.com\\\/smaps\\\/remise-des-prix-eco-defis-les-entreprises-se-mobilisent-pour-la-transition\\\/#primaryimage\"},\"thumbnailUrl\":\"https:\\\/\\\/www.avant-pays-savoyard.com\\\/smaps\\\/wp-content\\\/uploads\\\/2022\\\/12\\\/319746462_6347753308571417_4809796757835180152_n.jpg\",\"datePublished\":\"2022-12-12T12:54:02+00:00\",\"dateModified\":\"2022-12-12T13:38:37+00:00\",\"description\":\"Remise des prix Eco-D\u00e9fis : les entreprises se mobilisent pour la transition ! | Avant Pays Savoyard\",\"breadcrumb\":{\"@id\":\"https:\\\/\\\/www.avant-pays-savoyard.com\\\/smaps\\\/remise-des-prix-eco-defis-les-entreprises-se-mobilisent-pour-la-transition\\\/#breadcrumb\"},\"inLanguage\":\"fr-FR\",\"potentialAction\":[{\"@type\":\"ReadAction\",\"target\":[\"https:\\\/\\\/www.avant-pays-savoyard.com\\\/smaps\\\/remise-des-prix-eco-defis-les-entreprises-se-mobilisent-pour-la-transition\\\/\"]}]},{\"@type\":\"ImageObject\",\"inLanguage\":\"fr-FR\",\"@id\":\"https:\\\/\\\/www.avant-pays-savoyard.com\\\/smaps\\\/remise-des-prix-eco-defis-les-entreprises-se-mobilisent-pour-la-transition\\\/#primaryimage\",\"url\":\"https:\\\/\\\/www.avant-pays-savoyard.com\\\/smaps\\\/wp-content\\\/uploads\\\/2022\\\/12\\\/319746462_6347753308571417_4809796757835180152_n.jpg\",\"contentUrl\":\"https:\\\/\\\/www.avant-pays-savoyard.com\\\/smaps\\\/wp-content\\\/uploads\\\/2022\\\/12\\\/319746462_6347753308571417_4809796757835180152_n.jpg\",\"width\":960,\"height\":720},{\"@type\":\"BreadcrumbList\",\"@id\":\"https:\\\/\\\/www.avant-pays-savoyard.com\\\/smaps\\\/remise-des-prix-eco-defis-les-entreprises-se-mobilisent-pour-la-transition\\\/#breadcrumb\",\"itemListElement\":[{\"@type\":\"ListItem\",\"position\":1,\"name\":\"Accueil\",\"item\":\"https:\\\/\\\/www.avant-pays-savoyard.com\\\/smaps\\\/\"},{\"@type\":\"ListItem\",\"position\":2,\"name\":\"\u00c0 la une\",\"item\":\"https:\\\/\\\/www.avant-pays-savoyard.com\\\/smaps\\\/category\\\/a-la-une\\\/\"},{\"@type\":\"ListItem\",\"position\":3,\"name\":\"Remise des prix Eco-D\u00e9fis : les entreprises se mobilisent pour la transition !\"}]},{\"@type\":\"WebSite\",\"@id\":\"https:\\\/\\\/www.avant-pays-savoyard.com\\\/smaps\\\/#website\",\"url\":\"https:\\\/\\\/www.avant-pays-savoyard.com\\\/smaps\\\/\",\"name\":\"Syndicat Mixte Avant-Pays Savoyard\",\"description\":\"Site du SMAPS\",\"publisher\":{\"@id\":\"https:\\\/\\\/www.avant-pays-savoyard.com\\\/smaps\\\/#organization\"},\"potentialAction\":[{\"@type\":\"SearchAction\",\"target\":{\"@type\":\"EntryPoint\",\"urlTemplate\":\"https:\\\/\\\/www.avant-pays-savoyard.com\\\/smaps\\\/?s={search_term_string}\"},\"query-input\":{\"@type\":\"PropertyValueSpecification\",\"valueRequired\":true,\"valueName\":\"search_term_string\"}}],\"inLanguage\":\"fr-FR\"},{\"@type\":\"Organization\",\"@id\":\"https:\\\/\\\/www.avant-pays-savoyard.com\\\/smaps\\\/#organization\",\"name\":\"Avant Pays Savoyard\",\"url\":\"https:\\\/\\\/www.avant-pays-savoyard.com\\\/smaps\\\/\",\"logo\":{\"@type\":\"ImageObject\",\"inLanguage\":\"fr-FR\",\"@id\":\"https:\\\/\\\/www.avant-pays-savoyard.com\\\/smaps\\\/#\\\/schema\\\/logo\\\/image\\\/\",\"url\":\"https:\\\/\\\/www.avant-pays-savoyard.com\\\/smaps\\\/wp-content\\\/uploads\\\/2020\\\/11\\\/logo-smaps.png\",\"contentUrl\":\"https:\\\/\\\/www.avant-pays-savoyard.com\\\/smaps\\\/wp-content\\\/uploads\\\/2020\\\/11\\\/logo-smaps.png\",\"width\":1617,\"height\":738,\"caption\":\"Avant Pays Savoyard\"},\"image\":{\"@id\":\"https:\\\/\\\/www.avant-pays-savoyard.com\\\/smaps\\\/#\\\/schema\\\/logo\\\/image\\\/\"},\"sameAs\":[\"https:\\\/\\\/www.facebook.com\\\/philippe.smaps?eid=ARBa3pcAa8gXFS8WNK_PRvsO8QdGpgIOahlkYUZ_fHoQSowEaz5KpN0GqL0PUxNL0ZbTsFwcVmpWqAsm\"]},{\"@type\":\"Person\",\"@id\":\"https:\\\/\\\/www.avant-pays-savoyard.com\\\/smaps\\\/#\\\/schema\\\/person\\\/97c9f75644fa5ca03f84c36512d45878\",\"name\":\"SMAPS\",\"image\":{\"@type\":\"ImageObject\",\"inLanguage\":\"fr-FR\",\"@id\":\"https:\\\/\\\/secure.gravatar.com\\\/avatar\\\/5f82331f1fbc0b612bc82f92d18052f29701b5b494fd518e67c6c8d7d646b105?s=96&d=mm&r=g\",\"url\":\"https:\\\/\\\/secure.gravatar.com\\\/avatar\\\/5f82331f1fbc0b612bc82f92d18052f29701b5b494fd518e67c6c8d7d646b105?s=96&d=mm&r=g\",\"contentUrl\":\"https:\\\/\\\/secure.gravatar.com\\\/avatar\\\/5f82331f1fbc0b612bc82f92d18052f29701b5b494fd518e67c6c8d7d646b105?s=96&d=mm&r=g\",\"caption\":\"SMAPS\"}}]}<\/script>\n<!-- \/ Yoast SEO plugin. -->","yoast_head_json":{"title":"Remise des prix Eco-D\u00e9fis : les entreprises se mobilisent pour la transition ! | Avant Pays Savoyard","description":"Remise des prix Eco-D\u00e9fis : les entreprises se mobilisent pour la transition ! | Avant Pays Savoyard","robots":{"index":"index","follow":"follow","max-snippet":"max-snippet:-1","max-image-preview":"max-image-preview:large","max-video-preview":"max-video-preview:-1"},"canonical":"https:\/\/www.avant-pays-savoyard.com\/smaps\/remise-des-prix-eco-defis-les-entreprises-se-mobilisent-pour-la-transition\/","og_locale":"fr_FR","og_type":"article","og_title":"Remise des prix Eco-D\u00e9fis : les entreprises se mobilisent pour la transition ! | Avant Pays Savoyard","og_description":"Remise des prix Eco-D\u00e9fis : les entreprises se mobilisent pour la transition ! | Avant Pays Savoyard","og_url":"https:\/\/www.avant-pays-savoyard.com\/smaps\/remise-des-prix-eco-defis-les-entreprises-se-mobilisent-pour-la-transition\/","og_site_name":"Syndicat Mixte Avant-Pays Savoyard","article_publisher":"https:\/\/www.facebook.com\/philippe.smaps?eid=ARBa3pcAa8gXFS8WNK_PRvsO8QdGpgIOahlkYUZ_fHoQSowEaz5KpN0GqL0PUxNL0ZbTsFwcVmpWqAsm","article_published_time":"2022-12-12T12:54:02+00:00","article_modified_time":"2022-12-12T13:38:37+00:00","og_image":[{"width":960,"height":720,"url":"https:\/\/www.avant-pays-savoyard.com\/smaps\/wp-content\/uploads\/2022\/12\/319746462_6347753308571417_4809796757835180152_n.jpg","type":"image\/jpeg"}],"author":"SMAPS","twitter_card":"summary_large_image","twitter_misc":{"\u00c9crit par":"SMAPS","Dur\u00e9e de lecture estim\u00e9e":"6 minutes"},"schema":{"@context":"https:\/\/schema.org","@graph":[{"@type":"Article","@id":"https:\/\/www.avant-pays-savoyard.com\/smaps\/remise-des-prix-eco-defis-les-entreprises-se-mobilisent-pour-la-transition\/#article","isPartOf":{"@id":"https:\/\/www.avant-pays-savoyard.com\/smaps\/remise-des-prix-eco-defis-les-entreprises-se-mobilisent-pour-la-transition\/"},"author":{"name":"SMAPS","@id":"https:\/\/www.avant-pays-savoyard.com\/smaps\/#\/schema\/person\/97c9f75644fa5ca03f84c36512d45878"},"headline":"Remise des prix Eco-D\u00e9fis : les entreprises se mobilisent pour la transition !","datePublished":"2022-12-12T12:54:02+00:00","dateModified":"2022-12-12T13:38:37+00:00","mainEntityOfPage":{"@id":"https:\/\/www.avant-pays-savoyard.com\/smaps\/remise-des-prix-eco-defis-les-entreprises-se-mobilisent-pour-la-transition\/"},"wordCount":633,"publisher":{"@id":"https:\/\/www.avant-pays-savoyard.com\/smaps\/#organization"},"image":{"@id":"https:\/\/www.avant-pays-savoyard.com\/smaps\/remise-des-prix-eco-defis-les-entreprises-se-mobilisent-pour-la-transition\/#primaryimage"},"thumbnailUrl":"https:\/\/www.avant-pays-savoyard.com\/smaps\/wp-content\/uploads\/2022\/12\/319746462_6347753308571417_4809796757835180152_n.jpg","articleSection":["\u00c0 la une","Actualit\u00e9s","ECO-DEFIS","\u00c9conomie","Environnement et \u00e9nergie","Infos g\u00e9n\u00e9rales","TEPOS"],"inLanguage":"fr-FR"},{"@type":"WebPage","@id":"https:\/\/www.avant-pays-savoyard.com\/smaps\/remise-des-prix-eco-defis-les-entreprises-se-mobilisent-pour-la-transition\/","url":"https:\/\/www.avant-pays-savoyard.com\/smaps\/remise-des-prix-eco-defis-les-entreprises-se-mobilisent-pour-la-transition\/","name":"Remise des prix Eco-D\u00e9fis : les entreprises se mobilisent pour la transition ! | Avant Pays Savoyard","isPartOf":{"@id":"https:\/\/www.avant-pays-savoyard.com\/smaps\/#website"},"primaryImageOfPage":{"@id":"https:\/\/www.avant-pays-savoyard.com\/smaps\/remise-des-prix-eco-defis-les-entreprises-se-mobilisent-pour-la-transition\/#primaryimage"},"image":{"@id":"https:\/\/www.avant-pays-savoyard.com\/smaps\/remise-des-prix-eco-defis-les-entreprises-se-mobilisent-pour-la-transition\/#primaryimage"},"thumbnailUrl":"https:\/\/www.avant-pays-savoyard.com\/smaps\/wp-content\/uploads\/2022\/12\/319746462_6347753308571417_4809796757835180152_n.jpg","datePublished":"2022-12-12T12:54:02+00:00","dateModified":"2022-12-12T13:38:37+00:00","description":"Remise des prix Eco-D\u00e9fis : les entreprises se mobilisent pour la transition ! | Avant Pays Savoyard","breadcrumb":{"@id":"https:\/\/www.avant-pays-savoyard.com\/smaps\/remise-des-prix-eco-defis-les-entreprises-se-mobilisent-pour-la-transition\/#breadcrumb"},"inLanguage":"fr-FR","potentialAction":[{"@type":"ReadAction","target":["https:\/\/www.avant-pays-savoyard.com\/smaps\/remise-des-prix-eco-defis-les-entreprises-se-mobilisent-pour-la-transition\/"]}]},{"@type":"ImageObject","inLanguage":"fr-FR","@id":"https:\/\/www.avant-pays-savoyard.com\/smaps\/remise-des-prix-eco-defis-les-entreprises-se-mobilisent-pour-la-transition\/#primaryimage","url":"https:\/\/www.avant-pays-savoyard.com\/smaps\/wp-content\/uploads\/2022\/12\/319746462_6347753308571417_4809796757835180152_n.jpg","contentUrl":"https:\/\/www.avant-pays-savoyard.com\/smaps\/wp-content\/uploads\/2022\/12\/319746462_6347753308571417_4809796757835180152_n.jpg","width":960,"height":720},{"@type":"BreadcrumbList","@id":"https:\/\/www.avant-pays-savoyard.com\/smaps\/remise-des-prix-eco-defis-les-entreprises-se-mobilisent-pour-la-transition\/#breadcrumb","itemListElement":[{"@type":"ListItem","position":1,"name":"Accueil","item":"https:\/\/www.avant-pays-savoyard.com\/smaps\/"},{"@type":"ListItem","position":2,"name":"\u00c0 la une","item":"https:\/\/www.avant-pays-savoyard.com\/smaps\/category\/a-la-une\/"},{"@type":"ListItem","position":3,"name":"Remise des prix Eco-D\u00e9fis : les entreprises se mobilisent pour la transition !"}]},{"@type":"WebSite","@id":"https:\/\/www.avant-pays-savoyard.com\/smaps\/#website","url":"https:\/\/www.avant-pays-savoyard.com\/smaps\/","name":"Syndicat Mixte Avant-Pays Savoyard","description":"Site du SMAPS","publisher":{"@id":"https:\/\/www.avant-pays-savoyard.com\/smaps\/#organization"},"potentialAction":[{"@type":"SearchAction","target":{"@type":"EntryPoint","urlTemplate":"https:\/\/www.avant-pays-savoyard.com\/smaps\/?s={search_term_string}"},"query-input":{"@type":"PropertyValueSpecification","valueRequired":true,"valueName":"search_term_string"}}],"inLanguage":"fr-FR"},{"@type":"Organization","@id":"https:\/\/www.avant-pays-savoyard.com\/smaps\/#organization","name":"Avant Pays Savoyard","url":"https:\/\/www.avant-pays-savoyard.com\/smaps\/","logo":{"@type":"ImageObject","inLanguage":"fr-FR","@id":"https:\/\/www.avant-pays-savoyard.com\/smaps\/#\/schema\/logo\/image\/","url":"https:\/\/www.avant-pays-savoyard.com\/smaps\/wp-content\/uploads\/2020\/11\/logo-smaps.png","contentUrl":"https:\/\/www.avant-pays-savoyard.com\/smaps\/wp-content\/uploads\/2020\/11\/logo-smaps.png","width":1617,"height":738,"caption":"Avant Pays Savoyard"},"image":{"@id":"https:\/\/www.avant-pays-savoyard.com\/smaps\/#\/schema\/logo\/image\/"},"sameAs":["https:\/\/www.facebook.com\/philippe.smaps?eid=ARBa3pcAa8gXFS8WNK_PRvsO8QdGpgIOahlkYUZ_fHoQSowEaz5KpN0GqL0PUxNL0ZbTsFwcVmpWqAsm"]},{"@type":"Person","@id":"https:\/\/www.avant-pays-savoyard.com\/smaps\/#\/schema\/person\/97c9f75644fa5ca03f84c36512d45878","name":"SMAPS","image":{"@type":"ImageObject","inLanguage":"fr-FR","@id":"https:\/\/secure.gravatar.com\/avatar\/5f82331f1fbc0b612bc82f92d18052f29701b5b494fd518e67c6c8d7d646b105?s=96&d=mm&r=g","url":"https:\/\/secure.gravatar.com\/avatar\/5f82331f1fbc0b612bc82f92d18052f29701b5b494fd518e67c6c8d7d646b105?s=96&d=mm&r=g","contentUrl":"https:\/\/secure.gravatar.com\/avatar\/5f82331f1fbc0b612bc82f92d18052f29701b5b494fd518e67c6c8d7d646b105?s=96&d=mm&r=g","caption":"SMAPS"}}]}},"publishpress_future_action":{"enabled":false,"date":"2026-05-06 23:52:27","action":"change-status","newStatus":"draft","terms":[],"taxonomy":"category","extraData":[]},"publishpress_future_workflow_manual_trigger":{"enabledWorkflows":[]},"_links":{"self":[{"href":"https:\/\/www.avant-pays-savoyard.com\/smaps\/wp-json\/wp\/v2\/posts\/4786","targetHints":{"allow":["GET"]}}],"collection":[{"href":"https:\/\/www.avant-pays-savoyard.com\/smaps\/wp-json\/wp\/v2\/posts"}],"about":[{"href":"https:\/\/www.avant-pays-savoyard.com\/smaps\/wp-json\/wp\/v2\/types\/post"}],"author":[{"embeddable":true,"href":"https:\/\/www.avant-pays-savoyard.com\/smaps\/wp-json\/wp\/v2\/users\/2"}],"replies":[{"embeddable":true,"href":"https:\/\/www.avant-pays-savoyard.com\/smaps\/wp-json\/wp\/v2\/comments?post=4786"}],"version-history":[{"count":4,"href":"https:\/\/www.avant-pays-savoyard.com\/smaps\/wp-json\/wp\/v2\/posts\/4786\/revisions"}],"predecessor-version":[{"id":4802,"href":"https:\/\/www.avant-pays-savoyard.com\/smaps\/wp-json\/wp\/v2\/posts\/4786\/revisions\/4802"}],"wp:featuredmedia":[{"embeddable":true,"href":"https:\/\/www.avant-pays-savoyard.com\/smaps\/wp-json\/wp\/v2\/media\/4801"}],"wp:attachment":[{"href":"https:\/\/www.avant-pays-savoyard.com\/smaps\/wp-json\/wp\/v2\/media?parent=4786"}],"wp:term":[{"taxonomy":"category","embeddable":true,"href":"https:\/\/www.avant-pays-savoyard.com\/smaps\/wp-json\/wp\/v2\/categories?post=4786"},{"taxonomy":"post_tag","embeddable":true,"href":"https:\/\/www.avant-pays-savoyard.com\/smaps\/wp-json\/wp\/v2\/tags?post=4786"}],"curies":[{"name":"wp","href":"https:\/\/api.w.org\/{rel}","templated":true}]}}