{"id":4870,"date":"2023-01-13T09:53:59","date_gmt":"2023-01-13T08:53:59","guid":{"rendered":"https:\/\/www.avant-pays-savoyard.com\/smaps\/?p=4870"},"modified":"2023-01-17T11:33:09","modified_gmt":"2023-01-17T10:33:09","slug":"les-petits-detournements-a-la-rencontre-des-eleves","status":"publish","type":"post","link":"https:\/\/www.avant-pays-savoyard.com\/smaps\/les-petits-detournements-a-la-rencontre-des-eleves\/","title":{"rendered":"Les Petits D\u00e9tournements \u00e0 la rencontre des \u00e9l\u00e8ves"},"content":{"rendered":"<p style=\"text-align: left;\"><span class=\"x193iq5w xeuugli x13faqbe x1vvkbs x1xmvt09 x1lliihq x1s928wv xhkezso x1gmr53x x1cpjm7i x1fgarty x1943h6x xudqn12 x3x7a5m x6prxxf xvq8zen xo1l8bm xzsf02u x1yc453h\" dir=\"auto\">Dans le cadre de la Convention Territoriale d\u2019\u00c9ducation Artistique et Culturelle (CTEAC) du territoire, pilot\u00e9e par le Syndicat Mixte de l&rsquo;Avant-Pays Savoyard, <a class=\"x1i10hfl xjbqb8w x6umtig x1b1mbwd xaqea5y xav7gou x9f619 x1ypdohk xt0psk2 xe8uvvx xdj266r x11i5rnm xat24cr x1mh8g0r xexx8yu x4uap5 x18d9i69 xkhd6sd x16tdsg8 x1hl2dhg xggy1nq x1a2a7pz xt0b8zv x1qq9wsj xo1l8bm\" tabindex=\"0\" role=\"link\" href=\"https:\/\/www.facebook.com\/compagnielespetitsdetournements?__cft__[0]=AZVtYcAUDJPTb3voEC2gRnu0PrqivYnbFnNNNyrnGmksQP8j3qy48BLpg2hUZTzF7UYJAwi9s5zRrsz4Uw7gVea4deJu7EHhTxafNwJReYzhIg8At7c7E0wJhQtht1scChJIEhrGCsOr086xlgmOR4KBSxLVi5a4h77kJZR6oGL6q-1lqz5TtkAmGbvURE-kO2PYB1tt9lehpPdB16GTsu69&amp;__tn__=-]K-R\"><span class=\"xt0psk2\">La compagnie Les petits d\u00e9tournements<\/span><\/a> vient de d\u00e9buter son travail de cr\u00e9ation autour de son prochain spectacle. Depuis lundi, c&rsquo;est \u00e0 l&rsquo;\u00e9cole du Rocheray, \u00e0 L\u00e9pin-le-Lac, qu&rsquo;elle s&rsquo;active, et qu&rsquo;elle partage ses r\u00e9flexions et ses avanc\u00e9es au fil de l&rsquo;eau aupr\u00e8s des \u00e9l\u00e8ves de l&rsquo;\u00e9cole ! Dans quelques semaines, la compagnie poursuivra ses r\u00e9sidences et ses actions de m\u00e9diation artistique avec les enfants de l&rsquo;\u00e9cole primaire de Traize et de l&rsquo;\u00e9cole Jean Ferrat de Saint-B\u00e9ron. Le but de la compagnie ? Faire d\u00e9couvrir le processus cr\u00e9atif, les \u00e9tapes ainsi que les outils utilis\u00e9s lors de la cr\u00e9ation d&rsquo;un spectacle !<br \/>\n<\/span><\/p>\n<p>Pour cette CTEAC, la compagnie a imagin\u00e9 un projet en quatre volets distincts, ayant en commun de faire d\u00e9couvrir aux acteurs culturels du territoire, aux associations de pratique culturelle amateur et aux publics \u00ab L\u2019autre c\u00f4t\u00e9 du miroir \u00bb : les coulisses de la cr\u00e9ation et de la diffusion de projet artistique professionnel, le processus cr\u00e9atif, et les rouages de la conception technique d\u2019un \u00e9v\u00e9nement. La th\u00e9matique des \u00ab coulisses \u00bb est un aspect important pour la compagnie : tout spectacle est le fruit d\u2019un travail de pr\u00e9paration, de temps d\u2019\u00e9change et de discussion entre artistes&#8230; Autant de temps et de moment qui ont lieu habituellement loin des regards des partenaires institutionnels et des publics. La transmission de comp\u00e9tences est donc un moyen, pour la compagnie, de continuer \u00e0 faire perdurer le spectacle vivant, susciter des vocations, mais aussi et avant tout, un moyen de partager des pans entiers du travail d\u2019une compagnie professionnelle, afin de sensibiliser les publics aux r\u00e9alit\u00e9s des m\u00e9tiers du spectacle vivant.<\/p>\n<p>Pour rappel, la Convention Territoriale d\u2019\u00c9ducation Artistique et Culturelle (CTEAC) est financ\u00e9e par la Direction r\u00e9gionale des affaires culturelles (Drac), la R\u00e9gion Auvergne-Rh\u00f4ne-Alpes, les communaut\u00e9s de communes du lac d&rsquo;Aiguebelette (CCLA), de Val Guiers (CCVG) et de Yenne (CCY).<\/p>\n<p><strong>Soutenu par<\/strong><\/p>\n<p><img loading=\"lazy\" decoding=\"async\" class=\"alignnone wp-image-4713\" src=\"https:\/\/www.avant-pays-savoyard.com\/smaps\/wp-content\/uploads\/2022\/11\/DRAC-239x300.jpg\" alt=\"\" width=\"98\" height=\"123\" \/>\u00a0 <img loading=\"lazy\" decoding=\"async\" class=\"alignnone wp-image-4667\" src=\"https:\/\/www.avant-pays-savoyard.com\/smaps\/wp-content\/uploads\/2022\/10\/PREF_region_Auvergne_Rhone_Alpes_RVB-290x300.png\" alt=\"\" width=\"122\" height=\"126\" \/> <img loading=\"lazy\" decoding=\"async\" class=\"alignnone wp-image-4666\" src=\"https:\/\/www.avant-pays-savoyard.com\/smaps\/wp-content\/uploads\/2022\/10\/logo-partenaire-region-auvergne-rhone-alpes-rvb-300x150.png\" alt=\"\" width=\"240\" height=\"120\" \/>\u00a0 <img loading=\"lazy\" decoding=\"async\" class=\"alignnone wp-image-4669\" src=\"https:\/\/www.avant-pays-savoyard.com\/smaps\/wp-content\/uploads\/2022\/10\/Val-Guiers-CMJN-290x300.jpg\" alt=\"\" width=\"120\" height=\"125\" \/>\u00a0 <img loading=\"lazy\" decoding=\"async\" class=\"alignnone wp-image-4715\" src=\"https:\/\/www.avant-pays-savoyard.com\/smaps\/wp-content\/uploads\/2022\/11\/Logo_CCLA-300x109.jpg\" alt=\"\" width=\"239\" height=\"87\" \/> \u00a0\u00a0 <img loading=\"lazy\" decoding=\"async\" class=\"alignnone wp-image-4668\" src=\"https:\/\/www.avant-pays-savoyard.com\/smaps\/wp-content\/uploads\/2022\/10\/Communaute-de-communes-Yenne-couleur-300x87.jpg\" alt=\"\" width=\"273\" height=\"79\" \/><\/p>\n","protected":false},"excerpt":{"rendered":"<p>Dans le cadre de la Convention Territoriale d\u2019\u00c9ducation Artistique et Culturelle (CTEAC) du territoire, pilot\u00e9e par le Syndicat Mixte de l&rsquo;Avant-Pays Savoyard, La compagnie Les petits d\u00e9tournements vient de d\u00e9buter son travail de cr\u00e9ation autour de son prochain spectacle. Depuis lundi, c&rsquo;est \u00e0 l&rsquo;\u00e9cole du Rocheray, \u00e0 L\u00e9pin-le-Lac, qu&rsquo;elle s&rsquo;active, et qu&rsquo;elle partage ses r\u00e9flexions [&hellip;]<\/p>\n","protected":false},"author":2,"featured_media":4872,"comment_status":"closed","ping_status":"closed","sticky":false,"template":"","format":"standard","meta":{"_et_pb_use_builder":"","_et_pb_old_content":"","_et_gb_content_width":"","_monsterinsights_skip_tracking":false,"_monsterinsights_sitenote_active":false,"_monsterinsights_sitenote_note":"","_monsterinsights_sitenote_category":0,"footnotes":""},"categories":[30,29,3,1],"tags":[],"class_list":["post-4870","post","type-post","status-publish","format-standard","has-post-thumbnail","hentry","category-a-la-une","category-actus","category-culture","category-infos-generales"],"yoast_head":"<!-- This site is optimized with the Yoast SEO plugin v27.5 - https:\/\/yoast.com\/product\/yoast-seo-wordpress\/ -->\n<title>Les Petits D\u00e9tournements \u00e0 la rencontre des \u00e9l\u00e8ves | Avant Pays Savoyard<\/title>\n<meta name=\"description\" content=\"Les Petits D\u00e9tournements \u00e0 la rencontre des \u00e9l\u00e8ves | Avant Pays Savoyard\" \/>\n<meta name=\"robots\" content=\"index, follow, max-snippet:-1, max-image-preview:large, max-video-preview:-1\" \/>\n<link rel=\"canonical\" href=\"https:\/\/www.avant-pays-savoyard.com\/smaps\/les-petits-detournements-a-la-rencontre-des-eleves\/\" \/>\n<meta property=\"og:locale\" content=\"fr_FR\" \/>\n<meta property=\"og:type\" content=\"article\" \/>\n<meta property=\"og:title\" content=\"Les Petits D\u00e9tournements \u00e0 la rencontre des \u00e9l\u00e8ves | Avant Pays Savoyard\" \/>\n<meta property=\"og:description\" content=\"Les Petits D\u00e9tournements \u00e0 la rencontre des \u00e9l\u00e8ves | Avant Pays Savoyard\" \/>\n<meta property=\"og:url\" content=\"https:\/\/www.avant-pays-savoyard.com\/smaps\/les-petits-detournements-a-la-rencontre-des-eleves\/\" \/>\n<meta property=\"og:site_name\" content=\"Syndicat Mixte Avant-Pays Savoyard\" \/>\n<meta property=\"article:publisher\" content=\"https:\/\/www.facebook.com\/philippe.smaps?eid=ARBa3pcAa8gXFS8WNK_PRvsO8QdGpgIOahlkYUZ_fHoQSowEaz5KpN0GqL0PUxNL0ZbTsFwcVmpWqAsm\" \/>\n<meta property=\"article:published_time\" content=\"2023-01-13T08:53:59+00:00\" \/>\n<meta property=\"article:modified_time\" content=\"2023-01-17T10:33:09+00:00\" \/>\n<meta property=\"og:image\" content=\"https:\/\/www.avant-pays-savoyard.com\/smaps\/wp-content\/uploads\/2023\/01\/P1040592-scaled.jpg\" \/>\n\t<meta property=\"og:image:width\" content=\"2560\" \/>\n\t<meta property=\"og:image:height\" content=\"1920\" \/>\n\t<meta property=\"og:image:type\" content=\"image\/jpeg\" \/>\n<meta name=\"author\" content=\"SMAPS\" \/>\n<meta name=\"twitter:card\" content=\"summary_large_image\" \/>\n<meta name=\"twitter:label1\" content=\"\u00c9crit par\" \/>\n\t<meta name=\"twitter:data1\" content=\"SMAPS\" \/>\n\t<meta name=\"twitter:label2\" content=\"Dur\u00e9e de lecture estim\u00e9e\" \/>\n\t<meta name=\"twitter:data2\" content=\"3 minutes\" \/>\n<script type=\"application\/ld+json\" class=\"yoast-schema-graph\">{\"@context\":\"https:\\\/\\\/schema.org\",\"@graph\":[{\"@type\":\"Article\",\"@id\":\"https:\\\/\\\/www.avant-pays-savoyard.com\\\/smaps\\\/les-petits-detournements-a-la-rencontre-des-eleves\\\/#article\",\"isPartOf\":{\"@id\":\"https:\\\/\\\/www.avant-pays-savoyard.com\\\/smaps\\\/les-petits-detournements-a-la-rencontre-des-eleves\\\/\"},\"author\":{\"name\":\"SMAPS\",\"@id\":\"https:\\\/\\\/www.avant-pays-savoyard.com\\\/smaps\\\/#\\\/schema\\\/person\\\/97c9f75644fa5ca03f84c36512d45878\"},\"headline\":\"Les Petits D\u00e9tournements \u00e0 la rencontre des \u00e9l\u00e8ves\",\"datePublished\":\"2023-01-13T08:53:59+00:00\",\"dateModified\":\"2023-01-17T10:33:09+00:00\",\"mainEntityOfPage\":{\"@id\":\"https:\\\/\\\/www.avant-pays-savoyard.com\\\/smaps\\\/les-petits-detournements-a-la-rencontre-des-eleves\\\/\"},\"wordCount\":377,\"publisher\":{\"@id\":\"https:\\\/\\\/www.avant-pays-savoyard.com\\\/smaps\\\/#organization\"},\"image\":{\"@id\":\"https:\\\/\\\/www.avant-pays-savoyard.com\\\/smaps\\\/les-petits-detournements-a-la-rencontre-des-eleves\\\/#primaryimage\"},\"thumbnailUrl\":\"https:\\\/\\\/www.avant-pays-savoyard.com\\\/smaps\\\/wp-content\\\/uploads\\\/2023\\\/01\\\/P1040592-scaled.jpg\",\"articleSection\":[\"\u00c0 la une\",\"Actualit\u00e9s\",\"Culture\",\"Infos g\u00e9n\u00e9rales\"],\"inLanguage\":\"fr-FR\"},{\"@type\":\"WebPage\",\"@id\":\"https:\\\/\\\/www.avant-pays-savoyard.com\\\/smaps\\\/les-petits-detournements-a-la-rencontre-des-eleves\\\/\",\"url\":\"https:\\\/\\\/www.avant-pays-savoyard.com\\\/smaps\\\/les-petits-detournements-a-la-rencontre-des-eleves\\\/\",\"name\":\"Les Petits D\u00e9tournements \u00e0 la rencontre des \u00e9l\u00e8ves | Avant Pays Savoyard\",\"isPartOf\":{\"@id\":\"https:\\\/\\\/www.avant-pays-savoyard.com\\\/smaps\\\/#website\"},\"primaryImageOfPage\":{\"@id\":\"https:\\\/\\\/www.avant-pays-savoyard.com\\\/smaps\\\/les-petits-detournements-a-la-rencontre-des-eleves\\\/#primaryimage\"},\"image\":{\"@id\":\"https:\\\/\\\/www.avant-pays-savoyard.com\\\/smaps\\\/les-petits-detournements-a-la-rencontre-des-eleves\\\/#primaryimage\"},\"thumbnailUrl\":\"https:\\\/\\\/www.avant-pays-savoyard.com\\\/smaps\\\/wp-content\\\/uploads\\\/2023\\\/01\\\/P1040592-scaled.jpg\",\"datePublished\":\"2023-01-13T08:53:59+00:00\",\"dateModified\":\"2023-01-17T10:33:09+00:00\",\"description\":\"Les Petits D\u00e9tournements \u00e0 la rencontre des \u00e9l\u00e8ves | Avant Pays Savoyard\",\"breadcrumb\":{\"@id\":\"https:\\\/\\\/www.avant-pays-savoyard.com\\\/smaps\\\/les-petits-detournements-a-la-rencontre-des-eleves\\\/#breadcrumb\"},\"inLanguage\":\"fr-FR\",\"potentialAction\":[{\"@type\":\"ReadAction\",\"target\":[\"https:\\\/\\\/www.avant-pays-savoyard.com\\\/smaps\\\/les-petits-detournements-a-la-rencontre-des-eleves\\\/\"]}]},{\"@type\":\"ImageObject\",\"inLanguage\":\"fr-FR\",\"@id\":\"https:\\\/\\\/www.avant-pays-savoyard.com\\\/smaps\\\/les-petits-detournements-a-la-rencontre-des-eleves\\\/#primaryimage\",\"url\":\"https:\\\/\\\/www.avant-pays-savoyard.com\\\/smaps\\\/wp-content\\\/uploads\\\/2023\\\/01\\\/P1040592-scaled.jpg\",\"contentUrl\":\"https:\\\/\\\/www.avant-pays-savoyard.com\\\/smaps\\\/wp-content\\\/uploads\\\/2023\\\/01\\\/P1040592-scaled.jpg\",\"width\":2560,\"height\":1920,\"caption\":\"Les Petits D\u00e9tournements en r\u00e9sidence. Photo Smaps\"},{\"@type\":\"BreadcrumbList\",\"@id\":\"https:\\\/\\\/www.avant-pays-savoyard.com\\\/smaps\\\/les-petits-detournements-a-la-rencontre-des-eleves\\\/#breadcrumb\",\"itemListElement\":[{\"@type\":\"ListItem\",\"position\":1,\"name\":\"Accueil\",\"item\":\"https:\\\/\\\/www.avant-pays-savoyard.com\\\/smaps\\\/\"},{\"@type\":\"ListItem\",\"position\":2,\"name\":\"Infos g\u00e9n\u00e9rales\",\"item\":\"https:\\\/\\\/www.avant-pays-savoyard.com\\\/smaps\\\/category\\\/infos-generales\\\/\"},{\"@type\":\"ListItem\",\"position\":3,\"name\":\"Les Petits D\u00e9tournements \u00e0 la rencontre des \u00e9l\u00e8ves\"}]},{\"@type\":\"WebSite\",\"@id\":\"https:\\\/\\\/www.avant-pays-savoyard.com\\\/smaps\\\/#website\",\"url\":\"https:\\\/\\\/www.avant-pays-savoyard.com\\\/smaps\\\/\",\"name\":\"Syndicat Mixte Avant-Pays Savoyard\",\"description\":\"Site du SMAPS\",\"publisher\":{\"@id\":\"https:\\\/\\\/www.avant-pays-savoyard.com\\\/smaps\\\/#organization\"},\"potentialAction\":[{\"@type\":\"SearchAction\",\"target\":{\"@type\":\"EntryPoint\",\"urlTemplate\":\"https:\\\/\\\/www.avant-pays-savoyard.com\\\/smaps\\\/?s={search_term_string}\"},\"query-input\":{\"@type\":\"PropertyValueSpecification\",\"valueRequired\":true,\"valueName\":\"search_term_string\"}}],\"inLanguage\":\"fr-FR\"},{\"@type\":\"Organization\",\"@id\":\"https:\\\/\\\/www.avant-pays-savoyard.com\\\/smaps\\\/#organization\",\"name\":\"Avant Pays Savoyard\",\"url\":\"https:\\\/\\\/www.avant-pays-savoyard.com\\\/smaps\\\/\",\"logo\":{\"@type\":\"ImageObject\",\"inLanguage\":\"fr-FR\",\"@id\":\"https:\\\/\\\/www.avant-pays-savoyard.com\\\/smaps\\\/#\\\/schema\\\/logo\\\/image\\\/\",\"url\":\"https:\\\/\\\/www.avant-pays-savoyard.com\\\/smaps\\\/wp-content\\\/uploads\\\/2020\\\/11\\\/logo-smaps.png\",\"contentUrl\":\"https:\\\/\\\/www.avant-pays-savoyard.com\\\/smaps\\\/wp-content\\\/uploads\\\/2020\\\/11\\\/logo-smaps.png\",\"width\":1617,\"height\":738,\"caption\":\"Avant Pays Savoyard\"},\"image\":{\"@id\":\"https:\\\/\\\/www.avant-pays-savoyard.com\\\/smaps\\\/#\\\/schema\\\/logo\\\/image\\\/\"},\"sameAs\":[\"https:\\\/\\\/www.facebook.com\\\/philippe.smaps?eid=ARBa3pcAa8gXFS8WNK_PRvsO8QdGpgIOahlkYUZ_fHoQSowEaz5KpN0GqL0PUxNL0ZbTsFwcVmpWqAsm\"]},{\"@type\":\"Person\",\"@id\":\"https:\\\/\\\/www.avant-pays-savoyard.com\\\/smaps\\\/#\\\/schema\\\/person\\\/97c9f75644fa5ca03f84c36512d45878\",\"name\":\"SMAPS\",\"image\":{\"@type\":\"ImageObject\",\"inLanguage\":\"fr-FR\",\"@id\":\"https:\\\/\\\/secure.gravatar.com\\\/avatar\\\/5f82331f1fbc0b612bc82f92d18052f29701b5b494fd518e67c6c8d7d646b105?s=96&d=mm&r=g\",\"url\":\"https:\\\/\\\/secure.gravatar.com\\\/avatar\\\/5f82331f1fbc0b612bc82f92d18052f29701b5b494fd518e67c6c8d7d646b105?s=96&d=mm&r=g\",\"contentUrl\":\"https:\\\/\\\/secure.gravatar.com\\\/avatar\\\/5f82331f1fbc0b612bc82f92d18052f29701b5b494fd518e67c6c8d7d646b105?s=96&d=mm&r=g\",\"caption\":\"SMAPS\"}}]}<\/script>\n<!-- \/ Yoast SEO plugin. -->","yoast_head_json":{"title":"Les Petits D\u00e9tournements \u00e0 la rencontre des \u00e9l\u00e8ves | Avant Pays Savoyard","description":"Les Petits D\u00e9tournements \u00e0 la rencontre des \u00e9l\u00e8ves | Avant Pays Savoyard","robots":{"index":"index","follow":"follow","max-snippet":"max-snippet:-1","max-image-preview":"max-image-preview:large","max-video-preview":"max-video-preview:-1"},"canonical":"https:\/\/www.avant-pays-savoyard.com\/smaps\/les-petits-detournements-a-la-rencontre-des-eleves\/","og_locale":"fr_FR","og_type":"article","og_title":"Les Petits D\u00e9tournements \u00e0 la rencontre des \u00e9l\u00e8ves | Avant Pays Savoyard","og_description":"Les Petits D\u00e9tournements \u00e0 la rencontre des \u00e9l\u00e8ves | Avant Pays Savoyard","og_url":"https:\/\/www.avant-pays-savoyard.com\/smaps\/les-petits-detournements-a-la-rencontre-des-eleves\/","og_site_name":"Syndicat Mixte Avant-Pays Savoyard","article_publisher":"https:\/\/www.facebook.com\/philippe.smaps?eid=ARBa3pcAa8gXFS8WNK_PRvsO8QdGpgIOahlkYUZ_fHoQSowEaz5KpN0GqL0PUxNL0ZbTsFwcVmpWqAsm","article_published_time":"2023-01-13T08:53:59+00:00","article_modified_time":"2023-01-17T10:33:09+00:00","og_image":[{"width":2560,"height":1920,"url":"https:\/\/www.avant-pays-savoyard.com\/smaps\/wp-content\/uploads\/2023\/01\/P1040592-scaled.jpg","type":"image\/jpeg"}],"author":"SMAPS","twitter_card":"summary_large_image","twitter_misc":{"\u00c9crit par":"SMAPS","Dur\u00e9e de lecture estim\u00e9e":"3 minutes"},"schema":{"@context":"https:\/\/schema.org","@graph":[{"@type":"Article","@id":"https:\/\/www.avant-pays-savoyard.com\/smaps\/les-petits-detournements-a-la-rencontre-des-eleves\/#article","isPartOf":{"@id":"https:\/\/www.avant-pays-savoyard.com\/smaps\/les-petits-detournements-a-la-rencontre-des-eleves\/"},"author":{"name":"SMAPS","@id":"https:\/\/www.avant-pays-savoyard.com\/smaps\/#\/schema\/person\/97c9f75644fa5ca03f84c36512d45878"},"headline":"Les Petits D\u00e9tournements \u00e0 la rencontre des \u00e9l\u00e8ves","datePublished":"2023-01-13T08:53:59+00:00","dateModified":"2023-01-17T10:33:09+00:00","mainEntityOfPage":{"@id":"https:\/\/www.avant-pays-savoyard.com\/smaps\/les-petits-detournements-a-la-rencontre-des-eleves\/"},"wordCount":377,"publisher":{"@id":"https:\/\/www.avant-pays-savoyard.com\/smaps\/#organization"},"image":{"@id":"https:\/\/www.avant-pays-savoyard.com\/smaps\/les-petits-detournements-a-la-rencontre-des-eleves\/#primaryimage"},"thumbnailUrl":"https:\/\/www.avant-pays-savoyard.com\/smaps\/wp-content\/uploads\/2023\/01\/P1040592-scaled.jpg","articleSection":["\u00c0 la une","Actualit\u00e9s","Culture","Infos g\u00e9n\u00e9rales"],"inLanguage":"fr-FR"},{"@type":"WebPage","@id":"https:\/\/www.avant-pays-savoyard.com\/smaps\/les-petits-detournements-a-la-rencontre-des-eleves\/","url":"https:\/\/www.avant-pays-savoyard.com\/smaps\/les-petits-detournements-a-la-rencontre-des-eleves\/","name":"Les Petits D\u00e9tournements \u00e0 la rencontre des \u00e9l\u00e8ves | Avant Pays Savoyard","isPartOf":{"@id":"https:\/\/www.avant-pays-savoyard.com\/smaps\/#website"},"primaryImageOfPage":{"@id":"https:\/\/www.avant-pays-savoyard.com\/smaps\/les-petits-detournements-a-la-rencontre-des-eleves\/#primaryimage"},"image":{"@id":"https:\/\/www.avant-pays-savoyard.com\/smaps\/les-petits-detournements-a-la-rencontre-des-eleves\/#primaryimage"},"thumbnailUrl":"https:\/\/www.avant-pays-savoyard.com\/smaps\/wp-content\/uploads\/2023\/01\/P1040592-scaled.jpg","datePublished":"2023-01-13T08:53:59+00:00","dateModified":"2023-01-17T10:33:09+00:00","description":"Les Petits D\u00e9tournements \u00e0 la rencontre des \u00e9l\u00e8ves | Avant Pays Savoyard","breadcrumb":{"@id":"https:\/\/www.avant-pays-savoyard.com\/smaps\/les-petits-detournements-a-la-rencontre-des-eleves\/#breadcrumb"},"inLanguage":"fr-FR","potentialAction":[{"@type":"ReadAction","target":["https:\/\/www.avant-pays-savoyard.com\/smaps\/les-petits-detournements-a-la-rencontre-des-eleves\/"]}]},{"@type":"ImageObject","inLanguage":"fr-FR","@id":"https:\/\/www.avant-pays-savoyard.com\/smaps\/les-petits-detournements-a-la-rencontre-des-eleves\/#primaryimage","url":"https:\/\/www.avant-pays-savoyard.com\/smaps\/wp-content\/uploads\/2023\/01\/P1040592-scaled.jpg","contentUrl":"https:\/\/www.avant-pays-savoyard.com\/smaps\/wp-content\/uploads\/2023\/01\/P1040592-scaled.jpg","width":2560,"height":1920,"caption":"Les Petits D\u00e9tournements en r\u00e9sidence. Photo Smaps"},{"@type":"BreadcrumbList","@id":"https:\/\/www.avant-pays-savoyard.com\/smaps\/les-petits-detournements-a-la-rencontre-des-eleves\/#breadcrumb","itemListElement":[{"@type":"ListItem","position":1,"name":"Accueil","item":"https:\/\/www.avant-pays-savoyard.com\/smaps\/"},{"@type":"ListItem","position":2,"name":"Infos g\u00e9n\u00e9rales","item":"https:\/\/www.avant-pays-savoyard.com\/smaps\/category\/infos-generales\/"},{"@type":"ListItem","position":3,"name":"Les Petits D\u00e9tournements \u00e0 la rencontre des \u00e9l\u00e8ves"}]},{"@type":"WebSite","@id":"https:\/\/www.avant-pays-savoyard.com\/smaps\/#website","url":"https:\/\/www.avant-pays-savoyard.com\/smaps\/","name":"Syndicat Mixte Avant-Pays Savoyard","description":"Site du SMAPS","publisher":{"@id":"https:\/\/www.avant-pays-savoyard.com\/smaps\/#organization"},"potentialAction":[{"@type":"SearchAction","target":{"@type":"EntryPoint","urlTemplate":"https:\/\/www.avant-pays-savoyard.com\/smaps\/?s={search_term_string}"},"query-input":{"@type":"PropertyValueSpecification","valueRequired":true,"valueName":"search_term_string"}}],"inLanguage":"fr-FR"},{"@type":"Organization","@id":"https:\/\/www.avant-pays-savoyard.com\/smaps\/#organization","name":"Avant Pays Savoyard","url":"https:\/\/www.avant-pays-savoyard.com\/smaps\/","logo":{"@type":"ImageObject","inLanguage":"fr-FR","@id":"https:\/\/www.avant-pays-savoyard.com\/smaps\/#\/schema\/logo\/image\/","url":"https:\/\/www.avant-pays-savoyard.com\/smaps\/wp-content\/uploads\/2020\/11\/logo-smaps.png","contentUrl":"https:\/\/www.avant-pays-savoyard.com\/smaps\/wp-content\/uploads\/2020\/11\/logo-smaps.png","width":1617,"height":738,"caption":"Avant Pays Savoyard"},"image":{"@id":"https:\/\/www.avant-pays-savoyard.com\/smaps\/#\/schema\/logo\/image\/"},"sameAs":["https:\/\/www.facebook.com\/philippe.smaps?eid=ARBa3pcAa8gXFS8WNK_PRvsO8QdGpgIOahlkYUZ_fHoQSowEaz5KpN0GqL0PUxNL0ZbTsFwcVmpWqAsm"]},{"@type":"Person","@id":"https:\/\/www.avant-pays-savoyard.com\/smaps\/#\/schema\/person\/97c9f75644fa5ca03f84c36512d45878","name":"SMAPS","image":{"@type":"ImageObject","inLanguage":"fr-FR","@id":"https:\/\/secure.gravatar.com\/avatar\/5f82331f1fbc0b612bc82f92d18052f29701b5b494fd518e67c6c8d7d646b105?s=96&d=mm&r=g","url":"https:\/\/secure.gravatar.com\/avatar\/5f82331f1fbc0b612bc82f92d18052f29701b5b494fd518e67c6c8d7d646b105?s=96&d=mm&r=g","contentUrl":"https:\/\/secure.gravatar.com\/avatar\/5f82331f1fbc0b612bc82f92d18052f29701b5b494fd518e67c6c8d7d646b105?s=96&d=mm&r=g","caption":"SMAPS"}}]}},"publishpress_future_action":{"enabled":false,"date":"2026-05-08 18:21:29","action":"change-status","newStatus":"draft","terms":[],"taxonomy":"category","extraData":[]},"publishpress_future_workflow_manual_trigger":{"enabledWorkflows":[]},"_links":{"self":[{"href":"https:\/\/www.avant-pays-savoyard.com\/smaps\/wp-json\/wp\/v2\/posts\/4870","targetHints":{"allow":["GET"]}}],"collection":[{"href":"https:\/\/www.avant-pays-savoyard.com\/smaps\/wp-json\/wp\/v2\/posts"}],"about":[{"href":"https:\/\/www.avant-pays-savoyard.com\/smaps\/wp-json\/wp\/v2\/types\/post"}],"author":[{"embeddable":true,"href":"https:\/\/www.avant-pays-savoyard.com\/smaps\/wp-json\/wp\/v2\/users\/2"}],"replies":[{"embeddable":true,"href":"https:\/\/www.avant-pays-savoyard.com\/smaps\/wp-json\/wp\/v2\/comments?post=4870"}],"version-history":[{"count":7,"href":"https:\/\/www.avant-pays-savoyard.com\/smaps\/wp-json\/wp\/v2\/posts\/4870\/revisions"}],"predecessor-version":[{"id":4879,"href":"https:\/\/www.avant-pays-savoyard.com\/smaps\/wp-json\/wp\/v2\/posts\/4870\/revisions\/4879"}],"wp:featuredmedia":[{"embeddable":true,"href":"https:\/\/www.avant-pays-savoyard.com\/smaps\/wp-json\/wp\/v2\/media\/4872"}],"wp:attachment":[{"href":"https:\/\/www.avant-pays-savoyard.com\/smaps\/wp-json\/wp\/v2\/media?parent=4870"}],"wp:term":[{"taxonomy":"category","embeddable":true,"href":"https:\/\/www.avant-pays-savoyard.com\/smaps\/wp-json\/wp\/v2\/categories?post=4870"},{"taxonomy":"post_tag","embeddable":true,"href":"https:\/\/www.avant-pays-savoyard.com\/smaps\/wp-json\/wp\/v2\/tags?post=4870"}],"curies":[{"name":"wp","href":"https:\/\/api.w.org\/{rel}","templated":true}]}}