{"id":5097,"date":"2023-03-22T10:45:23","date_gmt":"2023-03-22T09:45:23","guid":{"rendered":"https:\/\/www.avant-pays-savoyard.com\/smaps\/?p=5097"},"modified":"2023-03-22T10:45:23","modified_gmt":"2023-03-22T09:45:23","slug":"preparez-votre-joli-mois-de-leurope","status":"publish","type":"post","link":"https:\/\/www.avant-pays-savoyard.com\/smaps\/preparez-votre-joli-mois-de-leurope\/","title":{"rendered":"Pr\u00e9parez votre Joli Mois de l&rsquo;Europe  !"},"content":{"rendered":"<p style=\"text-align: justify;\"><strong>Au mois de mai l\u2019Europe sera \u00e0 l\u2019honneur ! L\u2019objectif : rapprocher l\u2019Union Europ\u00e9enne et les citoyens, pour qui l\u2019Europe peut para\u00eetre parfois bien abstraite.<\/strong><\/p>\n<p style=\"text-align: justify;\">C\u2019est l\u2019occasion de mettre en valeur les projets ayant b\u00e9n\u00e9fici\u00e9 de fonds europ\u00e9ens (FEDER, FEADER, FSE, etc.) sur l\u2019Avant Pays Savoyard et, si vous le souhaitez, d\u2019organiser des manifestations grand public autour du sujet. Quelques id\u00e9es : installation d\u2019une exposition \u00e0 la mairie, d\u2019un kiosque Europe \u00e0 la maison des services au public, organisation d\u2019une soir\u00e9e-d\u00e9bat \u00e0 la biblioth\u00e8que ou d\u2019un go\u00fbter partag\u00e9 \u00ab europ\u00e9en \u00bb en marge d\u2019un \u00e9v\u00e8nement d\u00e9j\u00e0 pr\u00e9vu, etc. Le Centre Europe Direct met \u00e0 disposition de nombreux outils (expositions, kiosques, jeux, animations) adapt\u00e9s \u00e0 diff\u00e9rents publics (enfants, ados, grand public), n\u2019h\u00e9sitez pas \u00e0 nous contacter, nous vous aiderons dans l\u2019organisation.<\/p>\n<p style=\"text-align: justify;\">A l\u2019\u00e9chelle du SMAPS nous allons valoriser tous vos projets financ\u00e9s par l\u2019Europe, pour les faire remonter : <a href=\"mailto:leader@avant-pays-savoyard.com\">leader@avant-pays-savoyard.com<\/a><\/p>\n","protected":false},"excerpt":{"rendered":"<p>Au mois de mai l\u2019Europe sera \u00e0 l\u2019honneur ! L\u2019objectif : rapprocher l\u2019Union Europ\u00e9enne et les citoyens, pour qui l\u2019Europe peut para\u00eetre parfois bien abstraite. C\u2019est l\u2019occasion de mettre en valeur les projets ayant b\u00e9n\u00e9fici\u00e9 de fonds europ\u00e9ens (FEDER, FEADER, FSE, etc.) sur l\u2019Avant Pays Savoyard et, si vous le souhaitez, d\u2019organiser des manifestations grand [&hellip;]<\/p>\n","protected":false},"author":2,"featured_media":5100,"comment_status":"closed","ping_status":"closed","sticky":false,"template":"","format":"standard","meta":{"_et_pb_use_builder":"","_et_pb_old_content":"","_et_gb_content_width":"","_monsterinsights_skip_tracking":false,"_monsterinsights_sitenote_active":false,"_monsterinsights_sitenote_note":"","_monsterinsights_sitenote_category":0,"footnotes":""},"categories":[30,29,10],"tags":[],"class_list":["post-5097","post","type-post","status-publish","format-standard","has-post-thumbnail","hentry","category-a-la-une","category-actus","category-leader"],"yoast_head":"<!-- This site is optimized with the Yoast SEO plugin v27.5 - https:\/\/yoast.com\/product\/yoast-seo-wordpress\/ -->\n<title>Pr\u00e9parez votre Joli Mois de l&#039;Europe ! | Avant Pays Savoyard<\/title>\n<meta name=\"description\" content=\"Pr\u00e9parez votre Joli Mois de l&#039;Europe ! | Avant Pays Savoyard\" \/>\n<meta name=\"robots\" content=\"index, follow, max-snippet:-1, max-image-preview:large, max-video-preview:-1\" \/>\n<link rel=\"canonical\" href=\"https:\/\/www.avant-pays-savoyard.com\/smaps\/preparez-votre-joli-mois-de-leurope\/\" \/>\n<meta property=\"og:locale\" content=\"fr_FR\" \/>\n<meta property=\"og:type\" content=\"article\" \/>\n<meta property=\"og:title\" content=\"Pr\u00e9parez votre Joli Mois de l&#039;Europe ! | Avant Pays Savoyard\" \/>\n<meta property=\"og:description\" content=\"Pr\u00e9parez votre Joli Mois de l&#039;Europe ! | Avant Pays Savoyard\" \/>\n<meta property=\"og:url\" content=\"https:\/\/www.avant-pays-savoyard.com\/smaps\/preparez-votre-joli-mois-de-leurope\/\" \/>\n<meta property=\"og:site_name\" content=\"Syndicat Mixte Avant-Pays Savoyard\" \/>\n<meta property=\"article:publisher\" content=\"https:\/\/www.facebook.com\/philippe.smaps?eid=ARBa3pcAa8gXFS8WNK_PRvsO8QdGpgIOahlkYUZ_fHoQSowEaz5KpN0GqL0PUxNL0ZbTsFwcVmpWqAsm\" \/>\n<meta property=\"article:published_time\" content=\"2023-03-22T09:45:23+00:00\" \/>\n<meta property=\"og:image\" content=\"https:\/\/www.avant-pays-savoyard.com\/smaps\/wp-content\/uploads\/2023\/03\/EUS_230202_JoliMoisEurope_2023_CouvRS_Facebook_3418x1300px.png\" \/>\n\t<meta property=\"og:image:width\" content=\"3419\" \/>\n\t<meta property=\"og:image:height\" content=\"1300\" \/>\n\t<meta property=\"og:image:type\" content=\"image\/png\" \/>\n<meta name=\"author\" content=\"SMAPS\" \/>\n<meta name=\"twitter:card\" content=\"summary_large_image\" \/>\n<meta name=\"twitter:label1\" content=\"\u00c9crit par\" \/>\n\t<meta name=\"twitter:data1\" content=\"SMAPS\" \/>\n\t<meta name=\"twitter:label2\" content=\"Dur\u00e9e de lecture estim\u00e9e\" \/>\n\t<meta name=\"twitter:data2\" content=\"1 minute\" \/>\n<script type=\"application\/ld+json\" class=\"yoast-schema-graph\">{\"@context\":\"https:\\\/\\\/schema.org\",\"@graph\":[{\"@type\":\"Article\",\"@id\":\"https:\\\/\\\/www.avant-pays-savoyard.com\\\/smaps\\\/preparez-votre-joli-mois-de-leurope\\\/#article\",\"isPartOf\":{\"@id\":\"https:\\\/\\\/www.avant-pays-savoyard.com\\\/smaps\\\/preparez-votre-joli-mois-de-leurope\\\/\"},\"author\":{\"name\":\"SMAPS\",\"@id\":\"https:\\\/\\\/www.avant-pays-savoyard.com\\\/smaps\\\/#\\\/schema\\\/person\\\/97c9f75644fa5ca03f84c36512d45878\"},\"headline\":\"Pr\u00e9parez votre Joli Mois de l&rsquo;Europe !\",\"datePublished\":\"2023-03-22T09:45:23+00:00\",\"mainEntityOfPage\":{\"@id\":\"https:\\\/\\\/www.avant-pays-savoyard.com\\\/smaps\\\/preparez-votre-joli-mois-de-leurope\\\/\"},\"wordCount\":182,\"publisher\":{\"@id\":\"https:\\\/\\\/www.avant-pays-savoyard.com\\\/smaps\\\/#organization\"},\"image\":{\"@id\":\"https:\\\/\\\/www.avant-pays-savoyard.com\\\/smaps\\\/preparez-votre-joli-mois-de-leurope\\\/#primaryimage\"},\"thumbnailUrl\":\"https:\\\/\\\/www.avant-pays-savoyard.com\\\/smaps\\\/wp-content\\\/uploads\\\/2023\\\/03\\\/EUS_230202_JoliMoisEurope_2023_CouvRS_Facebook_3418x1300px.png\",\"articleSection\":[\"\u00c0 la une\",\"Actualit\u00e9s\",\"LEADER\"],\"inLanguage\":\"fr-FR\"},{\"@type\":\"WebPage\",\"@id\":\"https:\\\/\\\/www.avant-pays-savoyard.com\\\/smaps\\\/preparez-votre-joli-mois-de-leurope\\\/\",\"url\":\"https:\\\/\\\/www.avant-pays-savoyard.com\\\/smaps\\\/preparez-votre-joli-mois-de-leurope\\\/\",\"name\":\"Pr\u00e9parez votre Joli Mois de l'Europe ! | Avant Pays Savoyard\",\"isPartOf\":{\"@id\":\"https:\\\/\\\/www.avant-pays-savoyard.com\\\/smaps\\\/#website\"},\"primaryImageOfPage\":{\"@id\":\"https:\\\/\\\/www.avant-pays-savoyard.com\\\/smaps\\\/preparez-votre-joli-mois-de-leurope\\\/#primaryimage\"},\"image\":{\"@id\":\"https:\\\/\\\/www.avant-pays-savoyard.com\\\/smaps\\\/preparez-votre-joli-mois-de-leurope\\\/#primaryimage\"},\"thumbnailUrl\":\"https:\\\/\\\/www.avant-pays-savoyard.com\\\/smaps\\\/wp-content\\\/uploads\\\/2023\\\/03\\\/EUS_230202_JoliMoisEurope_2023_CouvRS_Facebook_3418x1300px.png\",\"datePublished\":\"2023-03-22T09:45:23+00:00\",\"description\":\"Pr\u00e9parez votre Joli Mois de l'Europe ! | Avant Pays Savoyard\",\"breadcrumb\":{\"@id\":\"https:\\\/\\\/www.avant-pays-savoyard.com\\\/smaps\\\/preparez-votre-joli-mois-de-leurope\\\/#breadcrumb\"},\"inLanguage\":\"fr-FR\",\"potentialAction\":[{\"@type\":\"ReadAction\",\"target\":[\"https:\\\/\\\/www.avant-pays-savoyard.com\\\/smaps\\\/preparez-votre-joli-mois-de-leurope\\\/\"]}]},{\"@type\":\"ImageObject\",\"inLanguage\":\"fr-FR\",\"@id\":\"https:\\\/\\\/www.avant-pays-savoyard.com\\\/smaps\\\/preparez-votre-joli-mois-de-leurope\\\/#primaryimage\",\"url\":\"https:\\\/\\\/www.avant-pays-savoyard.com\\\/smaps\\\/wp-content\\\/uploads\\\/2023\\\/03\\\/EUS_230202_JoliMoisEurope_2023_CouvRS_Facebook_3418x1300px.png\",\"contentUrl\":\"https:\\\/\\\/www.avant-pays-savoyard.com\\\/smaps\\\/wp-content\\\/uploads\\\/2023\\\/03\\\/EUS_230202_JoliMoisEurope_2023_CouvRS_Facebook_3418x1300px.png\",\"width\":3419,\"height\":1300},{\"@type\":\"BreadcrumbList\",\"@id\":\"https:\\\/\\\/www.avant-pays-savoyard.com\\\/smaps\\\/preparez-votre-joli-mois-de-leurope\\\/#breadcrumb\",\"itemListElement\":[{\"@type\":\"ListItem\",\"position\":1,\"name\":\"Accueil\",\"item\":\"https:\\\/\\\/www.avant-pays-savoyard.com\\\/smaps\\\/\"},{\"@type\":\"ListItem\",\"position\":2,\"name\":\"\u00c0 la une\",\"item\":\"https:\\\/\\\/www.avant-pays-savoyard.com\\\/smaps\\\/category\\\/a-la-une\\\/\"},{\"@type\":\"ListItem\",\"position\":3,\"name\":\"Pr\u00e9parez votre Joli Mois de l&rsquo;Europe !\"}]},{\"@type\":\"WebSite\",\"@id\":\"https:\\\/\\\/www.avant-pays-savoyard.com\\\/smaps\\\/#website\",\"url\":\"https:\\\/\\\/www.avant-pays-savoyard.com\\\/smaps\\\/\",\"name\":\"Syndicat Mixte Avant-Pays Savoyard\",\"description\":\"Site du SMAPS\",\"publisher\":{\"@id\":\"https:\\\/\\\/www.avant-pays-savoyard.com\\\/smaps\\\/#organization\"},\"potentialAction\":[{\"@type\":\"SearchAction\",\"target\":{\"@type\":\"EntryPoint\",\"urlTemplate\":\"https:\\\/\\\/www.avant-pays-savoyard.com\\\/smaps\\\/?s={search_term_string}\"},\"query-input\":{\"@type\":\"PropertyValueSpecification\",\"valueRequired\":true,\"valueName\":\"search_term_string\"}}],\"inLanguage\":\"fr-FR\"},{\"@type\":\"Organization\",\"@id\":\"https:\\\/\\\/www.avant-pays-savoyard.com\\\/smaps\\\/#organization\",\"name\":\"Avant Pays Savoyard\",\"url\":\"https:\\\/\\\/www.avant-pays-savoyard.com\\\/smaps\\\/\",\"logo\":{\"@type\":\"ImageObject\",\"inLanguage\":\"fr-FR\",\"@id\":\"https:\\\/\\\/www.avant-pays-savoyard.com\\\/smaps\\\/#\\\/schema\\\/logo\\\/image\\\/\",\"url\":\"https:\\\/\\\/www.avant-pays-savoyard.com\\\/smaps\\\/wp-content\\\/uploads\\\/2020\\\/11\\\/logo-smaps.png\",\"contentUrl\":\"https:\\\/\\\/www.avant-pays-savoyard.com\\\/smaps\\\/wp-content\\\/uploads\\\/2020\\\/11\\\/logo-smaps.png\",\"width\":1617,\"height\":738,\"caption\":\"Avant Pays Savoyard\"},\"image\":{\"@id\":\"https:\\\/\\\/www.avant-pays-savoyard.com\\\/smaps\\\/#\\\/schema\\\/logo\\\/image\\\/\"},\"sameAs\":[\"https:\\\/\\\/www.facebook.com\\\/philippe.smaps?eid=ARBa3pcAa8gXFS8WNK_PRvsO8QdGpgIOahlkYUZ_fHoQSowEaz5KpN0GqL0PUxNL0ZbTsFwcVmpWqAsm\"]},{\"@type\":\"Person\",\"@id\":\"https:\\\/\\\/www.avant-pays-savoyard.com\\\/smaps\\\/#\\\/schema\\\/person\\\/97c9f75644fa5ca03f84c36512d45878\",\"name\":\"SMAPS\",\"image\":{\"@type\":\"ImageObject\",\"inLanguage\":\"fr-FR\",\"@id\":\"https:\\\/\\\/secure.gravatar.com\\\/avatar\\\/5f82331f1fbc0b612bc82f92d18052f29701b5b494fd518e67c6c8d7d646b105?s=96&d=mm&r=g\",\"url\":\"https:\\\/\\\/secure.gravatar.com\\\/avatar\\\/5f82331f1fbc0b612bc82f92d18052f29701b5b494fd518e67c6c8d7d646b105?s=96&d=mm&r=g\",\"contentUrl\":\"https:\\\/\\\/secure.gravatar.com\\\/avatar\\\/5f82331f1fbc0b612bc82f92d18052f29701b5b494fd518e67c6c8d7d646b105?s=96&d=mm&r=g\",\"caption\":\"SMAPS\"}}]}<\/script>\n<!-- \/ Yoast SEO plugin. -->","yoast_head_json":{"title":"Pr\u00e9parez votre Joli Mois de l'Europe ! | Avant Pays Savoyard","description":"Pr\u00e9parez votre Joli Mois de l'Europe ! | Avant Pays Savoyard","robots":{"index":"index","follow":"follow","max-snippet":"max-snippet:-1","max-image-preview":"max-image-preview:large","max-video-preview":"max-video-preview:-1"},"canonical":"https:\/\/www.avant-pays-savoyard.com\/smaps\/preparez-votre-joli-mois-de-leurope\/","og_locale":"fr_FR","og_type":"article","og_title":"Pr\u00e9parez votre Joli Mois de l'Europe ! | Avant Pays Savoyard","og_description":"Pr\u00e9parez votre Joli Mois de l'Europe ! | Avant Pays Savoyard","og_url":"https:\/\/www.avant-pays-savoyard.com\/smaps\/preparez-votre-joli-mois-de-leurope\/","og_site_name":"Syndicat Mixte Avant-Pays Savoyard","article_publisher":"https:\/\/www.facebook.com\/philippe.smaps?eid=ARBa3pcAa8gXFS8WNK_PRvsO8QdGpgIOahlkYUZ_fHoQSowEaz5KpN0GqL0PUxNL0ZbTsFwcVmpWqAsm","article_published_time":"2023-03-22T09:45:23+00:00","og_image":[{"width":3419,"height":1300,"url":"https:\/\/www.avant-pays-savoyard.com\/smaps\/wp-content\/uploads\/2023\/03\/EUS_230202_JoliMoisEurope_2023_CouvRS_Facebook_3418x1300px.png","type":"image\/png"}],"author":"SMAPS","twitter_card":"summary_large_image","twitter_misc":{"\u00c9crit par":"SMAPS","Dur\u00e9e de lecture estim\u00e9e":"1 minute"},"schema":{"@context":"https:\/\/schema.org","@graph":[{"@type":"Article","@id":"https:\/\/www.avant-pays-savoyard.com\/smaps\/preparez-votre-joli-mois-de-leurope\/#article","isPartOf":{"@id":"https:\/\/www.avant-pays-savoyard.com\/smaps\/preparez-votre-joli-mois-de-leurope\/"},"author":{"name":"SMAPS","@id":"https:\/\/www.avant-pays-savoyard.com\/smaps\/#\/schema\/person\/97c9f75644fa5ca03f84c36512d45878"},"headline":"Pr\u00e9parez votre Joli Mois de l&rsquo;Europe !","datePublished":"2023-03-22T09:45:23+00:00","mainEntityOfPage":{"@id":"https:\/\/www.avant-pays-savoyard.com\/smaps\/preparez-votre-joli-mois-de-leurope\/"},"wordCount":182,"publisher":{"@id":"https:\/\/www.avant-pays-savoyard.com\/smaps\/#organization"},"image":{"@id":"https:\/\/www.avant-pays-savoyard.com\/smaps\/preparez-votre-joli-mois-de-leurope\/#primaryimage"},"thumbnailUrl":"https:\/\/www.avant-pays-savoyard.com\/smaps\/wp-content\/uploads\/2023\/03\/EUS_230202_JoliMoisEurope_2023_CouvRS_Facebook_3418x1300px.png","articleSection":["\u00c0 la une","Actualit\u00e9s","LEADER"],"inLanguage":"fr-FR"},{"@type":"WebPage","@id":"https:\/\/www.avant-pays-savoyard.com\/smaps\/preparez-votre-joli-mois-de-leurope\/","url":"https:\/\/www.avant-pays-savoyard.com\/smaps\/preparez-votre-joli-mois-de-leurope\/","name":"Pr\u00e9parez votre Joli Mois de l'Europe ! | Avant Pays Savoyard","isPartOf":{"@id":"https:\/\/www.avant-pays-savoyard.com\/smaps\/#website"},"primaryImageOfPage":{"@id":"https:\/\/www.avant-pays-savoyard.com\/smaps\/preparez-votre-joli-mois-de-leurope\/#primaryimage"},"image":{"@id":"https:\/\/www.avant-pays-savoyard.com\/smaps\/preparez-votre-joli-mois-de-leurope\/#primaryimage"},"thumbnailUrl":"https:\/\/www.avant-pays-savoyard.com\/smaps\/wp-content\/uploads\/2023\/03\/EUS_230202_JoliMoisEurope_2023_CouvRS_Facebook_3418x1300px.png","datePublished":"2023-03-22T09:45:23+00:00","description":"Pr\u00e9parez votre Joli Mois de l'Europe ! | Avant Pays Savoyard","breadcrumb":{"@id":"https:\/\/www.avant-pays-savoyard.com\/smaps\/preparez-votre-joli-mois-de-leurope\/#breadcrumb"},"inLanguage":"fr-FR","potentialAction":[{"@type":"ReadAction","target":["https:\/\/www.avant-pays-savoyard.com\/smaps\/preparez-votre-joli-mois-de-leurope\/"]}]},{"@type":"ImageObject","inLanguage":"fr-FR","@id":"https:\/\/www.avant-pays-savoyard.com\/smaps\/preparez-votre-joli-mois-de-leurope\/#primaryimage","url":"https:\/\/www.avant-pays-savoyard.com\/smaps\/wp-content\/uploads\/2023\/03\/EUS_230202_JoliMoisEurope_2023_CouvRS_Facebook_3418x1300px.png","contentUrl":"https:\/\/www.avant-pays-savoyard.com\/smaps\/wp-content\/uploads\/2023\/03\/EUS_230202_JoliMoisEurope_2023_CouvRS_Facebook_3418x1300px.png","width":3419,"height":1300},{"@type":"BreadcrumbList","@id":"https:\/\/www.avant-pays-savoyard.com\/smaps\/preparez-votre-joli-mois-de-leurope\/#breadcrumb","itemListElement":[{"@type":"ListItem","position":1,"name":"Accueil","item":"https:\/\/www.avant-pays-savoyard.com\/smaps\/"},{"@type":"ListItem","position":2,"name":"\u00c0 la une","item":"https:\/\/www.avant-pays-savoyard.com\/smaps\/category\/a-la-une\/"},{"@type":"ListItem","position":3,"name":"Pr\u00e9parez votre Joli Mois de l&rsquo;Europe !"}]},{"@type":"WebSite","@id":"https:\/\/www.avant-pays-savoyard.com\/smaps\/#website","url":"https:\/\/www.avant-pays-savoyard.com\/smaps\/","name":"Syndicat Mixte Avant-Pays Savoyard","description":"Site du SMAPS","publisher":{"@id":"https:\/\/www.avant-pays-savoyard.com\/smaps\/#organization"},"potentialAction":[{"@type":"SearchAction","target":{"@type":"EntryPoint","urlTemplate":"https:\/\/www.avant-pays-savoyard.com\/smaps\/?s={search_term_string}"},"query-input":{"@type":"PropertyValueSpecification","valueRequired":true,"valueName":"search_term_string"}}],"inLanguage":"fr-FR"},{"@type":"Organization","@id":"https:\/\/www.avant-pays-savoyard.com\/smaps\/#organization","name":"Avant Pays Savoyard","url":"https:\/\/www.avant-pays-savoyard.com\/smaps\/","logo":{"@type":"ImageObject","inLanguage":"fr-FR","@id":"https:\/\/www.avant-pays-savoyard.com\/smaps\/#\/schema\/logo\/image\/","url":"https:\/\/www.avant-pays-savoyard.com\/smaps\/wp-content\/uploads\/2020\/11\/logo-smaps.png","contentUrl":"https:\/\/www.avant-pays-savoyard.com\/smaps\/wp-content\/uploads\/2020\/11\/logo-smaps.png","width":1617,"height":738,"caption":"Avant Pays Savoyard"},"image":{"@id":"https:\/\/www.avant-pays-savoyard.com\/smaps\/#\/schema\/logo\/image\/"},"sameAs":["https:\/\/www.facebook.com\/philippe.smaps?eid=ARBa3pcAa8gXFS8WNK_PRvsO8QdGpgIOahlkYUZ_fHoQSowEaz5KpN0GqL0PUxNL0ZbTsFwcVmpWqAsm"]},{"@type":"Person","@id":"https:\/\/www.avant-pays-savoyard.com\/smaps\/#\/schema\/person\/97c9f75644fa5ca03f84c36512d45878","name":"SMAPS","image":{"@type":"ImageObject","inLanguage":"fr-FR","@id":"https:\/\/secure.gravatar.com\/avatar\/5f82331f1fbc0b612bc82f92d18052f29701b5b494fd518e67c6c8d7d646b105?s=96&d=mm&r=g","url":"https:\/\/secure.gravatar.com\/avatar\/5f82331f1fbc0b612bc82f92d18052f29701b5b494fd518e67c6c8d7d646b105?s=96&d=mm&r=g","contentUrl":"https:\/\/secure.gravatar.com\/avatar\/5f82331f1fbc0b612bc82f92d18052f29701b5b494fd518e67c6c8d7d646b105?s=96&d=mm&r=g","caption":"SMAPS"}}]}},"publishpress_future_action":{"enabled":false,"date":"2026-05-08 01:16:40","action":"change-status","newStatus":"draft","terms":[],"taxonomy":"category","extraData":[]},"publishpress_future_workflow_manual_trigger":{"enabledWorkflows":[]},"_links":{"self":[{"href":"https:\/\/www.avant-pays-savoyard.com\/smaps\/wp-json\/wp\/v2\/posts\/5097","targetHints":{"allow":["GET"]}}],"collection":[{"href":"https:\/\/www.avant-pays-savoyard.com\/smaps\/wp-json\/wp\/v2\/posts"}],"about":[{"href":"https:\/\/www.avant-pays-savoyard.com\/smaps\/wp-json\/wp\/v2\/types\/post"}],"author":[{"embeddable":true,"href":"https:\/\/www.avant-pays-savoyard.com\/smaps\/wp-json\/wp\/v2\/users\/2"}],"replies":[{"embeddable":true,"href":"https:\/\/www.avant-pays-savoyard.com\/smaps\/wp-json\/wp\/v2\/comments?post=5097"}],"version-history":[{"count":1,"href":"https:\/\/www.avant-pays-savoyard.com\/smaps\/wp-json\/wp\/v2\/posts\/5097\/revisions"}],"predecessor-version":[{"id":5099,"href":"https:\/\/www.avant-pays-savoyard.com\/smaps\/wp-json\/wp\/v2\/posts\/5097\/revisions\/5099"}],"wp:featuredmedia":[{"embeddable":true,"href":"https:\/\/www.avant-pays-savoyard.com\/smaps\/wp-json\/wp\/v2\/media\/5100"}],"wp:attachment":[{"href":"https:\/\/www.avant-pays-savoyard.com\/smaps\/wp-json\/wp\/v2\/media?parent=5097"}],"wp:term":[{"taxonomy":"category","embeddable":true,"href":"https:\/\/www.avant-pays-savoyard.com\/smaps\/wp-json\/wp\/v2\/categories?post=5097"},{"taxonomy":"post_tag","embeddable":true,"href":"https:\/\/www.avant-pays-savoyard.com\/smaps\/wp-json\/wp\/v2\/tags?post=5097"}],"curies":[{"name":"wp","href":"https:\/\/api.w.org\/{rel}","templated":true}]}}