{"id":5319,"date":"2023-08-31T17:06:11","date_gmt":"2023-08-31T15:06:11","guid":{"rendered":"https:\/\/www.avant-pays-savoyard.com\/smaps\/?p=5319"},"modified":"2023-09-08T11:09:51","modified_gmt":"2023-09-08T09:09:51","slug":"fete-de-lecomobilite-en-avant-pays-savoyard","status":"publish","type":"post","link":"https:\/\/www.avant-pays-savoyard.com\/smaps\/fete-de-lecomobilite-en-avant-pays-savoyard\/","title":{"rendered":"F\u00eate de l&rsquo;\u00e9comobilit\u00e9 en Avant Pays Savoyard"},"content":{"rendered":"[et_pb_section fb_built=\u00a0\u00bb1&Prime; admin_label=\u00a0\u00bbsection\u00a0\u00bb _builder_version=\u00a0\u00bb4.16&Prime; global_colors_info=\u00a0\u00bb{}\u00a0\u00bb][et_pb_row admin_label=\u00a0\u00bbrow\u00a0\u00bb _builder_version=\u00a0\u00bb4.16&Prime; background_size=\u00a0\u00bbinitial\u00a0\u00bb background_position=\u00a0\u00bbtop_left\u00a0\u00bb background_repeat=\u00a0\u00bbrepeat\u00a0\u00bb global_colors_info=\u00a0\u00bb{}\u00a0\u00bb][et_pb_column type=\u00a0\u00bb4_4&Prime; _builder_version=\u00a0\u00bb4.16&Prime; custom_padding=\u00a0\u00bb|||\u00a0\u00bb global_colors_info=\u00a0\u00bb{}\u00a0\u00bb custom_padding__hover=\u00a0\u00bb|||\u00a0\u00bb][et_pb_text admin_label=\u00a0\u00bbText\u00a0\u00bb _builder_version=\u00a0\u00bb4.16&Prime; background_size=\u00a0\u00bbinitial\u00a0\u00bb background_position=\u00a0\u00bbtop_left\u00a0\u00bb background_repeat=\u00a0\u00bbrepeat\u00a0\u00bb global_colors_info=\u00a0\u00bb{}\u00a0\u00bb]\n<p><img loading=\"lazy\" decoding=\"async\" class=\"alignnone size-full wp-image-5320\" src=\"https:\/\/www.avant-pays-savoyard.com\/smaps\/wp-content\/uploads\/2023\/08\/BANDEAU-WEB-851X315.png\" alt=\"\" width=\"851\" height=\"315\" srcset=\"https:\/\/www.avant-pays-savoyard.com\/smaps\/wp-content\/uploads\/2023\/08\/BANDEAU-WEB-851X315.png 851w, https:\/\/www.avant-pays-savoyard.com\/smaps\/wp-content\/uploads\/2023\/08\/BANDEAU-WEB-851X315-480x178.png 480w\" sizes=\"(min-width: 0px) and (max-width: 480px) 480px, (min-width: 481px) 851px, 100vw\" \/><strong>La F\u00eate de l&rsquo;\u00e9comobilit\u00e9 en Avant Pays Savoyard se tiendra le mercredi 20 septembre de 17h \u00e0 22h \u00e0 la Maison du Lac d&rsquo;Aiguebelette \u00e0 Nances. <\/strong><strong>Cet \u00e9v\u00e9nement festif et familial autour du v\u00e9lo et des mobilit\u00e9s esp\u00e8re rejoindre le plus grand nombre pour parler de ce sujet crucial des d\u00e9placements du quotidien sur le territoire, et parler solutions. <\/strong><\/p>\n<p>Le Syndicat Mixte de l\u2019Avant-Pays Savoyard consacre son premier \u00e9v\u00e9nement pour des mobilit\u00e9s durables cette ann\u00e9e 2023 avec la premi\u00e8re \u00e9dition de la F\u00eate de l\u2019\u00e9comobilit\u00e9. Un programme riche d&rsquo;ateliers et animations pour faire d\u00e9couvrir et faire tester des solutions de mobilit\u00e9 alternatives \u00e0 la voiture individuelle, mais aussi les services de mobilit\u00e9 port\u00e9s localement par les collectivit\u00e9s ou les associations. Les habitants, acteurs et \u00e9lus locaux y seront les bienvenus en nombre.<\/p>\n<p>Rendez-vous sur le parvis ext\u00e9rieur de la Maison du Lac pour des animations et ateliers de 17h \u00e0 20h, puis d\u00e8s 20h pour une s\u00e9ance de Cin\u00e9 plein air suivi d&rsquo;\u00e9changes. Projection sera faite du documentaire \u00ab\u00a0<a href=\"https:\/\/virageverslefutur.fr\/\">Virage vers le futur<\/a>\u00a0\u00bb qui aborde le sujet des mobilit\u00e9s en territoire rural &#8230; l&rsquo;occasion de lancer une s\u00e9rie d&rsquo;\u00e9changes suite \u00e0 la projection. A noter enfin, \u00e0 20h avant la projection, les \u00e9lus du territoire de l&rsquo;Avant-pays savoyard diront un mot d&rsquo;accueil et formuleront des annonces sous le format d&rsquo;une conf\u00e9rence de presse publique.<\/p>\n<h4 style=\"text-align: center;\"><a href=\"https:\/\/forms.gle\/32wv4vDzFSQEUFYd6\">INSCRIPTIONS AUX ATELIERS ET CINE PLEIN AIR DES MAINTENANT ICI<\/a><\/h4>\n<p><strong>D\u00e9couvrez le programme<\/strong><img loading=\"lazy\" decoding=\"async\" class=\"alignnone size-full wp-image-5321\" src=\"https:\/\/www.avant-pays-savoyard.com\/smaps\/wp-content\/uploads\/2023\/08\/SEMAINE-MOBILITE-FLY-A5_2808_page-0002.jpg\" alt=\"\" width=\"875\" height=\"1241\" srcset=\"https:\/\/www.avant-pays-savoyard.com\/smaps\/wp-content\/uploads\/2023\/08\/SEMAINE-MOBILITE-FLY-A5_2808_page-0002.jpg 875w, https:\/\/www.avant-pays-savoyard.com\/smaps\/wp-content\/uploads\/2023\/08\/SEMAINE-MOBILITE-FLY-A5_2808_page-0002-480x681.jpg 480w\" sizes=\"(min-width: 0px) and (max-width: 480px) 480px, (min-width: 481px) 875px, 100vw\" \/><strong>Un \u00e9v\u00e9nement organis\u00e9 en partenariat avec le Parc naturel r\u00e9gional de Chartreuse<\/strong> avec le soutien des Communaut\u00e9s de communes du Lac d&rsquo;Aiguebelette, de Yenne et Val Guiers, du D\u00e9partement de la Savoie et du FEADER de l&rsquo;Union europ\u00e9enne \u00e0 travers son programme LEADER en Avant-Pays savoyard. Avec des animations propos\u00e9es par l&rsquo;Agence Ecomobilit\u00e9 Savoie-Mont-Blanc, Vertes Sensations, le Conseil citoyen de la CC du Lac d&rsquo;Aiguebelette, EV4 et E-go Car, et le Cin\u00e9bus.<\/p>\n[\/et_pb_text][\/et_pb_column][\/et_pb_row][\/et_pb_section]\n","protected":false},"excerpt":{"rendered":"<p>La F\u00eate de l&rsquo;\u00e9comobilit\u00e9 en Avant Pays Savoyard se tiendra le mercredi 20 septembre de 17h \u00e0 22h \u00e0 la Maison du Lac d&rsquo;Aiguebelette \u00e0 Nances. Cet \u00e9v\u00e9nement festif et familial autour du v\u00e9lo et des mobilit\u00e9s esp\u00e8re rejoindre le plus grand nombre pour parler de ce sujet crucial des d\u00e9placements du quotidien sur le [&hellip;]<\/p>\n","protected":false},"author":2,"featured_media":5320,"comment_status":"closed","ping_status":"closed","sticky":false,"template":"","format":"standard","meta":{"_et_pb_use_builder":"on","_et_pb_old_content":"<img class=\"alignnone size-full wp-image-5320\" src=\"https:\/\/www.avant-pays-savoyard.com\/smaps\/wp-content\/uploads\/2023\/08\/BANDEAU-WEB-851X315.png\" alt=\"\" width=\"851\" height=\"315\" \/><strong>La F\u00eate de l'\u00e9comobilit\u00e9 en Avant Pays Savoyard se tiendra le mercredi 20 septembre de 17h \u00e0 22h \u00e0 la Maison du Lac d'Aiguebelette \u00e0 Nances. <\/strong><strong>Cet \u00e9v\u00e9nement festif et familial autour du v\u00e9lo et des mobilit\u00e9s esp\u00e8re rejoindre le plus grand nombre pour parler de ce sujet crucial des d\u00e9placements du quotidien sur le territoire, et parler solutions. <\/strong>\r\n\r\nLe Syndicat Mixte de l\u2019Avant-Pays Savoyard consacre son premier \u00e9v\u00e9nement pour des mobilit\u00e9s durables cette ann\u00e9e 2023 avec la premi\u00e8re \u00e9dition de la F\u00eate de l\u2019\u00e9comobilit\u00e9. Un programme riche d'ateliers et animations pour faire d\u00e9couvrir et faire tester des solutions de mobilit\u00e9 alternatives \u00e0 la voiture individuelle, mais aussi les services de mobilit\u00e9 port\u00e9s localement par les collectivit\u00e9s ou les associations. Les habitants, acteurs et \u00e9lus locaux y seront les bienvenus en nombre.\r\n\r\nRendez-vous sur le parvis ext\u00e9rieur de la Maison du Lac pour des animations et ateliers de 17h \u00e0 20h, puis d\u00e8s 20h pour une s\u00e9ance de Cin\u00e9 plein air suivi d'\u00e9changes. Projection sera faite du documentaire \"<a href=\"https:\/\/virageverslefutur.fr\/\">Les Virages du futur<\/a>\" qui aborde le sujet des mobilit\u00e9s en territoire rural ... l'occasion de lancer une s\u00e9rie d'\u00e9changes suite \u00e0 la projection. A noter enfin, \u00e0 20h avant la projection, les \u00e9lus du territoire de l'Avant-pays savoyard diront un mot d'accueil et formuleront des annonces sous le format d'une conf\u00e9rence de presse publique.\r\n<h4 style=\"text-align: center;\"><a href=\"https:\/\/forms.gle\/32wv4vDzFSQEUFYd6\">INSCRIPTIONS AUX ATELIERS ET CINE PLEIN AIR DES MAINTENANT ICI<\/a><\/h4>\r\n<strong>D\u00e9couvrez le programme<\/strong><img class=\"alignnone size-full wp-image-5321\" src=\"https:\/\/www.avant-pays-savoyard.com\/smaps\/wp-content\/uploads\/2023\/08\/SEMAINE-MOBILITE-FLY-A5_2808_page-0002.jpg\" alt=\"\" width=\"875\" height=\"1241\" \/><strong>Un \u00e9v\u00e9nement organis\u00e9 en partenariat avec le Parc naturel r\u00e9gional de Chartreuse<\/strong> avec le soutien des Communaut\u00e9s de communes du Lac d'Aiguebelette, de Yenne et Val Guiers, du D\u00e9partement de la Savoie et du FEADER de l'Union europ\u00e9enne \u00e0 travers son programme LEADER en Avant-Pays savoyard. Avec des animations propos\u00e9es par l'Agence Ecomobilit\u00e9 Savoie-Mont-Blanc, Vertes Sensations, le Conseil citoyen de la CC du Lac d'Aiguebelette, EV4 et E-go Car, et le Cin\u00e9bus.","_et_gb_content_width":"","_monsterinsights_skip_tracking":false,"_monsterinsights_sitenote_active":false,"_monsterinsights_sitenote_note":"","_monsterinsights_sitenote_category":0,"footnotes":""},"categories":[30,29,1],"tags":[],"class_list":["post-5319","post","type-post","status-publish","format-standard","has-post-thumbnail","hentry","category-a-la-une","category-actus","category-infos-generales"],"yoast_head":"<!-- This site is optimized with the Yoast SEO plugin v27.5 - https:\/\/yoast.com\/product\/yoast-seo-wordpress\/ -->\n<title>F\u00eate de l&#039;\u00e9comobilit\u00e9 en Avant Pays Savoyard | Ecomobilit\u00e9<\/title>\n<meta name=\"description\" content=\"F\u00eate de l&#039;\u00e9comobilit\u00e9 en Avant Pays Savoyard | F\u00eate \u00e9comobilit\u00e9 en Avant Pays Savoyard\" \/>\n<meta name=\"robots\" content=\"index, follow, max-snippet:-1, max-image-preview:large, max-video-preview:-1\" \/>\n<link rel=\"canonical\" href=\"https:\/\/www.avant-pays-savoyard.com\/smaps\/fete-de-lecomobilite-en-avant-pays-savoyard\/\" \/>\n<meta property=\"og:locale\" content=\"fr_FR\" \/>\n<meta property=\"og:type\" content=\"article\" \/>\n<meta property=\"og:title\" content=\"F\u00eate de l&#039;\u00e9comobilit\u00e9 en Avant Pays Savoyard | Ecomobilit\u00e9\" \/>\n<meta property=\"og:description\" content=\"F\u00eate de l&#039;\u00e9comobilit\u00e9 en Avant Pays Savoyard | F\u00eate \u00e9comobilit\u00e9 en Avant Pays Savoyard\" \/>\n<meta property=\"og:url\" content=\"https:\/\/www.avant-pays-savoyard.com\/smaps\/fete-de-lecomobilite-en-avant-pays-savoyard\/\" \/>\n<meta property=\"og:site_name\" content=\"Syndicat Mixte Avant-Pays Savoyard\" \/>\n<meta property=\"article:publisher\" content=\"https:\/\/www.facebook.com\/philippe.smaps?eid=ARBa3pcAa8gXFS8WNK_PRvsO8QdGpgIOahlkYUZ_fHoQSowEaz5KpN0GqL0PUxNL0ZbTsFwcVmpWqAsm\" \/>\n<meta property=\"article:published_time\" content=\"2023-08-31T15:06:11+00:00\" \/>\n<meta property=\"article:modified_time\" content=\"2023-09-08T09:09:51+00:00\" \/>\n<meta property=\"og:image\" content=\"https:\/\/www.avant-pays-savoyard.com\/smaps\/wp-content\/uploads\/2023\/08\/BANDEAU-WEB-851X315.png\" \/>\n\t<meta property=\"og:image:width\" content=\"851\" \/>\n\t<meta property=\"og:image:height\" content=\"315\" \/>\n\t<meta property=\"og:image:type\" content=\"image\/png\" \/>\n<meta name=\"author\" content=\"SMAPS\" \/>\n<meta name=\"twitter:card\" content=\"summary_large_image\" \/>\n<meta name=\"twitter:label1\" content=\"\u00c9crit par\" \/>\n\t<meta name=\"twitter:data1\" content=\"SMAPS\" \/>\n\t<meta name=\"twitter:label2\" content=\"Dur\u00e9e de lecture estim\u00e9e\" \/>\n\t<meta name=\"twitter:data2\" content=\"3 minutes\" \/>\n<script type=\"application\/ld+json\" class=\"yoast-schema-graph\">{\"@context\":\"https:\\\/\\\/schema.org\",\"@graph\":[{\"@type\":\"Article\",\"@id\":\"https:\\\/\\\/www.avant-pays-savoyard.com\\\/smaps\\\/fete-de-lecomobilite-en-avant-pays-savoyard\\\/#article\",\"isPartOf\":{\"@id\":\"https:\\\/\\\/www.avant-pays-savoyard.com\\\/smaps\\\/fete-de-lecomobilite-en-avant-pays-savoyard\\\/\"},\"author\":{\"name\":\"SMAPS\",\"@id\":\"https:\\\/\\\/www.avant-pays-savoyard.com\\\/smaps\\\/#\\\/schema\\\/person\\\/97c9f75644fa5ca03f84c36512d45878\"},\"headline\":\"F\u00eate de l&rsquo;\u00e9comobilit\u00e9 en Avant Pays Savoyard\",\"datePublished\":\"2023-08-31T15:06:11+00:00\",\"dateModified\":\"2023-09-08T09:09:51+00:00\",\"mainEntityOfPage\":{\"@id\":\"https:\\\/\\\/www.avant-pays-savoyard.com\\\/smaps\\\/fete-de-lecomobilite-en-avant-pays-savoyard\\\/\"},\"wordCount\":430,\"publisher\":{\"@id\":\"https:\\\/\\\/www.avant-pays-savoyard.com\\\/smaps\\\/#organization\"},\"image\":{\"@id\":\"https:\\\/\\\/www.avant-pays-savoyard.com\\\/smaps\\\/fete-de-lecomobilite-en-avant-pays-savoyard\\\/#primaryimage\"},\"thumbnailUrl\":\"https:\\\/\\\/www.avant-pays-savoyard.com\\\/smaps\\\/wp-content\\\/uploads\\\/2023\\\/08\\\/BANDEAU-WEB-851X315.png\",\"articleSection\":[\"\u00c0 la une\",\"Actualit\u00e9s\",\"Infos g\u00e9n\u00e9rales\"],\"inLanguage\":\"fr-FR\"},{\"@type\":\"WebPage\",\"@id\":\"https:\\\/\\\/www.avant-pays-savoyard.com\\\/smaps\\\/fete-de-lecomobilite-en-avant-pays-savoyard\\\/\",\"url\":\"https:\\\/\\\/www.avant-pays-savoyard.com\\\/smaps\\\/fete-de-lecomobilite-en-avant-pays-savoyard\\\/\",\"name\":\"F\u00eate de l'\u00e9comobilit\u00e9 en Avant Pays Savoyard | Ecomobilit\u00e9\",\"isPartOf\":{\"@id\":\"https:\\\/\\\/www.avant-pays-savoyard.com\\\/smaps\\\/#website\"},\"primaryImageOfPage\":{\"@id\":\"https:\\\/\\\/www.avant-pays-savoyard.com\\\/smaps\\\/fete-de-lecomobilite-en-avant-pays-savoyard\\\/#primaryimage\"},\"image\":{\"@id\":\"https:\\\/\\\/www.avant-pays-savoyard.com\\\/smaps\\\/fete-de-lecomobilite-en-avant-pays-savoyard\\\/#primaryimage\"},\"thumbnailUrl\":\"https:\\\/\\\/www.avant-pays-savoyard.com\\\/smaps\\\/wp-content\\\/uploads\\\/2023\\\/08\\\/BANDEAU-WEB-851X315.png\",\"datePublished\":\"2023-08-31T15:06:11+00:00\",\"dateModified\":\"2023-09-08T09:09:51+00:00\",\"description\":\"F\u00eate de l'\u00e9comobilit\u00e9 en Avant Pays Savoyard | F\u00eate \u00e9comobilit\u00e9 en Avant Pays Savoyard\",\"breadcrumb\":{\"@id\":\"https:\\\/\\\/www.avant-pays-savoyard.com\\\/smaps\\\/fete-de-lecomobilite-en-avant-pays-savoyard\\\/#breadcrumb\"},\"inLanguage\":\"fr-FR\",\"potentialAction\":[{\"@type\":\"ReadAction\",\"target\":[\"https:\\\/\\\/www.avant-pays-savoyard.com\\\/smaps\\\/fete-de-lecomobilite-en-avant-pays-savoyard\\\/\"]}]},{\"@type\":\"ImageObject\",\"inLanguage\":\"fr-FR\",\"@id\":\"https:\\\/\\\/www.avant-pays-savoyard.com\\\/smaps\\\/fete-de-lecomobilite-en-avant-pays-savoyard\\\/#primaryimage\",\"url\":\"https:\\\/\\\/www.avant-pays-savoyard.com\\\/smaps\\\/wp-content\\\/uploads\\\/2023\\\/08\\\/BANDEAU-WEB-851X315.png\",\"contentUrl\":\"https:\\\/\\\/www.avant-pays-savoyard.com\\\/smaps\\\/wp-content\\\/uploads\\\/2023\\\/08\\\/BANDEAU-WEB-851X315.png\",\"width\":851,\"height\":315,\"caption\":\"F\u00eate \u00e9comobilit\u00e9 V\u00e9lo Avant Pays savoyard\"},{\"@type\":\"BreadcrumbList\",\"@id\":\"https:\\\/\\\/www.avant-pays-savoyard.com\\\/smaps\\\/fete-de-lecomobilite-en-avant-pays-savoyard\\\/#breadcrumb\",\"itemListElement\":[{\"@type\":\"ListItem\",\"position\":1,\"name\":\"Accueil\",\"item\":\"https:\\\/\\\/www.avant-pays-savoyard.com\\\/smaps\\\/\"},{\"@type\":\"ListItem\",\"position\":2,\"name\":\"\u00c0 la une\",\"item\":\"https:\\\/\\\/www.avant-pays-savoyard.com\\\/smaps\\\/category\\\/a-la-une\\\/\"},{\"@type\":\"ListItem\",\"position\":3,\"name\":\"F\u00eate de l&rsquo;\u00e9comobilit\u00e9 en Avant Pays Savoyard\"}]},{\"@type\":\"WebSite\",\"@id\":\"https:\\\/\\\/www.avant-pays-savoyard.com\\\/smaps\\\/#website\",\"url\":\"https:\\\/\\\/www.avant-pays-savoyard.com\\\/smaps\\\/\",\"name\":\"Syndicat Mixte Avant-Pays Savoyard\",\"description\":\"Site du SMAPS\",\"publisher\":{\"@id\":\"https:\\\/\\\/www.avant-pays-savoyard.com\\\/smaps\\\/#organization\"},\"potentialAction\":[{\"@type\":\"SearchAction\",\"target\":{\"@type\":\"EntryPoint\",\"urlTemplate\":\"https:\\\/\\\/www.avant-pays-savoyard.com\\\/smaps\\\/?s={search_term_string}\"},\"query-input\":{\"@type\":\"PropertyValueSpecification\",\"valueRequired\":true,\"valueName\":\"search_term_string\"}}],\"inLanguage\":\"fr-FR\"},{\"@type\":\"Organization\",\"@id\":\"https:\\\/\\\/www.avant-pays-savoyard.com\\\/smaps\\\/#organization\",\"name\":\"Avant Pays Savoyard\",\"url\":\"https:\\\/\\\/www.avant-pays-savoyard.com\\\/smaps\\\/\",\"logo\":{\"@type\":\"ImageObject\",\"inLanguage\":\"fr-FR\",\"@id\":\"https:\\\/\\\/www.avant-pays-savoyard.com\\\/smaps\\\/#\\\/schema\\\/logo\\\/image\\\/\",\"url\":\"https:\\\/\\\/www.avant-pays-savoyard.com\\\/smaps\\\/wp-content\\\/uploads\\\/2020\\\/11\\\/logo-smaps.png\",\"contentUrl\":\"https:\\\/\\\/www.avant-pays-savoyard.com\\\/smaps\\\/wp-content\\\/uploads\\\/2020\\\/11\\\/logo-smaps.png\",\"width\":1617,\"height\":738,\"caption\":\"Avant Pays Savoyard\"},\"image\":{\"@id\":\"https:\\\/\\\/www.avant-pays-savoyard.com\\\/smaps\\\/#\\\/schema\\\/logo\\\/image\\\/\"},\"sameAs\":[\"https:\\\/\\\/www.facebook.com\\\/philippe.smaps?eid=ARBa3pcAa8gXFS8WNK_PRvsO8QdGpgIOahlkYUZ_fHoQSowEaz5KpN0GqL0PUxNL0ZbTsFwcVmpWqAsm\"]},{\"@type\":\"Person\",\"@id\":\"https:\\\/\\\/www.avant-pays-savoyard.com\\\/smaps\\\/#\\\/schema\\\/person\\\/97c9f75644fa5ca03f84c36512d45878\",\"name\":\"SMAPS\",\"image\":{\"@type\":\"ImageObject\",\"inLanguage\":\"fr-FR\",\"@id\":\"https:\\\/\\\/secure.gravatar.com\\\/avatar\\\/5f82331f1fbc0b612bc82f92d18052f29701b5b494fd518e67c6c8d7d646b105?s=96&d=mm&r=g\",\"url\":\"https:\\\/\\\/secure.gravatar.com\\\/avatar\\\/5f82331f1fbc0b612bc82f92d18052f29701b5b494fd518e67c6c8d7d646b105?s=96&d=mm&r=g\",\"contentUrl\":\"https:\\\/\\\/secure.gravatar.com\\\/avatar\\\/5f82331f1fbc0b612bc82f92d18052f29701b5b494fd518e67c6c8d7d646b105?s=96&d=mm&r=g\",\"caption\":\"SMAPS\"}}]}<\/script>\n<!-- \/ Yoast SEO plugin. -->","yoast_head_json":{"title":"F\u00eate de l'\u00e9comobilit\u00e9 en Avant Pays Savoyard | Ecomobilit\u00e9","description":"F\u00eate de l'\u00e9comobilit\u00e9 en Avant Pays Savoyard | F\u00eate \u00e9comobilit\u00e9 en Avant Pays Savoyard","robots":{"index":"index","follow":"follow","max-snippet":"max-snippet:-1","max-image-preview":"max-image-preview:large","max-video-preview":"max-video-preview:-1"},"canonical":"https:\/\/www.avant-pays-savoyard.com\/smaps\/fete-de-lecomobilite-en-avant-pays-savoyard\/","og_locale":"fr_FR","og_type":"article","og_title":"F\u00eate de l'\u00e9comobilit\u00e9 en Avant Pays Savoyard | Ecomobilit\u00e9","og_description":"F\u00eate de l'\u00e9comobilit\u00e9 en Avant Pays Savoyard | F\u00eate \u00e9comobilit\u00e9 en Avant Pays Savoyard","og_url":"https:\/\/www.avant-pays-savoyard.com\/smaps\/fete-de-lecomobilite-en-avant-pays-savoyard\/","og_site_name":"Syndicat Mixte Avant-Pays Savoyard","article_publisher":"https:\/\/www.facebook.com\/philippe.smaps?eid=ARBa3pcAa8gXFS8WNK_PRvsO8QdGpgIOahlkYUZ_fHoQSowEaz5KpN0GqL0PUxNL0ZbTsFwcVmpWqAsm","article_published_time":"2023-08-31T15:06:11+00:00","article_modified_time":"2023-09-08T09:09:51+00:00","og_image":[{"width":851,"height":315,"url":"https:\/\/www.avant-pays-savoyard.com\/smaps\/wp-content\/uploads\/2023\/08\/BANDEAU-WEB-851X315.png","type":"image\/png"}],"author":"SMAPS","twitter_card":"summary_large_image","twitter_misc":{"\u00c9crit par":"SMAPS","Dur\u00e9e de lecture estim\u00e9e":"3 minutes"},"schema":{"@context":"https:\/\/schema.org","@graph":[{"@type":"Article","@id":"https:\/\/www.avant-pays-savoyard.com\/smaps\/fete-de-lecomobilite-en-avant-pays-savoyard\/#article","isPartOf":{"@id":"https:\/\/www.avant-pays-savoyard.com\/smaps\/fete-de-lecomobilite-en-avant-pays-savoyard\/"},"author":{"name":"SMAPS","@id":"https:\/\/www.avant-pays-savoyard.com\/smaps\/#\/schema\/person\/97c9f75644fa5ca03f84c36512d45878"},"headline":"F\u00eate de l&rsquo;\u00e9comobilit\u00e9 en Avant Pays Savoyard","datePublished":"2023-08-31T15:06:11+00:00","dateModified":"2023-09-08T09:09:51+00:00","mainEntityOfPage":{"@id":"https:\/\/www.avant-pays-savoyard.com\/smaps\/fete-de-lecomobilite-en-avant-pays-savoyard\/"},"wordCount":430,"publisher":{"@id":"https:\/\/www.avant-pays-savoyard.com\/smaps\/#organization"},"image":{"@id":"https:\/\/www.avant-pays-savoyard.com\/smaps\/fete-de-lecomobilite-en-avant-pays-savoyard\/#primaryimage"},"thumbnailUrl":"https:\/\/www.avant-pays-savoyard.com\/smaps\/wp-content\/uploads\/2023\/08\/BANDEAU-WEB-851X315.png","articleSection":["\u00c0 la une","Actualit\u00e9s","Infos g\u00e9n\u00e9rales"],"inLanguage":"fr-FR"},{"@type":"WebPage","@id":"https:\/\/www.avant-pays-savoyard.com\/smaps\/fete-de-lecomobilite-en-avant-pays-savoyard\/","url":"https:\/\/www.avant-pays-savoyard.com\/smaps\/fete-de-lecomobilite-en-avant-pays-savoyard\/","name":"F\u00eate de l'\u00e9comobilit\u00e9 en Avant Pays Savoyard | Ecomobilit\u00e9","isPartOf":{"@id":"https:\/\/www.avant-pays-savoyard.com\/smaps\/#website"},"primaryImageOfPage":{"@id":"https:\/\/www.avant-pays-savoyard.com\/smaps\/fete-de-lecomobilite-en-avant-pays-savoyard\/#primaryimage"},"image":{"@id":"https:\/\/www.avant-pays-savoyard.com\/smaps\/fete-de-lecomobilite-en-avant-pays-savoyard\/#primaryimage"},"thumbnailUrl":"https:\/\/www.avant-pays-savoyard.com\/smaps\/wp-content\/uploads\/2023\/08\/BANDEAU-WEB-851X315.png","datePublished":"2023-08-31T15:06:11+00:00","dateModified":"2023-09-08T09:09:51+00:00","description":"F\u00eate de l'\u00e9comobilit\u00e9 en Avant Pays Savoyard | F\u00eate \u00e9comobilit\u00e9 en Avant Pays Savoyard","breadcrumb":{"@id":"https:\/\/www.avant-pays-savoyard.com\/smaps\/fete-de-lecomobilite-en-avant-pays-savoyard\/#breadcrumb"},"inLanguage":"fr-FR","potentialAction":[{"@type":"ReadAction","target":["https:\/\/www.avant-pays-savoyard.com\/smaps\/fete-de-lecomobilite-en-avant-pays-savoyard\/"]}]},{"@type":"ImageObject","inLanguage":"fr-FR","@id":"https:\/\/www.avant-pays-savoyard.com\/smaps\/fete-de-lecomobilite-en-avant-pays-savoyard\/#primaryimage","url":"https:\/\/www.avant-pays-savoyard.com\/smaps\/wp-content\/uploads\/2023\/08\/BANDEAU-WEB-851X315.png","contentUrl":"https:\/\/www.avant-pays-savoyard.com\/smaps\/wp-content\/uploads\/2023\/08\/BANDEAU-WEB-851X315.png","width":851,"height":315,"caption":"F\u00eate \u00e9comobilit\u00e9 V\u00e9lo Avant Pays savoyard"},{"@type":"BreadcrumbList","@id":"https:\/\/www.avant-pays-savoyard.com\/smaps\/fete-de-lecomobilite-en-avant-pays-savoyard\/#breadcrumb","itemListElement":[{"@type":"ListItem","position":1,"name":"Accueil","item":"https:\/\/www.avant-pays-savoyard.com\/smaps\/"},{"@type":"ListItem","position":2,"name":"\u00c0 la une","item":"https:\/\/www.avant-pays-savoyard.com\/smaps\/category\/a-la-une\/"},{"@type":"ListItem","position":3,"name":"F\u00eate de l&rsquo;\u00e9comobilit\u00e9 en Avant Pays Savoyard"}]},{"@type":"WebSite","@id":"https:\/\/www.avant-pays-savoyard.com\/smaps\/#website","url":"https:\/\/www.avant-pays-savoyard.com\/smaps\/","name":"Syndicat Mixte Avant-Pays Savoyard","description":"Site du SMAPS","publisher":{"@id":"https:\/\/www.avant-pays-savoyard.com\/smaps\/#organization"},"potentialAction":[{"@type":"SearchAction","target":{"@type":"EntryPoint","urlTemplate":"https:\/\/www.avant-pays-savoyard.com\/smaps\/?s={search_term_string}"},"query-input":{"@type":"PropertyValueSpecification","valueRequired":true,"valueName":"search_term_string"}}],"inLanguage":"fr-FR"},{"@type":"Organization","@id":"https:\/\/www.avant-pays-savoyard.com\/smaps\/#organization","name":"Avant Pays Savoyard","url":"https:\/\/www.avant-pays-savoyard.com\/smaps\/","logo":{"@type":"ImageObject","inLanguage":"fr-FR","@id":"https:\/\/www.avant-pays-savoyard.com\/smaps\/#\/schema\/logo\/image\/","url":"https:\/\/www.avant-pays-savoyard.com\/smaps\/wp-content\/uploads\/2020\/11\/logo-smaps.png","contentUrl":"https:\/\/www.avant-pays-savoyard.com\/smaps\/wp-content\/uploads\/2020\/11\/logo-smaps.png","width":1617,"height":738,"caption":"Avant Pays Savoyard"},"image":{"@id":"https:\/\/www.avant-pays-savoyard.com\/smaps\/#\/schema\/logo\/image\/"},"sameAs":["https:\/\/www.facebook.com\/philippe.smaps?eid=ARBa3pcAa8gXFS8WNK_PRvsO8QdGpgIOahlkYUZ_fHoQSowEaz5KpN0GqL0PUxNL0ZbTsFwcVmpWqAsm"]},{"@type":"Person","@id":"https:\/\/www.avant-pays-savoyard.com\/smaps\/#\/schema\/person\/97c9f75644fa5ca03f84c36512d45878","name":"SMAPS","image":{"@type":"ImageObject","inLanguage":"fr-FR","@id":"https:\/\/secure.gravatar.com\/avatar\/5f82331f1fbc0b612bc82f92d18052f29701b5b494fd518e67c6c8d7d646b105?s=96&d=mm&r=g","url":"https:\/\/secure.gravatar.com\/avatar\/5f82331f1fbc0b612bc82f92d18052f29701b5b494fd518e67c6c8d7d646b105?s=96&d=mm&r=g","contentUrl":"https:\/\/secure.gravatar.com\/avatar\/5f82331f1fbc0b612bc82f92d18052f29701b5b494fd518e67c6c8d7d646b105?s=96&d=mm&r=g","caption":"SMAPS"}}]}},"publishpress_future_action":{"enabled":false,"date":"2026-05-07 13:56:43","action":"change-status","newStatus":"draft","terms":[],"taxonomy":"category","extraData":[]},"publishpress_future_workflow_manual_trigger":{"enabledWorkflows":[]},"_links":{"self":[{"href":"https:\/\/www.avant-pays-savoyard.com\/smaps\/wp-json\/wp\/v2\/posts\/5319","targetHints":{"allow":["GET"]}}],"collection":[{"href":"https:\/\/www.avant-pays-savoyard.com\/smaps\/wp-json\/wp\/v2\/posts"}],"about":[{"href":"https:\/\/www.avant-pays-savoyard.com\/smaps\/wp-json\/wp\/v2\/types\/post"}],"author":[{"embeddable":true,"href":"https:\/\/www.avant-pays-savoyard.com\/smaps\/wp-json\/wp\/v2\/users\/2"}],"replies":[{"embeddable":true,"href":"https:\/\/www.avant-pays-savoyard.com\/smaps\/wp-json\/wp\/v2\/comments?post=5319"}],"version-history":[{"count":6,"href":"https:\/\/www.avant-pays-savoyard.com\/smaps\/wp-json\/wp\/v2\/posts\/5319\/revisions"}],"predecessor-version":[{"id":5343,"href":"https:\/\/www.avant-pays-savoyard.com\/smaps\/wp-json\/wp\/v2\/posts\/5319\/revisions\/5343"}],"wp:featuredmedia":[{"embeddable":true,"href":"https:\/\/www.avant-pays-savoyard.com\/smaps\/wp-json\/wp\/v2\/media\/5320"}],"wp:attachment":[{"href":"https:\/\/www.avant-pays-savoyard.com\/smaps\/wp-json\/wp\/v2\/media?parent=5319"}],"wp:term":[{"taxonomy":"category","embeddable":true,"href":"https:\/\/www.avant-pays-savoyard.com\/smaps\/wp-json\/wp\/v2\/categories?post=5319"},{"taxonomy":"post_tag","embeddable":true,"href":"https:\/\/www.avant-pays-savoyard.com\/smaps\/wp-json\/wp\/v2\/tags?post=5319"}],"curies":[{"name":"wp","href":"https:\/\/api.w.org\/{rel}","templated":true}]}}