{"id":5389,"date":"2023-10-11T13:59:49","date_gmt":"2023-10-11T11:59:49","guid":{"rendered":"https:\/\/www.avant-pays-savoyard.com\/smaps\/?p=5389"},"modified":"2023-10-18T11:27:28","modified_gmt":"2023-10-18T09:27:28","slug":"lancement-covoiturage","status":"publish","type":"post","link":"https:\/\/www.avant-pays-savoyard.com\/smaps\/lancement-covoiturage\/","title":{"rendered":"Un nouveau dispositif de covoiturage en Avant-Pays !"},"content":{"rendered":"<h2>Une premi\u00e8re pour le covoiturage en Avant-Pays !<\/h2>\n<p><strong>A partir du 16 Octobre, le territoire de l&rsquo;Avant-Pays Savoyard lance un service unique, simple et performant de covoiturage. <\/strong>Le territoire engage ce nouveau dispositif avec trois autres territoires (Pays Tarentaise Vanoise, Pays de Maurienne, et la communaut\u00e9 d\u2019agglom\u00e9ration d\u2019Arlys\u00e8re), rejoignant ainsi le dispositif d\u00e9j\u00e0 existant sur Grand Lac, C\u0153ur de Savoie et Grand Chamb\u00e9ry : c\u2019est donc<br \/>\nl\u2019ensemble du d\u00e9partement de la Savoie qui sera couvert par un service unique.<\/p>\n<p><strong>Pour tous les habitants de la Savoie et de ce fait les habitants de l&rsquo;Avant-Pays Savoyard, les trajets de 5 km \u00e0 l\u2019int\u00e9rieur du d\u00e9partement de la Savoie seront offerts pour les passagers et indemnis\u00e9s pour les conducteurs via l\u2019application <a href=\"https:\/\/blablacardaily.com\/telechargement\">BlablaCar Daily<\/a>.<\/strong><\/p>\n<p>Pr\u00e8s de la moiti\u00e9 des habitants de l\u2019Avant Pays Savoyard se rendent vers le bassin chamb\u00e9rien pour travailler, tr\u00e8s majoritairement seuls dans leurs voitures. Afin d\u2019offrir une solution alternative \u00e0 la voiture individuelle, l\u2019Avant Pays Savoyard, au travers de son premier dispositif de covoiturage, propose \u00e0 ses habitants et ses usagers, une solution \u00e9conomique, \u00e9cologique, solidaire et s\u00e9curis\u00e9e. Pr\u00e9vu pour durer sur l\u2019ann\u00e9e scolaire 2023 &#8211; 2024, l\u2019exp\u00e9rimentation va permettre de recueillir des retours d\u2019exp\u00e9rience et ainsi adapter le dispositif aux besoins et attentes des usagers.<\/p>\n<p>D\u00e9velopper une politique ambitieuse en faveur du covoiturage sur notre territoire r\u00e9pond \u00e0 plusieurs enjeux :<br \/>\n<strong>&#8211; R\u00e9aliser des \u00e9conomies :<\/strong> Mes trajets en tant que passagers sont gratuits, et indemnis\u00e9s quand je suis conducteur<br \/>\n<strong>&#8211; Agir en faveur de la transition \u00e9nerg\u00e9tique de mon territoire :<\/strong> En covoiturant, j&rsquo;\u00e9mets moins de gaz \u00e0 effet de serre<br \/>\n<strong>&#8211; Passer un bon moment<\/strong> : Trop souvent seuls en voiture, en covoiturant, on rencontre aussi des gens<\/p>\n<p>Ce dispositif est port\u00e9 par le Syndicat Mixte de l&rsquo;Avant-Pays Savoyard en lien avec les communaut\u00e9s de communes Val Guiers, du Lac d&rsquo;Aiguebelette et de Yenne. Il b\u00e9n\u00e9ficie du soutien de l\u2019\u00c9tat \u00e0 travers le Fonds Vert Covoiturage (France Nation Verte) et du D\u00e9partement de la Savoie.<\/p>\n<a href='https:\/\/www.avant-pays-savoyard.com\/smaps\/project\/covoiturage\/' class='small-button smallblue' target=\"_blank\">Plus d&rsquo;informations ici<\/a>\n","protected":false},"excerpt":{"rendered":"<p>Une premi\u00e8re pour le covoiturage en Avant-Pays ! A partir du 16 Octobre, le territoire de l&rsquo;Avant-Pays Savoyard lance un service unique, simple et performant de covoiturage. Le territoire engage ce nouveau dispositif avec trois autres territoires (Pays Tarentaise Vanoise, Pays de Maurienne, et la communaut\u00e9 d\u2019agglom\u00e9ration d\u2019Arlys\u00e8re), rejoignant ainsi le dispositif d\u00e9j\u00e0 existant sur [&hellip;]<\/p>\n","protected":false},"author":2,"featured_media":5352,"comment_status":"closed","ping_status":"closed","sticky":false,"template":"","format":"standard","meta":{"_et_pb_use_builder":"","_et_pb_old_content":"","_et_gb_content_width":"","_monsterinsights_skip_tracking":false,"_monsterinsights_sitenote_active":false,"_monsterinsights_sitenote_note":"","_monsterinsights_sitenote_category":0,"footnotes":""},"categories":[30,29,32],"tags":[],"class_list":["post-5389","post","type-post","status-publish","format-standard","has-post-thumbnail","hentry","category-a-la-une","category-actus","category-tepos"],"yoast_head":"<!-- This site is optimized with the Yoast SEO plugin v27.5 - https:\/\/yoast.com\/product\/yoast-seo-wordpress\/ -->\n<title>Un nouveau dispositif de covoiturage en Avant-Pays ! | Avant Pays Savoyard<\/title>\n<meta name=\"description\" content=\"Un nouveau dispositif de covoiturage en Avant-Pays ! | Lancement du dispositif d&#039;incitation au covoiturage en Avant Pays Savoyard\" \/>\n<meta name=\"robots\" content=\"index, follow, max-snippet:-1, max-image-preview:large, max-video-preview:-1\" \/>\n<link rel=\"canonical\" href=\"https:\/\/www.avant-pays-savoyard.com\/smaps\/lancement-covoiturage\/\" \/>\n<meta property=\"og:locale\" content=\"fr_FR\" \/>\n<meta property=\"og:type\" content=\"article\" \/>\n<meta property=\"og:title\" content=\"Un nouveau dispositif de covoiturage en Avant-Pays ! | Avant Pays Savoyard\" \/>\n<meta property=\"og:description\" content=\"Un nouveau dispositif de covoiturage en Avant-Pays ! | Lancement du dispositif d&#039;incitation au covoiturage en Avant Pays Savoyard\" \/>\n<meta property=\"og:url\" content=\"https:\/\/www.avant-pays-savoyard.com\/smaps\/lancement-covoiturage\/\" \/>\n<meta property=\"og:site_name\" content=\"Syndicat Mixte Avant-Pays Savoyard\" \/>\n<meta property=\"article:publisher\" content=\"https:\/\/www.facebook.com\/philippe.smaps?eid=ARBa3pcAa8gXFS8WNK_PRvsO8QdGpgIOahlkYUZ_fHoQSowEaz5KpN0GqL0PUxNL0ZbTsFwcVmpWqAsm\" \/>\n<meta property=\"article:published_time\" content=\"2023-10-11T11:59:49+00:00\" \/>\n<meta property=\"article:modified_time\" content=\"2023-10-18T09:27:28+00:00\" \/>\n<meta property=\"og:image\" content=\"https:\/\/www.avant-pays-savoyard.com\/smaps\/wp-content\/uploads\/2023\/09\/Flyer-A5.V3_Page_3-scaled.jpg\" \/>\n\t<meta property=\"og:image:width\" content=\"1839\" \/>\n\t<meta property=\"og:image:height\" content=\"2560\" \/>\n\t<meta property=\"og:image:type\" content=\"image\/jpeg\" \/>\n<meta name=\"author\" content=\"SMAPS\" \/>\n<meta name=\"twitter:card\" content=\"summary_large_image\" \/>\n<meta name=\"twitter:label1\" content=\"\u00c9crit par\" \/>\n\t<meta name=\"twitter:data1\" content=\"SMAPS\" \/>\n\t<meta name=\"twitter:label2\" content=\"Dur\u00e9e de lecture estim\u00e9e\" \/>\n\t<meta name=\"twitter:data2\" content=\"2 minutes\" \/>\n<script type=\"application\/ld+json\" class=\"yoast-schema-graph\">{\"@context\":\"https:\\\/\\\/schema.org\",\"@graph\":[{\"@type\":\"Article\",\"@id\":\"https:\\\/\\\/www.avant-pays-savoyard.com\\\/smaps\\\/lancement-covoiturage\\\/#article\",\"isPartOf\":{\"@id\":\"https:\\\/\\\/www.avant-pays-savoyard.com\\\/smaps\\\/lancement-covoiturage\\\/\"},\"author\":{\"name\":\"SMAPS\",\"@id\":\"https:\\\/\\\/www.avant-pays-savoyard.com\\\/smaps\\\/#\\\/schema\\\/person\\\/97c9f75644fa5ca03f84c36512d45878\"},\"headline\":\"Un nouveau dispositif de covoiturage en Avant-Pays !\",\"datePublished\":\"2023-10-11T11:59:49+00:00\",\"dateModified\":\"2023-10-18T09:27:28+00:00\",\"mainEntityOfPage\":{\"@id\":\"https:\\\/\\\/www.avant-pays-savoyard.com\\\/smaps\\\/lancement-covoiturage\\\/\"},\"wordCount\":382,\"publisher\":{\"@id\":\"https:\\\/\\\/www.avant-pays-savoyard.com\\\/smaps\\\/#organization\"},\"image\":{\"@id\":\"https:\\\/\\\/www.avant-pays-savoyard.com\\\/smaps\\\/lancement-covoiturage\\\/#primaryimage\"},\"thumbnailUrl\":\"https:\\\/\\\/www.avant-pays-savoyard.com\\\/smaps\\\/wp-content\\\/uploads\\\/2023\\\/09\\\/Flyer-A5.V3_Page_3-scaled.jpg\",\"articleSection\":[\"\u00c0 la une\",\"Actualit\u00e9s\",\"TEPOS\"],\"inLanguage\":\"fr-FR\"},{\"@type\":\"WebPage\",\"@id\":\"https:\\\/\\\/www.avant-pays-savoyard.com\\\/smaps\\\/lancement-covoiturage\\\/\",\"url\":\"https:\\\/\\\/www.avant-pays-savoyard.com\\\/smaps\\\/lancement-covoiturage\\\/\",\"name\":\"Un nouveau dispositif de covoiturage en Avant-Pays ! | Avant Pays Savoyard\",\"isPartOf\":{\"@id\":\"https:\\\/\\\/www.avant-pays-savoyard.com\\\/smaps\\\/#website\"},\"primaryImageOfPage\":{\"@id\":\"https:\\\/\\\/www.avant-pays-savoyard.com\\\/smaps\\\/lancement-covoiturage\\\/#primaryimage\"},\"image\":{\"@id\":\"https:\\\/\\\/www.avant-pays-savoyard.com\\\/smaps\\\/lancement-covoiturage\\\/#primaryimage\"},\"thumbnailUrl\":\"https:\\\/\\\/www.avant-pays-savoyard.com\\\/smaps\\\/wp-content\\\/uploads\\\/2023\\\/09\\\/Flyer-A5.V3_Page_3-scaled.jpg\",\"datePublished\":\"2023-10-11T11:59:49+00:00\",\"dateModified\":\"2023-10-18T09:27:28+00:00\",\"description\":\"Un nouveau dispositif de covoiturage en Avant-Pays ! | Lancement du dispositif d'incitation au covoiturage en Avant Pays Savoyard\",\"breadcrumb\":{\"@id\":\"https:\\\/\\\/www.avant-pays-savoyard.com\\\/smaps\\\/lancement-covoiturage\\\/#breadcrumb\"},\"inLanguage\":\"fr-FR\",\"potentialAction\":[{\"@type\":\"ReadAction\",\"target\":[\"https:\\\/\\\/www.avant-pays-savoyard.com\\\/smaps\\\/lancement-covoiturage\\\/\"]}]},{\"@type\":\"ImageObject\",\"inLanguage\":\"fr-FR\",\"@id\":\"https:\\\/\\\/www.avant-pays-savoyard.com\\\/smaps\\\/lancement-covoiturage\\\/#primaryimage\",\"url\":\"https:\\\/\\\/www.avant-pays-savoyard.com\\\/smaps\\\/wp-content\\\/uploads\\\/2023\\\/09\\\/Flyer-A5.V3_Page_3-scaled.jpg\",\"contentUrl\":\"https:\\\/\\\/www.avant-pays-savoyard.com\\\/smaps\\\/wp-content\\\/uploads\\\/2023\\\/09\\\/Flyer-A5.V3_Page_3-scaled.jpg\",\"width\":1839,\"height\":2560,\"caption\":\"Affiche Covoiturage - SMAPS\"},{\"@type\":\"BreadcrumbList\",\"@id\":\"https:\\\/\\\/www.avant-pays-savoyard.com\\\/smaps\\\/lancement-covoiturage\\\/#breadcrumb\",\"itemListElement\":[{\"@type\":\"ListItem\",\"position\":1,\"name\":\"Accueil\",\"item\":\"https:\\\/\\\/www.avant-pays-savoyard.com\\\/smaps\\\/\"},{\"@type\":\"ListItem\",\"position\":2,\"name\":\"\u00c0 la une\",\"item\":\"https:\\\/\\\/www.avant-pays-savoyard.com\\\/smaps\\\/category\\\/a-la-une\\\/\"},{\"@type\":\"ListItem\",\"position\":3,\"name\":\"Un nouveau dispositif de covoiturage en Avant-Pays !\"}]},{\"@type\":\"WebSite\",\"@id\":\"https:\\\/\\\/www.avant-pays-savoyard.com\\\/smaps\\\/#website\",\"url\":\"https:\\\/\\\/www.avant-pays-savoyard.com\\\/smaps\\\/\",\"name\":\"Syndicat Mixte Avant-Pays Savoyard\",\"description\":\"Site du SMAPS\",\"publisher\":{\"@id\":\"https:\\\/\\\/www.avant-pays-savoyard.com\\\/smaps\\\/#organization\"},\"potentialAction\":[{\"@type\":\"SearchAction\",\"target\":{\"@type\":\"EntryPoint\",\"urlTemplate\":\"https:\\\/\\\/www.avant-pays-savoyard.com\\\/smaps\\\/?s={search_term_string}\"},\"query-input\":{\"@type\":\"PropertyValueSpecification\",\"valueRequired\":true,\"valueName\":\"search_term_string\"}}],\"inLanguage\":\"fr-FR\"},{\"@type\":\"Organization\",\"@id\":\"https:\\\/\\\/www.avant-pays-savoyard.com\\\/smaps\\\/#organization\",\"name\":\"Avant Pays Savoyard\",\"url\":\"https:\\\/\\\/www.avant-pays-savoyard.com\\\/smaps\\\/\",\"logo\":{\"@type\":\"ImageObject\",\"inLanguage\":\"fr-FR\",\"@id\":\"https:\\\/\\\/www.avant-pays-savoyard.com\\\/smaps\\\/#\\\/schema\\\/logo\\\/image\\\/\",\"url\":\"https:\\\/\\\/www.avant-pays-savoyard.com\\\/smaps\\\/wp-content\\\/uploads\\\/2020\\\/11\\\/logo-smaps.png\",\"contentUrl\":\"https:\\\/\\\/www.avant-pays-savoyard.com\\\/smaps\\\/wp-content\\\/uploads\\\/2020\\\/11\\\/logo-smaps.png\",\"width\":1617,\"height\":738,\"caption\":\"Avant Pays Savoyard\"},\"image\":{\"@id\":\"https:\\\/\\\/www.avant-pays-savoyard.com\\\/smaps\\\/#\\\/schema\\\/logo\\\/image\\\/\"},\"sameAs\":[\"https:\\\/\\\/www.facebook.com\\\/philippe.smaps?eid=ARBa3pcAa8gXFS8WNK_PRvsO8QdGpgIOahlkYUZ_fHoQSowEaz5KpN0GqL0PUxNL0ZbTsFwcVmpWqAsm\"]},{\"@type\":\"Person\",\"@id\":\"https:\\\/\\\/www.avant-pays-savoyard.com\\\/smaps\\\/#\\\/schema\\\/person\\\/97c9f75644fa5ca03f84c36512d45878\",\"name\":\"SMAPS\",\"image\":{\"@type\":\"ImageObject\",\"inLanguage\":\"fr-FR\",\"@id\":\"https:\\\/\\\/secure.gravatar.com\\\/avatar\\\/5f82331f1fbc0b612bc82f92d18052f29701b5b494fd518e67c6c8d7d646b105?s=96&d=mm&r=g\",\"url\":\"https:\\\/\\\/secure.gravatar.com\\\/avatar\\\/5f82331f1fbc0b612bc82f92d18052f29701b5b494fd518e67c6c8d7d646b105?s=96&d=mm&r=g\",\"contentUrl\":\"https:\\\/\\\/secure.gravatar.com\\\/avatar\\\/5f82331f1fbc0b612bc82f92d18052f29701b5b494fd518e67c6c8d7d646b105?s=96&d=mm&r=g\",\"caption\":\"SMAPS\"}}]}<\/script>\n<!-- \/ Yoast SEO plugin. -->","yoast_head_json":{"title":"Un nouveau dispositif de covoiturage en Avant-Pays ! | Avant Pays Savoyard","description":"Un nouveau dispositif de covoiturage en Avant-Pays ! | Lancement du dispositif d'incitation au covoiturage en Avant Pays Savoyard","robots":{"index":"index","follow":"follow","max-snippet":"max-snippet:-1","max-image-preview":"max-image-preview:large","max-video-preview":"max-video-preview:-1"},"canonical":"https:\/\/www.avant-pays-savoyard.com\/smaps\/lancement-covoiturage\/","og_locale":"fr_FR","og_type":"article","og_title":"Un nouveau dispositif de covoiturage en Avant-Pays ! | Avant Pays Savoyard","og_description":"Un nouveau dispositif de covoiturage en Avant-Pays ! | Lancement du dispositif d'incitation au covoiturage en Avant Pays Savoyard","og_url":"https:\/\/www.avant-pays-savoyard.com\/smaps\/lancement-covoiturage\/","og_site_name":"Syndicat Mixte Avant-Pays Savoyard","article_publisher":"https:\/\/www.facebook.com\/philippe.smaps?eid=ARBa3pcAa8gXFS8WNK_PRvsO8QdGpgIOahlkYUZ_fHoQSowEaz5KpN0GqL0PUxNL0ZbTsFwcVmpWqAsm","article_published_time":"2023-10-11T11:59:49+00:00","article_modified_time":"2023-10-18T09:27:28+00:00","og_image":[{"width":1839,"height":2560,"url":"https:\/\/www.avant-pays-savoyard.com\/smaps\/wp-content\/uploads\/2023\/09\/Flyer-A5.V3_Page_3-scaled.jpg","type":"image\/jpeg"}],"author":"SMAPS","twitter_card":"summary_large_image","twitter_misc":{"\u00c9crit par":"SMAPS","Dur\u00e9e de lecture estim\u00e9e":"2 minutes"},"schema":{"@context":"https:\/\/schema.org","@graph":[{"@type":"Article","@id":"https:\/\/www.avant-pays-savoyard.com\/smaps\/lancement-covoiturage\/#article","isPartOf":{"@id":"https:\/\/www.avant-pays-savoyard.com\/smaps\/lancement-covoiturage\/"},"author":{"name":"SMAPS","@id":"https:\/\/www.avant-pays-savoyard.com\/smaps\/#\/schema\/person\/97c9f75644fa5ca03f84c36512d45878"},"headline":"Un nouveau dispositif de covoiturage en Avant-Pays !","datePublished":"2023-10-11T11:59:49+00:00","dateModified":"2023-10-18T09:27:28+00:00","mainEntityOfPage":{"@id":"https:\/\/www.avant-pays-savoyard.com\/smaps\/lancement-covoiturage\/"},"wordCount":382,"publisher":{"@id":"https:\/\/www.avant-pays-savoyard.com\/smaps\/#organization"},"image":{"@id":"https:\/\/www.avant-pays-savoyard.com\/smaps\/lancement-covoiturage\/#primaryimage"},"thumbnailUrl":"https:\/\/www.avant-pays-savoyard.com\/smaps\/wp-content\/uploads\/2023\/09\/Flyer-A5.V3_Page_3-scaled.jpg","articleSection":["\u00c0 la une","Actualit\u00e9s","TEPOS"],"inLanguage":"fr-FR"},{"@type":"WebPage","@id":"https:\/\/www.avant-pays-savoyard.com\/smaps\/lancement-covoiturage\/","url":"https:\/\/www.avant-pays-savoyard.com\/smaps\/lancement-covoiturage\/","name":"Un nouveau dispositif de covoiturage en Avant-Pays ! | Avant Pays Savoyard","isPartOf":{"@id":"https:\/\/www.avant-pays-savoyard.com\/smaps\/#website"},"primaryImageOfPage":{"@id":"https:\/\/www.avant-pays-savoyard.com\/smaps\/lancement-covoiturage\/#primaryimage"},"image":{"@id":"https:\/\/www.avant-pays-savoyard.com\/smaps\/lancement-covoiturage\/#primaryimage"},"thumbnailUrl":"https:\/\/www.avant-pays-savoyard.com\/smaps\/wp-content\/uploads\/2023\/09\/Flyer-A5.V3_Page_3-scaled.jpg","datePublished":"2023-10-11T11:59:49+00:00","dateModified":"2023-10-18T09:27:28+00:00","description":"Un nouveau dispositif de covoiturage en Avant-Pays ! | Lancement du dispositif d'incitation au covoiturage en Avant Pays Savoyard","breadcrumb":{"@id":"https:\/\/www.avant-pays-savoyard.com\/smaps\/lancement-covoiturage\/#breadcrumb"},"inLanguage":"fr-FR","potentialAction":[{"@type":"ReadAction","target":["https:\/\/www.avant-pays-savoyard.com\/smaps\/lancement-covoiturage\/"]}]},{"@type":"ImageObject","inLanguage":"fr-FR","@id":"https:\/\/www.avant-pays-savoyard.com\/smaps\/lancement-covoiturage\/#primaryimage","url":"https:\/\/www.avant-pays-savoyard.com\/smaps\/wp-content\/uploads\/2023\/09\/Flyer-A5.V3_Page_3-scaled.jpg","contentUrl":"https:\/\/www.avant-pays-savoyard.com\/smaps\/wp-content\/uploads\/2023\/09\/Flyer-A5.V3_Page_3-scaled.jpg","width":1839,"height":2560,"caption":"Affiche Covoiturage - SMAPS"},{"@type":"BreadcrumbList","@id":"https:\/\/www.avant-pays-savoyard.com\/smaps\/lancement-covoiturage\/#breadcrumb","itemListElement":[{"@type":"ListItem","position":1,"name":"Accueil","item":"https:\/\/www.avant-pays-savoyard.com\/smaps\/"},{"@type":"ListItem","position":2,"name":"\u00c0 la une","item":"https:\/\/www.avant-pays-savoyard.com\/smaps\/category\/a-la-une\/"},{"@type":"ListItem","position":3,"name":"Un nouveau dispositif de covoiturage en Avant-Pays !"}]},{"@type":"WebSite","@id":"https:\/\/www.avant-pays-savoyard.com\/smaps\/#website","url":"https:\/\/www.avant-pays-savoyard.com\/smaps\/","name":"Syndicat Mixte Avant-Pays Savoyard","description":"Site du SMAPS","publisher":{"@id":"https:\/\/www.avant-pays-savoyard.com\/smaps\/#organization"},"potentialAction":[{"@type":"SearchAction","target":{"@type":"EntryPoint","urlTemplate":"https:\/\/www.avant-pays-savoyard.com\/smaps\/?s={search_term_string}"},"query-input":{"@type":"PropertyValueSpecification","valueRequired":true,"valueName":"search_term_string"}}],"inLanguage":"fr-FR"},{"@type":"Organization","@id":"https:\/\/www.avant-pays-savoyard.com\/smaps\/#organization","name":"Avant Pays Savoyard","url":"https:\/\/www.avant-pays-savoyard.com\/smaps\/","logo":{"@type":"ImageObject","inLanguage":"fr-FR","@id":"https:\/\/www.avant-pays-savoyard.com\/smaps\/#\/schema\/logo\/image\/","url":"https:\/\/www.avant-pays-savoyard.com\/smaps\/wp-content\/uploads\/2020\/11\/logo-smaps.png","contentUrl":"https:\/\/www.avant-pays-savoyard.com\/smaps\/wp-content\/uploads\/2020\/11\/logo-smaps.png","width":1617,"height":738,"caption":"Avant Pays Savoyard"},"image":{"@id":"https:\/\/www.avant-pays-savoyard.com\/smaps\/#\/schema\/logo\/image\/"},"sameAs":["https:\/\/www.facebook.com\/philippe.smaps?eid=ARBa3pcAa8gXFS8WNK_PRvsO8QdGpgIOahlkYUZ_fHoQSowEaz5KpN0GqL0PUxNL0ZbTsFwcVmpWqAsm"]},{"@type":"Person","@id":"https:\/\/www.avant-pays-savoyard.com\/smaps\/#\/schema\/person\/97c9f75644fa5ca03f84c36512d45878","name":"SMAPS","image":{"@type":"ImageObject","inLanguage":"fr-FR","@id":"https:\/\/secure.gravatar.com\/avatar\/5f82331f1fbc0b612bc82f92d18052f29701b5b494fd518e67c6c8d7d646b105?s=96&d=mm&r=g","url":"https:\/\/secure.gravatar.com\/avatar\/5f82331f1fbc0b612bc82f92d18052f29701b5b494fd518e67c6c8d7d646b105?s=96&d=mm&r=g","contentUrl":"https:\/\/secure.gravatar.com\/avatar\/5f82331f1fbc0b612bc82f92d18052f29701b5b494fd518e67c6c8d7d646b105?s=96&d=mm&r=g","caption":"SMAPS"}}]}},"publishpress_future_action":{"enabled":false,"date":"2026-05-06 23:54:32","action":"change-status","newStatus":"draft","terms":[],"taxonomy":"category","extraData":[]},"publishpress_future_workflow_manual_trigger":{"enabledWorkflows":[]},"_links":{"self":[{"href":"https:\/\/www.avant-pays-savoyard.com\/smaps\/wp-json\/wp\/v2\/posts\/5389","targetHints":{"allow":["GET"]}}],"collection":[{"href":"https:\/\/www.avant-pays-savoyard.com\/smaps\/wp-json\/wp\/v2\/posts"}],"about":[{"href":"https:\/\/www.avant-pays-savoyard.com\/smaps\/wp-json\/wp\/v2\/types\/post"}],"author":[{"embeddable":true,"href":"https:\/\/www.avant-pays-savoyard.com\/smaps\/wp-json\/wp\/v2\/users\/2"}],"replies":[{"embeddable":true,"href":"https:\/\/www.avant-pays-savoyard.com\/smaps\/wp-json\/wp\/v2\/comments?post=5389"}],"version-history":[{"count":6,"href":"https:\/\/www.avant-pays-savoyard.com\/smaps\/wp-json\/wp\/v2\/posts\/5389\/revisions"}],"predecessor-version":[{"id":5395,"href":"https:\/\/www.avant-pays-savoyard.com\/smaps\/wp-json\/wp\/v2\/posts\/5389\/revisions\/5395"}],"wp:featuredmedia":[{"embeddable":true,"href":"https:\/\/www.avant-pays-savoyard.com\/smaps\/wp-json\/wp\/v2\/media\/5352"}],"wp:attachment":[{"href":"https:\/\/www.avant-pays-savoyard.com\/smaps\/wp-json\/wp\/v2\/media?parent=5389"}],"wp:term":[{"taxonomy":"category","embeddable":true,"href":"https:\/\/www.avant-pays-savoyard.com\/smaps\/wp-json\/wp\/v2\/categories?post=5389"},{"taxonomy":"post_tag","embeddable":true,"href":"https:\/\/www.avant-pays-savoyard.com\/smaps\/wp-json\/wp\/v2\/tags?post=5389"}],"curies":[{"name":"wp","href":"https:\/\/api.w.org\/{rel}","templated":true}]}}