{"id":5535,"date":"2024-01-08T17:28:02","date_gmt":"2024-01-08T16:28:02","guid":{"rendered":"https:\/\/www.avant-pays-savoyard.com\/smaps\/?p=5535"},"modified":"2026-01-19T12:11:43","modified_gmt":"2026-01-19T11:11:43","slug":"appel-a-projet-leader-ameliorer-la-qualite-de-vie-et-daccueil-des-coeurs-de-bourgs-et-de-villages","status":"publish","type":"post","link":"https:\/\/www.avant-pays-savoyard.com\/smaps\/appel-a-projet-leader-ameliorer-la-qualite-de-vie-et-daccueil-des-coeurs-de-bourgs-et-de-villages\/","title":{"rendered":"APPEL A PROJET LEADER &#8211; Centre-bourg \u00e0 l\u2019heure de la transition \u00e9cologique : R\u00e9duire la vacance et le vieillissement des espaces pour favoriser le vivre ensemble"},"content":{"rendered":"<h3 class=\"content_title\" style=\"text-align: center;\">Centre-bourg \u00e0 l\u2019heure de la transition \u00e9cologique : R\u00e9duire la vacance et le vieillissement des espaces pour favoriser le vivre ensemble<\/h3>\n<p><span style=\"color: #ff0000;\">ACTUELLEMENT FERME\u00a0<\/span><\/p>\n<p><strong>Communes \u00e9ligibles sur l&rsquo;Avant Pays Savoyard : Yenne ; Novalaise ; Saint Alban de Montbel ; La Bridoire ; Domessin ; Saint B\u00e9ron ; Le Pont de Beauvoisin ; Saint Genix-les-Villages<\/strong><\/p>\n<p style=\"text-align: justify;\"><strong><u>Calendrier\u00a0:<\/u><\/strong> Les dossiers d\u00e9pos\u00e9s entre le 17\/02\/2025 et le 30\/04\/2025 devront \u00eatre compl\u00e9t\u00e9s maximum 6 semaines apr\u00e8s la cl\u00f4ture du d\u00e9p\u00f4t pour \u00eatre recevables. Le passage (pour avis) en comit\u00e9 d\u2019audition aura lieu en pr\u00e9sentiel, il est pr\u00e9vu pour juin 2025. Les dossiers seront ensuite \u00e9tudi\u00e9s en comit\u00e9 de programmation pour s\u00e9lection et programmation, \u00e0 l&rsquo;automne 2025.<\/p>\n<h3 class=\"wp-block-heading\">Cet AAP est mis en place afin de r\u00e9pondre aux enjeux suivants :<\/h3>\n<ul class=\"wp-block-list\">\n<li>R\u00e9duire la vacance et le vieillissement du b\u00e2ti dans les centres-bourgs\u00a0;<\/li>\n<li>Favoriser les lieux de rencontre dans les centres-bourgs\u00a0;<\/li>\n<li>Rendre accessibles les services et commerces en centre-bourg\u00a0;<\/li>\n<li><strong>S\u2019engager dans la transition \u00e9nerg\u00e9tique et \u00e9cologique<\/strong> : r\u00e9duire la consommation d\u2019\u00e9nergie des b\u00e2timents, favoriser les alternatives \u00e0 l\u2019autosolisme pour acc\u00e9der et circuler en centre-bourg, r\u00e9duire les \u00eelots de chaleur\u2026<\/li>\n<\/ul>\n<p><strong>D\u2019une mani\u00e8re g\u00e9n\u00e9rale, sont particuli\u00e8rement attendus\u00a0:<\/strong><\/p>\n<ul class=\"wp-block-list\">\n<li>Des projets qui d\u00e9coulent d\u2019une conception bioclimatique ou\/et de temps de co-construction avec les usagers\u00a0;<\/li>\n<li>Des projets qui cherchent \u00e0 minimiser leur impact environnemental ou\/et \u00e0 proposer des adaptations vis-\u00e0-vis du changement climatique,<\/li>\n<li>Les projets qui investissent des espaces vacants, b\u00e2tis ou non.<\/li>\n<\/ul>\n<p>Le projet doit \u00eatre situ\u00e9 sur une des communes \u00e9ligible \u00e0 ce dispositif de revitalisation des centres bourgs. Vous avez acc\u00e8s \u00e0 la liste des communes concern\u00e9es en cliquant sur <a href=\"https:\/\/nextcloud.parc-chartreuse.net\/index.php\/s\/YogdX2q9qE6PjD4\">ce lien<\/a>.<\/p>\n<h3 class=\"wp-block-heading\">Quelques exemples de projets qui pourraient \u00eatre accompagn\u00e9s\u00a0:<\/h3>\n<p><strong>Favoriser la rencontre, le vivre ensemble\u00a0:<\/strong><\/p>\n<ul class=\"wp-block-list\">\n<li><em>Acquisition et pose de mobilier urbain (bancs, tables, kiosques\u2026) qui permettent d\u2019am\u00e9liorer les espaces de rencontre et l\u2019organisation de temps conviviaux pour les habitants ;<\/em><\/li>\n<li><em>Cr\u00e9ation d\u2019une halle de march\u00e9 en bois local avec cuve de r\u00e9cup\u00e9ration des eaux pluviales et production photovolta\u00efque,<\/em><\/li>\n<li><em>Am\u00e9nagement d\u2019un th\u00e9\u00e2tre de verdure<\/em><\/li>\n<\/ul>\n<p><strong>\u00celots de fra\u00eecheurs v\u00e9g\u00e9talis\u00e9s\u00a0:<\/strong><\/p>\n<ul class=\"wp-block-list\">\n<li><em>R\u00e9am\u00e9nagement d\u2019un jardin public\u00a0: installation d\u2019une ombri\u00e8re, de mobiliers urbains permettant le repos, plantation d\u2019essences robustes et adapt\u00e9es au changement climatique \u2026<\/em><\/li>\n<li><em>Transformation d\u2019un parking\u00a0: d\u00e9simperm\u00e9abilisation, plantation d\u2019arbres, ombri\u00e8res, r\u00e9cup\u00e9ration de l\u2019eau de pluie<\/em><\/li>\n<\/ul>\n<p><strong>Partage de l\u2019espace et mobilit\u00e9 douce\u00a0:<\/strong><\/p>\n<ul class=\"wp-block-list\">\n<li><em>D\u00e9simperm\u00e9abilisation et v\u00e9g\u00e9talisation d\u2019un espace public, avec cr\u00e9ation de cheminements pi\u00e9tons perm\u00e9ables et installation d\u2019un abris v\u00e9lo,<\/em><\/li>\n<\/ul>\n<p><strong>Am\u00e9nagement durable de b\u00e2timents<\/strong> :<\/p>\n<ul class=\"wp-block-list\">\n<li><em>Installation d\u2019un tiers lieu \/ une maison des association \/ autres\u2026 dans une ancienne \u00e9cole suite \u00e0 son d\u00e9m\u00e9nagement,<\/em><\/li>\n<li><em>Travaux, am\u00e9nagement et \u00e9quipement en vue de d\u00e9velopper une nouvelle activit\u00e9 dans un espace de vie sociale,<\/em><\/li>\n<li><em>R\u00e9novation compl\u00e8te par la commune d\u2019un local commercial rest\u00e9 vacant, avec am\u00e9lioration de la performance \u00e9nerg\u00e9tique,<\/em><\/li>\n<li><em>Am\u00e9nagement et \u00e9quipement d\u2019un local interg\u00e9n\u00e9rationnel, \u2026<\/em><\/li>\n<\/ul>\n<h3 class=\"wp-block-heading\"><strong>Avant tout d\u00e9p\u00f4t de demande d\u2019aide,<\/strong><\/h3>\n<p>vous devez prendre contact avec l\u2019\u00e9quipe technique du GAL\u00a0: <a href=\"mailto:contact@leader-lacs-montagnes.com\">contact@leader-lacs-montagnes.com<\/a> ou<\/p>\n<ul class=\"wp-block-list\">\n<li>Projet localis\u00e9 sur les communaut\u00e9s de communes du C\u0153ur de Chartreuse et Le Gr\u00e9sivaudan\u00a0: <a href=\"mailto:marion.hezard@leader-lacs-montagnes.com\">marion.hezard@leader-lacs-montagnes.com<\/a> tel\u00a0: 06 70 41 18 49<\/li>\n<li>Projet localis\u00e9 sur les communes de Grenoble Alpes m\u00e9tropole, la CA du Pays Voironnais, et sur les communaut\u00e9s de communes de Bi\u00e8vre Est, Val Guiers, du Lac d\u2019Aiguebelette, de Yenne\u00a0: <a href=\"mailto:benedicte.michard@leader-lacs-montagnes.com\">benedicte.michard@leader-lacs-montagnes.com<\/a> tel\u00a0: 07 48 74 28 66<\/li>\n<li>Votre projet est localis\u00e9 les communes de Haute-Savoie du territoire ou sur Grand Lac, Grand Chamb\u00e9ry ou la communaut\u00e9 de communes de C\u0153ur de Savoie : <a href=\"mailto:loris.subit@leader-lacs-montagnes.com\">loris.subit@leader-lacs-montagnes.com<\/a> tel\u00a0: 06 22 48 78 52<\/li>\n<\/ul>\n<h3 class=\"wp-block-heading\"><strong>Les documents incontournables pour bien se pr\u00e9parer\u00a0:<\/strong><\/h3>\n<ul class=\"wp-block-list\">\n<li><a href=\"https:\/\/nextcloud.parc-chartreuse.net\/index.php\/s\/yTtysDPM9zzmQBg\">L\u2019appel \u00e0 projets complet<\/a><\/li>\n<li><a href=\"https:\/\/nextcloud.parc-chartreuse.net\/index.php\/s\/2SgnjmMJcftD5zf\">La liste des pi\u00e8ces<\/a><\/li>\n<li>La liste des <a href=\"https:\/\/nextcloud.parc-chartreuse.net\/index.php\/s\/YogdX2q9qE6PjD4\">communes <\/a>\u00e9ligibles \u00e0 l\u2019appel \u00e0 projets<\/li>\n<\/ul>\n<p>Pour d\u00e9poser son dossier, lien vers <a href=\"https:\/\/www.auvergnerhonealpes.fr\/aides\/porter-un-projet-leader-feader\">le guide des aides<\/a><\/p>\n<p><img loading=\"lazy\" decoding=\"async\" class=\"size-medium wp-image-5533 aligncenter\" src=\"https:\/\/www.avant-pays-savoyard.com\/smaps\/wp-content\/uploads\/2020\/05\/bandeau-simple-UE_AURA-300x65.png\" alt=\"\" width=\"300\" height=\"65\" srcset=\"https:\/\/www.avant-pays-savoyard.com\/smaps\/wp-content\/uploads\/2020\/05\/bandeau-simple-UE_AURA-300x65.png 300w, https:\/\/www.avant-pays-savoyard.com\/smaps\/wp-content\/uploads\/2020\/05\/bandeau-simple-UE_AURA.png 336w\" sizes=\"(max-width: 300px) 100vw, 300px\" \/><\/p>\n","protected":false},"excerpt":{"rendered":"<p>Centre-bourg \u00e0 l\u2019heure de la transition \u00e9cologique : R\u00e9duire la vacance et le vieillissement des espaces pour favoriser le vivre ensemble ACTUELLEMENT FERME\u00a0 Communes \u00e9ligibles sur l&rsquo;Avant Pays Savoyard : Yenne ; Novalaise ; Saint Alban de Montbel ; La Bridoire ; Domessin ; Saint B\u00e9ron ; Le Pont de Beauvoisin ; Saint Genix-les-Villages Calendrier\u00a0: [&hellip;]<\/p>\n","protected":false},"author":2,"featured_media":6381,"comment_status":"closed","ping_status":"closed","sticky":false,"template":"","format":"standard","meta":{"_et_pb_use_builder":"","_et_pb_old_content":"","_et_gb_content_width":"","_monsterinsights_skip_tracking":false,"_monsterinsights_sitenote_active":false,"_monsterinsights_sitenote_note":"","_monsterinsights_sitenote_category":0,"footnotes":""},"categories":[30,29,10],"tags":[],"class_list":["post-5535","post","type-post","status-publish","format-standard","has-post-thumbnail","hentry","category-a-la-une","category-actus","category-leader"],"yoast_head":"<!-- This site is optimized with the Yoast SEO plugin v27.5 - https:\/\/yoast.com\/product\/yoast-seo-wordpress\/ -->\n<title>APPEL A PROJET LEADER - Centre-bourg \u00e0 l\u2019heure de la transition \u00e9cologique : R\u00e9duire la vacance et le vieillissement des espaces pour favoriser le vivre ensemble | Avant Pays Savoyard<\/title>\n<meta name=\"description\" content=\"APPEL A PROJET LEADER - Centre-bourg \u00e0 l\u2019heure de la transition \u00e9cologique : R\u00e9duire la vacance et le vieillissement des espaces pour favoriser le vivre ensemble | Avant Pays Savoyard\" \/>\n<meta name=\"robots\" content=\"index, follow, max-snippet:-1, max-image-preview:large, max-video-preview:-1\" \/>\n<link rel=\"canonical\" href=\"https:\/\/www.avant-pays-savoyard.com\/smaps\/appel-a-projet-leader-ameliorer-la-qualite-de-vie-et-daccueil-des-coeurs-de-bourgs-et-de-villages\/\" \/>\n<meta property=\"og:locale\" content=\"fr_FR\" \/>\n<meta property=\"og:type\" content=\"article\" \/>\n<meta property=\"og:title\" content=\"APPEL A PROJET LEADER - Centre-bourg \u00e0 l\u2019heure de la transition \u00e9cologique : R\u00e9duire la vacance et le vieillissement des espaces pour favoriser le vivre ensemble | Avant Pays Savoyard\" \/>\n<meta property=\"og:description\" content=\"APPEL A PROJET LEADER - Centre-bourg \u00e0 l\u2019heure de la transition \u00e9cologique : R\u00e9duire la vacance et le vieillissement des espaces pour favoriser le vivre ensemble | Avant Pays Savoyard\" \/>\n<meta property=\"og:url\" content=\"https:\/\/www.avant-pays-savoyard.com\/smaps\/appel-a-projet-leader-ameliorer-la-qualite-de-vie-et-daccueil-des-coeurs-de-bourgs-et-de-villages\/\" \/>\n<meta property=\"og:site_name\" content=\"Syndicat Mixte Avant-Pays Savoyard\" \/>\n<meta property=\"article:publisher\" content=\"https:\/\/www.facebook.com\/philippe.smaps?eid=ARBa3pcAa8gXFS8WNK_PRvsO8QdGpgIOahlkYUZ_fHoQSowEaz5KpN0GqL0PUxNL0ZbTsFwcVmpWqAsm\" \/>\n<meta property=\"article:published_time\" content=\"2024-01-08T16:28:02+00:00\" \/>\n<meta property=\"article:modified_time\" content=\"2026-01-19T11:11:43+00:00\" \/>\n<meta property=\"og:image\" content=\"https:\/\/www.avant-pays-savoyard.com\/smaps\/wp-content\/uploads\/2020\/05\/FA1-AAP01-2_CB.png\" \/>\n\t<meta property=\"og:image:width\" content=\"800\" \/>\n\t<meta property=\"og:image:height\" content=\"800\" \/>\n\t<meta property=\"og:image:type\" content=\"image\/png\" \/>\n<meta name=\"author\" content=\"SMAPS\" \/>\n<meta name=\"twitter:card\" content=\"summary_large_image\" \/>\n<meta name=\"twitter:label1\" content=\"\u00c9crit par\" \/>\n\t<meta name=\"twitter:data1\" content=\"SMAPS\" \/>\n\t<meta name=\"twitter:label2\" content=\"Dur\u00e9e de lecture estim\u00e9e\" \/>\n\t<meta name=\"twitter:data2\" content=\"4 minutes\" \/>\n<script type=\"application\/ld+json\" class=\"yoast-schema-graph\">{\"@context\":\"https:\\\/\\\/schema.org\",\"@graph\":[{\"@type\":\"Article\",\"@id\":\"https:\\\/\\\/www.avant-pays-savoyard.com\\\/smaps\\\/appel-a-projet-leader-ameliorer-la-qualite-de-vie-et-daccueil-des-coeurs-de-bourgs-et-de-villages\\\/#article\",\"isPartOf\":{\"@id\":\"https:\\\/\\\/www.avant-pays-savoyard.com\\\/smaps\\\/appel-a-projet-leader-ameliorer-la-qualite-de-vie-et-daccueil-des-coeurs-de-bourgs-et-de-villages\\\/\"},\"author\":{\"name\":\"SMAPS\",\"@id\":\"https:\\\/\\\/www.avant-pays-savoyard.com\\\/smaps\\\/#\\\/schema\\\/person\\\/97c9f75644fa5ca03f84c36512d45878\"},\"headline\":\"APPEL A PROJET LEADER &#8211; Centre-bourg \u00e0 l\u2019heure de la transition \u00e9cologique : R\u00e9duire la vacance et le vieillissement des espaces pour favoriser le vivre ensemble\",\"datePublished\":\"2024-01-08T16:28:02+00:00\",\"dateModified\":\"2026-01-19T11:11:43+00:00\",\"mainEntityOfPage\":{\"@id\":\"https:\\\/\\\/www.avant-pays-savoyard.com\\\/smaps\\\/appel-a-projet-leader-ameliorer-la-qualite-de-vie-et-daccueil-des-coeurs-de-bourgs-et-de-villages\\\/\"},\"wordCount\":697,\"publisher\":{\"@id\":\"https:\\\/\\\/www.avant-pays-savoyard.com\\\/smaps\\\/#organization\"},\"image\":{\"@id\":\"https:\\\/\\\/www.avant-pays-savoyard.com\\\/smaps\\\/appel-a-projet-leader-ameliorer-la-qualite-de-vie-et-daccueil-des-coeurs-de-bourgs-et-de-villages\\\/#primaryimage\"},\"thumbnailUrl\":\"https:\\\/\\\/www.avant-pays-savoyard.com\\\/smaps\\\/wp-content\\\/uploads\\\/2020\\\/05\\\/FA1-AAP01-2_CB.png\",\"articleSection\":[\"\u00c0 la une\",\"Actualit\u00e9s\",\"LEADER\"],\"inLanguage\":\"fr-FR\"},{\"@type\":\"WebPage\",\"@id\":\"https:\\\/\\\/www.avant-pays-savoyard.com\\\/smaps\\\/appel-a-projet-leader-ameliorer-la-qualite-de-vie-et-daccueil-des-coeurs-de-bourgs-et-de-villages\\\/\",\"url\":\"https:\\\/\\\/www.avant-pays-savoyard.com\\\/smaps\\\/appel-a-projet-leader-ameliorer-la-qualite-de-vie-et-daccueil-des-coeurs-de-bourgs-et-de-villages\\\/\",\"name\":\"APPEL A PROJET LEADER - Centre-bourg \u00e0 l\u2019heure de la transition \u00e9cologique : R\u00e9duire la vacance et le vieillissement des espaces pour favoriser le vivre ensemble | Avant Pays Savoyard\",\"isPartOf\":{\"@id\":\"https:\\\/\\\/www.avant-pays-savoyard.com\\\/smaps\\\/#website\"},\"primaryImageOfPage\":{\"@id\":\"https:\\\/\\\/www.avant-pays-savoyard.com\\\/smaps\\\/appel-a-projet-leader-ameliorer-la-qualite-de-vie-et-daccueil-des-coeurs-de-bourgs-et-de-villages\\\/#primaryimage\"},\"image\":{\"@id\":\"https:\\\/\\\/www.avant-pays-savoyard.com\\\/smaps\\\/appel-a-projet-leader-ameliorer-la-qualite-de-vie-et-daccueil-des-coeurs-de-bourgs-et-de-villages\\\/#primaryimage\"},\"thumbnailUrl\":\"https:\\\/\\\/www.avant-pays-savoyard.com\\\/smaps\\\/wp-content\\\/uploads\\\/2020\\\/05\\\/FA1-AAP01-2_CB.png\",\"datePublished\":\"2024-01-08T16:28:02+00:00\",\"dateModified\":\"2026-01-19T11:11:43+00:00\",\"description\":\"APPEL A PROJET LEADER - Centre-bourg \u00e0 l\u2019heure de la transition \u00e9cologique : R\u00e9duire la vacance et le vieillissement des espaces pour favoriser le vivre ensemble | Avant Pays Savoyard\",\"breadcrumb\":{\"@id\":\"https:\\\/\\\/www.avant-pays-savoyard.com\\\/smaps\\\/appel-a-projet-leader-ameliorer-la-qualite-de-vie-et-daccueil-des-coeurs-de-bourgs-et-de-villages\\\/#breadcrumb\"},\"inLanguage\":\"fr-FR\",\"potentialAction\":[{\"@type\":\"ReadAction\",\"target\":[\"https:\\\/\\\/www.avant-pays-savoyard.com\\\/smaps\\\/appel-a-projet-leader-ameliorer-la-qualite-de-vie-et-daccueil-des-coeurs-de-bourgs-et-de-villages\\\/\"]}]},{\"@type\":\"ImageObject\",\"inLanguage\":\"fr-FR\",\"@id\":\"https:\\\/\\\/www.avant-pays-savoyard.com\\\/smaps\\\/appel-a-projet-leader-ameliorer-la-qualite-de-vie-et-daccueil-des-coeurs-de-bourgs-et-de-villages\\\/#primaryimage\",\"url\":\"https:\\\/\\\/www.avant-pays-savoyard.com\\\/smaps\\\/wp-content\\\/uploads\\\/2020\\\/05\\\/FA1-AAP01-2_CB.png\",\"contentUrl\":\"https:\\\/\\\/www.avant-pays-savoyard.com\\\/smaps\\\/wp-content\\\/uploads\\\/2020\\\/05\\\/FA1-AAP01-2_CB.png\",\"width\":800,\"height\":800},{\"@type\":\"BreadcrumbList\",\"@id\":\"https:\\\/\\\/www.avant-pays-savoyard.com\\\/smaps\\\/appel-a-projet-leader-ameliorer-la-qualite-de-vie-et-daccueil-des-coeurs-de-bourgs-et-de-villages\\\/#breadcrumb\",\"itemListElement\":[{\"@type\":\"ListItem\",\"position\":1,\"name\":\"Accueil\",\"item\":\"https:\\\/\\\/www.avant-pays-savoyard.com\\\/smaps\\\/\"},{\"@type\":\"ListItem\",\"position\":2,\"name\":\"\u00c0 la une\",\"item\":\"https:\\\/\\\/www.avant-pays-savoyard.com\\\/smaps\\\/category\\\/a-la-une\\\/\"},{\"@type\":\"ListItem\",\"position\":3,\"name\":\"APPEL A PROJET LEADER &#8211; Centre-bourg \u00e0 l\u2019heure de la transition \u00e9cologique : R\u00e9duire la vacance et le vieillissement des espaces pour favoriser le vivre ensemble\"}]},{\"@type\":\"WebSite\",\"@id\":\"https:\\\/\\\/www.avant-pays-savoyard.com\\\/smaps\\\/#website\",\"url\":\"https:\\\/\\\/www.avant-pays-savoyard.com\\\/smaps\\\/\",\"name\":\"Syndicat Mixte Avant-Pays Savoyard\",\"description\":\"Site du SMAPS\",\"publisher\":{\"@id\":\"https:\\\/\\\/www.avant-pays-savoyard.com\\\/smaps\\\/#organization\"},\"potentialAction\":[{\"@type\":\"SearchAction\",\"target\":{\"@type\":\"EntryPoint\",\"urlTemplate\":\"https:\\\/\\\/www.avant-pays-savoyard.com\\\/smaps\\\/?s={search_term_string}\"},\"query-input\":{\"@type\":\"PropertyValueSpecification\",\"valueRequired\":true,\"valueName\":\"search_term_string\"}}],\"inLanguage\":\"fr-FR\"},{\"@type\":\"Organization\",\"@id\":\"https:\\\/\\\/www.avant-pays-savoyard.com\\\/smaps\\\/#organization\",\"name\":\"Avant Pays Savoyard\",\"url\":\"https:\\\/\\\/www.avant-pays-savoyard.com\\\/smaps\\\/\",\"logo\":{\"@type\":\"ImageObject\",\"inLanguage\":\"fr-FR\",\"@id\":\"https:\\\/\\\/www.avant-pays-savoyard.com\\\/smaps\\\/#\\\/schema\\\/logo\\\/image\\\/\",\"url\":\"https:\\\/\\\/www.avant-pays-savoyard.com\\\/smaps\\\/wp-content\\\/uploads\\\/2020\\\/11\\\/logo-smaps.png\",\"contentUrl\":\"https:\\\/\\\/www.avant-pays-savoyard.com\\\/smaps\\\/wp-content\\\/uploads\\\/2020\\\/11\\\/logo-smaps.png\",\"width\":1617,\"height\":738,\"caption\":\"Avant Pays Savoyard\"},\"image\":{\"@id\":\"https:\\\/\\\/www.avant-pays-savoyard.com\\\/smaps\\\/#\\\/schema\\\/logo\\\/image\\\/\"},\"sameAs\":[\"https:\\\/\\\/www.facebook.com\\\/philippe.smaps?eid=ARBa3pcAa8gXFS8WNK_PRvsO8QdGpgIOahlkYUZ_fHoQSowEaz5KpN0GqL0PUxNL0ZbTsFwcVmpWqAsm\"]},{\"@type\":\"Person\",\"@id\":\"https:\\\/\\\/www.avant-pays-savoyard.com\\\/smaps\\\/#\\\/schema\\\/person\\\/97c9f75644fa5ca03f84c36512d45878\",\"name\":\"SMAPS\",\"image\":{\"@type\":\"ImageObject\",\"inLanguage\":\"fr-FR\",\"@id\":\"https:\\\/\\\/secure.gravatar.com\\\/avatar\\\/5f82331f1fbc0b612bc82f92d18052f29701b5b494fd518e67c6c8d7d646b105?s=96&d=mm&r=g\",\"url\":\"https:\\\/\\\/secure.gravatar.com\\\/avatar\\\/5f82331f1fbc0b612bc82f92d18052f29701b5b494fd518e67c6c8d7d646b105?s=96&d=mm&r=g\",\"contentUrl\":\"https:\\\/\\\/secure.gravatar.com\\\/avatar\\\/5f82331f1fbc0b612bc82f92d18052f29701b5b494fd518e67c6c8d7d646b105?s=96&d=mm&r=g\",\"caption\":\"SMAPS\"}}]}<\/script>\n<!-- \/ Yoast SEO plugin. -->","yoast_head_json":{"title":"APPEL A PROJET LEADER - Centre-bourg \u00e0 l\u2019heure de la transition \u00e9cologique : R\u00e9duire la vacance et le vieillissement des espaces pour favoriser le vivre ensemble | Avant Pays Savoyard","description":"APPEL A PROJET LEADER - Centre-bourg \u00e0 l\u2019heure de la transition \u00e9cologique : R\u00e9duire la vacance et le vieillissement des espaces pour favoriser le vivre ensemble | Avant Pays Savoyard","robots":{"index":"index","follow":"follow","max-snippet":"max-snippet:-1","max-image-preview":"max-image-preview:large","max-video-preview":"max-video-preview:-1"},"canonical":"https:\/\/www.avant-pays-savoyard.com\/smaps\/appel-a-projet-leader-ameliorer-la-qualite-de-vie-et-daccueil-des-coeurs-de-bourgs-et-de-villages\/","og_locale":"fr_FR","og_type":"article","og_title":"APPEL A PROJET LEADER - Centre-bourg \u00e0 l\u2019heure de la transition \u00e9cologique : R\u00e9duire la vacance et le vieillissement des espaces pour favoriser le vivre ensemble | Avant Pays Savoyard","og_description":"APPEL A PROJET LEADER - Centre-bourg \u00e0 l\u2019heure de la transition \u00e9cologique : R\u00e9duire la vacance et le vieillissement des espaces pour favoriser le vivre ensemble | Avant Pays Savoyard","og_url":"https:\/\/www.avant-pays-savoyard.com\/smaps\/appel-a-projet-leader-ameliorer-la-qualite-de-vie-et-daccueil-des-coeurs-de-bourgs-et-de-villages\/","og_site_name":"Syndicat Mixte Avant-Pays Savoyard","article_publisher":"https:\/\/www.facebook.com\/philippe.smaps?eid=ARBa3pcAa8gXFS8WNK_PRvsO8QdGpgIOahlkYUZ_fHoQSowEaz5KpN0GqL0PUxNL0ZbTsFwcVmpWqAsm","article_published_time":"2024-01-08T16:28:02+00:00","article_modified_time":"2026-01-19T11:11:43+00:00","og_image":[{"width":800,"height":800,"url":"https:\/\/www.avant-pays-savoyard.com\/smaps\/wp-content\/uploads\/2020\/05\/FA1-AAP01-2_CB.png","type":"image\/png"}],"author":"SMAPS","twitter_card":"summary_large_image","twitter_misc":{"\u00c9crit par":"SMAPS","Dur\u00e9e de lecture estim\u00e9e":"4 minutes"},"schema":{"@context":"https:\/\/schema.org","@graph":[{"@type":"Article","@id":"https:\/\/www.avant-pays-savoyard.com\/smaps\/appel-a-projet-leader-ameliorer-la-qualite-de-vie-et-daccueil-des-coeurs-de-bourgs-et-de-villages\/#article","isPartOf":{"@id":"https:\/\/www.avant-pays-savoyard.com\/smaps\/appel-a-projet-leader-ameliorer-la-qualite-de-vie-et-daccueil-des-coeurs-de-bourgs-et-de-villages\/"},"author":{"name":"SMAPS","@id":"https:\/\/www.avant-pays-savoyard.com\/smaps\/#\/schema\/person\/97c9f75644fa5ca03f84c36512d45878"},"headline":"APPEL A PROJET LEADER &#8211; Centre-bourg \u00e0 l\u2019heure de la transition \u00e9cologique : R\u00e9duire la vacance et le vieillissement des espaces pour favoriser le vivre ensemble","datePublished":"2024-01-08T16:28:02+00:00","dateModified":"2026-01-19T11:11:43+00:00","mainEntityOfPage":{"@id":"https:\/\/www.avant-pays-savoyard.com\/smaps\/appel-a-projet-leader-ameliorer-la-qualite-de-vie-et-daccueil-des-coeurs-de-bourgs-et-de-villages\/"},"wordCount":697,"publisher":{"@id":"https:\/\/www.avant-pays-savoyard.com\/smaps\/#organization"},"image":{"@id":"https:\/\/www.avant-pays-savoyard.com\/smaps\/appel-a-projet-leader-ameliorer-la-qualite-de-vie-et-daccueil-des-coeurs-de-bourgs-et-de-villages\/#primaryimage"},"thumbnailUrl":"https:\/\/www.avant-pays-savoyard.com\/smaps\/wp-content\/uploads\/2020\/05\/FA1-AAP01-2_CB.png","articleSection":["\u00c0 la une","Actualit\u00e9s","LEADER"],"inLanguage":"fr-FR"},{"@type":"WebPage","@id":"https:\/\/www.avant-pays-savoyard.com\/smaps\/appel-a-projet-leader-ameliorer-la-qualite-de-vie-et-daccueil-des-coeurs-de-bourgs-et-de-villages\/","url":"https:\/\/www.avant-pays-savoyard.com\/smaps\/appel-a-projet-leader-ameliorer-la-qualite-de-vie-et-daccueil-des-coeurs-de-bourgs-et-de-villages\/","name":"APPEL A PROJET LEADER - Centre-bourg \u00e0 l\u2019heure de la transition \u00e9cologique : R\u00e9duire la vacance et le vieillissement des espaces pour favoriser le vivre ensemble | Avant Pays Savoyard","isPartOf":{"@id":"https:\/\/www.avant-pays-savoyard.com\/smaps\/#website"},"primaryImageOfPage":{"@id":"https:\/\/www.avant-pays-savoyard.com\/smaps\/appel-a-projet-leader-ameliorer-la-qualite-de-vie-et-daccueil-des-coeurs-de-bourgs-et-de-villages\/#primaryimage"},"image":{"@id":"https:\/\/www.avant-pays-savoyard.com\/smaps\/appel-a-projet-leader-ameliorer-la-qualite-de-vie-et-daccueil-des-coeurs-de-bourgs-et-de-villages\/#primaryimage"},"thumbnailUrl":"https:\/\/www.avant-pays-savoyard.com\/smaps\/wp-content\/uploads\/2020\/05\/FA1-AAP01-2_CB.png","datePublished":"2024-01-08T16:28:02+00:00","dateModified":"2026-01-19T11:11:43+00:00","description":"APPEL A PROJET LEADER - Centre-bourg \u00e0 l\u2019heure de la transition \u00e9cologique : R\u00e9duire la vacance et le vieillissement des espaces pour favoriser le vivre ensemble | Avant Pays Savoyard","breadcrumb":{"@id":"https:\/\/www.avant-pays-savoyard.com\/smaps\/appel-a-projet-leader-ameliorer-la-qualite-de-vie-et-daccueil-des-coeurs-de-bourgs-et-de-villages\/#breadcrumb"},"inLanguage":"fr-FR","potentialAction":[{"@type":"ReadAction","target":["https:\/\/www.avant-pays-savoyard.com\/smaps\/appel-a-projet-leader-ameliorer-la-qualite-de-vie-et-daccueil-des-coeurs-de-bourgs-et-de-villages\/"]}]},{"@type":"ImageObject","inLanguage":"fr-FR","@id":"https:\/\/www.avant-pays-savoyard.com\/smaps\/appel-a-projet-leader-ameliorer-la-qualite-de-vie-et-daccueil-des-coeurs-de-bourgs-et-de-villages\/#primaryimage","url":"https:\/\/www.avant-pays-savoyard.com\/smaps\/wp-content\/uploads\/2020\/05\/FA1-AAP01-2_CB.png","contentUrl":"https:\/\/www.avant-pays-savoyard.com\/smaps\/wp-content\/uploads\/2020\/05\/FA1-AAP01-2_CB.png","width":800,"height":800},{"@type":"BreadcrumbList","@id":"https:\/\/www.avant-pays-savoyard.com\/smaps\/appel-a-projet-leader-ameliorer-la-qualite-de-vie-et-daccueil-des-coeurs-de-bourgs-et-de-villages\/#breadcrumb","itemListElement":[{"@type":"ListItem","position":1,"name":"Accueil","item":"https:\/\/www.avant-pays-savoyard.com\/smaps\/"},{"@type":"ListItem","position":2,"name":"\u00c0 la une","item":"https:\/\/www.avant-pays-savoyard.com\/smaps\/category\/a-la-une\/"},{"@type":"ListItem","position":3,"name":"APPEL A PROJET LEADER &#8211; Centre-bourg \u00e0 l\u2019heure de la transition \u00e9cologique : R\u00e9duire la vacance et le vieillissement des espaces pour favoriser le vivre ensemble"}]},{"@type":"WebSite","@id":"https:\/\/www.avant-pays-savoyard.com\/smaps\/#website","url":"https:\/\/www.avant-pays-savoyard.com\/smaps\/","name":"Syndicat Mixte Avant-Pays Savoyard","description":"Site du SMAPS","publisher":{"@id":"https:\/\/www.avant-pays-savoyard.com\/smaps\/#organization"},"potentialAction":[{"@type":"SearchAction","target":{"@type":"EntryPoint","urlTemplate":"https:\/\/www.avant-pays-savoyard.com\/smaps\/?s={search_term_string}"},"query-input":{"@type":"PropertyValueSpecification","valueRequired":true,"valueName":"search_term_string"}}],"inLanguage":"fr-FR"},{"@type":"Organization","@id":"https:\/\/www.avant-pays-savoyard.com\/smaps\/#organization","name":"Avant Pays Savoyard","url":"https:\/\/www.avant-pays-savoyard.com\/smaps\/","logo":{"@type":"ImageObject","inLanguage":"fr-FR","@id":"https:\/\/www.avant-pays-savoyard.com\/smaps\/#\/schema\/logo\/image\/","url":"https:\/\/www.avant-pays-savoyard.com\/smaps\/wp-content\/uploads\/2020\/11\/logo-smaps.png","contentUrl":"https:\/\/www.avant-pays-savoyard.com\/smaps\/wp-content\/uploads\/2020\/11\/logo-smaps.png","width":1617,"height":738,"caption":"Avant Pays Savoyard"},"image":{"@id":"https:\/\/www.avant-pays-savoyard.com\/smaps\/#\/schema\/logo\/image\/"},"sameAs":["https:\/\/www.facebook.com\/philippe.smaps?eid=ARBa3pcAa8gXFS8WNK_PRvsO8QdGpgIOahlkYUZ_fHoQSowEaz5KpN0GqL0PUxNL0ZbTsFwcVmpWqAsm"]},{"@type":"Person","@id":"https:\/\/www.avant-pays-savoyard.com\/smaps\/#\/schema\/person\/97c9f75644fa5ca03f84c36512d45878","name":"SMAPS","image":{"@type":"ImageObject","inLanguage":"fr-FR","@id":"https:\/\/secure.gravatar.com\/avatar\/5f82331f1fbc0b612bc82f92d18052f29701b5b494fd518e67c6c8d7d646b105?s=96&d=mm&r=g","url":"https:\/\/secure.gravatar.com\/avatar\/5f82331f1fbc0b612bc82f92d18052f29701b5b494fd518e67c6c8d7d646b105?s=96&d=mm&r=g","contentUrl":"https:\/\/secure.gravatar.com\/avatar\/5f82331f1fbc0b612bc82f92d18052f29701b5b494fd518e67c6c8d7d646b105?s=96&d=mm&r=g","caption":"SMAPS"}}]}},"publishpress_future_action":{"enabled":false,"date":"2026-05-07 12:33:58","action":"change-status","newStatus":"draft","terms":[],"taxonomy":"category","extraData":[]},"publishpress_future_workflow_manual_trigger":{"enabledWorkflows":[]},"_links":{"self":[{"href":"https:\/\/www.avant-pays-savoyard.com\/smaps\/wp-json\/wp\/v2\/posts\/5535","targetHints":{"allow":["GET"]}}],"collection":[{"href":"https:\/\/www.avant-pays-savoyard.com\/smaps\/wp-json\/wp\/v2\/posts"}],"about":[{"href":"https:\/\/www.avant-pays-savoyard.com\/smaps\/wp-json\/wp\/v2\/types\/post"}],"author":[{"embeddable":true,"href":"https:\/\/www.avant-pays-savoyard.com\/smaps\/wp-json\/wp\/v2\/users\/2"}],"replies":[{"embeddable":true,"href":"https:\/\/www.avant-pays-savoyard.com\/smaps\/wp-json\/wp\/v2\/comments?post=5535"}],"version-history":[{"count":12,"href":"https:\/\/www.avant-pays-savoyard.com\/smaps\/wp-json\/wp\/v2\/posts\/5535\/revisions"}],"predecessor-version":[{"id":6983,"href":"https:\/\/www.avant-pays-savoyard.com\/smaps\/wp-json\/wp\/v2\/posts\/5535\/revisions\/6983"}],"wp:featuredmedia":[{"embeddable":true,"href":"https:\/\/www.avant-pays-savoyard.com\/smaps\/wp-json\/wp\/v2\/media\/6381"}],"wp:attachment":[{"href":"https:\/\/www.avant-pays-savoyard.com\/smaps\/wp-json\/wp\/v2\/media?parent=5535"}],"wp:term":[{"taxonomy":"category","embeddable":true,"href":"https:\/\/www.avant-pays-savoyard.com\/smaps\/wp-json\/wp\/v2\/categories?post=5535"},{"taxonomy":"post_tag","embeddable":true,"href":"https:\/\/www.avant-pays-savoyard.com\/smaps\/wp-json\/wp\/v2\/tags?post=5535"}],"curies":[{"name":"wp","href":"https:\/\/api.w.org\/{rel}","templated":true}]}}