{"id":5547,"date":"2024-01-10T17:14:25","date_gmt":"2024-01-10T16:14:25","guid":{"rendered":"https:\/\/www.avant-pays-savoyard.com\/smaps\/?p=5547"},"modified":"2026-04-22T14:54:09","modified_gmt":"2026-04-22T12:54:09","slug":"appel-a-projet-leader-acces-au-logement-pour-les-travailleurs-et-saisonniers-du-territoire","status":"publish","type":"post","link":"https:\/\/www.avant-pays-savoyard.com\/smaps\/appel-a-projet-leader-acces-au-logement-pour-les-travailleurs-et-saisonniers-du-territoire\/","title":{"rendered":"APPEL A PROJET LEADER &#8211; Faciliter l\u2019acc\u00e8s au logement pour les travailleurs et saisonniers du territoire"},"content":{"rendered":"<p>L\u2019Appel \u00e0 Projets \u00ab Faciliter l\u2019acc\u00e8s au logement pour les travailleurs et saisonniers du territoire \u00bb est ouvert du 6 janvier au 14 d\u00e9cembre 2026.<\/p>\n<p><strong><u>Calendrier\u00a0:<\/u><\/strong>\u00a0 Les d\u00e9p\u00f4ts et instructions des dossiers se font \u00ab\u00a0au fil de l\u2019eau\u00a0\u00bb\u00a0:<\/p>\n<p>Vous pr\u00e9senterez votre projet devant un comit\u00e9 d\u2019audition. Des sessions seront r\u00e9guli\u00e8rement ouvertes. Apr\u00e8s avis du comit\u00e9 d\u2019audition, le dossier sera instruit par l\u2019\u00e9quipe technique puis \u00e9tudi\u00e9 par le comit\u00e9 de programmation, pour s\u00e9lection et programmation.<\/p>\n<h3 class=\"wp-block-heading\"><strong>Contexte<\/strong><\/h3>\n<p>Malgr\u00e9 un secteur de l\u2019emploi dynamique, on constate des difficult\u00e9s de recrutement pour certaines entreprises et certains secteurs sp\u00e9cifiques, exacerb\u00e9es en zones rurales. En cause : l\u2019acc\u00e8s au logement et aux services, les contraintes de d\u00e9placement et le manque de concordance entre emplois \u00e0 pourvoir et profils des travailleurs.<\/p>\n<p>Concernant plus sp\u00e9cifiquement l\u2019acc\u00e8s au logement, on observe :<\/p>\n<ul class=\"wp-block-list\">\n<li>Une forte pression fonci\u00e8re, qui d\u00e9courage la construction de logements neufs, en particulier pour les m\u00e9nages \u00e0 faible revenus ;<\/li>\n<li>Les objectifs de tendre vers une <em>Z\u00e9ro Artificialisation Nette<\/em> des sols, qui poussent \u00e0 r\u00e9fl\u00e9chir \u00e0 d\u2019autres solutions et \u00e0 innover en mati\u00e8re d\u2019acc\u00e8s au logement ;<\/li>\n<li>Des logements vacants ou peu utilis\u00e9s (dont le nombre est difficile \u00e0 estimer), car :\n<ul class=\"wp-block-list\">\n<li>Ils sont v\u00e9tustes ou\/et inadapt\u00e9s aux besoins,<\/li>\n<li>Les propri\u00e9taires ne voient pas l\u2019int\u00e9r\u00eat de mettre en location ou en vente<\/li>\n<\/ul>\n<\/li>\n<\/ul>\n<h3 class=\"wp-block-heading\">Ce dispositif soutient les types de projets suivants :<\/h3>\n<p><strong>Les \u00e9tudes et travaux pour la requalification de friches ou pour la requalification\/r\u00e9novation de tout ou partie de b\u00e2timents, \u00e0 destination :<\/strong><\/p>\n<ul class=\"wp-block-list\">\n<li>De logements locatifs pour des salari\u00e9s (y compris saisonniers) du territoire rural du GAL,<\/li>\n<li>De foyers jeunes travailleurs,<\/li>\n<li>De logements communaux pour les travailleurs du territoire rural du GAL<\/li>\n<\/ul>\n<p><strong>Des actions <\/strong><strong>d\u2019animation et de communication, des \u00e9tudes, des expertises\u00a0:<\/strong><\/p>\n<ul class=\"wp-block-list\">\n<li>Pour des projets favorisant l\u2019acc\u00e8s au logement pour des travailleurs ou\/et saisonniers du territoire rural du GAL<a>.<\/a><\/li>\n<\/ul>\n<h3 class=\"wp-block-heading\">Quelques exemples de projets qui pourraient \u00eatre accompagn\u00e9s :<\/h3>\n<ul class=\"wp-block-list\">\n<li><em>Requalification de friches ou b\u00e2timents en foyer jeunes travailleurs,<\/em><\/li>\n<li><em>Cr\u00e9ation d\u2019habitats l\u00e9gers pour saisonniers,<\/em><\/li>\n<li><em>Ev\u00e8nement et action de communication sur l\u2019habitat interg\u00e9n\u00e9rationnel, \u00e0 destination des seniors, les saisonniers et jeunes actifs,<\/em><\/li>\n<li><em>Etudes pr\u00e9alables \u00e0 des projets de logements r\u00e9serv\u00e9s \u00e0 des salari\u00e9s de PME et grandes entreprises du territoire,<\/em><\/li>\n<li><em>Travaux de r\u00e9habilitation d\u2019un b\u00e2timent pour cr\u00e9er des logements locatifs r\u00e9serv\u00e9s aux salari\u00e9s d\u2019une entreprise du territoire,<\/em><\/li>\n<li><em>Mise en place d\u2019une maison de l\u2019habitat,<\/em><\/li>\n<li>\u2026<\/li>\n<\/ul>\n<h3 class=\"wp-block-heading\"><strong>Avant tout d\u00e9p\u00f4t de demande d\u2019aide,<\/strong><\/h3>\n<p><strong>vous devez prendre contact avec l\u2019\u00e9quipe technique du GAL\u00a0:<\/strong><\/p>\n<p><a href=\"mailto:contact@leader-lacs-montagnes.com\">contact@leader-lacs-montagnes.com<\/a> ou<\/p>\n<ul class=\"wp-block-list\">\n<li>Votre projet est localis\u00e9 sur les communaut\u00e9s de communes du C\u0153ur de Chartreuse et Le Gr\u00e9sivaudan : <a href=\"mailto:marion.hezard@leader-lacs-montagnes.com\">marion.hezard@leader-lacs-montagnes.com<\/a> tel : 06 70 41 18 49<\/li>\n<li>Votre projet est localis\u00e9 sur les communes de Grenoble Alpes m\u00e9tropole, la CA du Pays Voironnais, et sur les communaut\u00e9s de communes de Bi\u00e8vre Est, Val Guiers, du Lac d\u2019Aiguebelette, de Yenne : <a href=\"mailto:benedicte.michard@leader-lacs-montagnes.com\">benedicte.michard@leader-lacs-montagnes.com<\/a> tel : 07 48 74 28 66<\/li>\n<li>Votre projet est localis\u00e9 sur Grand Lac, Grand Chamb\u00e9ry, Grand Annecy, et sur les communaut\u00e9s de communes de C\u0153ur de Savoie, des Sources du Lac d\u2019Annecy ou de Rumilly Terre de Savoie : <a href=\"mailto:loris.subit@leader-lacs-montagnes.com\">loris.subit@leader-lacs-montagnes.com<\/a> tel\u00a0: 06 22 48 78 52<\/li>\n<\/ul>\n<h3 class=\"wp-block-heading\">Les documents incontournables pour bien se pr\u00e9parer\u00a0:<\/h3>\n<ul class=\"wp-block-list\">\n<li><a href=\"https:\/\/parcdechartreuse-my.sharepoint.com\/personal\/marion_hezard_parc-chartreuse_net\/_layouts\/15\/onedrive.aspx?id=%2Fpersonal%2Fmarion%5Fhezard%5Fparc%2Dchartreuse%5Fnet%2FDocuments%2FLEADER%20ELEM%202023%2D2027%2FPARTAGE%20GRAND%20PUBLIC%2FAAP%20en%20ligne%2FFA3%2DAAP01%2D3%5Flogements%5F2026%2F501%2D%20AURGAL006%2DFA3%2DAAP01%2D3%5Flogements%5Ftravailleurs%5F2026%2Epdf&amp;parent=%2Fpersonal%2Fmarion%5Fhezard%5Fparc%2Dchartreuse%5Fnet%2FDocuments%2FLEADER%20ELEM%202023%2D2027%2FPARTAGE%20GRAND%20PUBLIC%2FAAP%20en%20ligne%2FFA3%2DAAP01%2D3%5Flogements%5F2026&amp;ga=1\" target=\"_blank\" rel=\"noopener\">L\u2019appel \u00e0 projets complet<\/a><\/li>\n<li><a href=\"https:\/\/parcdechartreuse-my.sharepoint.com\/personal\/marion_hezard_parc-chartreuse_net\/_layouts\/15\/onedrive.aspx?id=%2Fpersonal%2Fmarion%5Fhezard%5Fparc%2Dchartreuse%5Fnet%2FDocuments%2FLEADER%20ELEM%202023%2D2027%2FPARTAGE%20GRAND%20PUBLIC%2FAAP%20en%20ligne%2FFA3%2DAAP01%2D3%5Flogements%5F2026%2FListe%5Fpieces%5FLEADER%5FELEM%5FFA3%2DAAP01%2D3%2Epdf&amp;parent=%2Fpersonal%2Fmarion%5Fhezard%5Fparc%2Dchartreuse%5Fnet%2FDocuments%2FLEADER%20ELEM%202023%2D2027%2FPARTAGE%20GRAND%20PUBLIC%2FAAP%20en%20ligne%2FFA3%2DAAP01%2D3%5Flogements%5F2026&amp;ga=1\" target=\"_blank\" rel=\"noopener\">La liste des pi\u00e8ces<\/a><\/li>\n<\/ul>\n<p>Pour d\u00e9poser son dossier, lien vers <a href=\"https:\/\/www.auvergnerhonealpes.fr\/aides\/porter-un-projet-leader-feader\">le guide des aides<\/a><\/p>\n<p>&nbsp;<\/p>\n<p style=\"text-align: justify;\"><img loading=\"lazy\" decoding=\"async\" class=\"size-medium wp-image-5533 aligncenter\" src=\"https:\/\/www.avant-pays-savoyard.com\/smaps\/wp-content\/uploads\/2020\/05\/bandeau-simple-UE_AURA-300x65.png\" alt=\"\" width=\"300\" height=\"65\" srcset=\"https:\/\/www.avant-pays-savoyard.com\/smaps\/wp-content\/uploads\/2020\/05\/bandeau-simple-UE_AURA-300x65.png 300w, https:\/\/www.avant-pays-savoyard.com\/smaps\/wp-content\/uploads\/2020\/05\/bandeau-simple-UE_AURA.png 336w\" sizes=\"(max-width: 300px) 100vw, 300px\" \/><\/p>\n","protected":false},"excerpt":{"rendered":"<p>L\u2019Appel \u00e0 Projets \u00ab Faciliter l\u2019acc\u00e8s au logement pour les travailleurs et saisonniers du territoire \u00bb est ouvert du 6 janvier au 14 d\u00e9cembre 2026. Calendrier\u00a0:\u00a0 Les d\u00e9p\u00f4ts et instructions des dossiers se font \u00ab\u00a0au fil de l\u2019eau\u00a0\u00bb\u00a0: Vous pr\u00e9senterez votre projet devant un comit\u00e9 d\u2019audition. Des sessions seront r\u00e9guli\u00e8rement ouvertes. Apr\u00e8s avis du comit\u00e9 [&hellip;]<\/p>\n","protected":false},"author":2,"featured_media":6382,"comment_status":"closed","ping_status":"closed","sticky":false,"template":"","format":"standard","meta":{"_et_pb_use_builder":"","_et_pb_old_content":"","_et_gb_content_width":"","_monsterinsights_skip_tracking":false,"_monsterinsights_sitenote_active":false,"_monsterinsights_sitenote_note":"","_monsterinsights_sitenote_category":0,"footnotes":""},"categories":[30,29,10],"tags":[],"class_list":["post-5547","post","type-post","status-publish","format-standard","has-post-thumbnail","hentry","category-a-la-une","category-actus","category-leader"],"yoast_head":"<!-- This site is optimized with the Yoast SEO plugin v27.5 - https:\/\/yoast.com\/product\/yoast-seo-wordpress\/ -->\n<title>APPEL A PROJET LEADER - Faciliter l\u2019acc\u00e8s au logement pour les travailleurs et saisonniers du territoire | Avant Pays Savoyard<\/title>\n<meta name=\"description\" content=\"APPEL A PROJET LEADER - Faciliter l\u2019acc\u00e8s au logement pour les travailleurs et saisonniers du territoire | Avant Pays Savoyard\" \/>\n<meta name=\"robots\" content=\"index, follow, max-snippet:-1, max-image-preview:large, max-video-preview:-1\" \/>\n<link rel=\"canonical\" href=\"https:\/\/www.avant-pays-savoyard.com\/smaps\/appel-a-projet-leader-acces-au-logement-pour-les-travailleurs-et-saisonniers-du-territoire\/\" \/>\n<meta property=\"og:locale\" content=\"fr_FR\" \/>\n<meta property=\"og:type\" content=\"article\" \/>\n<meta property=\"og:title\" content=\"APPEL A PROJET LEADER - Faciliter l\u2019acc\u00e8s au logement pour les travailleurs et saisonniers du territoire | Avant Pays Savoyard\" \/>\n<meta property=\"og:description\" content=\"APPEL A PROJET LEADER - Faciliter l\u2019acc\u00e8s au logement pour les travailleurs et saisonniers du territoire | Avant Pays Savoyard\" \/>\n<meta property=\"og:url\" content=\"https:\/\/www.avant-pays-savoyard.com\/smaps\/appel-a-projet-leader-acces-au-logement-pour-les-travailleurs-et-saisonniers-du-territoire\/\" \/>\n<meta property=\"og:site_name\" content=\"Syndicat Mixte Avant-Pays Savoyard\" \/>\n<meta property=\"article:publisher\" content=\"https:\/\/www.facebook.com\/philippe.smaps?eid=ARBa3pcAa8gXFS8WNK_PRvsO8QdGpgIOahlkYUZ_fHoQSowEaz5KpN0GqL0PUxNL0ZbTsFwcVmpWqAsm\" \/>\n<meta property=\"article:published_time\" content=\"2024-01-10T16:14:25+00:00\" \/>\n<meta property=\"article:modified_time\" content=\"2026-04-22T12:54:09+00:00\" \/>\n<meta property=\"og:image\" content=\"https:\/\/www.avant-pays-savoyard.com\/smaps\/wp-content\/uploads\/2020\/05\/FA3-AAP01-2_logements.png\" \/>\n\t<meta property=\"og:image:width\" content=\"800\" \/>\n\t<meta property=\"og:image:height\" content=\"800\" \/>\n\t<meta property=\"og:image:type\" content=\"image\/png\" \/>\n<meta name=\"author\" content=\"SMAPS\" \/>\n<meta name=\"twitter:card\" content=\"summary_large_image\" \/>\n<meta name=\"twitter:label1\" content=\"\u00c9crit par\" \/>\n\t<meta name=\"twitter:data1\" content=\"SMAPS\" \/>\n\t<meta name=\"twitter:label2\" content=\"Dur\u00e9e de lecture estim\u00e9e\" \/>\n\t<meta name=\"twitter:data2\" content=\"4 minutes\" \/>\n<script type=\"application\/ld+json\" class=\"yoast-schema-graph\">{\"@context\":\"https:\\\/\\\/schema.org\",\"@graph\":[{\"@type\":\"Article\",\"@id\":\"https:\\\/\\\/www.avant-pays-savoyard.com\\\/smaps\\\/appel-a-projet-leader-acces-au-logement-pour-les-travailleurs-et-saisonniers-du-territoire\\\/#article\",\"isPartOf\":{\"@id\":\"https:\\\/\\\/www.avant-pays-savoyard.com\\\/smaps\\\/appel-a-projet-leader-acces-au-logement-pour-les-travailleurs-et-saisonniers-du-territoire\\\/\"},\"author\":{\"name\":\"SMAPS\",\"@id\":\"https:\\\/\\\/www.avant-pays-savoyard.com\\\/smaps\\\/#\\\/schema\\\/person\\\/97c9f75644fa5ca03f84c36512d45878\"},\"headline\":\"APPEL A PROJET LEADER &#8211; Faciliter l\u2019acc\u00e8s au logement pour les travailleurs et saisonniers du territoire\",\"datePublished\":\"2024-01-10T16:14:25+00:00\",\"dateModified\":\"2026-04-22T12:54:09+00:00\",\"mainEntityOfPage\":{\"@id\":\"https:\\\/\\\/www.avant-pays-savoyard.com\\\/smaps\\\/appel-a-projet-leader-acces-au-logement-pour-les-travailleurs-et-saisonniers-du-territoire\\\/\"},\"wordCount\":610,\"publisher\":{\"@id\":\"https:\\\/\\\/www.avant-pays-savoyard.com\\\/smaps\\\/#organization\"},\"image\":{\"@id\":\"https:\\\/\\\/www.avant-pays-savoyard.com\\\/smaps\\\/appel-a-projet-leader-acces-au-logement-pour-les-travailleurs-et-saisonniers-du-territoire\\\/#primaryimage\"},\"thumbnailUrl\":\"https:\\\/\\\/www.avant-pays-savoyard.com\\\/smaps\\\/wp-content\\\/uploads\\\/2020\\\/05\\\/FA3-AAP01-2_logements.png\",\"articleSection\":[\"\u00c0 la une\",\"Actualit\u00e9s\",\"LEADER\"],\"inLanguage\":\"fr-FR\"},{\"@type\":\"WebPage\",\"@id\":\"https:\\\/\\\/www.avant-pays-savoyard.com\\\/smaps\\\/appel-a-projet-leader-acces-au-logement-pour-les-travailleurs-et-saisonniers-du-territoire\\\/\",\"url\":\"https:\\\/\\\/www.avant-pays-savoyard.com\\\/smaps\\\/appel-a-projet-leader-acces-au-logement-pour-les-travailleurs-et-saisonniers-du-territoire\\\/\",\"name\":\"APPEL A PROJET LEADER - Faciliter l\u2019acc\u00e8s au logement pour les travailleurs et saisonniers du territoire | Avant Pays Savoyard\",\"isPartOf\":{\"@id\":\"https:\\\/\\\/www.avant-pays-savoyard.com\\\/smaps\\\/#website\"},\"primaryImageOfPage\":{\"@id\":\"https:\\\/\\\/www.avant-pays-savoyard.com\\\/smaps\\\/appel-a-projet-leader-acces-au-logement-pour-les-travailleurs-et-saisonniers-du-territoire\\\/#primaryimage\"},\"image\":{\"@id\":\"https:\\\/\\\/www.avant-pays-savoyard.com\\\/smaps\\\/appel-a-projet-leader-acces-au-logement-pour-les-travailleurs-et-saisonniers-du-territoire\\\/#primaryimage\"},\"thumbnailUrl\":\"https:\\\/\\\/www.avant-pays-savoyard.com\\\/smaps\\\/wp-content\\\/uploads\\\/2020\\\/05\\\/FA3-AAP01-2_logements.png\",\"datePublished\":\"2024-01-10T16:14:25+00:00\",\"dateModified\":\"2026-04-22T12:54:09+00:00\",\"description\":\"APPEL A PROJET LEADER - Faciliter l\u2019acc\u00e8s au logement pour les travailleurs et saisonniers du territoire | Avant Pays Savoyard\",\"breadcrumb\":{\"@id\":\"https:\\\/\\\/www.avant-pays-savoyard.com\\\/smaps\\\/appel-a-projet-leader-acces-au-logement-pour-les-travailleurs-et-saisonniers-du-territoire\\\/#breadcrumb\"},\"inLanguage\":\"fr-FR\",\"potentialAction\":[{\"@type\":\"ReadAction\",\"target\":[\"https:\\\/\\\/www.avant-pays-savoyard.com\\\/smaps\\\/appel-a-projet-leader-acces-au-logement-pour-les-travailleurs-et-saisonniers-du-territoire\\\/\"]}]},{\"@type\":\"ImageObject\",\"inLanguage\":\"fr-FR\",\"@id\":\"https:\\\/\\\/www.avant-pays-savoyard.com\\\/smaps\\\/appel-a-projet-leader-acces-au-logement-pour-les-travailleurs-et-saisonniers-du-territoire\\\/#primaryimage\",\"url\":\"https:\\\/\\\/www.avant-pays-savoyard.com\\\/smaps\\\/wp-content\\\/uploads\\\/2020\\\/05\\\/FA3-AAP01-2_logements.png\",\"contentUrl\":\"https:\\\/\\\/www.avant-pays-savoyard.com\\\/smaps\\\/wp-content\\\/uploads\\\/2020\\\/05\\\/FA3-AAP01-2_logements.png\",\"width\":800,\"height\":800},{\"@type\":\"BreadcrumbList\",\"@id\":\"https:\\\/\\\/www.avant-pays-savoyard.com\\\/smaps\\\/appel-a-projet-leader-acces-au-logement-pour-les-travailleurs-et-saisonniers-du-territoire\\\/#breadcrumb\",\"itemListElement\":[{\"@type\":\"ListItem\",\"position\":1,\"name\":\"Accueil\",\"item\":\"https:\\\/\\\/www.avant-pays-savoyard.com\\\/smaps\\\/\"},{\"@type\":\"ListItem\",\"position\":2,\"name\":\"LEADER\",\"item\":\"https:\\\/\\\/www.avant-pays-savoyard.com\\\/smaps\\\/category\\\/leader\\\/\"},{\"@type\":\"ListItem\",\"position\":3,\"name\":\"APPEL A PROJET LEADER &#8211; Faciliter l\u2019acc\u00e8s au logement pour les travailleurs et saisonniers du territoire\"}]},{\"@type\":\"WebSite\",\"@id\":\"https:\\\/\\\/www.avant-pays-savoyard.com\\\/smaps\\\/#website\",\"url\":\"https:\\\/\\\/www.avant-pays-savoyard.com\\\/smaps\\\/\",\"name\":\"Syndicat Mixte Avant-Pays Savoyard\",\"description\":\"Site du SMAPS\",\"publisher\":{\"@id\":\"https:\\\/\\\/www.avant-pays-savoyard.com\\\/smaps\\\/#organization\"},\"potentialAction\":[{\"@type\":\"SearchAction\",\"target\":{\"@type\":\"EntryPoint\",\"urlTemplate\":\"https:\\\/\\\/www.avant-pays-savoyard.com\\\/smaps\\\/?s={search_term_string}\"},\"query-input\":{\"@type\":\"PropertyValueSpecification\",\"valueRequired\":true,\"valueName\":\"search_term_string\"}}],\"inLanguage\":\"fr-FR\"},{\"@type\":\"Organization\",\"@id\":\"https:\\\/\\\/www.avant-pays-savoyard.com\\\/smaps\\\/#organization\",\"name\":\"Avant Pays Savoyard\",\"url\":\"https:\\\/\\\/www.avant-pays-savoyard.com\\\/smaps\\\/\",\"logo\":{\"@type\":\"ImageObject\",\"inLanguage\":\"fr-FR\",\"@id\":\"https:\\\/\\\/www.avant-pays-savoyard.com\\\/smaps\\\/#\\\/schema\\\/logo\\\/image\\\/\",\"url\":\"https:\\\/\\\/www.avant-pays-savoyard.com\\\/smaps\\\/wp-content\\\/uploads\\\/2020\\\/11\\\/logo-smaps.png\",\"contentUrl\":\"https:\\\/\\\/www.avant-pays-savoyard.com\\\/smaps\\\/wp-content\\\/uploads\\\/2020\\\/11\\\/logo-smaps.png\",\"width\":1617,\"height\":738,\"caption\":\"Avant Pays Savoyard\"},\"image\":{\"@id\":\"https:\\\/\\\/www.avant-pays-savoyard.com\\\/smaps\\\/#\\\/schema\\\/logo\\\/image\\\/\"},\"sameAs\":[\"https:\\\/\\\/www.facebook.com\\\/philippe.smaps?eid=ARBa3pcAa8gXFS8WNK_PRvsO8QdGpgIOahlkYUZ_fHoQSowEaz5KpN0GqL0PUxNL0ZbTsFwcVmpWqAsm\"]},{\"@type\":\"Person\",\"@id\":\"https:\\\/\\\/www.avant-pays-savoyard.com\\\/smaps\\\/#\\\/schema\\\/person\\\/97c9f75644fa5ca03f84c36512d45878\",\"name\":\"SMAPS\",\"image\":{\"@type\":\"ImageObject\",\"inLanguage\":\"fr-FR\",\"@id\":\"https:\\\/\\\/secure.gravatar.com\\\/avatar\\\/5f82331f1fbc0b612bc82f92d18052f29701b5b494fd518e67c6c8d7d646b105?s=96&d=mm&r=g\",\"url\":\"https:\\\/\\\/secure.gravatar.com\\\/avatar\\\/5f82331f1fbc0b612bc82f92d18052f29701b5b494fd518e67c6c8d7d646b105?s=96&d=mm&r=g\",\"contentUrl\":\"https:\\\/\\\/secure.gravatar.com\\\/avatar\\\/5f82331f1fbc0b612bc82f92d18052f29701b5b494fd518e67c6c8d7d646b105?s=96&d=mm&r=g\",\"caption\":\"SMAPS\"}}]}<\/script>\n<!-- \/ Yoast SEO plugin. -->","yoast_head_json":{"title":"APPEL A PROJET LEADER - Faciliter l\u2019acc\u00e8s au logement pour les travailleurs et saisonniers du territoire | Avant Pays Savoyard","description":"APPEL A PROJET LEADER - Faciliter l\u2019acc\u00e8s au logement pour les travailleurs et saisonniers du territoire | Avant Pays Savoyard","robots":{"index":"index","follow":"follow","max-snippet":"max-snippet:-1","max-image-preview":"max-image-preview:large","max-video-preview":"max-video-preview:-1"},"canonical":"https:\/\/www.avant-pays-savoyard.com\/smaps\/appel-a-projet-leader-acces-au-logement-pour-les-travailleurs-et-saisonniers-du-territoire\/","og_locale":"fr_FR","og_type":"article","og_title":"APPEL A PROJET LEADER - Faciliter l\u2019acc\u00e8s au logement pour les travailleurs et saisonniers du territoire | Avant Pays Savoyard","og_description":"APPEL A PROJET LEADER - Faciliter l\u2019acc\u00e8s au logement pour les travailleurs et saisonniers du territoire | Avant Pays Savoyard","og_url":"https:\/\/www.avant-pays-savoyard.com\/smaps\/appel-a-projet-leader-acces-au-logement-pour-les-travailleurs-et-saisonniers-du-territoire\/","og_site_name":"Syndicat Mixte Avant-Pays Savoyard","article_publisher":"https:\/\/www.facebook.com\/philippe.smaps?eid=ARBa3pcAa8gXFS8WNK_PRvsO8QdGpgIOahlkYUZ_fHoQSowEaz5KpN0GqL0PUxNL0ZbTsFwcVmpWqAsm","article_published_time":"2024-01-10T16:14:25+00:00","article_modified_time":"2026-04-22T12:54:09+00:00","og_image":[{"width":800,"height":800,"url":"https:\/\/www.avant-pays-savoyard.com\/smaps\/wp-content\/uploads\/2020\/05\/FA3-AAP01-2_logements.png","type":"image\/png"}],"author":"SMAPS","twitter_card":"summary_large_image","twitter_misc":{"\u00c9crit par":"SMAPS","Dur\u00e9e de lecture estim\u00e9e":"4 minutes"},"schema":{"@context":"https:\/\/schema.org","@graph":[{"@type":"Article","@id":"https:\/\/www.avant-pays-savoyard.com\/smaps\/appel-a-projet-leader-acces-au-logement-pour-les-travailleurs-et-saisonniers-du-territoire\/#article","isPartOf":{"@id":"https:\/\/www.avant-pays-savoyard.com\/smaps\/appel-a-projet-leader-acces-au-logement-pour-les-travailleurs-et-saisonniers-du-territoire\/"},"author":{"name":"SMAPS","@id":"https:\/\/www.avant-pays-savoyard.com\/smaps\/#\/schema\/person\/97c9f75644fa5ca03f84c36512d45878"},"headline":"APPEL A PROJET LEADER &#8211; Faciliter l\u2019acc\u00e8s au logement pour les travailleurs et saisonniers du territoire","datePublished":"2024-01-10T16:14:25+00:00","dateModified":"2026-04-22T12:54:09+00:00","mainEntityOfPage":{"@id":"https:\/\/www.avant-pays-savoyard.com\/smaps\/appel-a-projet-leader-acces-au-logement-pour-les-travailleurs-et-saisonniers-du-territoire\/"},"wordCount":610,"publisher":{"@id":"https:\/\/www.avant-pays-savoyard.com\/smaps\/#organization"},"image":{"@id":"https:\/\/www.avant-pays-savoyard.com\/smaps\/appel-a-projet-leader-acces-au-logement-pour-les-travailleurs-et-saisonniers-du-territoire\/#primaryimage"},"thumbnailUrl":"https:\/\/www.avant-pays-savoyard.com\/smaps\/wp-content\/uploads\/2020\/05\/FA3-AAP01-2_logements.png","articleSection":["\u00c0 la une","Actualit\u00e9s","LEADER"],"inLanguage":"fr-FR"},{"@type":"WebPage","@id":"https:\/\/www.avant-pays-savoyard.com\/smaps\/appel-a-projet-leader-acces-au-logement-pour-les-travailleurs-et-saisonniers-du-territoire\/","url":"https:\/\/www.avant-pays-savoyard.com\/smaps\/appel-a-projet-leader-acces-au-logement-pour-les-travailleurs-et-saisonniers-du-territoire\/","name":"APPEL A PROJET LEADER - Faciliter l\u2019acc\u00e8s au logement pour les travailleurs et saisonniers du territoire | Avant Pays Savoyard","isPartOf":{"@id":"https:\/\/www.avant-pays-savoyard.com\/smaps\/#website"},"primaryImageOfPage":{"@id":"https:\/\/www.avant-pays-savoyard.com\/smaps\/appel-a-projet-leader-acces-au-logement-pour-les-travailleurs-et-saisonniers-du-territoire\/#primaryimage"},"image":{"@id":"https:\/\/www.avant-pays-savoyard.com\/smaps\/appel-a-projet-leader-acces-au-logement-pour-les-travailleurs-et-saisonniers-du-territoire\/#primaryimage"},"thumbnailUrl":"https:\/\/www.avant-pays-savoyard.com\/smaps\/wp-content\/uploads\/2020\/05\/FA3-AAP01-2_logements.png","datePublished":"2024-01-10T16:14:25+00:00","dateModified":"2026-04-22T12:54:09+00:00","description":"APPEL A PROJET LEADER - Faciliter l\u2019acc\u00e8s au logement pour les travailleurs et saisonniers du territoire | Avant Pays Savoyard","breadcrumb":{"@id":"https:\/\/www.avant-pays-savoyard.com\/smaps\/appel-a-projet-leader-acces-au-logement-pour-les-travailleurs-et-saisonniers-du-territoire\/#breadcrumb"},"inLanguage":"fr-FR","potentialAction":[{"@type":"ReadAction","target":["https:\/\/www.avant-pays-savoyard.com\/smaps\/appel-a-projet-leader-acces-au-logement-pour-les-travailleurs-et-saisonniers-du-territoire\/"]}]},{"@type":"ImageObject","inLanguage":"fr-FR","@id":"https:\/\/www.avant-pays-savoyard.com\/smaps\/appel-a-projet-leader-acces-au-logement-pour-les-travailleurs-et-saisonniers-du-territoire\/#primaryimage","url":"https:\/\/www.avant-pays-savoyard.com\/smaps\/wp-content\/uploads\/2020\/05\/FA3-AAP01-2_logements.png","contentUrl":"https:\/\/www.avant-pays-savoyard.com\/smaps\/wp-content\/uploads\/2020\/05\/FA3-AAP01-2_logements.png","width":800,"height":800},{"@type":"BreadcrumbList","@id":"https:\/\/www.avant-pays-savoyard.com\/smaps\/appel-a-projet-leader-acces-au-logement-pour-les-travailleurs-et-saisonniers-du-territoire\/#breadcrumb","itemListElement":[{"@type":"ListItem","position":1,"name":"Accueil","item":"https:\/\/www.avant-pays-savoyard.com\/smaps\/"},{"@type":"ListItem","position":2,"name":"LEADER","item":"https:\/\/www.avant-pays-savoyard.com\/smaps\/category\/leader\/"},{"@type":"ListItem","position":3,"name":"APPEL A PROJET LEADER &#8211; Faciliter l\u2019acc\u00e8s au logement pour les travailleurs et saisonniers du territoire"}]},{"@type":"WebSite","@id":"https:\/\/www.avant-pays-savoyard.com\/smaps\/#website","url":"https:\/\/www.avant-pays-savoyard.com\/smaps\/","name":"Syndicat Mixte Avant-Pays Savoyard","description":"Site du SMAPS","publisher":{"@id":"https:\/\/www.avant-pays-savoyard.com\/smaps\/#organization"},"potentialAction":[{"@type":"SearchAction","target":{"@type":"EntryPoint","urlTemplate":"https:\/\/www.avant-pays-savoyard.com\/smaps\/?s={search_term_string}"},"query-input":{"@type":"PropertyValueSpecification","valueRequired":true,"valueName":"search_term_string"}}],"inLanguage":"fr-FR"},{"@type":"Organization","@id":"https:\/\/www.avant-pays-savoyard.com\/smaps\/#organization","name":"Avant Pays Savoyard","url":"https:\/\/www.avant-pays-savoyard.com\/smaps\/","logo":{"@type":"ImageObject","inLanguage":"fr-FR","@id":"https:\/\/www.avant-pays-savoyard.com\/smaps\/#\/schema\/logo\/image\/","url":"https:\/\/www.avant-pays-savoyard.com\/smaps\/wp-content\/uploads\/2020\/11\/logo-smaps.png","contentUrl":"https:\/\/www.avant-pays-savoyard.com\/smaps\/wp-content\/uploads\/2020\/11\/logo-smaps.png","width":1617,"height":738,"caption":"Avant Pays Savoyard"},"image":{"@id":"https:\/\/www.avant-pays-savoyard.com\/smaps\/#\/schema\/logo\/image\/"},"sameAs":["https:\/\/www.facebook.com\/philippe.smaps?eid=ARBa3pcAa8gXFS8WNK_PRvsO8QdGpgIOahlkYUZ_fHoQSowEaz5KpN0GqL0PUxNL0ZbTsFwcVmpWqAsm"]},{"@type":"Person","@id":"https:\/\/www.avant-pays-savoyard.com\/smaps\/#\/schema\/person\/97c9f75644fa5ca03f84c36512d45878","name":"SMAPS","image":{"@type":"ImageObject","inLanguage":"fr-FR","@id":"https:\/\/secure.gravatar.com\/avatar\/5f82331f1fbc0b612bc82f92d18052f29701b5b494fd518e67c6c8d7d646b105?s=96&d=mm&r=g","url":"https:\/\/secure.gravatar.com\/avatar\/5f82331f1fbc0b612bc82f92d18052f29701b5b494fd518e67c6c8d7d646b105?s=96&d=mm&r=g","contentUrl":"https:\/\/secure.gravatar.com\/avatar\/5f82331f1fbc0b612bc82f92d18052f29701b5b494fd518e67c6c8d7d646b105?s=96&d=mm&r=g","caption":"SMAPS"}}]}},"publishpress_future_action":{"enabled":false,"date":"2026-05-08 19:36:59","action":"change-status","newStatus":"draft","terms":[],"taxonomy":"category","extraData":[]},"publishpress_future_workflow_manual_trigger":{"enabledWorkflows":[]},"_links":{"self":[{"href":"https:\/\/www.avant-pays-savoyard.com\/smaps\/wp-json\/wp\/v2\/posts\/5547","targetHints":{"allow":["GET"]}}],"collection":[{"href":"https:\/\/www.avant-pays-savoyard.com\/smaps\/wp-json\/wp\/v2\/posts"}],"about":[{"href":"https:\/\/www.avant-pays-savoyard.com\/smaps\/wp-json\/wp\/v2\/types\/post"}],"author":[{"embeddable":true,"href":"https:\/\/www.avant-pays-savoyard.com\/smaps\/wp-json\/wp\/v2\/users\/2"}],"replies":[{"embeddable":true,"href":"https:\/\/www.avant-pays-savoyard.com\/smaps\/wp-json\/wp\/v2\/comments?post=5547"}],"version-history":[{"count":9,"href":"https:\/\/www.avant-pays-savoyard.com\/smaps\/wp-json\/wp\/v2\/posts\/5547\/revisions"}],"predecessor-version":[{"id":7204,"href":"https:\/\/www.avant-pays-savoyard.com\/smaps\/wp-json\/wp\/v2\/posts\/5547\/revisions\/7204"}],"wp:featuredmedia":[{"embeddable":true,"href":"https:\/\/www.avant-pays-savoyard.com\/smaps\/wp-json\/wp\/v2\/media\/6382"}],"wp:attachment":[{"href":"https:\/\/www.avant-pays-savoyard.com\/smaps\/wp-json\/wp\/v2\/media?parent=5547"}],"wp:term":[{"taxonomy":"category","embeddable":true,"href":"https:\/\/www.avant-pays-savoyard.com\/smaps\/wp-json\/wp\/v2\/categories?post=5547"},{"taxonomy":"post_tag","embeddable":true,"href":"https:\/\/www.avant-pays-savoyard.com\/smaps\/wp-json\/wp\/v2\/tags?post=5547"}],"curies":[{"name":"wp","href":"https:\/\/api.w.org\/{rel}","templated":true}]}}