{"id":5602,"date":"2024-03-25T17:09:39","date_gmt":"2024-03-25T16:09:39","guid":{"rendered":"https:\/\/www.avant-pays-savoyard.com\/smaps\/?p=5602"},"modified":"2026-04-22T15:14:43","modified_gmt":"2026-04-22T13:14:43","slug":"appel-a-projet-leader-renforcer-les-liens-entre-habitants-par-un-soutien-aux-activites-culturelles-et-artistiques","status":"publish","type":"post","link":"https:\/\/www.avant-pays-savoyard.com\/smaps\/appel-a-projet-leader-renforcer-les-liens-entre-habitants-par-un-soutien-aux-activites-culturelles-et-artistiques\/","title":{"rendered":"APPEL A PROJET LEADER &#8211; Renforcer les liens entre habitants par un soutien aux activit\u00e9s culturelles et artistiques"},"content":{"rendered":"<h5><\/h5>\n<h5><\/h5>\n<h5 style=\"text-align: justify;\">L\u2019Appel \u00e0 Projet \u00ab Renforcer les liens entre habitants par un soutien aux activit\u00e9s culturelles et artistiques\u00bb est ouvert \u00e0 compter du 6 janvier au 14 d\u00e9cembre 2026.<\/h5>\n<p style=\"text-align: justify;\"><strong><u>Calendrier\u00a0:<\/u><\/strong>\u00a0 Les d\u00e9p\u00f4ts et instructions des dossiers se font \u00ab\u00a0au fil de l\u2019eau\u00a0\u00bb\u00a0:<\/p>\n<p style=\"text-align: justify;\">Des sessions de pr\u00e9sentation en pr\u00e9sentiel, pour le comit\u00e9 d\u2019audition, seront r\u00e9guli\u00e8rement ouvertes. Apr\u00e8s avis du comit\u00e9 d\u2019audition, le dossier sera \u00e9tudi\u00e9 par le comit\u00e9 de programmation quelques semaines apr\u00e8s, pour s\u00e9lection et programmation.<\/p>\n<h2 class=\"wp-block-heading\" style=\"text-align: justify;\">Contexte<\/h2>\n<p style=\"text-align: justify;\"><strong><em>Am\u00e9liorer la qualit\u00e9 de vie et d\u2019accueil<\/em><\/strong><em><strong> pour un territoire r\u00e9silient,<\/strong><\/em> tel est l\u2019intitul\u00e9 de la strat\u00e9gie de d\u00e9veloppement du GAL AURA Entre Lacs et Montagnes.<\/p>\n<p style=\"text-align: justify;\">Soutenir les projets culturels et artistiques est une des r\u00e9ponses \u00e0 cet enjeu de qualit\u00e9 de vie\u00a0: ils sont une opportunit\u00e9 de rencontre et de vivre ensemble, pour les habitants et comme les visiteurs.<\/p>\n<p style=\"text-align: justify;\">Par ailleurs, l\u2019\u00e9loignement des ruraux vis-\u00e0-vis des lieux de diffusion et de pratique artistique et culturelle, majoritairement situ\u00e9s en milieu urbain, peut-\u00eatre vu par les artistes comme une opportunit\u00e9 de \u00ab\u00a0faire autrement\u00a0\u00bb\u00a0: d\u2019\u00eatre imaginatifs et inventifs sur les formes culturelles \u00e0 mettre en place en milieu rural.<\/p>\n<p style=\"text-align: justify;\">Pour le monde rural, la culture et l\u2019art sont \u00e9galement une opportunit\u00e9 de mettre en valeur son patrimoine, mat\u00e9riel ou immat\u00e9riel.<\/p>\n<p style=\"text-align: justify;\">Pour toutes ces raisons, le soutien aux actions de production et de diffusion, culturelles et artistiques, en milieu rural, entre pleinement dans la strat\u00e9gie du programme LEADER du territoire <em>Entre Lacs et Montagnes.<\/em><\/p>\n<p style=\"text-align: justify;\">Cet appel \u00e0 projets cible particuli\u00e8rement\u00a0:<\/p>\n<ul style=\"text-align: justify;\">\n<li>les projets qui valorisent le patrimoine rural, qu\u2019il soit mat\u00e9riel ou immat\u00e9riel\u00a0;<\/li>\n<li>ceux qui ciblent des publics \u00e9loign\u00e9s physiquement ou socialement des \u00e9quipements culturels\u00a0;<\/li>\n<li>les projets innovants ou exp\u00e9rimentaux, qui impliquent une diversit\u00e9s d\u2019acteurs dans leur construction (implication du public ou\/et d\u2019acteurs non culturels, pour un enrichissement mutuel\u2026)<\/li>\n<\/ul>\n<p style=\"text-align: justify;\"><strong>Cet AAP est mis en place afin de r\u00e9pondre aux enjeux suivants :<\/strong><\/p>\n<ul style=\"text-align: justify;\">\n<li><strong>Faciliter l\u2019acc\u00e8s aux activit\u00e9s et offres culturelles pour les habitants du territoire rural,<\/strong><\/li>\n<li><strong>Accompagner la vitalit\u00e9 du territoire en termes d\u2019animations,<\/strong><\/li>\n<li><strong>Renforcer les liens sociaux, y compris interg\u00e9n\u00e9rationnels,<\/strong><\/li>\n<li><strong>Soutenir l\u2019innovation et l\u2019exp\u00e9rimentation<\/strong><\/li>\n<\/ul>\n<p style=\"text-align: justify;\"><em>De mani\u00e8re g\u00e9n\u00e9rale, pour s\u2019inscrire dans la strat\u00e9gie locale de d\u00e9veloppement du GAL, les actions soutenues devront cibler la sobri\u00e9t\u00e9 \u00e9nerg\u00e9tique, l\u2019\u00e9quit\u00e9 sociale et la qualit\u00e9 de vie.<\/em><\/p>\n<h5 class=\"wp-block-heading\">Avant tout d\u00e9p\u00f4t de demande d\u2019aide, il est n\u00e9cessaire de prendre contact avec l\u2019\u00e9quipe technique du GAL\u00a0:<\/h5>\n<p><a href=\"mailto:contact@leader-lacs-montagnes.com\">contact@leader-lacs-montagnes.com<\/a> ou<\/p>\n<ul>\n<li>Votre projet est localis\u00e9 sur la communaut\u00e9 d\u2019agglom\u00e9ration du Pays Voironnais, les communaut\u00e9s de communes de Bi\u00e8vre Est, Val Guiers, du Lac d\u2019Aiguebelette, de Yenne, ou les communes de Grenoble Alpes m\u00e9tropoles du territoire : <a href=\"mailto:benedicte.michard@leader-lacs-montagnes.com\">benedicte.michard@leader-lacs-montagnes.com<\/a> tel\u00a0: 07 48 74 28 66<\/li>\n<li>Votre projet est localis\u00e9 sur les communaut\u00e9s de communes du C\u0153ur de Chartreuse ou Le Gr\u00e9sivaudan : <a href=\"mailto:marion.hezard@leader-lacs-montagnes.com\">marion.hezard@leader-lacs-montagnes.com<\/a> tel\u00a0: 06 70 41 18 49<\/li>\n<li>Votre projet est localis\u00e9 sur Grand Lac, Grand Chamb\u00e9ry, Grand Annecy; la communaut\u00e9 de communes de C\u0153ur de Savoie, des Sources du Lac d\u2019Annecy ou de Rumilly Terre de Savoie : <a href=\"mailto:loris.subit@leader-lacs-montagnes.com\">loris.subit@leader-lacs-montagnes.com<\/a> tel\u00a0: 06 22 48 78 52<\/li>\n<\/ul>\n<h2 class=\"wp-block-heading\"><strong>Les documents incontournables pour bien se pr\u00e9parer\u00a0:<\/strong><\/h2>\n<ul class=\"wp-block-list\">\n<li><a href=\"https:\/\/parcdechartreuse-my.sharepoint.com\/personal\/marion_hezard_parc-chartreuse_net\/_layouts\/15\/onedrive.aspx?id=%2Fpersonal%2Fmarion%5Fhezard%5Fparc%2Dchartreuse%5Fnet%2FDocuments%2FLEADER%20ELEM%202023%2D2027%2FPARTAGE%20GRAND%20PUBLIC%2FAAP%20en%20ligne%2FFA1%2DAAP02%5Fculture%5F2026%2D1%2F501%2D%20AURGAL006%2DFA1%2DAAP02%2D3%5Fculture%5F2026%2Epdf&amp;parent=%2Fpersonal%2Fmarion%5Fhezard%5Fparc%2Dchartreuse%5Fnet%2FDocuments%2FLEADER%20ELEM%202023%2D2027%2FPARTAGE%20GRAND%20PUBLIC%2FAAP%20en%20ligne%2FFA1%2DAAP02%5Fculture%5F2026%2D1&amp;ga=1\" target=\"_blank\" rel=\"noopener\">L\u2019appel \u00e0 projets complet<\/a><\/li>\n<li><a href=\"https:\/\/parcdechartreuse-my.sharepoint.com\/personal\/marion_hezard_parc-chartreuse_net\/_layouts\/15\/onedrive.aspx?id=%2Fpersonal%2Fmarion%5Fhezard%5Fparc%2Dchartreuse%5Fnet%2FDocuments%2FLEADER%20ELEM%202023%2D2027%2FPARTAGE%20GRAND%20PUBLIC%2FAAP%20en%20ligne%2FFA1%2DAAP02%5Fculture%5F2026%2D1%2FListe%5Fpieces%5FLEADER%5FELEM%5FFA1%2DAAP02%2D3%2Epdf&amp;parent=%2Fpersonal%2Fmarion%5Fhezard%5Fparc%2Dchartreuse%5Fnet%2FDocuments%2FLEADER%20ELEM%202023%2D2027%2FPARTAGE%20GRAND%20PUBLIC%2FAAP%20en%20ligne%2FFA1%2DAAP02%5Fculture%5F2026%2D1&amp;ga=1\" target=\"_blank\" rel=\"noopener\">La liste des pi\u00e8ces<\/a><\/li>\n<\/ul>\n<p>Pour d\u00e9poser son dossier, lien vers <a href=\"https:\/\/www.auvergnerhonealpes.fr\/aides\/porter-un-projet-leader-feader\">le guide des aides<\/a>.<\/p>\n<p>&nbsp;<\/p>\n<p>&nbsp;<\/p>\n<p style=\"text-align: justify;\"><img loading=\"lazy\" decoding=\"async\" class=\"size-medium wp-image-5533 aligncenter\" src=\"https:\/\/www.avant-pays-savoyard.com\/smaps\/wp-content\/uploads\/2020\/05\/bandeau-simple-UE_AURA-300x65.png\" alt=\"\" width=\"300\" height=\"65\" srcset=\"https:\/\/www.avant-pays-savoyard.com\/smaps\/wp-content\/uploads\/2020\/05\/bandeau-simple-UE_AURA-300x65.png 300w, https:\/\/www.avant-pays-savoyard.com\/smaps\/wp-content\/uploads\/2020\/05\/bandeau-simple-UE_AURA.png 336w\" sizes=\"(max-width: 300px) 100vw, 300px\" \/><\/p>\n","protected":false},"excerpt":{"rendered":"<p>L\u2019Appel \u00e0 Projet \u00ab Renforcer les liens entre habitants par un soutien aux activit\u00e9s culturelles et artistiques\u00bb est ouvert \u00e0 compter du 6 janvier au 14 d\u00e9cembre 2026. Calendrier\u00a0:\u00a0 Les d\u00e9p\u00f4ts et instructions des dossiers se font \u00ab\u00a0au fil de l\u2019eau\u00a0\u00bb\u00a0: Des sessions de pr\u00e9sentation en pr\u00e9sentiel, pour le comit\u00e9 d\u2019audition, seront r\u00e9guli\u00e8rement ouvertes. Apr\u00e8s [&hellip;]<\/p>\n","protected":false},"author":2,"featured_media":5605,"comment_status":"closed","ping_status":"closed","sticky":false,"template":"","format":"standard","meta":{"_et_pb_use_builder":"","_et_pb_old_content":"","_et_gb_content_width":"","_monsterinsights_skip_tracking":false,"_monsterinsights_sitenote_active":false,"_monsterinsights_sitenote_note":"","_monsterinsights_sitenote_category":0,"footnotes":""},"categories":[30,29,10],"tags":[],"class_list":["post-5602","post","type-post","status-publish","format-standard","has-post-thumbnail","hentry","category-a-la-une","category-actus","category-leader"],"yoast_head":"<!-- This site is optimized with the Yoast SEO plugin v27.5 - https:\/\/yoast.com\/product\/yoast-seo-wordpress\/ -->\n<title>APPEL A PROJET LEADER - Renforcer les liens entre habitants par un soutien aux activit\u00e9s culturelles et artistiques | Avant Pays Savoyard<\/title>\n<meta name=\"description\" content=\"APPEL A PROJET LEADER - Renforcer les liens entre habitants par un soutien aux activit\u00e9s culturelles et artistiques | Avant Pays Savoyard\" \/>\n<meta name=\"robots\" content=\"index, follow, max-snippet:-1, max-image-preview:large, max-video-preview:-1\" \/>\n<link rel=\"canonical\" href=\"https:\/\/www.avant-pays-savoyard.com\/smaps\/appel-a-projet-leader-renforcer-les-liens-entre-habitants-par-un-soutien-aux-activites-culturelles-et-artistiques\/\" \/>\n<meta property=\"og:locale\" content=\"fr_FR\" \/>\n<meta property=\"og:type\" content=\"article\" \/>\n<meta property=\"og:title\" content=\"APPEL A PROJET LEADER - Renforcer les liens entre habitants par un soutien aux activit\u00e9s culturelles et artistiques | Avant Pays Savoyard\" \/>\n<meta property=\"og:description\" content=\"APPEL A PROJET LEADER - Renforcer les liens entre habitants par un soutien aux activit\u00e9s culturelles et artistiques | Avant Pays Savoyard\" \/>\n<meta property=\"og:url\" content=\"https:\/\/www.avant-pays-savoyard.com\/smaps\/appel-a-projet-leader-renforcer-les-liens-entre-habitants-par-un-soutien-aux-activites-culturelles-et-artistiques\/\" \/>\n<meta property=\"og:site_name\" content=\"Syndicat Mixte Avant-Pays Savoyard\" \/>\n<meta property=\"article:publisher\" content=\"https:\/\/www.facebook.com\/philippe.smaps?eid=ARBa3pcAa8gXFS8WNK_PRvsO8QdGpgIOahlkYUZ_fHoQSowEaz5KpN0GqL0PUxNL0ZbTsFwcVmpWqAsm\" \/>\n<meta property=\"article:published_time\" content=\"2024-03-25T16:09:39+00:00\" \/>\n<meta property=\"article:modified_time\" content=\"2026-04-22T13:14:43+00:00\" \/>\n<meta property=\"og:image\" content=\"https:\/\/www.avant-pays-savoyard.com\/smaps\/wp-content\/uploads\/2024\/03\/FA1-AAP02-culture_V2.png\" \/>\n\t<meta property=\"og:image:width\" content=\"800\" \/>\n\t<meta property=\"og:image:height\" content=\"800\" \/>\n\t<meta property=\"og:image:type\" content=\"image\/png\" \/>\n<meta name=\"author\" content=\"SMAPS\" \/>\n<meta name=\"twitter:card\" content=\"summary_large_image\" \/>\n<meta name=\"twitter:label1\" content=\"\u00c9crit par\" \/>\n\t<meta name=\"twitter:data1\" content=\"SMAPS\" \/>\n\t<meta name=\"twitter:label2\" content=\"Dur\u00e9e de lecture estim\u00e9e\" \/>\n\t<meta name=\"twitter:data2\" content=\"3 minutes\" \/>\n<script type=\"application\/ld+json\" class=\"yoast-schema-graph\">{\"@context\":\"https:\\\/\\\/schema.org\",\"@graph\":[{\"@type\":\"Article\",\"@id\":\"https:\\\/\\\/www.avant-pays-savoyard.com\\\/smaps\\\/appel-a-projet-leader-renforcer-les-liens-entre-habitants-par-un-soutien-aux-activites-culturelles-et-artistiques\\\/#article\",\"isPartOf\":{\"@id\":\"https:\\\/\\\/www.avant-pays-savoyard.com\\\/smaps\\\/appel-a-projet-leader-renforcer-les-liens-entre-habitants-par-un-soutien-aux-activites-culturelles-et-artistiques\\\/\"},\"author\":{\"name\":\"SMAPS\",\"@id\":\"https:\\\/\\\/www.avant-pays-savoyard.com\\\/smaps\\\/#\\\/schema\\\/person\\\/97c9f75644fa5ca03f84c36512d45878\"},\"headline\":\"APPEL A PROJET LEADER &#8211; Renforcer les liens entre habitants par un soutien aux activit\u00e9s culturelles et artistiques\",\"datePublished\":\"2024-03-25T16:09:39+00:00\",\"dateModified\":\"2026-04-22T13:14:43+00:00\",\"mainEntityOfPage\":{\"@id\":\"https:\\\/\\\/www.avant-pays-savoyard.com\\\/smaps\\\/appel-a-projet-leader-renforcer-les-liens-entre-habitants-par-un-soutien-aux-activites-culturelles-et-artistiques\\\/\"},\"wordCount\":596,\"publisher\":{\"@id\":\"https:\\\/\\\/www.avant-pays-savoyard.com\\\/smaps\\\/#organization\"},\"image\":{\"@id\":\"https:\\\/\\\/www.avant-pays-savoyard.com\\\/smaps\\\/appel-a-projet-leader-renforcer-les-liens-entre-habitants-par-un-soutien-aux-activites-culturelles-et-artistiques\\\/#primaryimage\"},\"thumbnailUrl\":\"https:\\\/\\\/www.avant-pays-savoyard.com\\\/smaps\\\/wp-content\\\/uploads\\\/2024\\\/03\\\/FA1-AAP02-culture_V2.png\",\"articleSection\":[\"\u00c0 la une\",\"Actualit\u00e9s\",\"LEADER\"],\"inLanguage\":\"fr-FR\"},{\"@type\":\"WebPage\",\"@id\":\"https:\\\/\\\/www.avant-pays-savoyard.com\\\/smaps\\\/appel-a-projet-leader-renforcer-les-liens-entre-habitants-par-un-soutien-aux-activites-culturelles-et-artistiques\\\/\",\"url\":\"https:\\\/\\\/www.avant-pays-savoyard.com\\\/smaps\\\/appel-a-projet-leader-renforcer-les-liens-entre-habitants-par-un-soutien-aux-activites-culturelles-et-artistiques\\\/\",\"name\":\"APPEL A PROJET LEADER - Renforcer les liens entre habitants par un soutien aux activit\u00e9s culturelles et artistiques | Avant Pays Savoyard\",\"isPartOf\":{\"@id\":\"https:\\\/\\\/www.avant-pays-savoyard.com\\\/smaps\\\/#website\"},\"primaryImageOfPage\":{\"@id\":\"https:\\\/\\\/www.avant-pays-savoyard.com\\\/smaps\\\/appel-a-projet-leader-renforcer-les-liens-entre-habitants-par-un-soutien-aux-activites-culturelles-et-artistiques\\\/#primaryimage\"},\"image\":{\"@id\":\"https:\\\/\\\/www.avant-pays-savoyard.com\\\/smaps\\\/appel-a-projet-leader-renforcer-les-liens-entre-habitants-par-un-soutien-aux-activites-culturelles-et-artistiques\\\/#primaryimage\"},\"thumbnailUrl\":\"https:\\\/\\\/www.avant-pays-savoyard.com\\\/smaps\\\/wp-content\\\/uploads\\\/2024\\\/03\\\/FA1-AAP02-culture_V2.png\",\"datePublished\":\"2024-03-25T16:09:39+00:00\",\"dateModified\":\"2026-04-22T13:14:43+00:00\",\"description\":\"APPEL A PROJET LEADER - Renforcer les liens entre habitants par un soutien aux activit\u00e9s culturelles et artistiques | Avant Pays Savoyard\",\"breadcrumb\":{\"@id\":\"https:\\\/\\\/www.avant-pays-savoyard.com\\\/smaps\\\/appel-a-projet-leader-renforcer-les-liens-entre-habitants-par-un-soutien-aux-activites-culturelles-et-artistiques\\\/#breadcrumb\"},\"inLanguage\":\"fr-FR\",\"potentialAction\":[{\"@type\":\"ReadAction\",\"target\":[\"https:\\\/\\\/www.avant-pays-savoyard.com\\\/smaps\\\/appel-a-projet-leader-renforcer-les-liens-entre-habitants-par-un-soutien-aux-activites-culturelles-et-artistiques\\\/\"]}]},{\"@type\":\"ImageObject\",\"inLanguage\":\"fr-FR\",\"@id\":\"https:\\\/\\\/www.avant-pays-savoyard.com\\\/smaps\\\/appel-a-projet-leader-renforcer-les-liens-entre-habitants-par-un-soutien-aux-activites-culturelles-et-artistiques\\\/#primaryimage\",\"url\":\"https:\\\/\\\/www.avant-pays-savoyard.com\\\/smaps\\\/wp-content\\\/uploads\\\/2024\\\/03\\\/FA1-AAP02-culture_V2.png\",\"contentUrl\":\"https:\\\/\\\/www.avant-pays-savoyard.com\\\/smaps\\\/wp-content\\\/uploads\\\/2024\\\/03\\\/FA1-AAP02-culture_V2.png\",\"width\":800,\"height\":800},{\"@type\":\"BreadcrumbList\",\"@id\":\"https:\\\/\\\/www.avant-pays-savoyard.com\\\/smaps\\\/appel-a-projet-leader-renforcer-les-liens-entre-habitants-par-un-soutien-aux-activites-culturelles-et-artistiques\\\/#breadcrumb\",\"itemListElement\":[{\"@type\":\"ListItem\",\"position\":1,\"name\":\"Accueil\",\"item\":\"https:\\\/\\\/www.avant-pays-savoyard.com\\\/smaps\\\/\"},{\"@type\":\"ListItem\",\"position\":2,\"name\":\"LEADER\",\"item\":\"https:\\\/\\\/www.avant-pays-savoyard.com\\\/smaps\\\/category\\\/leader\\\/\"},{\"@type\":\"ListItem\",\"position\":3,\"name\":\"APPEL A PROJET LEADER &#8211; Renforcer les liens entre habitants par un soutien aux activit\u00e9s culturelles et artistiques\"}]},{\"@type\":\"WebSite\",\"@id\":\"https:\\\/\\\/www.avant-pays-savoyard.com\\\/smaps\\\/#website\",\"url\":\"https:\\\/\\\/www.avant-pays-savoyard.com\\\/smaps\\\/\",\"name\":\"Syndicat Mixte Avant-Pays Savoyard\",\"description\":\"Site du SMAPS\",\"publisher\":{\"@id\":\"https:\\\/\\\/www.avant-pays-savoyard.com\\\/smaps\\\/#organization\"},\"potentialAction\":[{\"@type\":\"SearchAction\",\"target\":{\"@type\":\"EntryPoint\",\"urlTemplate\":\"https:\\\/\\\/www.avant-pays-savoyard.com\\\/smaps\\\/?s={search_term_string}\"},\"query-input\":{\"@type\":\"PropertyValueSpecification\",\"valueRequired\":true,\"valueName\":\"search_term_string\"}}],\"inLanguage\":\"fr-FR\"},{\"@type\":\"Organization\",\"@id\":\"https:\\\/\\\/www.avant-pays-savoyard.com\\\/smaps\\\/#organization\",\"name\":\"Avant Pays Savoyard\",\"url\":\"https:\\\/\\\/www.avant-pays-savoyard.com\\\/smaps\\\/\",\"logo\":{\"@type\":\"ImageObject\",\"inLanguage\":\"fr-FR\",\"@id\":\"https:\\\/\\\/www.avant-pays-savoyard.com\\\/smaps\\\/#\\\/schema\\\/logo\\\/image\\\/\",\"url\":\"https:\\\/\\\/www.avant-pays-savoyard.com\\\/smaps\\\/wp-content\\\/uploads\\\/2020\\\/11\\\/logo-smaps.png\",\"contentUrl\":\"https:\\\/\\\/www.avant-pays-savoyard.com\\\/smaps\\\/wp-content\\\/uploads\\\/2020\\\/11\\\/logo-smaps.png\",\"width\":1617,\"height\":738,\"caption\":\"Avant Pays Savoyard\"},\"image\":{\"@id\":\"https:\\\/\\\/www.avant-pays-savoyard.com\\\/smaps\\\/#\\\/schema\\\/logo\\\/image\\\/\"},\"sameAs\":[\"https:\\\/\\\/www.facebook.com\\\/philippe.smaps?eid=ARBa3pcAa8gXFS8WNK_PRvsO8QdGpgIOahlkYUZ_fHoQSowEaz5KpN0GqL0PUxNL0ZbTsFwcVmpWqAsm\"]},{\"@type\":\"Person\",\"@id\":\"https:\\\/\\\/www.avant-pays-savoyard.com\\\/smaps\\\/#\\\/schema\\\/person\\\/97c9f75644fa5ca03f84c36512d45878\",\"name\":\"SMAPS\",\"image\":{\"@type\":\"ImageObject\",\"inLanguage\":\"fr-FR\",\"@id\":\"https:\\\/\\\/secure.gravatar.com\\\/avatar\\\/5f82331f1fbc0b612bc82f92d18052f29701b5b494fd518e67c6c8d7d646b105?s=96&d=mm&r=g\",\"url\":\"https:\\\/\\\/secure.gravatar.com\\\/avatar\\\/5f82331f1fbc0b612bc82f92d18052f29701b5b494fd518e67c6c8d7d646b105?s=96&d=mm&r=g\",\"contentUrl\":\"https:\\\/\\\/secure.gravatar.com\\\/avatar\\\/5f82331f1fbc0b612bc82f92d18052f29701b5b494fd518e67c6c8d7d646b105?s=96&d=mm&r=g\",\"caption\":\"SMAPS\"}}]}<\/script>\n<!-- \/ Yoast SEO plugin. -->","yoast_head_json":{"title":"APPEL A PROJET LEADER - Renforcer les liens entre habitants par un soutien aux activit\u00e9s culturelles et artistiques | Avant Pays Savoyard","description":"APPEL A PROJET LEADER - Renforcer les liens entre habitants par un soutien aux activit\u00e9s culturelles et artistiques | Avant Pays Savoyard","robots":{"index":"index","follow":"follow","max-snippet":"max-snippet:-1","max-image-preview":"max-image-preview:large","max-video-preview":"max-video-preview:-1"},"canonical":"https:\/\/www.avant-pays-savoyard.com\/smaps\/appel-a-projet-leader-renforcer-les-liens-entre-habitants-par-un-soutien-aux-activites-culturelles-et-artistiques\/","og_locale":"fr_FR","og_type":"article","og_title":"APPEL A PROJET LEADER - Renforcer les liens entre habitants par un soutien aux activit\u00e9s culturelles et artistiques | Avant Pays Savoyard","og_description":"APPEL A PROJET LEADER - Renforcer les liens entre habitants par un soutien aux activit\u00e9s culturelles et artistiques | Avant Pays Savoyard","og_url":"https:\/\/www.avant-pays-savoyard.com\/smaps\/appel-a-projet-leader-renforcer-les-liens-entre-habitants-par-un-soutien-aux-activites-culturelles-et-artistiques\/","og_site_name":"Syndicat Mixte Avant-Pays Savoyard","article_publisher":"https:\/\/www.facebook.com\/philippe.smaps?eid=ARBa3pcAa8gXFS8WNK_PRvsO8QdGpgIOahlkYUZ_fHoQSowEaz5KpN0GqL0PUxNL0ZbTsFwcVmpWqAsm","article_published_time":"2024-03-25T16:09:39+00:00","article_modified_time":"2026-04-22T13:14:43+00:00","og_image":[{"width":800,"height":800,"url":"https:\/\/www.avant-pays-savoyard.com\/smaps\/wp-content\/uploads\/2024\/03\/FA1-AAP02-culture_V2.png","type":"image\/png"}],"author":"SMAPS","twitter_card":"summary_large_image","twitter_misc":{"\u00c9crit par":"SMAPS","Dur\u00e9e de lecture estim\u00e9e":"3 minutes"},"schema":{"@context":"https:\/\/schema.org","@graph":[{"@type":"Article","@id":"https:\/\/www.avant-pays-savoyard.com\/smaps\/appel-a-projet-leader-renforcer-les-liens-entre-habitants-par-un-soutien-aux-activites-culturelles-et-artistiques\/#article","isPartOf":{"@id":"https:\/\/www.avant-pays-savoyard.com\/smaps\/appel-a-projet-leader-renforcer-les-liens-entre-habitants-par-un-soutien-aux-activites-culturelles-et-artistiques\/"},"author":{"name":"SMAPS","@id":"https:\/\/www.avant-pays-savoyard.com\/smaps\/#\/schema\/person\/97c9f75644fa5ca03f84c36512d45878"},"headline":"APPEL A PROJET LEADER &#8211; Renforcer les liens entre habitants par un soutien aux activit\u00e9s culturelles et artistiques","datePublished":"2024-03-25T16:09:39+00:00","dateModified":"2026-04-22T13:14:43+00:00","mainEntityOfPage":{"@id":"https:\/\/www.avant-pays-savoyard.com\/smaps\/appel-a-projet-leader-renforcer-les-liens-entre-habitants-par-un-soutien-aux-activites-culturelles-et-artistiques\/"},"wordCount":596,"publisher":{"@id":"https:\/\/www.avant-pays-savoyard.com\/smaps\/#organization"},"image":{"@id":"https:\/\/www.avant-pays-savoyard.com\/smaps\/appel-a-projet-leader-renforcer-les-liens-entre-habitants-par-un-soutien-aux-activites-culturelles-et-artistiques\/#primaryimage"},"thumbnailUrl":"https:\/\/www.avant-pays-savoyard.com\/smaps\/wp-content\/uploads\/2024\/03\/FA1-AAP02-culture_V2.png","articleSection":["\u00c0 la une","Actualit\u00e9s","LEADER"],"inLanguage":"fr-FR"},{"@type":"WebPage","@id":"https:\/\/www.avant-pays-savoyard.com\/smaps\/appel-a-projet-leader-renforcer-les-liens-entre-habitants-par-un-soutien-aux-activites-culturelles-et-artistiques\/","url":"https:\/\/www.avant-pays-savoyard.com\/smaps\/appel-a-projet-leader-renforcer-les-liens-entre-habitants-par-un-soutien-aux-activites-culturelles-et-artistiques\/","name":"APPEL A PROJET LEADER - Renforcer les liens entre habitants par un soutien aux activit\u00e9s culturelles et artistiques | Avant Pays Savoyard","isPartOf":{"@id":"https:\/\/www.avant-pays-savoyard.com\/smaps\/#website"},"primaryImageOfPage":{"@id":"https:\/\/www.avant-pays-savoyard.com\/smaps\/appel-a-projet-leader-renforcer-les-liens-entre-habitants-par-un-soutien-aux-activites-culturelles-et-artistiques\/#primaryimage"},"image":{"@id":"https:\/\/www.avant-pays-savoyard.com\/smaps\/appel-a-projet-leader-renforcer-les-liens-entre-habitants-par-un-soutien-aux-activites-culturelles-et-artistiques\/#primaryimage"},"thumbnailUrl":"https:\/\/www.avant-pays-savoyard.com\/smaps\/wp-content\/uploads\/2024\/03\/FA1-AAP02-culture_V2.png","datePublished":"2024-03-25T16:09:39+00:00","dateModified":"2026-04-22T13:14:43+00:00","description":"APPEL A PROJET LEADER - Renforcer les liens entre habitants par un soutien aux activit\u00e9s culturelles et artistiques | Avant Pays Savoyard","breadcrumb":{"@id":"https:\/\/www.avant-pays-savoyard.com\/smaps\/appel-a-projet-leader-renforcer-les-liens-entre-habitants-par-un-soutien-aux-activites-culturelles-et-artistiques\/#breadcrumb"},"inLanguage":"fr-FR","potentialAction":[{"@type":"ReadAction","target":["https:\/\/www.avant-pays-savoyard.com\/smaps\/appel-a-projet-leader-renforcer-les-liens-entre-habitants-par-un-soutien-aux-activites-culturelles-et-artistiques\/"]}]},{"@type":"ImageObject","inLanguage":"fr-FR","@id":"https:\/\/www.avant-pays-savoyard.com\/smaps\/appel-a-projet-leader-renforcer-les-liens-entre-habitants-par-un-soutien-aux-activites-culturelles-et-artistiques\/#primaryimage","url":"https:\/\/www.avant-pays-savoyard.com\/smaps\/wp-content\/uploads\/2024\/03\/FA1-AAP02-culture_V2.png","contentUrl":"https:\/\/www.avant-pays-savoyard.com\/smaps\/wp-content\/uploads\/2024\/03\/FA1-AAP02-culture_V2.png","width":800,"height":800},{"@type":"BreadcrumbList","@id":"https:\/\/www.avant-pays-savoyard.com\/smaps\/appel-a-projet-leader-renforcer-les-liens-entre-habitants-par-un-soutien-aux-activites-culturelles-et-artistiques\/#breadcrumb","itemListElement":[{"@type":"ListItem","position":1,"name":"Accueil","item":"https:\/\/www.avant-pays-savoyard.com\/smaps\/"},{"@type":"ListItem","position":2,"name":"LEADER","item":"https:\/\/www.avant-pays-savoyard.com\/smaps\/category\/leader\/"},{"@type":"ListItem","position":3,"name":"APPEL A PROJET LEADER &#8211; Renforcer les liens entre habitants par un soutien aux activit\u00e9s culturelles et artistiques"}]},{"@type":"WebSite","@id":"https:\/\/www.avant-pays-savoyard.com\/smaps\/#website","url":"https:\/\/www.avant-pays-savoyard.com\/smaps\/","name":"Syndicat Mixte Avant-Pays Savoyard","description":"Site du SMAPS","publisher":{"@id":"https:\/\/www.avant-pays-savoyard.com\/smaps\/#organization"},"potentialAction":[{"@type":"SearchAction","target":{"@type":"EntryPoint","urlTemplate":"https:\/\/www.avant-pays-savoyard.com\/smaps\/?s={search_term_string}"},"query-input":{"@type":"PropertyValueSpecification","valueRequired":true,"valueName":"search_term_string"}}],"inLanguage":"fr-FR"},{"@type":"Organization","@id":"https:\/\/www.avant-pays-savoyard.com\/smaps\/#organization","name":"Avant Pays Savoyard","url":"https:\/\/www.avant-pays-savoyard.com\/smaps\/","logo":{"@type":"ImageObject","inLanguage":"fr-FR","@id":"https:\/\/www.avant-pays-savoyard.com\/smaps\/#\/schema\/logo\/image\/","url":"https:\/\/www.avant-pays-savoyard.com\/smaps\/wp-content\/uploads\/2020\/11\/logo-smaps.png","contentUrl":"https:\/\/www.avant-pays-savoyard.com\/smaps\/wp-content\/uploads\/2020\/11\/logo-smaps.png","width":1617,"height":738,"caption":"Avant Pays Savoyard"},"image":{"@id":"https:\/\/www.avant-pays-savoyard.com\/smaps\/#\/schema\/logo\/image\/"},"sameAs":["https:\/\/www.facebook.com\/philippe.smaps?eid=ARBa3pcAa8gXFS8WNK_PRvsO8QdGpgIOahlkYUZ_fHoQSowEaz5KpN0GqL0PUxNL0ZbTsFwcVmpWqAsm"]},{"@type":"Person","@id":"https:\/\/www.avant-pays-savoyard.com\/smaps\/#\/schema\/person\/97c9f75644fa5ca03f84c36512d45878","name":"SMAPS","image":{"@type":"ImageObject","inLanguage":"fr-FR","@id":"https:\/\/secure.gravatar.com\/avatar\/5f82331f1fbc0b612bc82f92d18052f29701b5b494fd518e67c6c8d7d646b105?s=96&d=mm&r=g","url":"https:\/\/secure.gravatar.com\/avatar\/5f82331f1fbc0b612bc82f92d18052f29701b5b494fd518e67c6c8d7d646b105?s=96&d=mm&r=g","contentUrl":"https:\/\/secure.gravatar.com\/avatar\/5f82331f1fbc0b612bc82f92d18052f29701b5b494fd518e67c6c8d7d646b105?s=96&d=mm&r=g","caption":"SMAPS"}}]}},"publishpress_future_action":{"enabled":false,"date":"2026-05-08 18:22:30","action":"change-status","newStatus":"draft","terms":[],"taxonomy":"category","extraData":[]},"publishpress_future_workflow_manual_trigger":{"enabledWorkflows":[]},"_links":{"self":[{"href":"https:\/\/www.avant-pays-savoyard.com\/smaps\/wp-json\/wp\/v2\/posts\/5602","targetHints":{"allow":["GET"]}}],"collection":[{"href":"https:\/\/www.avant-pays-savoyard.com\/smaps\/wp-json\/wp\/v2\/posts"}],"about":[{"href":"https:\/\/www.avant-pays-savoyard.com\/smaps\/wp-json\/wp\/v2\/types\/post"}],"author":[{"embeddable":true,"href":"https:\/\/www.avant-pays-savoyard.com\/smaps\/wp-json\/wp\/v2\/users\/2"}],"replies":[{"embeddable":true,"href":"https:\/\/www.avant-pays-savoyard.com\/smaps\/wp-json\/wp\/v2\/comments?post=5602"}],"version-history":[{"count":5,"href":"https:\/\/www.avant-pays-savoyard.com\/smaps\/wp-json\/wp\/v2\/posts\/5602\/revisions"}],"predecessor-version":[{"id":7208,"href":"https:\/\/www.avant-pays-savoyard.com\/smaps\/wp-json\/wp\/v2\/posts\/5602\/revisions\/7208"}],"wp:featuredmedia":[{"embeddable":true,"href":"https:\/\/www.avant-pays-savoyard.com\/smaps\/wp-json\/wp\/v2\/media\/5605"}],"wp:attachment":[{"href":"https:\/\/www.avant-pays-savoyard.com\/smaps\/wp-json\/wp\/v2\/media?parent=5602"}],"wp:term":[{"taxonomy":"category","embeddable":true,"href":"https:\/\/www.avant-pays-savoyard.com\/smaps\/wp-json\/wp\/v2\/categories?post=5602"},{"taxonomy":"post_tag","embeddable":true,"href":"https:\/\/www.avant-pays-savoyard.com\/smaps\/wp-json\/wp\/v2\/tags?post=5602"}],"curies":[{"name":"wp","href":"https:\/\/api.w.org\/{rel}","templated":true}]}}