{"id":5608,"date":"2024-03-25T17:13:40","date_gmt":"2024-03-25T16:13:40","guid":{"rendered":"https:\/\/www.avant-pays-savoyard.com\/smaps\/?p=5608"},"modified":"2026-04-22T14:50:12","modified_gmt":"2026-04-22T12:50:12","slug":"appel-a-projet-leader-favoriser-et-soutenir-les-itinerances-douces-du-territoire","status":"publish","type":"post","link":"https:\/\/www.avant-pays-savoyard.com\/smaps\/appel-a-projet-leader-favoriser-et-soutenir-les-itinerances-douces-du-territoire\/","title":{"rendered":"APPEL A PROJET LEADER &#8211; Favoriser et soutenir les itin\u00e9rances douces du territoire"},"content":{"rendered":"<h5><\/h5>\n<h5><\/h5>\n<h5 style=\"text-align: justify;\">L\u2019Appel \u00e0 Projet \u00ab Favoriser et soutenir les itin\u00e9rances douces du territoire \u00bb est ouvert du 6 janvier au 14 d\u00e9cembre 2026.<\/h5>\n<p style=\"text-align: justify;\"><strong><u>Calendrier\u00a0:<\/u><\/strong>\u00a0 Les d\u00e9p\u00f4ts et instructions des dossiers se font \u00ab\u00a0au fil de l\u2019eau\u00a0\u00bb\u00a0:<\/p>\n<p style=\"text-align: justify;\">Des sessions de pr\u00e9sentation en pr\u00e9sentiel, pour le comit\u00e9 d\u2019audition, seront r\u00e9guli\u00e8rement ouvertes. Apr\u00e8s avis du comit\u00e9 d\u2019audition, le dossier sera \u00e9tudi\u00e9 par le comit\u00e9 de programmation quelques semaines apr\u00e8s, pour s\u00e9lection et programmation.<\/p>\n<h2 class=\"wp-block-heading\" style=\"text-align: justify;\">Contexte<\/h2>\n<p style=\"text-align: justify;\">Le territoire b\u00e9n\u00e9ficie d\u2019une forte attractivit\u00e9 gr\u00e2ce \u00e0 ses richesses et \u00e0 sa proximit\u00e9 avec des bassins de population denses. Il est d\u00e9j\u00e0 engag\u00e9, pour partie, dans des d\u00e9marches de transition touristique pour r\u00e9pondre aux enjeux soci\u00e9taux et climatiques.<\/p>\n<p style=\"text-align: justify;\">La fr\u00e9quentation est importante sur la quasi-totalit\u00e9 du territoire et en progression depuis des ann\u00e9es, avec des disparit\u00e9s selon les saisons et les zones g\u00e9ographiques, et une pr\u00e9dominance de l\u2019excursionnisme qui n\u2019apporte que peu de retomb\u00e9es \u00e9conomiques sur le territoire.<\/p>\n<p style=\"text-align: justify;\">Ainsi, il est important d\u2019accompagner un mod\u00e8le touristique int\u00e9gr\u00e9 et respectueux, vecteur de retomb\u00e9es positives pour le territoire, ses habitants et ses visiteurs notamment en privil\u00e9giant la pratique d\u2019itin\u00e9rances douces\u00a0telles que la randonn\u00e9e p\u00e9destre, \u00e9questre et cyclo (VTT compris).<\/p>\n<p style=\"text-align: justify;\">Concernant plus sp\u00e9cifiquement les besoins li\u00e9s \u00e0 ces diff\u00e9rents types d\u2019itin\u00e9rances, on observe :<\/p>\n<ul style=\"text-align: justify;\">\n<li>Un manque d\u2019h\u00e9bergements \u00e0 la nuit\u00e9e, qui ne permet pas de pratiquer dans de bonnes conditions l\u2019itin\u00e9raire dans son int\u00e9gralit\u00e9 (tr\u00e8s variable selon les secteurs)<\/li>\n<li>Une h\u00e9t\u00e9rog\u00e9n\u00e9it\u00e9 du maillage de services et d\u2019\u00e9quipements existants sur le trac\u00e9<\/li>\n<li>Des socio-professionnels qui n\u2019ont pas forc\u00e9ment une offre de services adapt\u00e9e \u00e0 l\u2019itin\u00e9rance et qui ne sont pas labelis\u00e9s (accueil v\u00e9lo, cheval \u00e9tape\u2026)<\/li>\n<\/ul>\n<h5 class=\"wp-block-heading\" style=\"text-align: justify;\">Cet AAP est mis en place afin de r\u00e9pondre aux enjeux suivants :<\/h5>\n<ul>\n<li style=\"text-align: justify;\">R\u00e9pondre \u00e0 la demande croissante d\u2019h\u00e9bergement \u00e0 la nuit\u00e9e le long des axes d\u2019itin\u00e9rance notamment en diversifiant l\u2019offre<\/li>\n<li style=\"text-align: justify;\">Am\u00e9liorer l\u2019impact \u00e9conomique de l\u2019itin\u00e9rance aupr\u00e8s des professionnels du territoire (h\u00e9bergeurs, loueurs, restaurateurs, sites touristiques, \u2026)<\/li>\n<li style=\"text-align: justify;\">Avoir une offre homog\u00e8ne d\u2019am\u00e9nagements et d\u2019\u00e9quipements le long des itin\u00e9raires<\/li>\n<li style=\"text-align: justify;\">Qualifier l\u2019offre de services, d\u2019am\u00e9nagements et d\u2019h\u00e9bergements et tendre vers une lab\u00e9lisation<\/li>\n<\/ul>\n<h5 class=\"wp-block-heading\">Avant tout d\u00e9p\u00f4t de demande d\u2019aide, il est n\u00e9cessaire de prendre contact avec l\u2019\u00e9quipe technique du GAL\u00a0:<\/h5>\n<p><a href=\"mailto:contact@leader-lacs-montagnes.com\">contact@leader-lacs-montagnes.com<\/a> ou<\/p>\n<ul>\n<li>Votre projet est localis\u00e9 sur les communaut\u00e9s de communes du C\u0153ur de Chartreuse et Le Gr\u00e9sivaudan : marion.hezard@leader-lacs-montagnes.com tel : 06 70 41 18 49<\/li>\n<li>Votre projet est localis\u00e9 sur les communes de Grenoble Alpes m\u00e9tropole, la CA du Pays Voironnais, et sur les communaut\u00e9s de communes de Bi\u00e8vre Est, Val Guiers, du Lac d\u2019Aiguebelette, de Yenne : benedicte.michard@leader-lacs-montagnes.com tel : 07 48 74 28 66<\/li>\n<li>Votre projet est localis\u00e9 sur Grand Lac, Grand Chamb\u00e9ry, Grand Annecy, et sur les communaut\u00e9s de communes de C\u0153ur de Savoie, des Sources du Lac d\u2019Annecy ou de Rumilly Terre de Savoie : loris.subit@leader-lacs-montagnes.com tel\u00a0: 06 22 48 78 52<\/li>\n<\/ul>\n<h5 class=\"wp-block-heading\">Les documents incontournables pour bien se pr\u00e9parer\u00a0:<\/h5>\n<ul class=\"wp-block-list\">\n<li><a href=\"https:\/\/parcdechartreuse-my.sharepoint.com\/personal\/marion_hezard_parc-chartreuse_net\/_layouts\/15\/onedrive.aspx?id=%2Fpersonal%2Fmarion%5Fhezard%5Fparc%2Dchartreuse%5Fnet%2FDocuments%2FLEADER%20ELEM%202023%2D2027%2FPARTAGE%20GRAND%20PUBLIC%2FAAP%20en%20ligne%2FFA2%2DAAP01%2D3%5Fitin%C3%A9rances%20douces%5F2026%2F501%2D%20AURGAL006%2DFA2%2DAAP01%2D3%5Fitin%C3%A9rances%20touristiques%20douces%5F2026%2Epdf&amp;parent=%2Fpersonal%2Fmarion%5Fhezard%5Fparc%2Dchartreuse%5Fnet%2FDocuments%2FLEADER%20ELEM%202023%2D2027%2FPARTAGE%20GRAND%20PUBLIC%2FAAP%20en%20ligne%2FFA2%2DAAP01%2D3%5Fitin%C3%A9rances%20douces%5F2026&amp;ga=1\" target=\"_blank\" rel=\"noopener\">L\u2019appel \u00e0 projets complet<\/a><\/li>\n<li><a href=\"https:\/\/parcdechartreuse-my.sharepoint.com\/personal\/marion_hezard_parc-chartreuse_net\/_layouts\/15\/onedrive.aspx?id=%2Fpersonal%2Fmarion%5Fhezard%5Fparc%2Dchartreuse%5Fnet%2FDocuments%2FLEADER%20ELEM%202023%2D2027%2FPARTAGE%20GRAND%20PUBLIC%2FAAP%20en%20ligne%2FFA2%2DAAP01%2D3%5Fitin%C3%A9rances%20douces%5F2026%2FListe%5Fpieces%5FLEADER%5FELEM%5FFA2%2DAAP01%2D3%2Epdf&amp;parent=%2Fpersonal%2Fmarion%5Fhezard%5Fparc%2Dchartreuse%5Fnet%2FDocuments%2FLEADER%20ELEM%202023%2D2027%2FPARTAGE%20GRAND%20PUBLIC%2FAAP%20en%20ligne%2FFA2%2DAAP01%2D3%5Fitin%C3%A9rances%20douces%5F2026&amp;ga=1\" target=\"_blank\" rel=\"noopener\">La liste des pi\u00e8ces<\/a><\/li>\n<\/ul>\n<p>Pour d\u00e9poser son dossier, <a class=\"ek-link\" href=\"https:\/\/www.auvergnerhonealpes.fr\/aides\/porter-un-projet-leader-feader\">lien vers le guide des aides<\/a><\/p>\n<p>&nbsp;<\/p>\n<p style=\"text-align: justify;\"><img loading=\"lazy\" decoding=\"async\" class=\"size-medium wp-image-5533 aligncenter\" src=\"https:\/\/www.avant-pays-savoyard.com\/smaps\/wp-content\/uploads\/2020\/05\/bandeau-simple-UE_AURA-300x65.png\" alt=\"\" width=\"300\" height=\"65\" srcset=\"https:\/\/www.avant-pays-savoyard.com\/smaps\/wp-content\/uploads\/2020\/05\/bandeau-simple-UE_AURA-300x65.png 300w, https:\/\/www.avant-pays-savoyard.com\/smaps\/wp-content\/uploads\/2020\/05\/bandeau-simple-UE_AURA.png 336w\" sizes=\"(max-width: 300px) 100vw, 300px\" \/><\/p>\n","protected":false},"excerpt":{"rendered":"<p>L\u2019Appel \u00e0 Projet \u00ab Favoriser et soutenir les itin\u00e9rances douces du territoire \u00bb est ouvert du 6 janvier au 14 d\u00e9cembre 2026. Calendrier\u00a0:\u00a0 Les d\u00e9p\u00f4ts et instructions des dossiers se font \u00ab\u00a0au fil de l\u2019eau\u00a0\u00bb\u00a0: Des sessions de pr\u00e9sentation en pr\u00e9sentiel, pour le comit\u00e9 d\u2019audition, seront r\u00e9guli\u00e8rement ouvertes. Apr\u00e8s avis du comit\u00e9 d\u2019audition, le dossier [&hellip;]<\/p>\n","protected":false},"author":2,"featured_media":5609,"comment_status":"closed","ping_status":"closed","sticky":false,"template":"","format":"standard","meta":{"_et_pb_use_builder":"","_et_pb_old_content":"","_et_gb_content_width":"","_monsterinsights_skip_tracking":false,"_monsterinsights_sitenote_active":false,"_monsterinsights_sitenote_note":"","_monsterinsights_sitenote_category":0,"footnotes":""},"categories":[30,29,10],"tags":[],"class_list":["post-5608","post","type-post","status-publish","format-standard","has-post-thumbnail","hentry","category-a-la-une","category-actus","category-leader"],"yoast_head":"<!-- This site is optimized with the Yoast SEO plugin v27.5 - https:\/\/yoast.com\/product\/yoast-seo-wordpress\/ -->\n<title>APPEL A PROJET LEADER - Favoriser et soutenir les itin\u00e9rances douces du territoire | Avant Pays Savoyard<\/title>\n<meta name=\"description\" content=\"APPEL A PROJET LEADER - Favoriser et soutenir les itin\u00e9rances douces du territoire | Avant Pays Savoyard\" \/>\n<meta name=\"robots\" content=\"index, follow, max-snippet:-1, max-image-preview:large, max-video-preview:-1\" \/>\n<link rel=\"canonical\" href=\"https:\/\/www.avant-pays-savoyard.com\/smaps\/appel-a-projet-leader-favoriser-et-soutenir-les-itinerances-douces-du-territoire\/\" \/>\n<meta property=\"og:locale\" content=\"fr_FR\" \/>\n<meta property=\"og:type\" content=\"article\" \/>\n<meta property=\"og:title\" content=\"APPEL A PROJET LEADER - Favoriser et soutenir les itin\u00e9rances douces du territoire | Avant Pays Savoyard\" \/>\n<meta property=\"og:description\" content=\"APPEL A PROJET LEADER - Favoriser et soutenir les itin\u00e9rances douces du territoire | Avant Pays Savoyard\" \/>\n<meta property=\"og:url\" content=\"https:\/\/www.avant-pays-savoyard.com\/smaps\/appel-a-projet-leader-favoriser-et-soutenir-les-itinerances-douces-du-territoire\/\" \/>\n<meta property=\"og:site_name\" content=\"Syndicat Mixte Avant-Pays Savoyard\" \/>\n<meta property=\"article:publisher\" content=\"https:\/\/www.facebook.com\/philippe.smaps?eid=ARBa3pcAa8gXFS8WNK_PRvsO8QdGpgIOahlkYUZ_fHoQSowEaz5KpN0GqL0PUxNL0ZbTsFwcVmpWqAsm\" \/>\n<meta property=\"article:published_time\" content=\"2024-03-25T16:13:40+00:00\" \/>\n<meta property=\"article:modified_time\" content=\"2026-04-22T12:50:12+00:00\" \/>\n<meta property=\"og:image\" content=\"https:\/\/www.avant-pays-savoyard.com\/smaps\/wp-content\/uploads\/2024\/03\/FA2-AAP01-iti-touristiques.png\" \/>\n\t<meta property=\"og:image:width\" content=\"800\" \/>\n\t<meta property=\"og:image:height\" content=\"800\" \/>\n\t<meta property=\"og:image:type\" content=\"image\/png\" \/>\n<meta name=\"author\" content=\"SMAPS\" \/>\n<meta name=\"twitter:card\" content=\"summary_large_image\" \/>\n<meta name=\"twitter:label1\" content=\"\u00c9crit par\" \/>\n\t<meta name=\"twitter:data1\" content=\"SMAPS\" \/>\n\t<meta name=\"twitter:label2\" content=\"Dur\u00e9e de lecture estim\u00e9e\" \/>\n\t<meta name=\"twitter:data2\" content=\"3 minutes\" \/>\n<script type=\"application\/ld+json\" class=\"yoast-schema-graph\">{\"@context\":\"https:\\\/\\\/schema.org\",\"@graph\":[{\"@type\":\"Article\",\"@id\":\"https:\\\/\\\/www.avant-pays-savoyard.com\\\/smaps\\\/appel-a-projet-leader-favoriser-et-soutenir-les-itinerances-douces-du-territoire\\\/#article\",\"isPartOf\":{\"@id\":\"https:\\\/\\\/www.avant-pays-savoyard.com\\\/smaps\\\/appel-a-projet-leader-favoriser-et-soutenir-les-itinerances-douces-du-territoire\\\/\"},\"author\":{\"name\":\"SMAPS\",\"@id\":\"https:\\\/\\\/www.avant-pays-savoyard.com\\\/smaps\\\/#\\\/schema\\\/person\\\/97c9f75644fa5ca03f84c36512d45878\"},\"headline\":\"APPEL A PROJET LEADER &#8211; Favoriser et soutenir les itin\u00e9rances douces du territoire\",\"datePublished\":\"2024-03-25T16:13:40+00:00\",\"dateModified\":\"2026-04-22T12:50:12+00:00\",\"mainEntityOfPage\":{\"@id\":\"https:\\\/\\\/www.avant-pays-savoyard.com\\\/smaps\\\/appel-a-projet-leader-favoriser-et-soutenir-les-itinerances-douces-du-territoire\\\/\"},\"wordCount\":581,\"publisher\":{\"@id\":\"https:\\\/\\\/www.avant-pays-savoyard.com\\\/smaps\\\/#organization\"},\"image\":{\"@id\":\"https:\\\/\\\/www.avant-pays-savoyard.com\\\/smaps\\\/appel-a-projet-leader-favoriser-et-soutenir-les-itinerances-douces-du-territoire\\\/#primaryimage\"},\"thumbnailUrl\":\"https:\\\/\\\/www.avant-pays-savoyard.com\\\/smaps\\\/wp-content\\\/uploads\\\/2024\\\/03\\\/FA2-AAP01-iti-touristiques.png\",\"articleSection\":[\"\u00c0 la une\",\"Actualit\u00e9s\",\"LEADER\"],\"inLanguage\":\"fr-FR\"},{\"@type\":\"WebPage\",\"@id\":\"https:\\\/\\\/www.avant-pays-savoyard.com\\\/smaps\\\/appel-a-projet-leader-favoriser-et-soutenir-les-itinerances-douces-du-territoire\\\/\",\"url\":\"https:\\\/\\\/www.avant-pays-savoyard.com\\\/smaps\\\/appel-a-projet-leader-favoriser-et-soutenir-les-itinerances-douces-du-territoire\\\/\",\"name\":\"APPEL A PROJET LEADER - Favoriser et soutenir les itin\u00e9rances douces du territoire | Avant Pays Savoyard\",\"isPartOf\":{\"@id\":\"https:\\\/\\\/www.avant-pays-savoyard.com\\\/smaps\\\/#website\"},\"primaryImageOfPage\":{\"@id\":\"https:\\\/\\\/www.avant-pays-savoyard.com\\\/smaps\\\/appel-a-projet-leader-favoriser-et-soutenir-les-itinerances-douces-du-territoire\\\/#primaryimage\"},\"image\":{\"@id\":\"https:\\\/\\\/www.avant-pays-savoyard.com\\\/smaps\\\/appel-a-projet-leader-favoriser-et-soutenir-les-itinerances-douces-du-territoire\\\/#primaryimage\"},\"thumbnailUrl\":\"https:\\\/\\\/www.avant-pays-savoyard.com\\\/smaps\\\/wp-content\\\/uploads\\\/2024\\\/03\\\/FA2-AAP01-iti-touristiques.png\",\"datePublished\":\"2024-03-25T16:13:40+00:00\",\"dateModified\":\"2026-04-22T12:50:12+00:00\",\"description\":\"APPEL A PROJET LEADER - Favoriser et soutenir les itin\u00e9rances douces du territoire | Avant Pays Savoyard\",\"breadcrumb\":{\"@id\":\"https:\\\/\\\/www.avant-pays-savoyard.com\\\/smaps\\\/appel-a-projet-leader-favoriser-et-soutenir-les-itinerances-douces-du-territoire\\\/#breadcrumb\"},\"inLanguage\":\"fr-FR\",\"potentialAction\":[{\"@type\":\"ReadAction\",\"target\":[\"https:\\\/\\\/www.avant-pays-savoyard.com\\\/smaps\\\/appel-a-projet-leader-favoriser-et-soutenir-les-itinerances-douces-du-territoire\\\/\"]}]},{\"@type\":\"ImageObject\",\"inLanguage\":\"fr-FR\",\"@id\":\"https:\\\/\\\/www.avant-pays-savoyard.com\\\/smaps\\\/appel-a-projet-leader-favoriser-et-soutenir-les-itinerances-douces-du-territoire\\\/#primaryimage\",\"url\":\"https:\\\/\\\/www.avant-pays-savoyard.com\\\/smaps\\\/wp-content\\\/uploads\\\/2024\\\/03\\\/FA2-AAP01-iti-touristiques.png\",\"contentUrl\":\"https:\\\/\\\/www.avant-pays-savoyard.com\\\/smaps\\\/wp-content\\\/uploads\\\/2024\\\/03\\\/FA2-AAP01-iti-touristiques.png\",\"width\":800,\"height\":800},{\"@type\":\"BreadcrumbList\",\"@id\":\"https:\\\/\\\/www.avant-pays-savoyard.com\\\/smaps\\\/appel-a-projet-leader-favoriser-et-soutenir-les-itinerances-douces-du-territoire\\\/#breadcrumb\",\"itemListElement\":[{\"@type\":\"ListItem\",\"position\":1,\"name\":\"Accueil\",\"item\":\"https:\\\/\\\/www.avant-pays-savoyard.com\\\/smaps\\\/\"},{\"@type\":\"ListItem\",\"position\":2,\"name\":\"LEADER\",\"item\":\"https:\\\/\\\/www.avant-pays-savoyard.com\\\/smaps\\\/category\\\/leader\\\/\"},{\"@type\":\"ListItem\",\"position\":3,\"name\":\"APPEL A PROJET LEADER &#8211; Favoriser et soutenir les itin\u00e9rances douces du territoire\"}]},{\"@type\":\"WebSite\",\"@id\":\"https:\\\/\\\/www.avant-pays-savoyard.com\\\/smaps\\\/#website\",\"url\":\"https:\\\/\\\/www.avant-pays-savoyard.com\\\/smaps\\\/\",\"name\":\"Syndicat Mixte Avant-Pays Savoyard\",\"description\":\"Site du SMAPS\",\"publisher\":{\"@id\":\"https:\\\/\\\/www.avant-pays-savoyard.com\\\/smaps\\\/#organization\"},\"potentialAction\":[{\"@type\":\"SearchAction\",\"target\":{\"@type\":\"EntryPoint\",\"urlTemplate\":\"https:\\\/\\\/www.avant-pays-savoyard.com\\\/smaps\\\/?s={search_term_string}\"},\"query-input\":{\"@type\":\"PropertyValueSpecification\",\"valueRequired\":true,\"valueName\":\"search_term_string\"}}],\"inLanguage\":\"fr-FR\"},{\"@type\":\"Organization\",\"@id\":\"https:\\\/\\\/www.avant-pays-savoyard.com\\\/smaps\\\/#organization\",\"name\":\"Avant Pays Savoyard\",\"url\":\"https:\\\/\\\/www.avant-pays-savoyard.com\\\/smaps\\\/\",\"logo\":{\"@type\":\"ImageObject\",\"inLanguage\":\"fr-FR\",\"@id\":\"https:\\\/\\\/www.avant-pays-savoyard.com\\\/smaps\\\/#\\\/schema\\\/logo\\\/image\\\/\",\"url\":\"https:\\\/\\\/www.avant-pays-savoyard.com\\\/smaps\\\/wp-content\\\/uploads\\\/2020\\\/11\\\/logo-smaps.png\",\"contentUrl\":\"https:\\\/\\\/www.avant-pays-savoyard.com\\\/smaps\\\/wp-content\\\/uploads\\\/2020\\\/11\\\/logo-smaps.png\",\"width\":1617,\"height\":738,\"caption\":\"Avant Pays Savoyard\"},\"image\":{\"@id\":\"https:\\\/\\\/www.avant-pays-savoyard.com\\\/smaps\\\/#\\\/schema\\\/logo\\\/image\\\/\"},\"sameAs\":[\"https:\\\/\\\/www.facebook.com\\\/philippe.smaps?eid=ARBa3pcAa8gXFS8WNK_PRvsO8QdGpgIOahlkYUZ_fHoQSowEaz5KpN0GqL0PUxNL0ZbTsFwcVmpWqAsm\"]},{\"@type\":\"Person\",\"@id\":\"https:\\\/\\\/www.avant-pays-savoyard.com\\\/smaps\\\/#\\\/schema\\\/person\\\/97c9f75644fa5ca03f84c36512d45878\",\"name\":\"SMAPS\",\"image\":{\"@type\":\"ImageObject\",\"inLanguage\":\"fr-FR\",\"@id\":\"https:\\\/\\\/secure.gravatar.com\\\/avatar\\\/5f82331f1fbc0b612bc82f92d18052f29701b5b494fd518e67c6c8d7d646b105?s=96&d=mm&r=g\",\"url\":\"https:\\\/\\\/secure.gravatar.com\\\/avatar\\\/5f82331f1fbc0b612bc82f92d18052f29701b5b494fd518e67c6c8d7d646b105?s=96&d=mm&r=g\",\"contentUrl\":\"https:\\\/\\\/secure.gravatar.com\\\/avatar\\\/5f82331f1fbc0b612bc82f92d18052f29701b5b494fd518e67c6c8d7d646b105?s=96&d=mm&r=g\",\"caption\":\"SMAPS\"}}]}<\/script>\n<!-- \/ Yoast SEO plugin. -->","yoast_head_json":{"title":"APPEL A PROJET LEADER - Favoriser et soutenir les itin\u00e9rances douces du territoire | Avant Pays Savoyard","description":"APPEL A PROJET LEADER - Favoriser et soutenir les itin\u00e9rances douces du territoire | Avant Pays Savoyard","robots":{"index":"index","follow":"follow","max-snippet":"max-snippet:-1","max-image-preview":"max-image-preview:large","max-video-preview":"max-video-preview:-1"},"canonical":"https:\/\/www.avant-pays-savoyard.com\/smaps\/appel-a-projet-leader-favoriser-et-soutenir-les-itinerances-douces-du-territoire\/","og_locale":"fr_FR","og_type":"article","og_title":"APPEL A PROJET LEADER - Favoriser et soutenir les itin\u00e9rances douces du territoire | Avant Pays Savoyard","og_description":"APPEL A PROJET LEADER - Favoriser et soutenir les itin\u00e9rances douces du territoire | Avant Pays Savoyard","og_url":"https:\/\/www.avant-pays-savoyard.com\/smaps\/appel-a-projet-leader-favoriser-et-soutenir-les-itinerances-douces-du-territoire\/","og_site_name":"Syndicat Mixte Avant-Pays Savoyard","article_publisher":"https:\/\/www.facebook.com\/philippe.smaps?eid=ARBa3pcAa8gXFS8WNK_PRvsO8QdGpgIOahlkYUZ_fHoQSowEaz5KpN0GqL0PUxNL0ZbTsFwcVmpWqAsm","article_published_time":"2024-03-25T16:13:40+00:00","article_modified_time":"2026-04-22T12:50:12+00:00","og_image":[{"width":800,"height":800,"url":"https:\/\/www.avant-pays-savoyard.com\/smaps\/wp-content\/uploads\/2024\/03\/FA2-AAP01-iti-touristiques.png","type":"image\/png"}],"author":"SMAPS","twitter_card":"summary_large_image","twitter_misc":{"\u00c9crit par":"SMAPS","Dur\u00e9e de lecture estim\u00e9e":"3 minutes"},"schema":{"@context":"https:\/\/schema.org","@graph":[{"@type":"Article","@id":"https:\/\/www.avant-pays-savoyard.com\/smaps\/appel-a-projet-leader-favoriser-et-soutenir-les-itinerances-douces-du-territoire\/#article","isPartOf":{"@id":"https:\/\/www.avant-pays-savoyard.com\/smaps\/appel-a-projet-leader-favoriser-et-soutenir-les-itinerances-douces-du-territoire\/"},"author":{"name":"SMAPS","@id":"https:\/\/www.avant-pays-savoyard.com\/smaps\/#\/schema\/person\/97c9f75644fa5ca03f84c36512d45878"},"headline":"APPEL A PROJET LEADER &#8211; Favoriser et soutenir les itin\u00e9rances douces du territoire","datePublished":"2024-03-25T16:13:40+00:00","dateModified":"2026-04-22T12:50:12+00:00","mainEntityOfPage":{"@id":"https:\/\/www.avant-pays-savoyard.com\/smaps\/appel-a-projet-leader-favoriser-et-soutenir-les-itinerances-douces-du-territoire\/"},"wordCount":581,"publisher":{"@id":"https:\/\/www.avant-pays-savoyard.com\/smaps\/#organization"},"image":{"@id":"https:\/\/www.avant-pays-savoyard.com\/smaps\/appel-a-projet-leader-favoriser-et-soutenir-les-itinerances-douces-du-territoire\/#primaryimage"},"thumbnailUrl":"https:\/\/www.avant-pays-savoyard.com\/smaps\/wp-content\/uploads\/2024\/03\/FA2-AAP01-iti-touristiques.png","articleSection":["\u00c0 la une","Actualit\u00e9s","LEADER"],"inLanguage":"fr-FR"},{"@type":"WebPage","@id":"https:\/\/www.avant-pays-savoyard.com\/smaps\/appel-a-projet-leader-favoriser-et-soutenir-les-itinerances-douces-du-territoire\/","url":"https:\/\/www.avant-pays-savoyard.com\/smaps\/appel-a-projet-leader-favoriser-et-soutenir-les-itinerances-douces-du-territoire\/","name":"APPEL A PROJET LEADER - Favoriser et soutenir les itin\u00e9rances douces du territoire | Avant Pays Savoyard","isPartOf":{"@id":"https:\/\/www.avant-pays-savoyard.com\/smaps\/#website"},"primaryImageOfPage":{"@id":"https:\/\/www.avant-pays-savoyard.com\/smaps\/appel-a-projet-leader-favoriser-et-soutenir-les-itinerances-douces-du-territoire\/#primaryimage"},"image":{"@id":"https:\/\/www.avant-pays-savoyard.com\/smaps\/appel-a-projet-leader-favoriser-et-soutenir-les-itinerances-douces-du-territoire\/#primaryimage"},"thumbnailUrl":"https:\/\/www.avant-pays-savoyard.com\/smaps\/wp-content\/uploads\/2024\/03\/FA2-AAP01-iti-touristiques.png","datePublished":"2024-03-25T16:13:40+00:00","dateModified":"2026-04-22T12:50:12+00:00","description":"APPEL A PROJET LEADER - Favoriser et soutenir les itin\u00e9rances douces du territoire | Avant Pays Savoyard","breadcrumb":{"@id":"https:\/\/www.avant-pays-savoyard.com\/smaps\/appel-a-projet-leader-favoriser-et-soutenir-les-itinerances-douces-du-territoire\/#breadcrumb"},"inLanguage":"fr-FR","potentialAction":[{"@type":"ReadAction","target":["https:\/\/www.avant-pays-savoyard.com\/smaps\/appel-a-projet-leader-favoriser-et-soutenir-les-itinerances-douces-du-territoire\/"]}]},{"@type":"ImageObject","inLanguage":"fr-FR","@id":"https:\/\/www.avant-pays-savoyard.com\/smaps\/appel-a-projet-leader-favoriser-et-soutenir-les-itinerances-douces-du-territoire\/#primaryimage","url":"https:\/\/www.avant-pays-savoyard.com\/smaps\/wp-content\/uploads\/2024\/03\/FA2-AAP01-iti-touristiques.png","contentUrl":"https:\/\/www.avant-pays-savoyard.com\/smaps\/wp-content\/uploads\/2024\/03\/FA2-AAP01-iti-touristiques.png","width":800,"height":800},{"@type":"BreadcrumbList","@id":"https:\/\/www.avant-pays-savoyard.com\/smaps\/appel-a-projet-leader-favoriser-et-soutenir-les-itinerances-douces-du-territoire\/#breadcrumb","itemListElement":[{"@type":"ListItem","position":1,"name":"Accueil","item":"https:\/\/www.avant-pays-savoyard.com\/smaps\/"},{"@type":"ListItem","position":2,"name":"LEADER","item":"https:\/\/www.avant-pays-savoyard.com\/smaps\/category\/leader\/"},{"@type":"ListItem","position":3,"name":"APPEL A PROJET LEADER &#8211; Favoriser et soutenir les itin\u00e9rances douces du territoire"}]},{"@type":"WebSite","@id":"https:\/\/www.avant-pays-savoyard.com\/smaps\/#website","url":"https:\/\/www.avant-pays-savoyard.com\/smaps\/","name":"Syndicat Mixte Avant-Pays Savoyard","description":"Site du SMAPS","publisher":{"@id":"https:\/\/www.avant-pays-savoyard.com\/smaps\/#organization"},"potentialAction":[{"@type":"SearchAction","target":{"@type":"EntryPoint","urlTemplate":"https:\/\/www.avant-pays-savoyard.com\/smaps\/?s={search_term_string}"},"query-input":{"@type":"PropertyValueSpecification","valueRequired":true,"valueName":"search_term_string"}}],"inLanguage":"fr-FR"},{"@type":"Organization","@id":"https:\/\/www.avant-pays-savoyard.com\/smaps\/#organization","name":"Avant Pays Savoyard","url":"https:\/\/www.avant-pays-savoyard.com\/smaps\/","logo":{"@type":"ImageObject","inLanguage":"fr-FR","@id":"https:\/\/www.avant-pays-savoyard.com\/smaps\/#\/schema\/logo\/image\/","url":"https:\/\/www.avant-pays-savoyard.com\/smaps\/wp-content\/uploads\/2020\/11\/logo-smaps.png","contentUrl":"https:\/\/www.avant-pays-savoyard.com\/smaps\/wp-content\/uploads\/2020\/11\/logo-smaps.png","width":1617,"height":738,"caption":"Avant Pays Savoyard"},"image":{"@id":"https:\/\/www.avant-pays-savoyard.com\/smaps\/#\/schema\/logo\/image\/"},"sameAs":["https:\/\/www.facebook.com\/philippe.smaps?eid=ARBa3pcAa8gXFS8WNK_PRvsO8QdGpgIOahlkYUZ_fHoQSowEaz5KpN0GqL0PUxNL0ZbTsFwcVmpWqAsm"]},{"@type":"Person","@id":"https:\/\/www.avant-pays-savoyard.com\/smaps\/#\/schema\/person\/97c9f75644fa5ca03f84c36512d45878","name":"SMAPS","image":{"@type":"ImageObject","inLanguage":"fr-FR","@id":"https:\/\/secure.gravatar.com\/avatar\/5f82331f1fbc0b612bc82f92d18052f29701b5b494fd518e67c6c8d7d646b105?s=96&d=mm&r=g","url":"https:\/\/secure.gravatar.com\/avatar\/5f82331f1fbc0b612bc82f92d18052f29701b5b494fd518e67c6c8d7d646b105?s=96&d=mm&r=g","contentUrl":"https:\/\/secure.gravatar.com\/avatar\/5f82331f1fbc0b612bc82f92d18052f29701b5b494fd518e67c6c8d7d646b105?s=96&d=mm&r=g","caption":"SMAPS"}}]}},"publishpress_future_action":{"enabled":false,"date":"2026-05-07 14:58:32","action":"change-status","newStatus":"draft","terms":[],"taxonomy":"category","extraData":[]},"publishpress_future_workflow_manual_trigger":{"enabledWorkflows":[]},"_links":{"self":[{"href":"https:\/\/www.avant-pays-savoyard.com\/smaps\/wp-json\/wp\/v2\/posts\/5608","targetHints":{"allow":["GET"]}}],"collection":[{"href":"https:\/\/www.avant-pays-savoyard.com\/smaps\/wp-json\/wp\/v2\/posts"}],"about":[{"href":"https:\/\/www.avant-pays-savoyard.com\/smaps\/wp-json\/wp\/v2\/types\/post"}],"author":[{"embeddable":true,"href":"https:\/\/www.avant-pays-savoyard.com\/smaps\/wp-json\/wp\/v2\/users\/2"}],"replies":[{"embeddable":true,"href":"https:\/\/www.avant-pays-savoyard.com\/smaps\/wp-json\/wp\/v2\/comments?post=5608"}],"version-history":[{"count":5,"href":"https:\/\/www.avant-pays-savoyard.com\/smaps\/wp-json\/wp\/v2\/posts\/5608\/revisions"}],"predecessor-version":[{"id":7202,"href":"https:\/\/www.avant-pays-savoyard.com\/smaps\/wp-json\/wp\/v2\/posts\/5608\/revisions\/7202"}],"wp:featuredmedia":[{"embeddable":true,"href":"https:\/\/www.avant-pays-savoyard.com\/smaps\/wp-json\/wp\/v2\/media\/5609"}],"wp:attachment":[{"href":"https:\/\/www.avant-pays-savoyard.com\/smaps\/wp-json\/wp\/v2\/media?parent=5608"}],"wp:term":[{"taxonomy":"category","embeddable":true,"href":"https:\/\/www.avant-pays-savoyard.com\/smaps\/wp-json\/wp\/v2\/categories?post=5608"},{"taxonomy":"post_tag","embeddable":true,"href":"https:\/\/www.avant-pays-savoyard.com\/smaps\/wp-json\/wp\/v2\/tags?post=5608"}],"curies":[{"name":"wp","href":"https:\/\/api.w.org\/{rel}","templated":true}]}}