{"id":5620,"date":"2024-04-03T16:27:44","date_gmt":"2024-04-03T14:27:44","guid":{"rendered":"https:\/\/www.avant-pays-savoyard.com\/smaps\/?p=5620"},"modified":"2025-01-31T09:56:06","modified_gmt":"2025-01-31T08:56:06","slug":"mai-a-velo-un-mois-danimations-pour-adopter-le-velo-pour-la-vie","status":"publish","type":"post","link":"https:\/\/www.avant-pays-savoyard.com\/smaps\/mai-a-velo-un-mois-danimations-pour-adopter-le-velo-pour-la-vie\/","title":{"rendered":"Mai \u00e0 V\u00e9lo&#8230; Un mois d&rsquo;animations pour adopter le v\u00e9lo, pour la vie !"},"content":{"rendered":"<p>Le Syndicat Mixte de l&rsquo;Avant-Pays Savoyard dans le cadre du d\u00e9ploiement de sa politique cyclable et du <strong>projet europ\u00e9en ALCOTRA-AMICI<\/strong>, est heureux de proposer aux habitants du territoire, une programmation riche d&rsquo;animations, atelier, spectacles et projections sur le v\u00e9lo pour tous les publics, les plus petits comme les plus grands !<\/p>\n<p>D\u00e9couvrez le programme complet de <a href=\"https:\/\/maiavelo.fr\/\">MAI A V\u00e9LO<\/a>, la premi\u00e8re du territoire pour cette \u00e9dition 2024&#8230;.<\/p>\n<h4>Vendredi 3 Mai 17h &#8211; 20h SAINT-BERON<\/h4>\n<p>Le Caf\u00e9 associatif Grana Poplo vous propose un Atelier R\u00e9vision V\u00e9los et Marquage bicycode + Projection-d\u00e9bat du documentaire \u00ab\u00a0Les Roues de l\u2019Avenir\u00a0\u00bb suivi d\u2019\u00e9changes.<br \/>\nLieu : Parking Maison des Associations, au Caf\u00e9 bus Grana Poplo, Saint-B\u00e9ron.<\/p>\n<h4>Samedi 18 Mai 14h &#8211; 18h YENNE<\/h4>\n<p>Le service jeunesse de la Communaut\u00e9 de communes de Yenne propose un apr\u00e8s-midi maniabilit\u00e9 et tests de v\u00e9los \u00e9lectriques.<br \/>\nLieu : Place du Kiosque, Yenne.<\/p>\n<h4>Samedi 25 Mai 9h &#8211; 12h PONT-DE-BEAUVOISIN<\/h4>\n<p>La Recyclerie du Guiers et son Espace de Vie Social Acty Initiatives vous proposent avec le REPARE Caf\u00e9 mensuel un REPARE V\u00e9lo : amenez votre v\u00e9lo pour le r\u00e9parer avec un technicien cycle !<br \/>\nLieu : Recyclerie du Guiers, ZA Clermont, Pont de Beauvoisin.<\/p>\n<h4>Samedi 25 Mai 14h &#8211; 17h SAINT-GENIX LES VILLAGES<\/h4>\n<p>P.A.R.I.S.olidarit\u00e9s vous convie \u00e0 sa journ\u00e9e famille dans le cadre de la semaine parentalit\u00e9 (CAF) : parcours maniabilit\u00e9 V\u00e9lo enfants et adultes, et d\u2019autres animations ! Go\u00fbter offert et visite des locaux.<br \/>\nLieu : Route du Stade, Saint-Genix les Villages.<\/p>\n<h4>Samedi 1er Juin YENNE \u2013 EN AVANT LE PRINTEMPS<\/h4>\n<p>L\u2019Avant Pays Savoyard vous propose pour cette nouvelle manifestation culturelle des spectacles acrobatiques \u00e0 v\u00e9lo et une piste v\u00e9los rigolos \u00e0 tester en famille ! Venez \u00e0 pied, \u00e0 v\u00e9lo ou en covoiturage, une surprise vous attend \u00e0 notre stand mobilit\u00e9.<br \/>\nLieu : Place des Vieux Moulins, Yenne.<br \/>\nInfos : avant-pays-savoyard.com<\/p>\n<p>D\u00e9tails et informations pratiques \u00e0 retrouver sur www.avant-pays-savoyard.com<\/p>\n<p>Plus d&rsquo;informations sur la programmation : info@avant-pays-savoyard.com<\/p>\n<p><strong>Ils soutiennent l&rsquo;\u00e9v\u00e9nement :<\/strong> l&rsquo;Ademe, du D\u00e9partement de la Savoie, et des communaut\u00e9s de communes du Lac d&rsquo;Aiguebelette, de Yenne et de Val Guiers.<\/p>\n<p><strong>Partenaires locaux de l&rsquo;\u00e9v\u00e9nement<\/strong> : Acty Initiatives du groupe ISACTYS, Espace de Vie Social Pari Solidarit\u00e9s, la commune de Novalaise, l&rsquo;Association Grana Poplo.<\/p>\n<p><strong>En savoir plus sur le projet europ\u00e9en ALCOTRA-AMICI \u00ab\u00a0Actions de Mobilit\u00e9 Innovantes, Coop\u00e9ratives et Int\u00e9gr\u00e9es<\/strong>\u00a0\u00bb : https:\/\/interreg-alcotra.eu\/fr\/amici-action-de-mobilite-innovante-cooperative-et-integree<\/p>\n<p><img loading=\"lazy\" decoding=\"async\" class=\"wp-image-6315 aligncenter\" src=\"https:\/\/www.avant-pays-savoyard.com\/smaps\/wp-content\/uploads\/2024\/04\/logo_amici_alcotra_colore_sfondo-trasparente.png\" alt=\"\" width=\"592\" height=\"325\" srcset=\"https:\/\/www.avant-pays-savoyard.com\/smaps\/wp-content\/uploads\/2024\/04\/logo_amici_alcotra_colore_sfondo-trasparente-1280x703.png 1280w, https:\/\/www.avant-pays-savoyard.com\/smaps\/wp-content\/uploads\/2024\/04\/logo_amici_alcotra_colore_sfondo-trasparente-980x538.png 980w, https:\/\/www.avant-pays-savoyard.com\/smaps\/wp-content\/uploads\/2024\/04\/logo_amici_alcotra_colore_sfondo-trasparente-480x264.png 480w\" sizes=\"(min-width: 0px) and (max-width: 480px) 480px, (min-width: 481px) and (max-width: 980px) 980px, (min-width: 981px) and (max-width: 1280px) 1280px, 100vw\" \/><\/p>\n","protected":false},"excerpt":{"rendered":"<p>Le Syndicat Mixte de l&rsquo;Avant-Pays Savoyard dans le cadre du d\u00e9ploiement de sa politique cyclable et du projet europ\u00e9en ALCOTRA-AMICI, est heureux de proposer aux habitants du territoire, une programmation riche d&rsquo;animations, atelier, spectacles et projections sur le v\u00e9lo pour tous les publics, les plus petits comme les plus grands ! D\u00e9couvrez le programme complet [&hellip;]<\/p>\n","protected":false},"author":2,"featured_media":5621,"comment_status":"closed","ping_status":"closed","sticky":false,"template":"","format":"standard","meta":{"_et_pb_use_builder":"","_et_pb_old_content":"","_et_gb_content_width":"","_monsterinsights_skip_tracking":false,"_monsterinsights_sitenote_active":false,"_monsterinsights_sitenote_note":"","_monsterinsights_sitenote_category":0,"footnotes":""},"categories":[30,29,36,1],"tags":[],"class_list":["post-5620","post","type-post","status-publish","format-standard","has-post-thumbnail","hentry","category-a-la-une","category-actus","category-avelo2","category-infos-generales"],"yoast_head":"<!-- This site is optimized with the Yoast SEO plugin v27.5 - https:\/\/yoast.com\/product\/yoast-seo-wordpress\/ -->\n<title>Mai \u00e0 V\u00e9lo... Un mois d&#039;animations pour adopter le v\u00e9lo, pour la vie ! | Mai \u00e0 V\u00e9lo, programme en Avant Pays Savoyard<\/title>\n<meta name=\"description\" content=\"Mai \u00e0 V\u00e9lo... Un mois d&#039;animations pour adopter le v\u00e9lo, pour la vie ! | Mai \u00e0 V\u00e9lo territoire Avant Pays Savoyard\" \/>\n<meta name=\"robots\" content=\"index, follow, max-snippet:-1, max-image-preview:large, max-video-preview:-1\" \/>\n<link rel=\"canonical\" href=\"https:\/\/www.avant-pays-savoyard.com\/smaps\/mai-a-velo-un-mois-danimations-pour-adopter-le-velo-pour-la-vie\/\" \/>\n<meta property=\"og:locale\" content=\"fr_FR\" \/>\n<meta property=\"og:type\" content=\"article\" \/>\n<meta property=\"og:title\" content=\"Mai \u00e0 V\u00e9lo... Un mois d&#039;animations pour adopter le v\u00e9lo, pour la vie ! | Mai \u00e0 V\u00e9lo, programme en Avant Pays Savoyard\" \/>\n<meta property=\"og:description\" content=\"Mai \u00e0 V\u00e9lo... Un mois d&#039;animations pour adopter le v\u00e9lo, pour la vie ! | Mai \u00e0 V\u00e9lo territoire Avant Pays Savoyard\" \/>\n<meta property=\"og:url\" content=\"https:\/\/www.avant-pays-savoyard.com\/smaps\/mai-a-velo-un-mois-danimations-pour-adopter-le-velo-pour-la-vie\/\" \/>\n<meta property=\"og:site_name\" content=\"Syndicat Mixte Avant-Pays Savoyard\" \/>\n<meta property=\"article:publisher\" content=\"https:\/\/www.facebook.com\/philippe.smaps?eid=ARBa3pcAa8gXFS8WNK_PRvsO8QdGpgIOahlkYUZ_fHoQSowEaz5KpN0GqL0PUxNL0ZbTsFwcVmpWqAsm\" \/>\n<meta property=\"article:published_time\" content=\"2024-04-03T14:27:44+00:00\" \/>\n<meta property=\"article:modified_time\" content=\"2025-01-31T08:56:06+00:00\" \/>\n<meta property=\"og:image\" content=\"https:\/\/www.avant-pays-savoyard.com\/smaps\/wp-content\/uploads\/2024\/04\/MAI_A_VELO_2024_SIGNATURE-MAIL_1300x550.jpg\" \/>\n\t<meta property=\"og:image:width\" content=\"1300\" \/>\n\t<meta property=\"og:image:height\" content=\"550\" \/>\n\t<meta property=\"og:image:type\" content=\"image\/jpeg\" \/>\n<meta name=\"author\" content=\"SMAPS\" \/>\n<meta name=\"twitter:card\" content=\"summary_large_image\" \/>\n<meta name=\"twitter:label1\" content=\"\u00c9crit par\" \/>\n\t<meta name=\"twitter:data1\" content=\"SMAPS\" \/>\n\t<meta name=\"twitter:label2\" content=\"Dur\u00e9e de lecture estim\u00e9e\" \/>\n\t<meta name=\"twitter:data2\" content=\"3 minutes\" \/>\n<script type=\"application\/ld+json\" class=\"yoast-schema-graph\">{\"@context\":\"https:\\\/\\\/schema.org\",\"@graph\":[{\"@type\":\"Article\",\"@id\":\"https:\\\/\\\/www.avant-pays-savoyard.com\\\/smaps\\\/mai-a-velo-un-mois-danimations-pour-adopter-le-velo-pour-la-vie\\\/#article\",\"isPartOf\":{\"@id\":\"https:\\\/\\\/www.avant-pays-savoyard.com\\\/smaps\\\/mai-a-velo-un-mois-danimations-pour-adopter-le-velo-pour-la-vie\\\/\"},\"author\":{\"name\":\"SMAPS\",\"@id\":\"https:\\\/\\\/www.avant-pays-savoyard.com\\\/smaps\\\/#\\\/schema\\\/person\\\/97c9f75644fa5ca03f84c36512d45878\"},\"headline\":\"Mai \u00e0 V\u00e9lo&#8230; Un mois d&rsquo;animations pour adopter le v\u00e9lo, pour la vie !\",\"datePublished\":\"2024-04-03T14:27:44+00:00\",\"dateModified\":\"2025-01-31T08:56:06+00:00\",\"mainEntityOfPage\":{\"@id\":\"https:\\\/\\\/www.avant-pays-savoyard.com\\\/smaps\\\/mai-a-velo-un-mois-danimations-pour-adopter-le-velo-pour-la-vie\\\/\"},\"wordCount\":424,\"publisher\":{\"@id\":\"https:\\\/\\\/www.avant-pays-savoyard.com\\\/smaps\\\/#organization\"},\"image\":{\"@id\":\"https:\\\/\\\/www.avant-pays-savoyard.com\\\/smaps\\\/mai-a-velo-un-mois-danimations-pour-adopter-le-velo-pour-la-vie\\\/#primaryimage\"},\"thumbnailUrl\":\"https:\\\/\\\/www.avant-pays-savoyard.com\\\/smaps\\\/wp-content\\\/uploads\\\/2024\\\/04\\\/MAI_A_VELO_2024_SIGNATURE-MAIL_1300x550.jpg\",\"articleSection\":[\"\u00c0 la une\",\"Actualit\u00e9s\",\"AVELO2\",\"Infos g\u00e9n\u00e9rales\"],\"inLanguage\":\"fr-FR\"},{\"@type\":\"WebPage\",\"@id\":\"https:\\\/\\\/www.avant-pays-savoyard.com\\\/smaps\\\/mai-a-velo-un-mois-danimations-pour-adopter-le-velo-pour-la-vie\\\/\",\"url\":\"https:\\\/\\\/www.avant-pays-savoyard.com\\\/smaps\\\/mai-a-velo-un-mois-danimations-pour-adopter-le-velo-pour-la-vie\\\/\",\"name\":\"Mai \u00e0 V\u00e9lo... Un mois d'animations pour adopter le v\u00e9lo, pour la vie ! | Mai \u00e0 V\u00e9lo, programme en Avant Pays Savoyard\",\"isPartOf\":{\"@id\":\"https:\\\/\\\/www.avant-pays-savoyard.com\\\/smaps\\\/#website\"},\"primaryImageOfPage\":{\"@id\":\"https:\\\/\\\/www.avant-pays-savoyard.com\\\/smaps\\\/mai-a-velo-un-mois-danimations-pour-adopter-le-velo-pour-la-vie\\\/#primaryimage\"},\"image\":{\"@id\":\"https:\\\/\\\/www.avant-pays-savoyard.com\\\/smaps\\\/mai-a-velo-un-mois-danimations-pour-adopter-le-velo-pour-la-vie\\\/#primaryimage\"},\"thumbnailUrl\":\"https:\\\/\\\/www.avant-pays-savoyard.com\\\/smaps\\\/wp-content\\\/uploads\\\/2024\\\/04\\\/MAI_A_VELO_2024_SIGNATURE-MAIL_1300x550.jpg\",\"datePublished\":\"2024-04-03T14:27:44+00:00\",\"dateModified\":\"2025-01-31T08:56:06+00:00\",\"description\":\"Mai \u00e0 V\u00e9lo... Un mois d'animations pour adopter le v\u00e9lo, pour la vie ! | Mai \u00e0 V\u00e9lo territoire Avant Pays Savoyard\",\"breadcrumb\":{\"@id\":\"https:\\\/\\\/www.avant-pays-savoyard.com\\\/smaps\\\/mai-a-velo-un-mois-danimations-pour-adopter-le-velo-pour-la-vie\\\/#breadcrumb\"},\"inLanguage\":\"fr-FR\",\"potentialAction\":[{\"@type\":\"ReadAction\",\"target\":[\"https:\\\/\\\/www.avant-pays-savoyard.com\\\/smaps\\\/mai-a-velo-un-mois-danimations-pour-adopter-le-velo-pour-la-vie\\\/\"]}]},{\"@type\":\"ImageObject\",\"inLanguage\":\"fr-FR\",\"@id\":\"https:\\\/\\\/www.avant-pays-savoyard.com\\\/smaps\\\/mai-a-velo-un-mois-danimations-pour-adopter-le-velo-pour-la-vie\\\/#primaryimage\",\"url\":\"https:\\\/\\\/www.avant-pays-savoyard.com\\\/smaps\\\/wp-content\\\/uploads\\\/2024\\\/04\\\/MAI_A_VELO_2024_SIGNATURE-MAIL_1300x550.jpg\",\"contentUrl\":\"https:\\\/\\\/www.avant-pays-savoyard.com\\\/smaps\\\/wp-content\\\/uploads\\\/2024\\\/04\\\/MAI_A_VELO_2024_SIGNATURE-MAIL_1300x550.jpg\",\"width\":1300,\"height\":550,\"caption\":\"Bandeau MAI A VELO\"},{\"@type\":\"BreadcrumbList\",\"@id\":\"https:\\\/\\\/www.avant-pays-savoyard.com\\\/smaps\\\/mai-a-velo-un-mois-danimations-pour-adopter-le-velo-pour-la-vie\\\/#breadcrumb\",\"itemListElement\":[{\"@type\":\"ListItem\",\"position\":1,\"name\":\"Accueil\",\"item\":\"https:\\\/\\\/www.avant-pays-savoyard.com\\\/smaps\\\/\"},{\"@type\":\"ListItem\",\"position\":2,\"name\":\"Infos g\u00e9n\u00e9rales\",\"item\":\"https:\\\/\\\/www.avant-pays-savoyard.com\\\/smaps\\\/category\\\/infos-generales\\\/\"},{\"@type\":\"ListItem\",\"position\":3,\"name\":\"Mai \u00e0 V\u00e9lo&#8230; Un mois d&rsquo;animations pour adopter le v\u00e9lo, pour la vie !\"}]},{\"@type\":\"WebSite\",\"@id\":\"https:\\\/\\\/www.avant-pays-savoyard.com\\\/smaps\\\/#website\",\"url\":\"https:\\\/\\\/www.avant-pays-savoyard.com\\\/smaps\\\/\",\"name\":\"Syndicat Mixte Avant-Pays Savoyard\",\"description\":\"Site du SMAPS\",\"publisher\":{\"@id\":\"https:\\\/\\\/www.avant-pays-savoyard.com\\\/smaps\\\/#organization\"},\"potentialAction\":[{\"@type\":\"SearchAction\",\"target\":{\"@type\":\"EntryPoint\",\"urlTemplate\":\"https:\\\/\\\/www.avant-pays-savoyard.com\\\/smaps\\\/?s={search_term_string}\"},\"query-input\":{\"@type\":\"PropertyValueSpecification\",\"valueRequired\":true,\"valueName\":\"search_term_string\"}}],\"inLanguage\":\"fr-FR\"},{\"@type\":\"Organization\",\"@id\":\"https:\\\/\\\/www.avant-pays-savoyard.com\\\/smaps\\\/#organization\",\"name\":\"Avant Pays Savoyard\",\"url\":\"https:\\\/\\\/www.avant-pays-savoyard.com\\\/smaps\\\/\",\"logo\":{\"@type\":\"ImageObject\",\"inLanguage\":\"fr-FR\",\"@id\":\"https:\\\/\\\/www.avant-pays-savoyard.com\\\/smaps\\\/#\\\/schema\\\/logo\\\/image\\\/\",\"url\":\"https:\\\/\\\/www.avant-pays-savoyard.com\\\/smaps\\\/wp-content\\\/uploads\\\/2020\\\/11\\\/logo-smaps.png\",\"contentUrl\":\"https:\\\/\\\/www.avant-pays-savoyard.com\\\/smaps\\\/wp-content\\\/uploads\\\/2020\\\/11\\\/logo-smaps.png\",\"width\":1617,\"height\":738,\"caption\":\"Avant Pays Savoyard\"},\"image\":{\"@id\":\"https:\\\/\\\/www.avant-pays-savoyard.com\\\/smaps\\\/#\\\/schema\\\/logo\\\/image\\\/\"},\"sameAs\":[\"https:\\\/\\\/www.facebook.com\\\/philippe.smaps?eid=ARBa3pcAa8gXFS8WNK_PRvsO8QdGpgIOahlkYUZ_fHoQSowEaz5KpN0GqL0PUxNL0ZbTsFwcVmpWqAsm\"]},{\"@type\":\"Person\",\"@id\":\"https:\\\/\\\/www.avant-pays-savoyard.com\\\/smaps\\\/#\\\/schema\\\/person\\\/97c9f75644fa5ca03f84c36512d45878\",\"name\":\"SMAPS\",\"image\":{\"@type\":\"ImageObject\",\"inLanguage\":\"fr-FR\",\"@id\":\"https:\\\/\\\/secure.gravatar.com\\\/avatar\\\/5f82331f1fbc0b612bc82f92d18052f29701b5b494fd518e67c6c8d7d646b105?s=96&d=mm&r=g\",\"url\":\"https:\\\/\\\/secure.gravatar.com\\\/avatar\\\/5f82331f1fbc0b612bc82f92d18052f29701b5b494fd518e67c6c8d7d646b105?s=96&d=mm&r=g\",\"contentUrl\":\"https:\\\/\\\/secure.gravatar.com\\\/avatar\\\/5f82331f1fbc0b612bc82f92d18052f29701b5b494fd518e67c6c8d7d646b105?s=96&d=mm&r=g\",\"caption\":\"SMAPS\"}}]}<\/script>\n<!-- \/ Yoast SEO plugin. -->","yoast_head_json":{"title":"Mai \u00e0 V\u00e9lo... Un mois d'animations pour adopter le v\u00e9lo, pour la vie ! | Mai \u00e0 V\u00e9lo, programme en Avant Pays Savoyard","description":"Mai \u00e0 V\u00e9lo... Un mois d'animations pour adopter le v\u00e9lo, pour la vie ! | Mai \u00e0 V\u00e9lo territoire Avant Pays Savoyard","robots":{"index":"index","follow":"follow","max-snippet":"max-snippet:-1","max-image-preview":"max-image-preview:large","max-video-preview":"max-video-preview:-1"},"canonical":"https:\/\/www.avant-pays-savoyard.com\/smaps\/mai-a-velo-un-mois-danimations-pour-adopter-le-velo-pour-la-vie\/","og_locale":"fr_FR","og_type":"article","og_title":"Mai \u00e0 V\u00e9lo... Un mois d'animations pour adopter le v\u00e9lo, pour la vie ! | Mai \u00e0 V\u00e9lo, programme en Avant Pays Savoyard","og_description":"Mai \u00e0 V\u00e9lo... Un mois d'animations pour adopter le v\u00e9lo, pour la vie ! | Mai \u00e0 V\u00e9lo territoire Avant Pays Savoyard","og_url":"https:\/\/www.avant-pays-savoyard.com\/smaps\/mai-a-velo-un-mois-danimations-pour-adopter-le-velo-pour-la-vie\/","og_site_name":"Syndicat Mixte Avant-Pays Savoyard","article_publisher":"https:\/\/www.facebook.com\/philippe.smaps?eid=ARBa3pcAa8gXFS8WNK_PRvsO8QdGpgIOahlkYUZ_fHoQSowEaz5KpN0GqL0PUxNL0ZbTsFwcVmpWqAsm","article_published_time":"2024-04-03T14:27:44+00:00","article_modified_time":"2025-01-31T08:56:06+00:00","og_image":[{"width":1300,"height":550,"url":"https:\/\/www.avant-pays-savoyard.com\/smaps\/wp-content\/uploads\/2024\/04\/MAI_A_VELO_2024_SIGNATURE-MAIL_1300x550.jpg","type":"image\/jpeg"}],"author":"SMAPS","twitter_card":"summary_large_image","twitter_misc":{"\u00c9crit par":"SMAPS","Dur\u00e9e de lecture estim\u00e9e":"3 minutes"},"schema":{"@context":"https:\/\/schema.org","@graph":[{"@type":"Article","@id":"https:\/\/www.avant-pays-savoyard.com\/smaps\/mai-a-velo-un-mois-danimations-pour-adopter-le-velo-pour-la-vie\/#article","isPartOf":{"@id":"https:\/\/www.avant-pays-savoyard.com\/smaps\/mai-a-velo-un-mois-danimations-pour-adopter-le-velo-pour-la-vie\/"},"author":{"name":"SMAPS","@id":"https:\/\/www.avant-pays-savoyard.com\/smaps\/#\/schema\/person\/97c9f75644fa5ca03f84c36512d45878"},"headline":"Mai \u00e0 V\u00e9lo&#8230; Un mois d&rsquo;animations pour adopter le v\u00e9lo, pour la vie !","datePublished":"2024-04-03T14:27:44+00:00","dateModified":"2025-01-31T08:56:06+00:00","mainEntityOfPage":{"@id":"https:\/\/www.avant-pays-savoyard.com\/smaps\/mai-a-velo-un-mois-danimations-pour-adopter-le-velo-pour-la-vie\/"},"wordCount":424,"publisher":{"@id":"https:\/\/www.avant-pays-savoyard.com\/smaps\/#organization"},"image":{"@id":"https:\/\/www.avant-pays-savoyard.com\/smaps\/mai-a-velo-un-mois-danimations-pour-adopter-le-velo-pour-la-vie\/#primaryimage"},"thumbnailUrl":"https:\/\/www.avant-pays-savoyard.com\/smaps\/wp-content\/uploads\/2024\/04\/MAI_A_VELO_2024_SIGNATURE-MAIL_1300x550.jpg","articleSection":["\u00c0 la une","Actualit\u00e9s","AVELO2","Infos g\u00e9n\u00e9rales"],"inLanguage":"fr-FR"},{"@type":"WebPage","@id":"https:\/\/www.avant-pays-savoyard.com\/smaps\/mai-a-velo-un-mois-danimations-pour-adopter-le-velo-pour-la-vie\/","url":"https:\/\/www.avant-pays-savoyard.com\/smaps\/mai-a-velo-un-mois-danimations-pour-adopter-le-velo-pour-la-vie\/","name":"Mai \u00e0 V\u00e9lo... Un mois d'animations pour adopter le v\u00e9lo, pour la vie ! | Mai \u00e0 V\u00e9lo, programme en Avant Pays Savoyard","isPartOf":{"@id":"https:\/\/www.avant-pays-savoyard.com\/smaps\/#website"},"primaryImageOfPage":{"@id":"https:\/\/www.avant-pays-savoyard.com\/smaps\/mai-a-velo-un-mois-danimations-pour-adopter-le-velo-pour-la-vie\/#primaryimage"},"image":{"@id":"https:\/\/www.avant-pays-savoyard.com\/smaps\/mai-a-velo-un-mois-danimations-pour-adopter-le-velo-pour-la-vie\/#primaryimage"},"thumbnailUrl":"https:\/\/www.avant-pays-savoyard.com\/smaps\/wp-content\/uploads\/2024\/04\/MAI_A_VELO_2024_SIGNATURE-MAIL_1300x550.jpg","datePublished":"2024-04-03T14:27:44+00:00","dateModified":"2025-01-31T08:56:06+00:00","description":"Mai \u00e0 V\u00e9lo... Un mois d'animations pour adopter le v\u00e9lo, pour la vie ! | Mai \u00e0 V\u00e9lo territoire Avant Pays Savoyard","breadcrumb":{"@id":"https:\/\/www.avant-pays-savoyard.com\/smaps\/mai-a-velo-un-mois-danimations-pour-adopter-le-velo-pour-la-vie\/#breadcrumb"},"inLanguage":"fr-FR","potentialAction":[{"@type":"ReadAction","target":["https:\/\/www.avant-pays-savoyard.com\/smaps\/mai-a-velo-un-mois-danimations-pour-adopter-le-velo-pour-la-vie\/"]}]},{"@type":"ImageObject","inLanguage":"fr-FR","@id":"https:\/\/www.avant-pays-savoyard.com\/smaps\/mai-a-velo-un-mois-danimations-pour-adopter-le-velo-pour-la-vie\/#primaryimage","url":"https:\/\/www.avant-pays-savoyard.com\/smaps\/wp-content\/uploads\/2024\/04\/MAI_A_VELO_2024_SIGNATURE-MAIL_1300x550.jpg","contentUrl":"https:\/\/www.avant-pays-savoyard.com\/smaps\/wp-content\/uploads\/2024\/04\/MAI_A_VELO_2024_SIGNATURE-MAIL_1300x550.jpg","width":1300,"height":550,"caption":"Bandeau MAI A VELO"},{"@type":"BreadcrumbList","@id":"https:\/\/www.avant-pays-savoyard.com\/smaps\/mai-a-velo-un-mois-danimations-pour-adopter-le-velo-pour-la-vie\/#breadcrumb","itemListElement":[{"@type":"ListItem","position":1,"name":"Accueil","item":"https:\/\/www.avant-pays-savoyard.com\/smaps\/"},{"@type":"ListItem","position":2,"name":"Infos g\u00e9n\u00e9rales","item":"https:\/\/www.avant-pays-savoyard.com\/smaps\/category\/infos-generales\/"},{"@type":"ListItem","position":3,"name":"Mai \u00e0 V\u00e9lo&#8230; Un mois d&rsquo;animations pour adopter le v\u00e9lo, pour la vie !"}]},{"@type":"WebSite","@id":"https:\/\/www.avant-pays-savoyard.com\/smaps\/#website","url":"https:\/\/www.avant-pays-savoyard.com\/smaps\/","name":"Syndicat Mixte Avant-Pays Savoyard","description":"Site du SMAPS","publisher":{"@id":"https:\/\/www.avant-pays-savoyard.com\/smaps\/#organization"},"potentialAction":[{"@type":"SearchAction","target":{"@type":"EntryPoint","urlTemplate":"https:\/\/www.avant-pays-savoyard.com\/smaps\/?s={search_term_string}"},"query-input":{"@type":"PropertyValueSpecification","valueRequired":true,"valueName":"search_term_string"}}],"inLanguage":"fr-FR"},{"@type":"Organization","@id":"https:\/\/www.avant-pays-savoyard.com\/smaps\/#organization","name":"Avant Pays Savoyard","url":"https:\/\/www.avant-pays-savoyard.com\/smaps\/","logo":{"@type":"ImageObject","inLanguage":"fr-FR","@id":"https:\/\/www.avant-pays-savoyard.com\/smaps\/#\/schema\/logo\/image\/","url":"https:\/\/www.avant-pays-savoyard.com\/smaps\/wp-content\/uploads\/2020\/11\/logo-smaps.png","contentUrl":"https:\/\/www.avant-pays-savoyard.com\/smaps\/wp-content\/uploads\/2020\/11\/logo-smaps.png","width":1617,"height":738,"caption":"Avant Pays Savoyard"},"image":{"@id":"https:\/\/www.avant-pays-savoyard.com\/smaps\/#\/schema\/logo\/image\/"},"sameAs":["https:\/\/www.facebook.com\/philippe.smaps?eid=ARBa3pcAa8gXFS8WNK_PRvsO8QdGpgIOahlkYUZ_fHoQSowEaz5KpN0GqL0PUxNL0ZbTsFwcVmpWqAsm"]},{"@type":"Person","@id":"https:\/\/www.avant-pays-savoyard.com\/smaps\/#\/schema\/person\/97c9f75644fa5ca03f84c36512d45878","name":"SMAPS","image":{"@type":"ImageObject","inLanguage":"fr-FR","@id":"https:\/\/secure.gravatar.com\/avatar\/5f82331f1fbc0b612bc82f92d18052f29701b5b494fd518e67c6c8d7d646b105?s=96&d=mm&r=g","url":"https:\/\/secure.gravatar.com\/avatar\/5f82331f1fbc0b612bc82f92d18052f29701b5b494fd518e67c6c8d7d646b105?s=96&d=mm&r=g","contentUrl":"https:\/\/secure.gravatar.com\/avatar\/5f82331f1fbc0b612bc82f92d18052f29701b5b494fd518e67c6c8d7d646b105?s=96&d=mm&r=g","caption":"SMAPS"}}]}},"publishpress_future_action":{"enabled":false,"date":"2026-05-08 01:11:15","action":"change-status","newStatus":"draft","terms":[],"taxonomy":"category","extraData":[]},"publishpress_future_workflow_manual_trigger":{"enabledWorkflows":[]},"_links":{"self":[{"href":"https:\/\/www.avant-pays-savoyard.com\/smaps\/wp-json\/wp\/v2\/posts\/5620","targetHints":{"allow":["GET"]}}],"collection":[{"href":"https:\/\/www.avant-pays-savoyard.com\/smaps\/wp-json\/wp\/v2\/posts"}],"about":[{"href":"https:\/\/www.avant-pays-savoyard.com\/smaps\/wp-json\/wp\/v2\/types\/post"}],"author":[{"embeddable":true,"href":"https:\/\/www.avant-pays-savoyard.com\/smaps\/wp-json\/wp\/v2\/users\/2"}],"replies":[{"embeddable":true,"href":"https:\/\/www.avant-pays-savoyard.com\/smaps\/wp-json\/wp\/v2\/comments?post=5620"}],"version-history":[{"count":5,"href":"https:\/\/www.avant-pays-savoyard.com\/smaps\/wp-json\/wp\/v2\/posts\/5620\/revisions"}],"predecessor-version":[{"id":6316,"href":"https:\/\/www.avant-pays-savoyard.com\/smaps\/wp-json\/wp\/v2\/posts\/5620\/revisions\/6316"}],"wp:featuredmedia":[{"embeddable":true,"href":"https:\/\/www.avant-pays-savoyard.com\/smaps\/wp-json\/wp\/v2\/media\/5621"}],"wp:attachment":[{"href":"https:\/\/www.avant-pays-savoyard.com\/smaps\/wp-json\/wp\/v2\/media?parent=5620"}],"wp:term":[{"taxonomy":"category","embeddable":true,"href":"https:\/\/www.avant-pays-savoyard.com\/smaps\/wp-json\/wp\/v2\/categories?post=5620"},{"taxonomy":"post_tag","embeddable":true,"href":"https:\/\/www.avant-pays-savoyard.com\/smaps\/wp-json\/wp\/v2\/tags?post=5620"}],"curies":[{"name":"wp","href":"https:\/\/api.w.org\/{rel}","templated":true}]}}