{"id":5679,"date":"2024-06-05T15:32:50","date_gmt":"2024-06-05T13:32:50","guid":{"rendered":"https:\/\/www.avant-pays-savoyard.com\/smaps\/?p=5679"},"modified":"2026-04-22T14:29:02","modified_gmt":"2026-04-22T12:29:02","slug":"appel-a-projet-leader-soutenir-les-commerces-et-services-itinerants","status":"publish","type":"post","link":"https:\/\/www.avant-pays-savoyard.com\/smaps\/appel-a-projet-leader-soutenir-les-commerces-et-services-itinerants\/","title":{"rendered":"APPEL A PROJET LEADER &#8211; Soutenir les commerces et services itin\u00e9rants"},"content":{"rendered":"<h5><\/h5>\n<h5><\/h5>\n<h5 style=\"text-align: center;\"><span style=\"color: #008080;\">L\u2019appel \u00e0 projets \u00ab Soutenir les commerces et services itin\u00e9rants \u00bb\u00a0<\/span>est ouvert \u00e0 compter du 6 janvier au 14 d\u00e9cembre 2026.<\/h5>\n<p><strong><u>Calendrier\u00a0:<\/u><\/strong> Les d\u00e9p\u00f4ts et instructions des dossiers se font \u00ab\u00a0au fil de l\u2019eau\u00a0\u00bb\u00a0:<\/p>\n<p style=\"text-align: justify;\">Des sessions de pr\u00e9sentation en comit\u00e9 d\u2019audition seront r\u00e9guli\u00e8rement ouvertes : les porteurs pr\u00e9sentent leurs projets en pr\u00e9sentiel devant ce comit\u00e9 pendant la phase d\u2019instruction. Apr\u00e8s avis du comit\u00e9 d\u2019audition, et lorsque le dossier est complet, le projet sera \u00e9tudi\u00e9 par le comit\u00e9 de programmation, pour s\u00e9lection et programmation.<\/p>\n<h3 class=\"wp-block-heading\" style=\"text-align: justify;\">Contexte<\/h3>\n<p style=\"text-align: justify;\">Cet appel \u00e0 projets est mis en place afin de proposer une r\u00e9ciprocit\u00e9 entre les centres et leur bassin de vie. En effet, bien que le territoire b\u00e9n\u00e9ficie d\u2019un maillage riche de centralit\u00e9s de plus ou moins grande importance, <strong>les hameaux et villages \u00e9loign\u00e9s des bourgs sont \u00e0 la fois cr\u00e9ateurs et demandeurs d\u2019activit\u00e9s, services et animations, <\/strong>qui compl\u00e8tent l\u2019offre des centralit\u00e9s. Il s\u2019agit donc de r\u00e9pondre aux enjeux suivants\u00a0:<\/p>\n<ul style=\"text-align: justify;\">\n<li><strong>Favoriser l\u2019attractivit\u00e9 des zones rurales, en proposant un cadre de vie adapt\u00e9 aux nouvelles attentes\/nouveaux besoins des populations,<\/strong><\/li>\n<li><strong>Accompagner la vitalit\u00e9 du territoire en termes de service et commerce,<\/strong><\/li>\n<li><strong>Exp\u00e9rimenter de nouvelles connexions entre les centres et leurs bassins de vie,<\/strong><\/li>\n<li><strong>Renforcer les liens sociaux, y compris interg\u00e9n\u00e9rationnels.<\/strong><\/li>\n<\/ul>\n<p style=\"text-align: justify;\"><em>De mani\u00e8re g\u00e9n\u00e9rale, pour s\u2019inscrire dans la strat\u00e9gie locale de d\u00e9veloppement du GAL, les actions soutenues devront cibler la sobri\u00e9t\u00e9 \u00e9nerg\u00e9tique, l\u2019\u00e9quit\u00e9 sociale et la qualit\u00e9 de vie.<\/em><\/p>\n<h2 class=\"wp-block-heading\" style=\"text-align: justify;\">Avant tout d\u00e9p\u00f4t de demande d\u2019aide,<\/h2>\n<p style=\"text-align: justify;\">il est n\u00e9cessaire de prendre contact avec l\u2019\u00e9quipe technique du GAL\u00a0:<\/p>\n<p style=\"text-align: justify;\"><a href=\"mailto:contact@leader-lacs-montagnes.com\">contact@leader-lacs-montagnes.com<\/a> ou<\/p>\n<ul>\n<li>Votre projet est localis\u00e9 sur les communaut\u00e9s de communes du C\u0153ur de Chartreuse et Le Gr\u00e9sivaudan : marion.hezard@leader-lacs-montagnes.com tel : 06 70 41 18 49<\/li>\n<li>Votre projet est localis\u00e9 sur les communes de Grenoble Alpes m\u00e9tropole, la CA du Pays Voironnais, et sur les communaut\u00e9s de communes de Bi\u00e8vre Est, Val Guiers, du Lac d\u2019Aiguebelette, de Yenne : benedicte.michard@leader-lacs-montagnes.com tel : 07 48 74 28 66<\/li>\n<li>Votre projet est localis\u00e9 sur Grand Lac, Grand Chamb\u00e9ry, Grand Annecy, et sur les communaut\u00e9s de communes de C\u0153ur de Savoie, des Sources du Lac d\u2019Annecy ou de Rumilly Terre de Savoie : loris.subit@leader-lacs-montagnes.com tel\u00a0: 06 22 48 78 52<\/li>\n<\/ul>\n<h5 class=\"wp-block-heading\">Les documents incontournables pour bien se pr\u00e9parer\u00a0:<\/h5>\n<ul class=\"wp-block-list\">\n<li><a href=\"https:\/\/parcdechartreuse-my.sharepoint.com\/personal\/marion_hezard_parc-chartreuse_net\/_layouts\/15\/onedrive.aspx?id=%2Fpersonal%2Fmarion%5Fhezard%5Fparc%2Dchartreuse%5Fnet%2FDocuments%2FLEADER%20ELEM%202023%2D2027%2FPARTAGE%20GRAND%20PUBLIC%2FAAP%20en%20ligne%2FFA1%2DAAP04%2D3%5Fcommerces%20services%20itin%C3%A9rants%5F2026%2F501%2D%20AURGAL006%2DFA1%2DAAP04%2D3%5Fitin%C3%A9rance%20service%20et%20commerces%5F2026%2Epdf&amp;parent=%2Fpersonal%2Fmarion%5Fhezard%5Fparc%2Dchartreuse%5Fnet%2FDocuments%2FLEADER%20ELEM%202023%2D2027%2FPARTAGE%20GRAND%20PUBLIC%2FAAP%20en%20ligne%2FFA1%2DAAP04%2D3%5Fcommerces%20services%20itin%C3%A9rants%5F2026&amp;ga=1\" target=\"_blank\" rel=\"noopener\">L\u2019appel \u00e0 projets<\/a> complet<\/li>\n<li>La <a href=\"https:\/\/parcdechartreuse-my.sharepoint.com\/personal\/marion_hezard_parc-chartreuse_net\/_layouts\/15\/onedrive.aspx?id=%2Fpersonal%2Fmarion%5Fhezard%5Fparc%2Dchartreuse%5Fnet%2FDocuments%2FLEADER%20ELEM%202023%2D2027%2FPARTAGE%20GRAND%20PUBLIC%2FAAP%20en%20ligne%2FFA1%2DAAP04%2D3%5Fcommerces%20services%20itin%C3%A9rants%5F2026%2FListe%5Fpieces%5FLEADER%5FELEM%5FFA1%2DAAP04%2D3%2Epdf&amp;parent=%2Fpersonal%2Fmarion%5Fhezard%5Fparc%2Dchartreuse%5Fnet%2FDocuments%2FLEADER%20ELEM%202023%2D2027%2FPARTAGE%20GRAND%20PUBLIC%2FAAP%20en%20ligne%2FFA1%2DAAP04%2D3%5Fcommerces%20services%20itin%C3%A9rants%5F2026&amp;ga=1\" target=\"_blank\" rel=\"noopener\">liste des pi\u00e8ces<\/a><\/li>\n<\/ul>\n<p>Pour d\u00e9poser son dossier, lien vers le <a href=\"https:\/\/www.auvergnerhonealpes.fr\/aides\/porter-un-projet-leader-feader\">guide des aides<\/a><\/p>\n<ul>\n<li style=\"list-style-type: none;\"><\/li>\n<\/ul>\n<p style=\"text-align: justify;\"><img loading=\"lazy\" decoding=\"async\" class=\"size-medium wp-image-5533 aligncenter\" src=\"https:\/\/www.avant-pays-savoyard.com\/smaps\/wp-content\/uploads\/2020\/05\/bandeau-simple-UE_AURA-300x65.png\" alt=\"\" width=\"300\" height=\"65\" srcset=\"https:\/\/www.avant-pays-savoyard.com\/smaps\/wp-content\/uploads\/2020\/05\/bandeau-simple-UE_AURA-300x65.png 300w, https:\/\/www.avant-pays-savoyard.com\/smaps\/wp-content\/uploads\/2020\/05\/bandeau-simple-UE_AURA.png 336w\" sizes=\"(max-width: 300px) 100vw, 300px\" \/><\/p>\n","protected":false},"excerpt":{"rendered":"<p>L\u2019appel \u00e0 projets \u00ab Soutenir les commerces et services itin\u00e9rants \u00bb\u00a0est ouvert \u00e0 compter du 6 janvier au 14 d\u00e9cembre 2026. Calendrier\u00a0: Les d\u00e9p\u00f4ts et instructions des dossiers se font \u00ab\u00a0au fil de l\u2019eau\u00a0\u00bb\u00a0: Des sessions de pr\u00e9sentation en comit\u00e9 d\u2019audition seront r\u00e9guli\u00e8rement ouvertes : les porteurs pr\u00e9sentent leurs projets en pr\u00e9sentiel devant ce comit\u00e9 [&hellip;]<\/p>\n","protected":false},"author":2,"featured_media":5680,"comment_status":"closed","ping_status":"closed","sticky":false,"template":"","format":"standard","meta":{"_et_pb_use_builder":"","_et_pb_old_content":"","_et_gb_content_width":"","_monsterinsights_skip_tracking":false,"_monsterinsights_sitenote_active":false,"_monsterinsights_sitenote_note":"","_monsterinsights_sitenote_category":0,"footnotes":""},"categories":[30,29,10],"tags":[],"class_list":["post-5679","post","type-post","status-publish","format-standard","has-post-thumbnail","hentry","category-a-la-une","category-actus","category-leader"],"yoast_head":"<!-- This site is optimized with the Yoast SEO plugin v27.5 - https:\/\/yoast.com\/product\/yoast-seo-wordpress\/ -->\n<title>APPEL A PROJET LEADER - Soutenir les commerces et services itin\u00e9rants | Avant Pays Savoyard<\/title>\n<meta name=\"description\" content=\"APPEL A PROJET LEADER - Soutenir les commerces et services itin\u00e9rants | Avant Pays Savoyard\" \/>\n<meta name=\"robots\" content=\"index, follow, max-snippet:-1, max-image-preview:large, max-video-preview:-1\" \/>\n<link rel=\"canonical\" href=\"https:\/\/www.avant-pays-savoyard.com\/smaps\/appel-a-projet-leader-soutenir-les-commerces-et-services-itinerants\/\" \/>\n<meta property=\"og:locale\" content=\"fr_FR\" \/>\n<meta property=\"og:type\" content=\"article\" \/>\n<meta property=\"og:title\" content=\"APPEL A PROJET LEADER - Soutenir les commerces et services itin\u00e9rants | Avant Pays Savoyard\" \/>\n<meta property=\"og:description\" content=\"APPEL A PROJET LEADER - Soutenir les commerces et services itin\u00e9rants | Avant Pays Savoyard\" \/>\n<meta property=\"og:url\" content=\"https:\/\/www.avant-pays-savoyard.com\/smaps\/appel-a-projet-leader-soutenir-les-commerces-et-services-itinerants\/\" \/>\n<meta property=\"og:site_name\" content=\"Syndicat Mixte Avant-Pays Savoyard\" \/>\n<meta property=\"article:publisher\" content=\"https:\/\/www.facebook.com\/philippe.smaps?eid=ARBa3pcAa8gXFS8WNK_PRvsO8QdGpgIOahlkYUZ_fHoQSowEaz5KpN0GqL0PUxNL0ZbTsFwcVmpWqAsm\" \/>\n<meta property=\"article:published_time\" content=\"2024-06-05T13:32:50+00:00\" \/>\n<meta property=\"article:modified_time\" content=\"2026-04-22T12:29:02+00:00\" \/>\n<meta property=\"og:image\" content=\"https:\/\/www.avant-pays-savoyard.com\/smaps\/wp-content\/uploads\/2024\/06\/FA1-AAP04-itinerances.png\" \/>\n\t<meta property=\"og:image:width\" content=\"800\" \/>\n\t<meta property=\"og:image:height\" content=\"800\" \/>\n\t<meta property=\"og:image:type\" content=\"image\/png\" \/>\n<meta name=\"author\" content=\"SMAPS\" \/>\n<meta name=\"twitter:card\" content=\"summary_large_image\" \/>\n<meta name=\"twitter:label1\" content=\"\u00c9crit par\" \/>\n\t<meta name=\"twitter:data1\" content=\"SMAPS\" \/>\n\t<meta name=\"twitter:label2\" content=\"Dur\u00e9e de lecture estim\u00e9e\" \/>\n\t<meta name=\"twitter:data2\" content=\"3 minutes\" \/>\n<script type=\"application\/ld+json\" class=\"yoast-schema-graph\">{\"@context\":\"https:\\\/\\\/schema.org\",\"@graph\":[{\"@type\":\"Article\",\"@id\":\"https:\\\/\\\/www.avant-pays-savoyard.com\\\/smaps\\\/appel-a-projet-leader-soutenir-les-commerces-et-services-itinerants\\\/#article\",\"isPartOf\":{\"@id\":\"https:\\\/\\\/www.avant-pays-savoyard.com\\\/smaps\\\/appel-a-projet-leader-soutenir-les-commerces-et-services-itinerants\\\/\"},\"author\":{\"name\":\"SMAPS\",\"@id\":\"https:\\\/\\\/www.avant-pays-savoyard.com\\\/smaps\\\/#\\\/schema\\\/person\\\/97c9f75644fa5ca03f84c36512d45878\"},\"headline\":\"APPEL A PROJET LEADER &#8211; Soutenir les commerces et services itin\u00e9rants\",\"datePublished\":\"2024-06-05T13:32:50+00:00\",\"dateModified\":\"2026-04-22T12:29:02+00:00\",\"mainEntityOfPage\":{\"@id\":\"https:\\\/\\\/www.avant-pays-savoyard.com\\\/smaps\\\/appel-a-projet-leader-soutenir-les-commerces-et-services-itinerants\\\/\"},\"wordCount\":437,\"publisher\":{\"@id\":\"https:\\\/\\\/www.avant-pays-savoyard.com\\\/smaps\\\/#organization\"},\"image\":{\"@id\":\"https:\\\/\\\/www.avant-pays-savoyard.com\\\/smaps\\\/appel-a-projet-leader-soutenir-les-commerces-et-services-itinerants\\\/#primaryimage\"},\"thumbnailUrl\":\"https:\\\/\\\/www.avant-pays-savoyard.com\\\/smaps\\\/wp-content\\\/uploads\\\/2024\\\/06\\\/FA1-AAP04-itinerances.png\",\"articleSection\":[\"\u00c0 la une\",\"Actualit\u00e9s\",\"LEADER\"],\"inLanguage\":\"fr-FR\"},{\"@type\":\"WebPage\",\"@id\":\"https:\\\/\\\/www.avant-pays-savoyard.com\\\/smaps\\\/appel-a-projet-leader-soutenir-les-commerces-et-services-itinerants\\\/\",\"url\":\"https:\\\/\\\/www.avant-pays-savoyard.com\\\/smaps\\\/appel-a-projet-leader-soutenir-les-commerces-et-services-itinerants\\\/\",\"name\":\"APPEL A PROJET LEADER - Soutenir les commerces et services itin\u00e9rants | Avant Pays Savoyard\",\"isPartOf\":{\"@id\":\"https:\\\/\\\/www.avant-pays-savoyard.com\\\/smaps\\\/#website\"},\"primaryImageOfPage\":{\"@id\":\"https:\\\/\\\/www.avant-pays-savoyard.com\\\/smaps\\\/appel-a-projet-leader-soutenir-les-commerces-et-services-itinerants\\\/#primaryimage\"},\"image\":{\"@id\":\"https:\\\/\\\/www.avant-pays-savoyard.com\\\/smaps\\\/appel-a-projet-leader-soutenir-les-commerces-et-services-itinerants\\\/#primaryimage\"},\"thumbnailUrl\":\"https:\\\/\\\/www.avant-pays-savoyard.com\\\/smaps\\\/wp-content\\\/uploads\\\/2024\\\/06\\\/FA1-AAP04-itinerances.png\",\"datePublished\":\"2024-06-05T13:32:50+00:00\",\"dateModified\":\"2026-04-22T12:29:02+00:00\",\"description\":\"APPEL A PROJET LEADER - Soutenir les commerces et services itin\u00e9rants | Avant Pays Savoyard\",\"breadcrumb\":{\"@id\":\"https:\\\/\\\/www.avant-pays-savoyard.com\\\/smaps\\\/appel-a-projet-leader-soutenir-les-commerces-et-services-itinerants\\\/#breadcrumb\"},\"inLanguage\":\"fr-FR\",\"potentialAction\":[{\"@type\":\"ReadAction\",\"target\":[\"https:\\\/\\\/www.avant-pays-savoyard.com\\\/smaps\\\/appel-a-projet-leader-soutenir-les-commerces-et-services-itinerants\\\/\"]}]},{\"@type\":\"ImageObject\",\"inLanguage\":\"fr-FR\",\"@id\":\"https:\\\/\\\/www.avant-pays-savoyard.com\\\/smaps\\\/appel-a-projet-leader-soutenir-les-commerces-et-services-itinerants\\\/#primaryimage\",\"url\":\"https:\\\/\\\/www.avant-pays-savoyard.com\\\/smaps\\\/wp-content\\\/uploads\\\/2024\\\/06\\\/FA1-AAP04-itinerances.png\",\"contentUrl\":\"https:\\\/\\\/www.avant-pays-savoyard.com\\\/smaps\\\/wp-content\\\/uploads\\\/2024\\\/06\\\/FA1-AAP04-itinerances.png\",\"width\":800,\"height\":800},{\"@type\":\"BreadcrumbList\",\"@id\":\"https:\\\/\\\/www.avant-pays-savoyard.com\\\/smaps\\\/appel-a-projet-leader-soutenir-les-commerces-et-services-itinerants\\\/#breadcrumb\",\"itemListElement\":[{\"@type\":\"ListItem\",\"position\":1,\"name\":\"Accueil\",\"item\":\"https:\\\/\\\/www.avant-pays-savoyard.com\\\/smaps\\\/\"},{\"@type\":\"ListItem\",\"position\":2,\"name\":\"LEADER\",\"item\":\"https:\\\/\\\/www.avant-pays-savoyard.com\\\/smaps\\\/category\\\/leader\\\/\"},{\"@type\":\"ListItem\",\"position\":3,\"name\":\"APPEL A PROJET LEADER &#8211; Soutenir les commerces et services itin\u00e9rants\"}]},{\"@type\":\"WebSite\",\"@id\":\"https:\\\/\\\/www.avant-pays-savoyard.com\\\/smaps\\\/#website\",\"url\":\"https:\\\/\\\/www.avant-pays-savoyard.com\\\/smaps\\\/\",\"name\":\"Syndicat Mixte Avant-Pays Savoyard\",\"description\":\"Site du SMAPS\",\"publisher\":{\"@id\":\"https:\\\/\\\/www.avant-pays-savoyard.com\\\/smaps\\\/#organization\"},\"potentialAction\":[{\"@type\":\"SearchAction\",\"target\":{\"@type\":\"EntryPoint\",\"urlTemplate\":\"https:\\\/\\\/www.avant-pays-savoyard.com\\\/smaps\\\/?s={search_term_string}\"},\"query-input\":{\"@type\":\"PropertyValueSpecification\",\"valueRequired\":true,\"valueName\":\"search_term_string\"}}],\"inLanguage\":\"fr-FR\"},{\"@type\":\"Organization\",\"@id\":\"https:\\\/\\\/www.avant-pays-savoyard.com\\\/smaps\\\/#organization\",\"name\":\"Avant Pays Savoyard\",\"url\":\"https:\\\/\\\/www.avant-pays-savoyard.com\\\/smaps\\\/\",\"logo\":{\"@type\":\"ImageObject\",\"inLanguage\":\"fr-FR\",\"@id\":\"https:\\\/\\\/www.avant-pays-savoyard.com\\\/smaps\\\/#\\\/schema\\\/logo\\\/image\\\/\",\"url\":\"https:\\\/\\\/www.avant-pays-savoyard.com\\\/smaps\\\/wp-content\\\/uploads\\\/2020\\\/11\\\/logo-smaps.png\",\"contentUrl\":\"https:\\\/\\\/www.avant-pays-savoyard.com\\\/smaps\\\/wp-content\\\/uploads\\\/2020\\\/11\\\/logo-smaps.png\",\"width\":1617,\"height\":738,\"caption\":\"Avant Pays Savoyard\"},\"image\":{\"@id\":\"https:\\\/\\\/www.avant-pays-savoyard.com\\\/smaps\\\/#\\\/schema\\\/logo\\\/image\\\/\"},\"sameAs\":[\"https:\\\/\\\/www.facebook.com\\\/philippe.smaps?eid=ARBa3pcAa8gXFS8WNK_PRvsO8QdGpgIOahlkYUZ_fHoQSowEaz5KpN0GqL0PUxNL0ZbTsFwcVmpWqAsm\"]},{\"@type\":\"Person\",\"@id\":\"https:\\\/\\\/www.avant-pays-savoyard.com\\\/smaps\\\/#\\\/schema\\\/person\\\/97c9f75644fa5ca03f84c36512d45878\",\"name\":\"SMAPS\",\"image\":{\"@type\":\"ImageObject\",\"inLanguage\":\"fr-FR\",\"@id\":\"https:\\\/\\\/secure.gravatar.com\\\/avatar\\\/5f82331f1fbc0b612bc82f92d18052f29701b5b494fd518e67c6c8d7d646b105?s=96&d=mm&r=g\",\"url\":\"https:\\\/\\\/secure.gravatar.com\\\/avatar\\\/5f82331f1fbc0b612bc82f92d18052f29701b5b494fd518e67c6c8d7d646b105?s=96&d=mm&r=g\",\"contentUrl\":\"https:\\\/\\\/secure.gravatar.com\\\/avatar\\\/5f82331f1fbc0b612bc82f92d18052f29701b5b494fd518e67c6c8d7d646b105?s=96&d=mm&r=g\",\"caption\":\"SMAPS\"}}]}<\/script>\n<!-- \/ Yoast SEO plugin. -->","yoast_head_json":{"title":"APPEL A PROJET LEADER - Soutenir les commerces et services itin\u00e9rants | Avant Pays Savoyard","description":"APPEL A PROJET LEADER - Soutenir les commerces et services itin\u00e9rants | Avant Pays Savoyard","robots":{"index":"index","follow":"follow","max-snippet":"max-snippet:-1","max-image-preview":"max-image-preview:large","max-video-preview":"max-video-preview:-1"},"canonical":"https:\/\/www.avant-pays-savoyard.com\/smaps\/appel-a-projet-leader-soutenir-les-commerces-et-services-itinerants\/","og_locale":"fr_FR","og_type":"article","og_title":"APPEL A PROJET LEADER - Soutenir les commerces et services itin\u00e9rants | Avant Pays Savoyard","og_description":"APPEL A PROJET LEADER - Soutenir les commerces et services itin\u00e9rants | Avant Pays Savoyard","og_url":"https:\/\/www.avant-pays-savoyard.com\/smaps\/appel-a-projet-leader-soutenir-les-commerces-et-services-itinerants\/","og_site_name":"Syndicat Mixte Avant-Pays Savoyard","article_publisher":"https:\/\/www.facebook.com\/philippe.smaps?eid=ARBa3pcAa8gXFS8WNK_PRvsO8QdGpgIOahlkYUZ_fHoQSowEaz5KpN0GqL0PUxNL0ZbTsFwcVmpWqAsm","article_published_time":"2024-06-05T13:32:50+00:00","article_modified_time":"2026-04-22T12:29:02+00:00","og_image":[{"width":800,"height":800,"url":"https:\/\/www.avant-pays-savoyard.com\/smaps\/wp-content\/uploads\/2024\/06\/FA1-AAP04-itinerances.png","type":"image\/png"}],"author":"SMAPS","twitter_card":"summary_large_image","twitter_misc":{"\u00c9crit par":"SMAPS","Dur\u00e9e de lecture estim\u00e9e":"3 minutes"},"schema":{"@context":"https:\/\/schema.org","@graph":[{"@type":"Article","@id":"https:\/\/www.avant-pays-savoyard.com\/smaps\/appel-a-projet-leader-soutenir-les-commerces-et-services-itinerants\/#article","isPartOf":{"@id":"https:\/\/www.avant-pays-savoyard.com\/smaps\/appel-a-projet-leader-soutenir-les-commerces-et-services-itinerants\/"},"author":{"name":"SMAPS","@id":"https:\/\/www.avant-pays-savoyard.com\/smaps\/#\/schema\/person\/97c9f75644fa5ca03f84c36512d45878"},"headline":"APPEL A PROJET LEADER &#8211; Soutenir les commerces et services itin\u00e9rants","datePublished":"2024-06-05T13:32:50+00:00","dateModified":"2026-04-22T12:29:02+00:00","mainEntityOfPage":{"@id":"https:\/\/www.avant-pays-savoyard.com\/smaps\/appel-a-projet-leader-soutenir-les-commerces-et-services-itinerants\/"},"wordCount":437,"publisher":{"@id":"https:\/\/www.avant-pays-savoyard.com\/smaps\/#organization"},"image":{"@id":"https:\/\/www.avant-pays-savoyard.com\/smaps\/appel-a-projet-leader-soutenir-les-commerces-et-services-itinerants\/#primaryimage"},"thumbnailUrl":"https:\/\/www.avant-pays-savoyard.com\/smaps\/wp-content\/uploads\/2024\/06\/FA1-AAP04-itinerances.png","articleSection":["\u00c0 la une","Actualit\u00e9s","LEADER"],"inLanguage":"fr-FR"},{"@type":"WebPage","@id":"https:\/\/www.avant-pays-savoyard.com\/smaps\/appel-a-projet-leader-soutenir-les-commerces-et-services-itinerants\/","url":"https:\/\/www.avant-pays-savoyard.com\/smaps\/appel-a-projet-leader-soutenir-les-commerces-et-services-itinerants\/","name":"APPEL A PROJET LEADER - Soutenir les commerces et services itin\u00e9rants | Avant Pays Savoyard","isPartOf":{"@id":"https:\/\/www.avant-pays-savoyard.com\/smaps\/#website"},"primaryImageOfPage":{"@id":"https:\/\/www.avant-pays-savoyard.com\/smaps\/appel-a-projet-leader-soutenir-les-commerces-et-services-itinerants\/#primaryimage"},"image":{"@id":"https:\/\/www.avant-pays-savoyard.com\/smaps\/appel-a-projet-leader-soutenir-les-commerces-et-services-itinerants\/#primaryimage"},"thumbnailUrl":"https:\/\/www.avant-pays-savoyard.com\/smaps\/wp-content\/uploads\/2024\/06\/FA1-AAP04-itinerances.png","datePublished":"2024-06-05T13:32:50+00:00","dateModified":"2026-04-22T12:29:02+00:00","description":"APPEL A PROJET LEADER - Soutenir les commerces et services itin\u00e9rants | Avant Pays Savoyard","breadcrumb":{"@id":"https:\/\/www.avant-pays-savoyard.com\/smaps\/appel-a-projet-leader-soutenir-les-commerces-et-services-itinerants\/#breadcrumb"},"inLanguage":"fr-FR","potentialAction":[{"@type":"ReadAction","target":["https:\/\/www.avant-pays-savoyard.com\/smaps\/appel-a-projet-leader-soutenir-les-commerces-et-services-itinerants\/"]}]},{"@type":"ImageObject","inLanguage":"fr-FR","@id":"https:\/\/www.avant-pays-savoyard.com\/smaps\/appel-a-projet-leader-soutenir-les-commerces-et-services-itinerants\/#primaryimage","url":"https:\/\/www.avant-pays-savoyard.com\/smaps\/wp-content\/uploads\/2024\/06\/FA1-AAP04-itinerances.png","contentUrl":"https:\/\/www.avant-pays-savoyard.com\/smaps\/wp-content\/uploads\/2024\/06\/FA1-AAP04-itinerances.png","width":800,"height":800},{"@type":"BreadcrumbList","@id":"https:\/\/www.avant-pays-savoyard.com\/smaps\/appel-a-projet-leader-soutenir-les-commerces-et-services-itinerants\/#breadcrumb","itemListElement":[{"@type":"ListItem","position":1,"name":"Accueil","item":"https:\/\/www.avant-pays-savoyard.com\/smaps\/"},{"@type":"ListItem","position":2,"name":"LEADER","item":"https:\/\/www.avant-pays-savoyard.com\/smaps\/category\/leader\/"},{"@type":"ListItem","position":3,"name":"APPEL A PROJET LEADER &#8211; Soutenir les commerces et services itin\u00e9rants"}]},{"@type":"WebSite","@id":"https:\/\/www.avant-pays-savoyard.com\/smaps\/#website","url":"https:\/\/www.avant-pays-savoyard.com\/smaps\/","name":"Syndicat Mixte Avant-Pays Savoyard","description":"Site du SMAPS","publisher":{"@id":"https:\/\/www.avant-pays-savoyard.com\/smaps\/#organization"},"potentialAction":[{"@type":"SearchAction","target":{"@type":"EntryPoint","urlTemplate":"https:\/\/www.avant-pays-savoyard.com\/smaps\/?s={search_term_string}"},"query-input":{"@type":"PropertyValueSpecification","valueRequired":true,"valueName":"search_term_string"}}],"inLanguage":"fr-FR"},{"@type":"Organization","@id":"https:\/\/www.avant-pays-savoyard.com\/smaps\/#organization","name":"Avant Pays Savoyard","url":"https:\/\/www.avant-pays-savoyard.com\/smaps\/","logo":{"@type":"ImageObject","inLanguage":"fr-FR","@id":"https:\/\/www.avant-pays-savoyard.com\/smaps\/#\/schema\/logo\/image\/","url":"https:\/\/www.avant-pays-savoyard.com\/smaps\/wp-content\/uploads\/2020\/11\/logo-smaps.png","contentUrl":"https:\/\/www.avant-pays-savoyard.com\/smaps\/wp-content\/uploads\/2020\/11\/logo-smaps.png","width":1617,"height":738,"caption":"Avant Pays Savoyard"},"image":{"@id":"https:\/\/www.avant-pays-savoyard.com\/smaps\/#\/schema\/logo\/image\/"},"sameAs":["https:\/\/www.facebook.com\/philippe.smaps?eid=ARBa3pcAa8gXFS8WNK_PRvsO8QdGpgIOahlkYUZ_fHoQSowEaz5KpN0GqL0PUxNL0ZbTsFwcVmpWqAsm"]},{"@type":"Person","@id":"https:\/\/www.avant-pays-savoyard.com\/smaps\/#\/schema\/person\/97c9f75644fa5ca03f84c36512d45878","name":"SMAPS","image":{"@type":"ImageObject","inLanguage":"fr-FR","@id":"https:\/\/secure.gravatar.com\/avatar\/5f82331f1fbc0b612bc82f92d18052f29701b5b494fd518e67c6c8d7d646b105?s=96&d=mm&r=g","url":"https:\/\/secure.gravatar.com\/avatar\/5f82331f1fbc0b612bc82f92d18052f29701b5b494fd518e67c6c8d7d646b105?s=96&d=mm&r=g","contentUrl":"https:\/\/secure.gravatar.com\/avatar\/5f82331f1fbc0b612bc82f92d18052f29701b5b494fd518e67c6c8d7d646b105?s=96&d=mm&r=g","caption":"SMAPS"}}]}},"publishpress_future_action":{"enabled":false,"date":"2026-05-08 05:22:55","action":"change-status","newStatus":"draft","terms":[],"taxonomy":"category","extraData":[]},"publishpress_future_workflow_manual_trigger":{"enabledWorkflows":[]},"_links":{"self":[{"href":"https:\/\/www.avant-pays-savoyard.com\/smaps\/wp-json\/wp\/v2\/posts\/5679","targetHints":{"allow":["GET"]}}],"collection":[{"href":"https:\/\/www.avant-pays-savoyard.com\/smaps\/wp-json\/wp\/v2\/posts"}],"about":[{"href":"https:\/\/www.avant-pays-savoyard.com\/smaps\/wp-json\/wp\/v2\/types\/post"}],"author":[{"embeddable":true,"href":"https:\/\/www.avant-pays-savoyard.com\/smaps\/wp-json\/wp\/v2\/users\/2"}],"replies":[{"embeddable":true,"href":"https:\/\/www.avant-pays-savoyard.com\/smaps\/wp-json\/wp\/v2\/comments?post=5679"}],"version-history":[{"count":8,"href":"https:\/\/www.avant-pays-savoyard.com\/smaps\/wp-json\/wp\/v2\/posts\/5679\/revisions"}],"predecessor-version":[{"id":7200,"href":"https:\/\/www.avant-pays-savoyard.com\/smaps\/wp-json\/wp\/v2\/posts\/5679\/revisions\/7200"}],"wp:featuredmedia":[{"embeddable":true,"href":"https:\/\/www.avant-pays-savoyard.com\/smaps\/wp-json\/wp\/v2\/media\/5680"}],"wp:attachment":[{"href":"https:\/\/www.avant-pays-savoyard.com\/smaps\/wp-json\/wp\/v2\/media?parent=5679"}],"wp:term":[{"taxonomy":"category","embeddable":true,"href":"https:\/\/www.avant-pays-savoyard.com\/smaps\/wp-json\/wp\/v2\/categories?post=5679"},{"taxonomy":"post_tag","embeddable":true,"href":"https:\/\/www.avant-pays-savoyard.com\/smaps\/wp-json\/wp\/v2\/tags?post=5679"}],"curies":[{"name":"wp","href":"https:\/\/api.w.org\/{rel}","templated":true}]}}