{"id":5683,"date":"2024-06-05T15:38:45","date_gmt":"2024-06-05T13:38:45","guid":{"rendered":"https:\/\/www.avant-pays-savoyard.com\/smaps\/?p=5683"},"modified":"2026-04-22T15:03:13","modified_gmt":"2026-04-22T13:03:13","slug":"appel-a-projet-leader-soutenir-les-projets-de-cooperation-transnationale-et-internationale","status":"publish","type":"post","link":"https:\/\/www.avant-pays-savoyard.com\/smaps\/appel-a-projet-leader-soutenir-les-projets-de-cooperation-transnationale-et-internationale\/","title":{"rendered":"APPEL A PROJET LEADER &#8211; Soutenir les projets de coop\u00e9ration transnationale et internationale"},"content":{"rendered":"<h5><\/h5>\n<p>&nbsp;<\/p>\n<h5 style=\"text-align: justify;\">L\u2019appel \u00e0 projets \u00ab Soutenir les projets de coop\u00e9ration transnationale et internationale \u00bb est ouvert \u00e0 compter du du 6 janvier au 14 d\u00e9cembre 2026.<\/h5>\n<p style=\"text-align: justify;\"><strong><u>Calendrier\u00a0:<\/u><\/strong> Les d\u00e9p\u00f4ts et instructions des dossiers se font \u00ab\u00a0au fil de l\u2019eau\u00a0\u00bb\u00a0:<\/p>\n<p style=\"text-align: justify;\">Des sessions de pr\u00e9sentation en comit\u00e9 de programmation seront r\u00e9guli\u00e8rement ouvertes : les porteurs pr\u00e9sentent leurs projets en pr\u00e9sentiel devant ce comit\u00e9 pour avis pendant la phase d\u2019instruction, puis pour s\u00e9lection et programmation (d\u00e9cision d\u2019attribution de la subvention) une fois le dossier complet.<\/p>\n<h3 class=\"wp-block-heading\" style=\"text-align: justify;\">Contexte<\/h3>\n<p style=\"text-align: justify;\">Le territoire g\u00e9ographique <em>Entre Lacs et Montagnes <\/em>a une certaine proximit\u00e9 avec l\u2019Italie et la Suisse.<\/p>\n<p style=\"text-align: justify;\">De nombreuses collaborations sont d\u00e9j\u00e0 existantes notamment gr\u00e2ce aux diff\u00e9rentes g\u00e9n\u00e9rations de programmes LEADER et INTERREG. La coop\u00e9ration est une des grandes plus-values de LEADER. Elle concr\u00e9tise les fondamentaux de participation, d\u2019\u00e9changes public-priv\u00e9, de co-construction et d\u2019innovation. Au travers de la coop\u00e9ration, c\u2019est tout un territoire qui change de regard et construit collectivement une vision partag\u00e9e.<\/p>\n<p style=\"text-align: justify;\">Cet appel \u00e0 projets a pour objectif principal de contribuer \u00e0 la mise en \u0153uvre de la strat\u00e9gie LEADER par l\u2019\u00e9change avec des acteurs situ\u00e9s sur le p\u00e9rim\u00e8tre d\u2019autres GAL fran\u00e7ais ou europ\u00e9ens (ou territoires assimil\u00e9s) et par la mobilisation suppl\u00e9mentaire des acteurs engendr\u00e9e lors des \u00e9changes de coop\u00e9ration.<\/p>\n<p style=\"text-align: justify;\">De ce fait, toutes les th\u00e9matiques li\u00e9es aux objectifs et enjeux des fiches actions 1, 2 et 3 peuvent \u00eatre trait\u00e9s dans cet appel \u00e0 projets\u00a0:<\/p>\n<ul style=\"text-align: justify;\">\n<li><em>Accompagner la vitalit\u00e9 du territoire en terme de services, commerces et animation (y compris via la production et diffusion culturelle et artistique)\u00a0;<\/em><\/li>\n<li><em>R\u00e9nover, combattre la vacance et l\u2019\u00e9talement urbain,\u00a0 r\u00e9duire la consommation d\u2019\u00e9nergie\u00a0;<\/em><\/li>\n<li><em>Exp\u00e9rimenter de nouvelles connexions entre les centres et leurs bassins de vie (mobilit\u00e9 apais\u00e9e, r\u00e9ciprocit\u00e9 de services)\u00a0;<\/em><\/li>\n<li><em>Am\u00e9liorer le partage de l\u2019espace et des ressources\u00a0: concilier les usages, r\u00e9partir les flux, pr\u00e9server les patrimoines\u00a0;<\/em><\/li>\n<li><em>Structurer et qualifier les services, h\u00e9bergements et \u00e9quipements li\u00e9es aux itin\u00e9rances douces du territoire\u00a0;<\/em><\/li>\n<li><em>Faciliter la d\u00e9couverte du territoire pour tous les publics, en am\u00e9liorant l\u2019accueil et en professionnalisant les acteurs\u00a0;<\/em><\/li>\n<li><em>Mettre en lien formateurs, employeurs et chercheurs d\u2019emplois, notamment les jeunes, pour pourvoir aux emplois locaux et favoriser leur mise en r\u00e9seau\u00a0;<\/em><\/li>\n<li><em>Favoriser l\u2019acc\u00e8s au logement et aux services pour pourvoir les emplois ;<\/em><\/li>\n<li><em>Soutenir les activit\u00e9s \u00e9conomiques valorisant les ressources locales, vertueuses socialement et \u00e9cologiquement en favorisant la bonne connaissance et gestion des ressources locales\u00a0;<\/em><\/li>\n<li><em>D\u2019une mani\u00e8re g\u00e9n\u00e9rale, favoriser la transition \u00e9nerg\u00e9tique et \u00e9cologique ainsi que l\u2019innovation et l\u2019exp\u00e9rimentation.<\/em><\/li>\n<\/ul>\n<h3 class=\"wp-block-heading\" style=\"text-align: justify;\"><strong>Les actions soutenues doivent permettre de r\u00e9pondre \u00e0 un ou plusieurs objectifs suivants\u00a0:<\/strong><\/h3>\n<ul style=\"text-align: justify;\">\n<li>Enrichir la strat\u00e9gie de d\u00e9veloppement locale par le partage de visions ext\u00e9rieures d\u2019autres territoires fran\u00e7ais ou europ\u00e9ens\u00a0;<\/li>\n<li>Mobiliser les acteurs locaux pour d\u00e9couvrir d\u2019autres acteurs, d\u2019autres cultures, d\u2019autres m\u00e9thodes et d\u2019autres projets\u00a0;<\/li>\n<li>Faire \u00e9merger de nouvelles id\u00e9es et des m\u00e9thodologies diff\u00e9rentes\u00a0;<\/li>\n<li>Monter des projets en commun pour ancrer des projets de d\u00e9veloppement local et \u00e9laborer des actions en synergie\u00a0;<\/li>\n<li>Renforcer la coh\u00e9sion du territoire et l\u2019ouverture \u00e0 l\u2019ext\u00e9rieur.<\/li>\n<\/ul>\n<h2 class=\"wp-block-heading\">Avant tout d\u00e9p\u00f4t de demande d\u2019aide,<\/h2>\n<p>un rendez-vous avec l\u2019\u00e9quipe technique du GAL est indispensable. Pour d\u00e9poser dans les temps, un premier contact doit \u00eatre pris avant fin novembre 2026. Contact\u00a0: <a href=\"mailto:marion.hezard@leader-lacs-montagnes.com\">marion.hezard@leader-lacs-montagnes.com<\/a> tel: 06 70 41 18 49<\/p>\n<h5 class=\"wp-block-heading\">Les documents incontournables pour bien se pr\u00e9parer\u00a0:<\/h5>\n<ul class=\"wp-block-list\">\n<li><a href=\"https:\/\/parcdechartreuse-my.sharepoint.com\/personal\/marion_hezard_parc-chartreuse_net\/_layouts\/15\/onedrive.aspx?id=%2Fpersonal%2Fmarion%5Fhezard%5Fparc%2Dchartreuse%5Fnet%2FDocuments%2FLEADER%20ELEM%202023%2D2027%2FPARTAGE%20GRAND%20PUBLIC%2FAAP%20en%20ligne%2FFA4%2DAAP01%2D3%5Fcoop%C3%A9ration%5F2026%2F501%2D%20AURGAL006%2DFA4%2DAAP01%2D3%5Fcoop%C3%A9%5F2026%2Epdf&amp;parent=%2Fpersonal%2Fmarion%5Fhezard%5Fparc%2Dchartreuse%5Fnet%2FDocuments%2FLEADER%20ELEM%202023%2D2027%2FPARTAGE%20GRAND%20PUBLIC%2FAAP%20en%20ligne%2FFA4%2DAAP01%2D3%5Fcoop%C3%A9ration%5F2026&amp;ga=1\" target=\"_blank\" rel=\"noopener\">L\u2019appel \u00e0 projets complet<\/a><\/li>\n<li><a href=\"https:\/\/parcdechartreuse-my.sharepoint.com\/personal\/marion_hezard_parc-chartreuse_net\/_layouts\/15\/onedrive.aspx?id=%2Fpersonal%2Fmarion%5Fhezard%5Fparc%2Dchartreuse%5Fnet%2FDocuments%2FLEADER%20ELEM%202023%2D2027%2FPARTAGE%20GRAND%20PUBLIC%2FAAP%20en%20ligne%2FFA4%2DAAP01%2D3%5Fcoop%C3%A9ration%5F2026%2FListe%5Fpieces%5FLEADER%5FELEM%5FFA4%2DAAP01%2D3%2Epdf&amp;parent=%2Fpersonal%2Fmarion%5Fhezard%5Fparc%2Dchartreuse%5Fnet%2FDocuments%2FLEADER%20ELEM%202023%2D2027%2FPARTAGE%20GRAND%20PUBLIC%2FAAP%20en%20ligne%2FFA4%2DAAP01%2D3%5Fcoop%C3%A9ration%5F2026&amp;ga=1\" target=\"_blank\" rel=\"noopener\">La liste des pi\u00e8ces<\/a><\/li>\n<\/ul>\n<p>Pour d\u00e9poser son dossier, lien vers le <a class=\"ek-link\" href=\"https:\/\/www.auvergnerhonealpes.fr\/aides\/porter-un-projet-leader-feader\">guide des aides<\/a><\/p>\n<p>&nbsp;<\/p>\n<p style=\"text-align: justify;\"><img loading=\"lazy\" decoding=\"async\" class=\"size-medium wp-image-5533 aligncenter\" src=\"https:\/\/www.avant-pays-savoyard.com\/smaps\/wp-content\/uploads\/2020\/05\/bandeau-simple-UE_AURA-300x65.png\" alt=\"\" width=\"300\" height=\"65\" srcset=\"https:\/\/www.avant-pays-savoyard.com\/smaps\/wp-content\/uploads\/2020\/05\/bandeau-simple-UE_AURA-300x65.png 300w, https:\/\/www.avant-pays-savoyard.com\/smaps\/wp-content\/uploads\/2020\/05\/bandeau-simple-UE_AURA.png 336w\" sizes=\"(max-width: 300px) 100vw, 300px\" \/><\/p>\n","protected":false},"excerpt":{"rendered":"<p>&nbsp; L\u2019appel \u00e0 projets \u00ab Soutenir les projets de coop\u00e9ration transnationale et internationale \u00bb est ouvert \u00e0 compter du du 6 janvier au 14 d\u00e9cembre 2026. Calendrier\u00a0: Les d\u00e9p\u00f4ts et instructions des dossiers se font \u00ab\u00a0au fil de l\u2019eau\u00a0\u00bb\u00a0: Des sessions de pr\u00e9sentation en comit\u00e9 de programmation seront r\u00e9guli\u00e8rement ouvertes : les porteurs pr\u00e9sentent leurs [&hellip;]<\/p>\n","protected":false},"author":2,"featured_media":5684,"comment_status":"closed","ping_status":"closed","sticky":false,"template":"","format":"standard","meta":{"_et_pb_use_builder":"","_et_pb_old_content":"","_et_gb_content_width":"","_monsterinsights_skip_tracking":false,"_monsterinsights_sitenote_active":false,"_monsterinsights_sitenote_note":"","_monsterinsights_sitenote_category":0,"footnotes":""},"categories":[30,29,10],"tags":[],"class_list":["post-5683","post","type-post","status-publish","format-standard","has-post-thumbnail","hentry","category-a-la-une","category-actus","category-leader"],"yoast_head":"<!-- This site is optimized with the Yoast SEO plugin v27.5 - https:\/\/yoast.com\/product\/yoast-seo-wordpress\/ -->\n<title>APPEL A PROJET LEADER - Soutenir les projets de coop\u00e9ration transnationale et internationale | Avant Pays Savoyard<\/title>\n<meta name=\"description\" content=\"APPEL A PROJET LEADER - Soutenir les projets de coop\u00e9ration transnationale et internationale | Avant Pays Savoyard\" \/>\n<meta name=\"robots\" content=\"index, follow, max-snippet:-1, max-image-preview:large, max-video-preview:-1\" \/>\n<link rel=\"canonical\" href=\"https:\/\/www.avant-pays-savoyard.com\/smaps\/appel-a-projet-leader-soutenir-les-projets-de-cooperation-transnationale-et-internationale\/\" \/>\n<meta property=\"og:locale\" content=\"fr_FR\" \/>\n<meta property=\"og:type\" content=\"article\" \/>\n<meta property=\"og:title\" content=\"APPEL A PROJET LEADER - Soutenir les projets de coop\u00e9ration transnationale et internationale | Avant Pays Savoyard\" \/>\n<meta property=\"og:description\" content=\"APPEL A PROJET LEADER - Soutenir les projets de coop\u00e9ration transnationale et internationale | Avant Pays Savoyard\" \/>\n<meta property=\"og:url\" content=\"https:\/\/www.avant-pays-savoyard.com\/smaps\/appel-a-projet-leader-soutenir-les-projets-de-cooperation-transnationale-et-internationale\/\" \/>\n<meta property=\"og:site_name\" content=\"Syndicat Mixte Avant-Pays Savoyard\" \/>\n<meta property=\"article:publisher\" content=\"https:\/\/www.facebook.com\/philippe.smaps?eid=ARBa3pcAa8gXFS8WNK_PRvsO8QdGpgIOahlkYUZ_fHoQSowEaz5KpN0GqL0PUxNL0ZbTsFwcVmpWqAsm\" \/>\n<meta property=\"article:published_time\" content=\"2024-06-05T13:38:45+00:00\" \/>\n<meta property=\"article:modified_time\" content=\"2026-04-22T13:03:13+00:00\" \/>\n<meta property=\"og:image\" content=\"https:\/\/www.avant-pays-savoyard.com\/smaps\/wp-content\/uploads\/2024\/06\/FA4-AAP01-cooperation.png\" \/>\n\t<meta property=\"og:image:width\" content=\"800\" \/>\n\t<meta property=\"og:image:height\" content=\"800\" \/>\n\t<meta property=\"og:image:type\" content=\"image\/png\" \/>\n<meta name=\"author\" content=\"SMAPS\" \/>\n<meta name=\"twitter:card\" content=\"summary_large_image\" \/>\n<meta name=\"twitter:label1\" content=\"\u00c9crit par\" \/>\n\t<meta name=\"twitter:data1\" content=\"SMAPS\" \/>\n\t<meta name=\"twitter:label2\" content=\"Dur\u00e9e de lecture estim\u00e9e\" \/>\n\t<meta name=\"twitter:data2\" content=\"4 minutes\" \/>\n<script type=\"application\/ld+json\" class=\"yoast-schema-graph\">{\"@context\":\"https:\\\/\\\/schema.org\",\"@graph\":[{\"@type\":\"Article\",\"@id\":\"https:\\\/\\\/www.avant-pays-savoyard.com\\\/smaps\\\/appel-a-projet-leader-soutenir-les-projets-de-cooperation-transnationale-et-internationale\\\/#article\",\"isPartOf\":{\"@id\":\"https:\\\/\\\/www.avant-pays-savoyard.com\\\/smaps\\\/appel-a-projet-leader-soutenir-les-projets-de-cooperation-transnationale-et-internationale\\\/\"},\"author\":{\"name\":\"SMAPS\",\"@id\":\"https:\\\/\\\/www.avant-pays-savoyard.com\\\/smaps\\\/#\\\/schema\\\/person\\\/97c9f75644fa5ca03f84c36512d45878\"},\"headline\":\"APPEL A PROJET LEADER &#8211; Soutenir les projets de coop\u00e9ration transnationale et internationale\",\"datePublished\":\"2024-06-05T13:38:45+00:00\",\"dateModified\":\"2026-04-22T13:03:13+00:00\",\"mainEntityOfPage\":{\"@id\":\"https:\\\/\\\/www.avant-pays-savoyard.com\\\/smaps\\\/appel-a-projet-leader-soutenir-les-projets-de-cooperation-transnationale-et-internationale\\\/\"},\"wordCount\":640,\"publisher\":{\"@id\":\"https:\\\/\\\/www.avant-pays-savoyard.com\\\/smaps\\\/#organization\"},\"image\":{\"@id\":\"https:\\\/\\\/www.avant-pays-savoyard.com\\\/smaps\\\/appel-a-projet-leader-soutenir-les-projets-de-cooperation-transnationale-et-internationale\\\/#primaryimage\"},\"thumbnailUrl\":\"https:\\\/\\\/www.avant-pays-savoyard.com\\\/smaps\\\/wp-content\\\/uploads\\\/2024\\\/06\\\/FA4-AAP01-cooperation.png\",\"articleSection\":[\"\u00c0 la une\",\"Actualit\u00e9s\",\"LEADER\"],\"inLanguage\":\"fr-FR\"},{\"@type\":\"WebPage\",\"@id\":\"https:\\\/\\\/www.avant-pays-savoyard.com\\\/smaps\\\/appel-a-projet-leader-soutenir-les-projets-de-cooperation-transnationale-et-internationale\\\/\",\"url\":\"https:\\\/\\\/www.avant-pays-savoyard.com\\\/smaps\\\/appel-a-projet-leader-soutenir-les-projets-de-cooperation-transnationale-et-internationale\\\/\",\"name\":\"APPEL A PROJET LEADER - Soutenir les projets de coop\u00e9ration transnationale et internationale | Avant Pays Savoyard\",\"isPartOf\":{\"@id\":\"https:\\\/\\\/www.avant-pays-savoyard.com\\\/smaps\\\/#website\"},\"primaryImageOfPage\":{\"@id\":\"https:\\\/\\\/www.avant-pays-savoyard.com\\\/smaps\\\/appel-a-projet-leader-soutenir-les-projets-de-cooperation-transnationale-et-internationale\\\/#primaryimage\"},\"image\":{\"@id\":\"https:\\\/\\\/www.avant-pays-savoyard.com\\\/smaps\\\/appel-a-projet-leader-soutenir-les-projets-de-cooperation-transnationale-et-internationale\\\/#primaryimage\"},\"thumbnailUrl\":\"https:\\\/\\\/www.avant-pays-savoyard.com\\\/smaps\\\/wp-content\\\/uploads\\\/2024\\\/06\\\/FA4-AAP01-cooperation.png\",\"datePublished\":\"2024-06-05T13:38:45+00:00\",\"dateModified\":\"2026-04-22T13:03:13+00:00\",\"description\":\"APPEL A PROJET LEADER - Soutenir les projets de coop\u00e9ration transnationale et internationale | Avant Pays Savoyard\",\"breadcrumb\":{\"@id\":\"https:\\\/\\\/www.avant-pays-savoyard.com\\\/smaps\\\/appel-a-projet-leader-soutenir-les-projets-de-cooperation-transnationale-et-internationale\\\/#breadcrumb\"},\"inLanguage\":\"fr-FR\",\"potentialAction\":[{\"@type\":\"ReadAction\",\"target\":[\"https:\\\/\\\/www.avant-pays-savoyard.com\\\/smaps\\\/appel-a-projet-leader-soutenir-les-projets-de-cooperation-transnationale-et-internationale\\\/\"]}]},{\"@type\":\"ImageObject\",\"inLanguage\":\"fr-FR\",\"@id\":\"https:\\\/\\\/www.avant-pays-savoyard.com\\\/smaps\\\/appel-a-projet-leader-soutenir-les-projets-de-cooperation-transnationale-et-internationale\\\/#primaryimage\",\"url\":\"https:\\\/\\\/www.avant-pays-savoyard.com\\\/smaps\\\/wp-content\\\/uploads\\\/2024\\\/06\\\/FA4-AAP01-cooperation.png\",\"contentUrl\":\"https:\\\/\\\/www.avant-pays-savoyard.com\\\/smaps\\\/wp-content\\\/uploads\\\/2024\\\/06\\\/FA4-AAP01-cooperation.png\",\"width\":800,\"height\":800},{\"@type\":\"BreadcrumbList\",\"@id\":\"https:\\\/\\\/www.avant-pays-savoyard.com\\\/smaps\\\/appel-a-projet-leader-soutenir-les-projets-de-cooperation-transnationale-et-internationale\\\/#breadcrumb\",\"itemListElement\":[{\"@type\":\"ListItem\",\"position\":1,\"name\":\"Accueil\",\"item\":\"https:\\\/\\\/www.avant-pays-savoyard.com\\\/smaps\\\/\"},{\"@type\":\"ListItem\",\"position\":2,\"name\":\"LEADER\",\"item\":\"https:\\\/\\\/www.avant-pays-savoyard.com\\\/smaps\\\/category\\\/leader\\\/\"},{\"@type\":\"ListItem\",\"position\":3,\"name\":\"APPEL A PROJET LEADER &#8211; Soutenir les projets de coop\u00e9ration transnationale et internationale\"}]},{\"@type\":\"WebSite\",\"@id\":\"https:\\\/\\\/www.avant-pays-savoyard.com\\\/smaps\\\/#website\",\"url\":\"https:\\\/\\\/www.avant-pays-savoyard.com\\\/smaps\\\/\",\"name\":\"Syndicat Mixte Avant-Pays Savoyard\",\"description\":\"Site du SMAPS\",\"publisher\":{\"@id\":\"https:\\\/\\\/www.avant-pays-savoyard.com\\\/smaps\\\/#organization\"},\"potentialAction\":[{\"@type\":\"SearchAction\",\"target\":{\"@type\":\"EntryPoint\",\"urlTemplate\":\"https:\\\/\\\/www.avant-pays-savoyard.com\\\/smaps\\\/?s={search_term_string}\"},\"query-input\":{\"@type\":\"PropertyValueSpecification\",\"valueRequired\":true,\"valueName\":\"search_term_string\"}}],\"inLanguage\":\"fr-FR\"},{\"@type\":\"Organization\",\"@id\":\"https:\\\/\\\/www.avant-pays-savoyard.com\\\/smaps\\\/#organization\",\"name\":\"Avant Pays Savoyard\",\"url\":\"https:\\\/\\\/www.avant-pays-savoyard.com\\\/smaps\\\/\",\"logo\":{\"@type\":\"ImageObject\",\"inLanguage\":\"fr-FR\",\"@id\":\"https:\\\/\\\/www.avant-pays-savoyard.com\\\/smaps\\\/#\\\/schema\\\/logo\\\/image\\\/\",\"url\":\"https:\\\/\\\/www.avant-pays-savoyard.com\\\/smaps\\\/wp-content\\\/uploads\\\/2020\\\/11\\\/logo-smaps.png\",\"contentUrl\":\"https:\\\/\\\/www.avant-pays-savoyard.com\\\/smaps\\\/wp-content\\\/uploads\\\/2020\\\/11\\\/logo-smaps.png\",\"width\":1617,\"height\":738,\"caption\":\"Avant Pays Savoyard\"},\"image\":{\"@id\":\"https:\\\/\\\/www.avant-pays-savoyard.com\\\/smaps\\\/#\\\/schema\\\/logo\\\/image\\\/\"},\"sameAs\":[\"https:\\\/\\\/www.facebook.com\\\/philippe.smaps?eid=ARBa3pcAa8gXFS8WNK_PRvsO8QdGpgIOahlkYUZ_fHoQSowEaz5KpN0GqL0PUxNL0ZbTsFwcVmpWqAsm\"]},{\"@type\":\"Person\",\"@id\":\"https:\\\/\\\/www.avant-pays-savoyard.com\\\/smaps\\\/#\\\/schema\\\/person\\\/97c9f75644fa5ca03f84c36512d45878\",\"name\":\"SMAPS\",\"image\":{\"@type\":\"ImageObject\",\"inLanguage\":\"fr-FR\",\"@id\":\"https:\\\/\\\/secure.gravatar.com\\\/avatar\\\/5f82331f1fbc0b612bc82f92d18052f29701b5b494fd518e67c6c8d7d646b105?s=96&d=mm&r=g\",\"url\":\"https:\\\/\\\/secure.gravatar.com\\\/avatar\\\/5f82331f1fbc0b612bc82f92d18052f29701b5b494fd518e67c6c8d7d646b105?s=96&d=mm&r=g\",\"contentUrl\":\"https:\\\/\\\/secure.gravatar.com\\\/avatar\\\/5f82331f1fbc0b612bc82f92d18052f29701b5b494fd518e67c6c8d7d646b105?s=96&d=mm&r=g\",\"caption\":\"SMAPS\"}}]}<\/script>\n<!-- \/ Yoast SEO plugin. -->","yoast_head_json":{"title":"APPEL A PROJET LEADER - Soutenir les projets de coop\u00e9ration transnationale et internationale | Avant Pays Savoyard","description":"APPEL A PROJET LEADER - Soutenir les projets de coop\u00e9ration transnationale et internationale | Avant Pays Savoyard","robots":{"index":"index","follow":"follow","max-snippet":"max-snippet:-1","max-image-preview":"max-image-preview:large","max-video-preview":"max-video-preview:-1"},"canonical":"https:\/\/www.avant-pays-savoyard.com\/smaps\/appel-a-projet-leader-soutenir-les-projets-de-cooperation-transnationale-et-internationale\/","og_locale":"fr_FR","og_type":"article","og_title":"APPEL A PROJET LEADER - Soutenir les projets de coop\u00e9ration transnationale et internationale | Avant Pays Savoyard","og_description":"APPEL A PROJET LEADER - Soutenir les projets de coop\u00e9ration transnationale et internationale | Avant Pays Savoyard","og_url":"https:\/\/www.avant-pays-savoyard.com\/smaps\/appel-a-projet-leader-soutenir-les-projets-de-cooperation-transnationale-et-internationale\/","og_site_name":"Syndicat Mixte Avant-Pays Savoyard","article_publisher":"https:\/\/www.facebook.com\/philippe.smaps?eid=ARBa3pcAa8gXFS8WNK_PRvsO8QdGpgIOahlkYUZ_fHoQSowEaz5KpN0GqL0PUxNL0ZbTsFwcVmpWqAsm","article_published_time":"2024-06-05T13:38:45+00:00","article_modified_time":"2026-04-22T13:03:13+00:00","og_image":[{"width":800,"height":800,"url":"https:\/\/www.avant-pays-savoyard.com\/smaps\/wp-content\/uploads\/2024\/06\/FA4-AAP01-cooperation.png","type":"image\/png"}],"author":"SMAPS","twitter_card":"summary_large_image","twitter_misc":{"\u00c9crit par":"SMAPS","Dur\u00e9e de lecture estim\u00e9e":"4 minutes"},"schema":{"@context":"https:\/\/schema.org","@graph":[{"@type":"Article","@id":"https:\/\/www.avant-pays-savoyard.com\/smaps\/appel-a-projet-leader-soutenir-les-projets-de-cooperation-transnationale-et-internationale\/#article","isPartOf":{"@id":"https:\/\/www.avant-pays-savoyard.com\/smaps\/appel-a-projet-leader-soutenir-les-projets-de-cooperation-transnationale-et-internationale\/"},"author":{"name":"SMAPS","@id":"https:\/\/www.avant-pays-savoyard.com\/smaps\/#\/schema\/person\/97c9f75644fa5ca03f84c36512d45878"},"headline":"APPEL A PROJET LEADER &#8211; Soutenir les projets de coop\u00e9ration transnationale et internationale","datePublished":"2024-06-05T13:38:45+00:00","dateModified":"2026-04-22T13:03:13+00:00","mainEntityOfPage":{"@id":"https:\/\/www.avant-pays-savoyard.com\/smaps\/appel-a-projet-leader-soutenir-les-projets-de-cooperation-transnationale-et-internationale\/"},"wordCount":640,"publisher":{"@id":"https:\/\/www.avant-pays-savoyard.com\/smaps\/#organization"},"image":{"@id":"https:\/\/www.avant-pays-savoyard.com\/smaps\/appel-a-projet-leader-soutenir-les-projets-de-cooperation-transnationale-et-internationale\/#primaryimage"},"thumbnailUrl":"https:\/\/www.avant-pays-savoyard.com\/smaps\/wp-content\/uploads\/2024\/06\/FA4-AAP01-cooperation.png","articleSection":["\u00c0 la une","Actualit\u00e9s","LEADER"],"inLanguage":"fr-FR"},{"@type":"WebPage","@id":"https:\/\/www.avant-pays-savoyard.com\/smaps\/appel-a-projet-leader-soutenir-les-projets-de-cooperation-transnationale-et-internationale\/","url":"https:\/\/www.avant-pays-savoyard.com\/smaps\/appel-a-projet-leader-soutenir-les-projets-de-cooperation-transnationale-et-internationale\/","name":"APPEL A PROJET LEADER - Soutenir les projets de coop\u00e9ration transnationale et internationale | Avant Pays Savoyard","isPartOf":{"@id":"https:\/\/www.avant-pays-savoyard.com\/smaps\/#website"},"primaryImageOfPage":{"@id":"https:\/\/www.avant-pays-savoyard.com\/smaps\/appel-a-projet-leader-soutenir-les-projets-de-cooperation-transnationale-et-internationale\/#primaryimage"},"image":{"@id":"https:\/\/www.avant-pays-savoyard.com\/smaps\/appel-a-projet-leader-soutenir-les-projets-de-cooperation-transnationale-et-internationale\/#primaryimage"},"thumbnailUrl":"https:\/\/www.avant-pays-savoyard.com\/smaps\/wp-content\/uploads\/2024\/06\/FA4-AAP01-cooperation.png","datePublished":"2024-06-05T13:38:45+00:00","dateModified":"2026-04-22T13:03:13+00:00","description":"APPEL A PROJET LEADER - Soutenir les projets de coop\u00e9ration transnationale et internationale | Avant Pays Savoyard","breadcrumb":{"@id":"https:\/\/www.avant-pays-savoyard.com\/smaps\/appel-a-projet-leader-soutenir-les-projets-de-cooperation-transnationale-et-internationale\/#breadcrumb"},"inLanguage":"fr-FR","potentialAction":[{"@type":"ReadAction","target":["https:\/\/www.avant-pays-savoyard.com\/smaps\/appel-a-projet-leader-soutenir-les-projets-de-cooperation-transnationale-et-internationale\/"]}]},{"@type":"ImageObject","inLanguage":"fr-FR","@id":"https:\/\/www.avant-pays-savoyard.com\/smaps\/appel-a-projet-leader-soutenir-les-projets-de-cooperation-transnationale-et-internationale\/#primaryimage","url":"https:\/\/www.avant-pays-savoyard.com\/smaps\/wp-content\/uploads\/2024\/06\/FA4-AAP01-cooperation.png","contentUrl":"https:\/\/www.avant-pays-savoyard.com\/smaps\/wp-content\/uploads\/2024\/06\/FA4-AAP01-cooperation.png","width":800,"height":800},{"@type":"BreadcrumbList","@id":"https:\/\/www.avant-pays-savoyard.com\/smaps\/appel-a-projet-leader-soutenir-les-projets-de-cooperation-transnationale-et-internationale\/#breadcrumb","itemListElement":[{"@type":"ListItem","position":1,"name":"Accueil","item":"https:\/\/www.avant-pays-savoyard.com\/smaps\/"},{"@type":"ListItem","position":2,"name":"LEADER","item":"https:\/\/www.avant-pays-savoyard.com\/smaps\/category\/leader\/"},{"@type":"ListItem","position":3,"name":"APPEL A PROJET LEADER &#8211; Soutenir les projets de coop\u00e9ration transnationale et internationale"}]},{"@type":"WebSite","@id":"https:\/\/www.avant-pays-savoyard.com\/smaps\/#website","url":"https:\/\/www.avant-pays-savoyard.com\/smaps\/","name":"Syndicat Mixte Avant-Pays Savoyard","description":"Site du SMAPS","publisher":{"@id":"https:\/\/www.avant-pays-savoyard.com\/smaps\/#organization"},"potentialAction":[{"@type":"SearchAction","target":{"@type":"EntryPoint","urlTemplate":"https:\/\/www.avant-pays-savoyard.com\/smaps\/?s={search_term_string}"},"query-input":{"@type":"PropertyValueSpecification","valueRequired":true,"valueName":"search_term_string"}}],"inLanguage":"fr-FR"},{"@type":"Organization","@id":"https:\/\/www.avant-pays-savoyard.com\/smaps\/#organization","name":"Avant Pays Savoyard","url":"https:\/\/www.avant-pays-savoyard.com\/smaps\/","logo":{"@type":"ImageObject","inLanguage":"fr-FR","@id":"https:\/\/www.avant-pays-savoyard.com\/smaps\/#\/schema\/logo\/image\/","url":"https:\/\/www.avant-pays-savoyard.com\/smaps\/wp-content\/uploads\/2020\/11\/logo-smaps.png","contentUrl":"https:\/\/www.avant-pays-savoyard.com\/smaps\/wp-content\/uploads\/2020\/11\/logo-smaps.png","width":1617,"height":738,"caption":"Avant Pays Savoyard"},"image":{"@id":"https:\/\/www.avant-pays-savoyard.com\/smaps\/#\/schema\/logo\/image\/"},"sameAs":["https:\/\/www.facebook.com\/philippe.smaps?eid=ARBa3pcAa8gXFS8WNK_PRvsO8QdGpgIOahlkYUZ_fHoQSowEaz5KpN0GqL0PUxNL0ZbTsFwcVmpWqAsm"]},{"@type":"Person","@id":"https:\/\/www.avant-pays-savoyard.com\/smaps\/#\/schema\/person\/97c9f75644fa5ca03f84c36512d45878","name":"SMAPS","image":{"@type":"ImageObject","inLanguage":"fr-FR","@id":"https:\/\/secure.gravatar.com\/avatar\/5f82331f1fbc0b612bc82f92d18052f29701b5b494fd518e67c6c8d7d646b105?s=96&d=mm&r=g","url":"https:\/\/secure.gravatar.com\/avatar\/5f82331f1fbc0b612bc82f92d18052f29701b5b494fd518e67c6c8d7d646b105?s=96&d=mm&r=g","contentUrl":"https:\/\/secure.gravatar.com\/avatar\/5f82331f1fbc0b612bc82f92d18052f29701b5b494fd518e67c6c8d7d646b105?s=96&d=mm&r=g","caption":"SMAPS"}}]}},"publishpress_future_action":{"enabled":false,"date":"2026-05-08 18:20:27","action":"change-status","newStatus":"draft","terms":[],"taxonomy":"category","extraData":[]},"publishpress_future_workflow_manual_trigger":{"enabledWorkflows":[]},"_links":{"self":[{"href":"https:\/\/www.avant-pays-savoyard.com\/smaps\/wp-json\/wp\/v2\/posts\/5683","targetHints":{"allow":["GET"]}}],"collection":[{"href":"https:\/\/www.avant-pays-savoyard.com\/smaps\/wp-json\/wp\/v2\/posts"}],"about":[{"href":"https:\/\/www.avant-pays-savoyard.com\/smaps\/wp-json\/wp\/v2\/types\/post"}],"author":[{"embeddable":true,"href":"https:\/\/www.avant-pays-savoyard.com\/smaps\/wp-json\/wp\/v2\/users\/2"}],"replies":[{"embeddable":true,"href":"https:\/\/www.avant-pays-savoyard.com\/smaps\/wp-json\/wp\/v2\/comments?post=5683"}],"version-history":[{"count":6,"href":"https:\/\/www.avant-pays-savoyard.com\/smaps\/wp-json\/wp\/v2\/posts\/5683\/revisions"}],"predecessor-version":[{"id":7206,"href":"https:\/\/www.avant-pays-savoyard.com\/smaps\/wp-json\/wp\/v2\/posts\/5683\/revisions\/7206"}],"wp:featuredmedia":[{"embeddable":true,"href":"https:\/\/www.avant-pays-savoyard.com\/smaps\/wp-json\/wp\/v2\/media\/5684"}],"wp:attachment":[{"href":"https:\/\/www.avant-pays-savoyard.com\/smaps\/wp-json\/wp\/v2\/media?parent=5683"}],"wp:term":[{"taxonomy":"category","embeddable":true,"href":"https:\/\/www.avant-pays-savoyard.com\/smaps\/wp-json\/wp\/v2\/categories?post=5683"},{"taxonomy":"post_tag","embeddable":true,"href":"https:\/\/www.avant-pays-savoyard.com\/smaps\/wp-json\/wp\/v2\/tags?post=5683"}],"curies":[{"name":"wp","href":"https:\/\/api.w.org\/{rel}","templated":true}]}}