{"id":5695,"date":"2024-06-17T11:13:56","date_gmt":"2024-06-17T09:13:56","guid":{"rendered":"https:\/\/www.avant-pays-savoyard.com\/smaps\/?p=5695"},"modified":"2024-06-17T11:13:56","modified_gmt":"2024-06-17T09:13:56","slug":"reflex-velo-un-guide-pratique-pour-le-velo-au-quotidien","status":"publish","type":"post","link":"https:\/\/www.avant-pays-savoyard.com\/smaps\/reflex-velo-un-guide-pratique-pour-le-velo-au-quotidien\/","title":{"rendered":"R\u00e9flex V\u00e9lo : un guide pratique pour le v\u00e9lo au quotidien"},"content":{"rendered":"<h3>Nouveau ! Un guide pratique du V\u00e9lo au quotidien en Avant Pays Savoyard<\/h3>\n<a href='https:\/\/www.avant-pays-savoyard.com\/smaps\/wp-content\/uploads\/2024\/06\/GABARIT-DEPLIAN-REFLEX-VELO_recto-verso-VERSION-FINALE.pdf' class='big-button bigblue' target=\"_blank\">D\u00e9couvrez le Guide R\u00e9flex V\u00e9lo<\/a>\n<p><em>Vous vous posez la question des itin\u00e9raires cyclables \u00e0 choisir pour une pratique du V\u00e9lo au quotidien ? Vous ne connaissez pas encore bien les \u00e9quipements v\u00e9los obligatoires, ceux qui rendent confortable l&rsquo;usage ? Vous souhaitez savoir si de nouvelles pistes cyclables seront am\u00e9nag\u00e9s ?<\/em><\/p>\n<p>Le guide R\u00e9flex V\u00e9lo, un format court et pratique recto \/ verso,\u00a0 vous apportera les r\u00e9ponse \u00e0 toutes ces questions qui se posent lorsqu&rsquo;on souhaite enfourcher son v\u00e9lo pour des trajets au quotidien ! Ce guide sera d\u00e9sormais votre compagnon de route pour accompagner vos d\u00e9placements r\u00e9guliers et s\u00e9curis\u00e9s \u00e0 v\u00e9lo en Avant-Pays Savoyard.<\/p>\n<h3>Avec ce guide, vous en conna\u00eetrez un rayon :<\/h3>\n<ul>\n<li>Des conseils pratiques pour rouler en s\u00e9curit\u00e9 ;<\/li>\n<li>Des conseils pour prendre soin de son v\u00e9lo avec la liste des r\u00e9parateurs v\u00e9locistes locaux qui peuvent diagnostic, entretenir et r\u00e9parer votre biclou ;<\/li>\n<li>La liste des \u00e9quipements obligatoires et celle, des \u00e9quipements de confort, pour rouler par tous les temps !<\/li>\n<li>La signal\u00e9tique v\u00e9lo qui est essentielle pour se rep\u00e9rer dans l&rsquo;espace et faciliter le choix d&rsquo;itin\u00e9raires s\u00e9curis\u00e9s ou plus directs<\/li>\n<li>Des t\u00e9moignages d&rsquo;habitants qui ont b\u00e9n\u00e9fici\u00e9 du <a href=\"https:\/\/www.avant-pays-savoyard.com\/smaps\/reflex-velo\/\">service R\u00e9flex V\u00e9lo<\/a> en Avant-Pays Savoyard avec la mise \u00e0 disposition de V\u00e9los \u00e0 Assistance \u00c9lectrique en test pendant 4 mois<\/li>\n<\/ul>\n<h3>Trois Zooms sur les territoires de Val Guiers, de Yenne et du Lac d&rsquo;Aiguebelette\u00a0 :<\/h3>\n<p>Ces cartes vous permettent en un clin d\u2019\u0153il de rep\u00e9rer :<\/p>\n<ul>\n<li>les itin\u00e9raires cyclables existants (en vert) et ceux \u00e0 venir, avec les portions cyclables qui vont \u00eatre am\u00e9nag\u00e9es d&rsquo;ici 2030 (trac\u00e9s indicatifs au stade d&rsquo;\u00e9tude)<\/li>\n<li>les bornes d&rsquo;auto-r\u00e9paration des v\u00e9los avec des outils pour entretenir et regongler votre v\u00e9lo : Maison du Lac \u00e0 Nances, L\u00e9pin-le-Lac, Saint-Genix lkes Village, Jongieux<\/li>\n<li>les structures accueil v\u00e9lo<\/li>\n<\/ul>\n<p>Il faut noter que l&rsquo;ensemble des itin\u00e9raires pr\u00e9sent\u00e9s sont pr\u00e9vus et identfii\u00e9s au <a href=\"https:\/\/www.avant-pays-savoyard.com\/smaps\/wp-content\/uploads\/2022\/12\/Schema-Directeur-Cyclable-APS.pdf\">Sch\u00e9ma Directeur Cyclable<\/a> de l&rsquo;Avant-Pays Savoyard, adopt\u00e9 en 2022.<\/p>\n<h3>Un guide disponible tr\u00e8s bient\u00f4t pr\u00e8s de chez vous<\/h3>\n<p>Ce mois le guide sera accessible en version papier sur tout le territoire : dans les mairies, offices de tourisme, France Services, commerces locaux et chez vos professionnels cycles locaux.<\/p>\n<p>Cet outil a \u00e9t\u00e9 d\u00e9velopp\u00e9 dans le cadre du <a href=\"https:\/\/www.avant-pays-savoyard.com\/smaps\/wp-content\/uploads\/2022\/12\/Candidature-AVELO2-APS.pdf\">programme Avelo2<\/a> avec le soutien de l&rsquo;Ademe et des intercommunalit\u00e9s de l&rsquo;Avant-Pays Savoyard. Il vise \u00e0 sensibiliser \u00e0 la pratique du V\u00e9lo \u00ab du quotidien \u00bb.<\/p>\n<a href='https:\/\/www.avant-pays-savoyard.com\/smaps\/wp-content\/uploads\/2024\/06\/GABARIT-DEPLIAN-REFLEX-VELO_recto-verso-VERSION-FINALE.pdf' class='big-button bigblue' target=\"_blank\">D\u00e9couvrez le Guide R\u00e9flex V\u00e9lo<\/a>\n","protected":false},"excerpt":{"rendered":"<p>Nouveau ! Un guide pratique du V\u00e9lo au quotidien en Avant Pays Savoyard Vous vous posez la question des itin\u00e9raires cyclables \u00e0 choisir pour une pratique du V\u00e9lo au quotidien ? Vous ne connaissez pas encore bien les \u00e9quipements v\u00e9los obligatoires, ceux qui rendent confortable l&rsquo;usage ? Vous souhaitez savoir si de nouvelles pistes cyclables [&hellip;]<\/p>\n","protected":false},"author":2,"featured_media":5709,"comment_status":"closed","ping_status":"closed","sticky":false,"template":"","format":"standard","meta":{"_et_pb_use_builder":"","_et_pb_old_content":"","_et_gb_content_width":"","_monsterinsights_skip_tracking":false,"_monsterinsights_sitenote_active":false,"_monsterinsights_sitenote_note":"","_monsterinsights_sitenote_category":0,"footnotes":""},"categories":[30,29,36],"tags":[],"class_list":["post-5695","post","type-post","status-publish","format-standard","has-post-thumbnail","hentry","category-a-la-une","category-actus","category-avelo2"],"yoast_head":"<!-- This site is optimized with the Yoast SEO plugin v27.5 - https:\/\/yoast.com\/product\/yoast-seo-wordpress\/ -->\n<title>R\u00e9flex V\u00e9lo : un guide pratique pour le v\u00e9lo au quotidien | R\u00e9flex V\u00e9lo Guide pratique<\/title>\n<meta name=\"description\" content=\"R\u00e9flex V\u00e9lo : un guide pratique pour le v\u00e9lo au quotidien | R\u00e9flex V\u00e9lo Avant Pays Savoyard Guide pratique\" \/>\n<meta name=\"robots\" content=\"index, follow, max-snippet:-1, max-image-preview:large, max-video-preview:-1\" \/>\n<link rel=\"canonical\" href=\"https:\/\/www.avant-pays-savoyard.com\/smaps\/reflex-velo-un-guide-pratique-pour-le-velo-au-quotidien\/\" \/>\n<meta property=\"og:locale\" content=\"fr_FR\" \/>\n<meta property=\"og:type\" content=\"article\" \/>\n<meta property=\"og:title\" content=\"R\u00e9flex V\u00e9lo : un guide pratique pour le v\u00e9lo au quotidien | R\u00e9flex V\u00e9lo Guide pratique\" \/>\n<meta property=\"og:description\" content=\"R\u00e9flex V\u00e9lo : un guide pratique pour le v\u00e9lo au quotidien | R\u00e9flex V\u00e9lo Avant Pays Savoyard Guide pratique\" \/>\n<meta property=\"og:url\" content=\"https:\/\/www.avant-pays-savoyard.com\/smaps\/reflex-velo-un-guide-pratique-pour-le-velo-au-quotidien\/\" \/>\n<meta property=\"og:site_name\" content=\"Syndicat Mixte Avant-Pays Savoyard\" \/>\n<meta property=\"article:publisher\" content=\"https:\/\/www.facebook.com\/philippe.smaps?eid=ARBa3pcAa8gXFS8WNK_PRvsO8QdGpgIOahlkYUZ_fHoQSowEaz5KpN0GqL0PUxNL0ZbTsFwcVmpWqAsm\" \/>\n<meta property=\"article:published_time\" content=\"2024-06-17T09:13:56+00:00\" \/>\n<meta property=\"og:image\" content=\"https:\/\/www.avant-pays-savoyard.com\/smaps\/wp-content\/uploads\/2024\/06\/Reflex-Velo-GUIDE-Image-actualite-2.png\" \/>\n\t<meta property=\"og:image:width\" content=\"467\" \/>\n\t<meta property=\"og:image:height\" content=\"335\" \/>\n\t<meta property=\"og:image:type\" content=\"image\/png\" \/>\n<meta name=\"author\" content=\"SMAPS\" \/>\n<meta name=\"twitter:card\" content=\"summary_large_image\" \/>\n<meta name=\"twitter:label1\" content=\"\u00c9crit par\" \/>\n\t<meta name=\"twitter:data1\" content=\"SMAPS\" \/>\n\t<meta name=\"twitter:label2\" content=\"Dur\u00e9e de lecture estim\u00e9e\" \/>\n\t<meta name=\"twitter:data2\" content=\"3 minutes\" \/>\n<script type=\"application\/ld+json\" class=\"yoast-schema-graph\">{\"@context\":\"https:\\\/\\\/schema.org\",\"@graph\":[{\"@type\":\"Article\",\"@id\":\"https:\\\/\\\/www.avant-pays-savoyard.com\\\/smaps\\\/reflex-velo-un-guide-pratique-pour-le-velo-au-quotidien\\\/#article\",\"isPartOf\":{\"@id\":\"https:\\\/\\\/www.avant-pays-savoyard.com\\\/smaps\\\/reflex-velo-un-guide-pratique-pour-le-velo-au-quotidien\\\/\"},\"author\":{\"name\":\"SMAPS\",\"@id\":\"https:\\\/\\\/www.avant-pays-savoyard.com\\\/smaps\\\/#\\\/schema\\\/person\\\/97c9f75644fa5ca03f84c36512d45878\"},\"headline\":\"R\u00e9flex V\u00e9lo : un guide pratique pour le v\u00e9lo au quotidien\",\"datePublished\":\"2024-06-17T09:13:56+00:00\",\"mainEntityOfPage\":{\"@id\":\"https:\\\/\\\/www.avant-pays-savoyard.com\\\/smaps\\\/reflex-velo-un-guide-pratique-pour-le-velo-au-quotidien\\\/\"},\"wordCount\":500,\"publisher\":{\"@id\":\"https:\\\/\\\/www.avant-pays-savoyard.com\\\/smaps\\\/#organization\"},\"image\":{\"@id\":\"https:\\\/\\\/www.avant-pays-savoyard.com\\\/smaps\\\/reflex-velo-un-guide-pratique-pour-le-velo-au-quotidien\\\/#primaryimage\"},\"thumbnailUrl\":\"https:\\\/\\\/www.avant-pays-savoyard.com\\\/smaps\\\/wp-content\\\/uploads\\\/2024\\\/06\\\/Reflex-Velo-GUIDE-Image-actualite-2.png\",\"articleSection\":[\"\u00c0 la une\",\"Actualit\u00e9s\",\"AVELO2\"],\"inLanguage\":\"fr-FR\"},{\"@type\":\"WebPage\",\"@id\":\"https:\\\/\\\/www.avant-pays-savoyard.com\\\/smaps\\\/reflex-velo-un-guide-pratique-pour-le-velo-au-quotidien\\\/\",\"url\":\"https:\\\/\\\/www.avant-pays-savoyard.com\\\/smaps\\\/reflex-velo-un-guide-pratique-pour-le-velo-au-quotidien\\\/\",\"name\":\"R\u00e9flex V\u00e9lo : un guide pratique pour le v\u00e9lo au quotidien | R\u00e9flex V\u00e9lo Guide pratique\",\"isPartOf\":{\"@id\":\"https:\\\/\\\/www.avant-pays-savoyard.com\\\/smaps\\\/#website\"},\"primaryImageOfPage\":{\"@id\":\"https:\\\/\\\/www.avant-pays-savoyard.com\\\/smaps\\\/reflex-velo-un-guide-pratique-pour-le-velo-au-quotidien\\\/#primaryimage\"},\"image\":{\"@id\":\"https:\\\/\\\/www.avant-pays-savoyard.com\\\/smaps\\\/reflex-velo-un-guide-pratique-pour-le-velo-au-quotidien\\\/#primaryimage\"},\"thumbnailUrl\":\"https:\\\/\\\/www.avant-pays-savoyard.com\\\/smaps\\\/wp-content\\\/uploads\\\/2024\\\/06\\\/Reflex-Velo-GUIDE-Image-actualite-2.png\",\"datePublished\":\"2024-06-17T09:13:56+00:00\",\"description\":\"R\u00e9flex V\u00e9lo : un guide pratique pour le v\u00e9lo au quotidien | R\u00e9flex V\u00e9lo Avant Pays Savoyard Guide pratique\",\"breadcrumb\":{\"@id\":\"https:\\\/\\\/www.avant-pays-savoyard.com\\\/smaps\\\/reflex-velo-un-guide-pratique-pour-le-velo-au-quotidien\\\/#breadcrumb\"},\"inLanguage\":\"fr-FR\",\"potentialAction\":[{\"@type\":\"ReadAction\",\"target\":[\"https:\\\/\\\/www.avant-pays-savoyard.com\\\/smaps\\\/reflex-velo-un-guide-pratique-pour-le-velo-au-quotidien\\\/\"]}]},{\"@type\":\"ImageObject\",\"inLanguage\":\"fr-FR\",\"@id\":\"https:\\\/\\\/www.avant-pays-savoyard.com\\\/smaps\\\/reflex-velo-un-guide-pratique-pour-le-velo-au-quotidien\\\/#primaryimage\",\"url\":\"https:\\\/\\\/www.avant-pays-savoyard.com\\\/smaps\\\/wp-content\\\/uploads\\\/2024\\\/06\\\/Reflex-Velo-GUIDE-Image-actualite-2.png\",\"contentUrl\":\"https:\\\/\\\/www.avant-pays-savoyard.com\\\/smaps\\\/wp-content\\\/uploads\\\/2024\\\/06\\\/Reflex-Velo-GUIDE-Image-actualite-2.png\",\"width\":467,\"height\":335,\"caption\":\"Reflex Velo Guide pratique Avant Pays Savoyard\"},{\"@type\":\"BreadcrumbList\",\"@id\":\"https:\\\/\\\/www.avant-pays-savoyard.com\\\/smaps\\\/reflex-velo-un-guide-pratique-pour-le-velo-au-quotidien\\\/#breadcrumb\",\"itemListElement\":[{\"@type\":\"ListItem\",\"position\":1,\"name\":\"Accueil\",\"item\":\"https:\\\/\\\/www.avant-pays-savoyard.com\\\/smaps\\\/\"},{\"@type\":\"ListItem\",\"position\":2,\"name\":\"\u00c0 la une\",\"item\":\"https:\\\/\\\/www.avant-pays-savoyard.com\\\/smaps\\\/category\\\/a-la-une\\\/\"},{\"@type\":\"ListItem\",\"position\":3,\"name\":\"R\u00e9flex V\u00e9lo : un guide pratique pour le v\u00e9lo au quotidien\"}]},{\"@type\":\"WebSite\",\"@id\":\"https:\\\/\\\/www.avant-pays-savoyard.com\\\/smaps\\\/#website\",\"url\":\"https:\\\/\\\/www.avant-pays-savoyard.com\\\/smaps\\\/\",\"name\":\"Syndicat Mixte Avant-Pays Savoyard\",\"description\":\"Site du SMAPS\",\"publisher\":{\"@id\":\"https:\\\/\\\/www.avant-pays-savoyard.com\\\/smaps\\\/#organization\"},\"potentialAction\":[{\"@type\":\"SearchAction\",\"target\":{\"@type\":\"EntryPoint\",\"urlTemplate\":\"https:\\\/\\\/www.avant-pays-savoyard.com\\\/smaps\\\/?s={search_term_string}\"},\"query-input\":{\"@type\":\"PropertyValueSpecification\",\"valueRequired\":true,\"valueName\":\"search_term_string\"}}],\"inLanguage\":\"fr-FR\"},{\"@type\":\"Organization\",\"@id\":\"https:\\\/\\\/www.avant-pays-savoyard.com\\\/smaps\\\/#organization\",\"name\":\"Avant Pays Savoyard\",\"url\":\"https:\\\/\\\/www.avant-pays-savoyard.com\\\/smaps\\\/\",\"logo\":{\"@type\":\"ImageObject\",\"inLanguage\":\"fr-FR\",\"@id\":\"https:\\\/\\\/www.avant-pays-savoyard.com\\\/smaps\\\/#\\\/schema\\\/logo\\\/image\\\/\",\"url\":\"https:\\\/\\\/www.avant-pays-savoyard.com\\\/smaps\\\/wp-content\\\/uploads\\\/2020\\\/11\\\/logo-smaps.png\",\"contentUrl\":\"https:\\\/\\\/www.avant-pays-savoyard.com\\\/smaps\\\/wp-content\\\/uploads\\\/2020\\\/11\\\/logo-smaps.png\",\"width\":1617,\"height\":738,\"caption\":\"Avant Pays Savoyard\"},\"image\":{\"@id\":\"https:\\\/\\\/www.avant-pays-savoyard.com\\\/smaps\\\/#\\\/schema\\\/logo\\\/image\\\/\"},\"sameAs\":[\"https:\\\/\\\/www.facebook.com\\\/philippe.smaps?eid=ARBa3pcAa8gXFS8WNK_PRvsO8QdGpgIOahlkYUZ_fHoQSowEaz5KpN0GqL0PUxNL0ZbTsFwcVmpWqAsm\"]},{\"@type\":\"Person\",\"@id\":\"https:\\\/\\\/www.avant-pays-savoyard.com\\\/smaps\\\/#\\\/schema\\\/person\\\/97c9f75644fa5ca03f84c36512d45878\",\"name\":\"SMAPS\",\"image\":{\"@type\":\"ImageObject\",\"inLanguage\":\"fr-FR\",\"@id\":\"https:\\\/\\\/secure.gravatar.com\\\/avatar\\\/5f82331f1fbc0b612bc82f92d18052f29701b5b494fd518e67c6c8d7d646b105?s=96&d=mm&r=g\",\"url\":\"https:\\\/\\\/secure.gravatar.com\\\/avatar\\\/5f82331f1fbc0b612bc82f92d18052f29701b5b494fd518e67c6c8d7d646b105?s=96&d=mm&r=g\",\"contentUrl\":\"https:\\\/\\\/secure.gravatar.com\\\/avatar\\\/5f82331f1fbc0b612bc82f92d18052f29701b5b494fd518e67c6c8d7d646b105?s=96&d=mm&r=g\",\"caption\":\"SMAPS\"}}]}<\/script>\n<!-- \/ Yoast SEO plugin. -->","yoast_head_json":{"title":"R\u00e9flex V\u00e9lo : un guide pratique pour le v\u00e9lo au quotidien | R\u00e9flex V\u00e9lo Guide pratique","description":"R\u00e9flex V\u00e9lo : un guide pratique pour le v\u00e9lo au quotidien | R\u00e9flex V\u00e9lo Avant Pays Savoyard Guide pratique","robots":{"index":"index","follow":"follow","max-snippet":"max-snippet:-1","max-image-preview":"max-image-preview:large","max-video-preview":"max-video-preview:-1"},"canonical":"https:\/\/www.avant-pays-savoyard.com\/smaps\/reflex-velo-un-guide-pratique-pour-le-velo-au-quotidien\/","og_locale":"fr_FR","og_type":"article","og_title":"R\u00e9flex V\u00e9lo : un guide pratique pour le v\u00e9lo au quotidien | R\u00e9flex V\u00e9lo Guide pratique","og_description":"R\u00e9flex V\u00e9lo : un guide pratique pour le v\u00e9lo au quotidien | R\u00e9flex V\u00e9lo Avant Pays Savoyard Guide pratique","og_url":"https:\/\/www.avant-pays-savoyard.com\/smaps\/reflex-velo-un-guide-pratique-pour-le-velo-au-quotidien\/","og_site_name":"Syndicat Mixte Avant-Pays Savoyard","article_publisher":"https:\/\/www.facebook.com\/philippe.smaps?eid=ARBa3pcAa8gXFS8WNK_PRvsO8QdGpgIOahlkYUZ_fHoQSowEaz5KpN0GqL0PUxNL0ZbTsFwcVmpWqAsm","article_published_time":"2024-06-17T09:13:56+00:00","og_image":[{"width":467,"height":335,"url":"https:\/\/www.avant-pays-savoyard.com\/smaps\/wp-content\/uploads\/2024\/06\/Reflex-Velo-GUIDE-Image-actualite-2.png","type":"image\/png"}],"author":"SMAPS","twitter_card":"summary_large_image","twitter_misc":{"\u00c9crit par":"SMAPS","Dur\u00e9e de lecture estim\u00e9e":"3 minutes"},"schema":{"@context":"https:\/\/schema.org","@graph":[{"@type":"Article","@id":"https:\/\/www.avant-pays-savoyard.com\/smaps\/reflex-velo-un-guide-pratique-pour-le-velo-au-quotidien\/#article","isPartOf":{"@id":"https:\/\/www.avant-pays-savoyard.com\/smaps\/reflex-velo-un-guide-pratique-pour-le-velo-au-quotidien\/"},"author":{"name":"SMAPS","@id":"https:\/\/www.avant-pays-savoyard.com\/smaps\/#\/schema\/person\/97c9f75644fa5ca03f84c36512d45878"},"headline":"R\u00e9flex V\u00e9lo : un guide pratique pour le v\u00e9lo au quotidien","datePublished":"2024-06-17T09:13:56+00:00","mainEntityOfPage":{"@id":"https:\/\/www.avant-pays-savoyard.com\/smaps\/reflex-velo-un-guide-pratique-pour-le-velo-au-quotidien\/"},"wordCount":500,"publisher":{"@id":"https:\/\/www.avant-pays-savoyard.com\/smaps\/#organization"},"image":{"@id":"https:\/\/www.avant-pays-savoyard.com\/smaps\/reflex-velo-un-guide-pratique-pour-le-velo-au-quotidien\/#primaryimage"},"thumbnailUrl":"https:\/\/www.avant-pays-savoyard.com\/smaps\/wp-content\/uploads\/2024\/06\/Reflex-Velo-GUIDE-Image-actualite-2.png","articleSection":["\u00c0 la une","Actualit\u00e9s","AVELO2"],"inLanguage":"fr-FR"},{"@type":"WebPage","@id":"https:\/\/www.avant-pays-savoyard.com\/smaps\/reflex-velo-un-guide-pratique-pour-le-velo-au-quotidien\/","url":"https:\/\/www.avant-pays-savoyard.com\/smaps\/reflex-velo-un-guide-pratique-pour-le-velo-au-quotidien\/","name":"R\u00e9flex V\u00e9lo : un guide pratique pour le v\u00e9lo au quotidien | R\u00e9flex V\u00e9lo Guide pratique","isPartOf":{"@id":"https:\/\/www.avant-pays-savoyard.com\/smaps\/#website"},"primaryImageOfPage":{"@id":"https:\/\/www.avant-pays-savoyard.com\/smaps\/reflex-velo-un-guide-pratique-pour-le-velo-au-quotidien\/#primaryimage"},"image":{"@id":"https:\/\/www.avant-pays-savoyard.com\/smaps\/reflex-velo-un-guide-pratique-pour-le-velo-au-quotidien\/#primaryimage"},"thumbnailUrl":"https:\/\/www.avant-pays-savoyard.com\/smaps\/wp-content\/uploads\/2024\/06\/Reflex-Velo-GUIDE-Image-actualite-2.png","datePublished":"2024-06-17T09:13:56+00:00","description":"R\u00e9flex V\u00e9lo : un guide pratique pour le v\u00e9lo au quotidien | R\u00e9flex V\u00e9lo Avant Pays Savoyard Guide pratique","breadcrumb":{"@id":"https:\/\/www.avant-pays-savoyard.com\/smaps\/reflex-velo-un-guide-pratique-pour-le-velo-au-quotidien\/#breadcrumb"},"inLanguage":"fr-FR","potentialAction":[{"@type":"ReadAction","target":["https:\/\/www.avant-pays-savoyard.com\/smaps\/reflex-velo-un-guide-pratique-pour-le-velo-au-quotidien\/"]}]},{"@type":"ImageObject","inLanguage":"fr-FR","@id":"https:\/\/www.avant-pays-savoyard.com\/smaps\/reflex-velo-un-guide-pratique-pour-le-velo-au-quotidien\/#primaryimage","url":"https:\/\/www.avant-pays-savoyard.com\/smaps\/wp-content\/uploads\/2024\/06\/Reflex-Velo-GUIDE-Image-actualite-2.png","contentUrl":"https:\/\/www.avant-pays-savoyard.com\/smaps\/wp-content\/uploads\/2024\/06\/Reflex-Velo-GUIDE-Image-actualite-2.png","width":467,"height":335,"caption":"Reflex Velo Guide pratique Avant Pays Savoyard"},{"@type":"BreadcrumbList","@id":"https:\/\/www.avant-pays-savoyard.com\/smaps\/reflex-velo-un-guide-pratique-pour-le-velo-au-quotidien\/#breadcrumb","itemListElement":[{"@type":"ListItem","position":1,"name":"Accueil","item":"https:\/\/www.avant-pays-savoyard.com\/smaps\/"},{"@type":"ListItem","position":2,"name":"\u00c0 la une","item":"https:\/\/www.avant-pays-savoyard.com\/smaps\/category\/a-la-une\/"},{"@type":"ListItem","position":3,"name":"R\u00e9flex V\u00e9lo : un guide pratique pour le v\u00e9lo au quotidien"}]},{"@type":"WebSite","@id":"https:\/\/www.avant-pays-savoyard.com\/smaps\/#website","url":"https:\/\/www.avant-pays-savoyard.com\/smaps\/","name":"Syndicat Mixte Avant-Pays Savoyard","description":"Site du SMAPS","publisher":{"@id":"https:\/\/www.avant-pays-savoyard.com\/smaps\/#organization"},"potentialAction":[{"@type":"SearchAction","target":{"@type":"EntryPoint","urlTemplate":"https:\/\/www.avant-pays-savoyard.com\/smaps\/?s={search_term_string}"},"query-input":{"@type":"PropertyValueSpecification","valueRequired":true,"valueName":"search_term_string"}}],"inLanguage":"fr-FR"},{"@type":"Organization","@id":"https:\/\/www.avant-pays-savoyard.com\/smaps\/#organization","name":"Avant Pays Savoyard","url":"https:\/\/www.avant-pays-savoyard.com\/smaps\/","logo":{"@type":"ImageObject","inLanguage":"fr-FR","@id":"https:\/\/www.avant-pays-savoyard.com\/smaps\/#\/schema\/logo\/image\/","url":"https:\/\/www.avant-pays-savoyard.com\/smaps\/wp-content\/uploads\/2020\/11\/logo-smaps.png","contentUrl":"https:\/\/www.avant-pays-savoyard.com\/smaps\/wp-content\/uploads\/2020\/11\/logo-smaps.png","width":1617,"height":738,"caption":"Avant Pays Savoyard"},"image":{"@id":"https:\/\/www.avant-pays-savoyard.com\/smaps\/#\/schema\/logo\/image\/"},"sameAs":["https:\/\/www.facebook.com\/philippe.smaps?eid=ARBa3pcAa8gXFS8WNK_PRvsO8QdGpgIOahlkYUZ_fHoQSowEaz5KpN0GqL0PUxNL0ZbTsFwcVmpWqAsm"]},{"@type":"Person","@id":"https:\/\/www.avant-pays-savoyard.com\/smaps\/#\/schema\/person\/97c9f75644fa5ca03f84c36512d45878","name":"SMAPS","image":{"@type":"ImageObject","inLanguage":"fr-FR","@id":"https:\/\/secure.gravatar.com\/avatar\/5f82331f1fbc0b612bc82f92d18052f29701b5b494fd518e67c6c8d7d646b105?s=96&d=mm&r=g","url":"https:\/\/secure.gravatar.com\/avatar\/5f82331f1fbc0b612bc82f92d18052f29701b5b494fd518e67c6c8d7d646b105?s=96&d=mm&r=g","contentUrl":"https:\/\/secure.gravatar.com\/avatar\/5f82331f1fbc0b612bc82f92d18052f29701b5b494fd518e67c6c8d7d646b105?s=96&d=mm&r=g","caption":"SMAPS"}}]}},"publishpress_future_action":{"enabled":false,"date":"2026-05-08 06:50:07","action":"change-status","newStatus":"draft","terms":[],"taxonomy":"category","extraData":[]},"publishpress_future_workflow_manual_trigger":{"enabledWorkflows":[]},"_links":{"self":[{"href":"https:\/\/www.avant-pays-savoyard.com\/smaps\/wp-json\/wp\/v2\/posts\/5695","targetHints":{"allow":["GET"]}}],"collection":[{"href":"https:\/\/www.avant-pays-savoyard.com\/smaps\/wp-json\/wp\/v2\/posts"}],"about":[{"href":"https:\/\/www.avant-pays-savoyard.com\/smaps\/wp-json\/wp\/v2\/types\/post"}],"author":[{"embeddable":true,"href":"https:\/\/www.avant-pays-savoyard.com\/smaps\/wp-json\/wp\/v2\/users\/2"}],"replies":[{"embeddable":true,"href":"https:\/\/www.avant-pays-savoyard.com\/smaps\/wp-json\/wp\/v2\/comments?post=5695"}],"version-history":[{"count":3,"href":"https:\/\/www.avant-pays-savoyard.com\/smaps\/wp-json\/wp\/v2\/posts\/5695\/revisions"}],"predecessor-version":[{"id":5714,"href":"https:\/\/www.avant-pays-savoyard.com\/smaps\/wp-json\/wp\/v2\/posts\/5695\/revisions\/5714"}],"wp:featuredmedia":[{"embeddable":true,"href":"https:\/\/www.avant-pays-savoyard.com\/smaps\/wp-json\/wp\/v2\/media\/5709"}],"wp:attachment":[{"href":"https:\/\/www.avant-pays-savoyard.com\/smaps\/wp-json\/wp\/v2\/media?parent=5695"}],"wp:term":[{"taxonomy":"category","embeddable":true,"href":"https:\/\/www.avant-pays-savoyard.com\/smaps\/wp-json\/wp\/v2\/categories?post=5695"},{"taxonomy":"post_tag","embeddable":true,"href":"https:\/\/www.avant-pays-savoyard.com\/smaps\/wp-json\/wp\/v2\/tags?post=5695"}],"curies":[{"name":"wp","href":"https:\/\/api.w.org\/{rel}","templated":true}]}}