{"id":6053,"date":"2024-10-21T12:34:27","date_gmt":"2024-10-21T10:34:27","guid":{"rendered":"https:\/\/www.avant-pays-savoyard.com\/smaps\/?p=6053"},"modified":"2024-10-21T12:36:45","modified_gmt":"2024-10-21T10:36:45","slug":"defi-a-energie-positive-les-inscriptions-sont-ouvertes","status":"publish","type":"post","link":"https:\/\/www.avant-pays-savoyard.com\/smaps\/defi-a-energie-positive-les-inscriptions-sont-ouvertes\/","title":{"rendered":"D\u00e9fi \u00e0 Energie Positive : les inscriptions sont ouvertes !"},"content":{"rendered":"<p style=\"text-align: center;\"><a href='https:\/\/defis-declics.org\/fr\/mes-defis\/defi-energie-et-eau-du-smaps\/' class='big-button bigblue' target=\"_blank\">CLIQUEZ ICI POUR VOUS INSCRIRE !<\/a>\n<p><img loading=\"lazy\" decoding=\"async\" class=\"alignleft wp-image-6116\" src=\"https:\/\/www.avant-pays-savoyard.com\/smaps\/wp-content\/uploads\/2024\/10\/Affiche-Defi-Energie-Positive-SMAPS-2024-25_page-0001.jpg\" alt=\"\" width=\"474\" height=\"670\" \/><\/p>\n<p>Faites des \u00e9conomies d&rsquo;eau et d&rsquo;\u00e9nergie en participant au D\u00e9fi \u00e0 Energie Positive ! En \u00e9quipe, r\u00e9duisez le plus possible vos consommations d\u2019eau et d\u2019\u00e9nergie \u00e0 travers des gestes du quotidien : cuisine, chauffage, ventilation, \u00e9lectricit\u00e9&#8230; tous les coups sont permis !<\/p>\n<p>Comp\u00e9tition festive, amusante et conviviale, le D\u00e9fi commence le 9 d\u00e9cembre et finit le 9 avril pour une dur\u00e9e de 4 mois. C&rsquo;est l&rsquo;occasion d&rsquo;apprendre des astuces pour faire des \u00e9conomies, \u00e0 travers des visites, de l&rsquo;\u00e9change de pratique, un suivi r\u00e9gulier de vos consommations, la distribution d&rsquo;\u00e9co-kits&#8230; Et tout \u00e7a, dans un esprit bon enfant !<\/p>\n<p>&nbsp;<\/p>\n<p>&nbsp;<\/p>\n<p>&nbsp;<\/p>\n<p>&nbsp;<\/p>\n<p>&nbsp;<\/p>\n<p>&nbsp;<\/p>\n<p>&nbsp;<\/p>\n<p>&nbsp;<\/p>\n<p>Inscriptions ouvertes<strong> jusqu&rsquo;au 18 novembre :<\/strong><\/p>\n<ul>\n<li>au lien suivant : <a href=\"https:\/\/defis-declics.org\/fr\/mes-defis\/defi-energie-et-eau-du-smaps\/\">https:\/\/defis-declics.org\/fr\/mes-defis\/defi-energie-et-eau-du-smaps\/<\/a><\/li>\n<li>par t\u00e9l\u00e9phone : <strong>07 60 10 70 76<\/strong><\/li>\n<li>par mail : <a href=\"mailto:defi-smaps@asder.asso.fr\">defi-smaps@asder.asso.fr<\/a><\/li>\n<\/ul>\n<p>Avec le soutien de : <img loading=\"lazy\" decoding=\"async\" class=\"wp-image-6106 aligncenter\" src=\"https:\/\/www.avant-pays-savoyard.com\/smaps\/wp-content\/uploads\/2024\/10\/Bandeau_AG-Charte_Region-Europe_bleu.png\" alt=\"\" width=\"504\" height=\"55\" \/><img loading=\"lazy\" decoding=\"async\" class=\"wp-image-5651 aligncenter\" src=\"https:\/\/www.avant-pays-savoyard.com\/smaps\/wp-content\/uploads\/2024\/04\/2024_02_logo_dpt73_quadritexte_noir.png\" alt=\"\" width=\"173\" height=\"157\" \/><img loading=\"lazy\" decoding=\"async\" class=\"wp-image-5649 aligncenter\" src=\"https:\/\/www.avant-pays-savoyard.com\/smaps\/wp-content\/uploads\/2024\/04\/eOWKtGkWKPqbxGzHMiM6adL_gywmxKQa.jpg\" alt=\"\" width=\"186\" height=\"129\" srcset=\"https:\/\/www.avant-pays-savoyard.com\/smaps\/wp-content\/uploads\/2024\/04\/eOWKtGkWKPqbxGzHMiM6adL_gywmxKQa.jpg 432w, https:\/\/www.avant-pays-savoyard.com\/smaps\/wp-content\/uploads\/2024\/04\/eOWKtGkWKPqbxGzHMiM6adL_gywmxKQa-300x208.jpg 300w\" sizes=\"(max-width: 186px) 100vw, 186px\" \/><\/p>\n","protected":false},"excerpt":{"rendered":"<p>Faites des \u00e9conomies d&rsquo;eau et d&rsquo;\u00e9nergie en participant au D\u00e9fi \u00e0 Energie Positive ! En \u00e9quipe, r\u00e9duisez le plus possible vos consommations d\u2019eau et d\u2019\u00e9nergie \u00e0 travers des gestes du quotidien : cuisine, chauffage, ventilation, \u00e9lectricit\u00e9&#8230; tous les coups sont permis ! Comp\u00e9tition festive, amusante et conviviale, le D\u00e9fi commence le 9 d\u00e9cembre et finit [&hellip;]<\/p>\n","protected":false},"author":2,"featured_media":6119,"comment_status":"closed","ping_status":"closed","sticky":false,"template":"","format":"standard","meta":{"_et_pb_use_builder":"","_et_pb_old_content":"","_et_gb_content_width":"","_monsterinsights_skip_tracking":false,"_monsterinsights_sitenote_active":false,"_monsterinsights_sitenote_note":"","_monsterinsights_sitenote_category":0,"footnotes":""},"categories":[30,29,6,7,1,10,39,32],"tags":[],"class_list":["post-6053","post","type-post","status-publish","format-standard","has-post-thumbnail","hentry","category-a-la-une","category-actus","category-environnement-et-energie","category-habitat","category-infos-generales","category-leader","category-particuliers","category-tepos"],"yoast_head":"<!-- This site is optimized with the Yoast SEO plugin v27.5 - https:\/\/yoast.com\/product\/yoast-seo-wordpress\/ -->\n<title>D\u00e9fi \u00e0 Energie Positive : les inscriptions sont ouvertes ! | Avant Pays Savoyard<\/title>\n<meta name=\"description\" content=\"D\u00e9fi \u00e0 Energie Positive : les inscriptions sont ouvertes ! | Avant Pays Savoyard\" \/>\n<meta name=\"robots\" content=\"index, follow, max-snippet:-1, max-image-preview:large, max-video-preview:-1\" \/>\n<link rel=\"canonical\" href=\"https:\/\/www.avant-pays-savoyard.com\/smaps\/defi-a-energie-positive-les-inscriptions-sont-ouvertes\/\" \/>\n<meta property=\"og:locale\" content=\"fr_FR\" \/>\n<meta property=\"og:type\" content=\"article\" \/>\n<meta property=\"og:title\" content=\"D\u00e9fi \u00e0 Energie Positive : les inscriptions sont ouvertes ! | Avant Pays Savoyard\" \/>\n<meta property=\"og:description\" content=\"D\u00e9fi \u00e0 Energie Positive : les inscriptions sont ouvertes ! | Avant Pays Savoyard\" \/>\n<meta property=\"og:url\" content=\"https:\/\/www.avant-pays-savoyard.com\/smaps\/defi-a-energie-positive-les-inscriptions-sont-ouvertes\/\" \/>\n<meta property=\"og:site_name\" content=\"Syndicat Mixte Avant-Pays Savoyard\" \/>\n<meta property=\"article:publisher\" content=\"https:\/\/www.facebook.com\/philippe.smaps?eid=ARBa3pcAa8gXFS8WNK_PRvsO8QdGpgIOahlkYUZ_fHoQSowEaz5KpN0GqL0PUxNL0ZbTsFwcVmpWqAsm\" \/>\n<meta property=\"article:published_time\" content=\"2024-10-21T10:34:27+00:00\" \/>\n<meta property=\"article:modified_time\" content=\"2024-10-21T10:36:45+00:00\" \/>\n<meta property=\"og:image\" content=\"https:\/\/www.avant-pays-savoyard.com\/smaps\/wp-content\/uploads\/2024\/10\/Banniere-Defi-Energie-Positive-SMAPS-2024-25-scaled.jpg\" \/>\n\t<meta property=\"og:image:width\" content=\"2560\" \/>\n\t<meta property=\"og:image:height\" content=\"798\" \/>\n\t<meta property=\"og:image:type\" content=\"image\/jpeg\" \/>\n<meta name=\"author\" content=\"SMAPS\" \/>\n<meta name=\"twitter:card\" content=\"summary_large_image\" \/>\n<meta name=\"twitter:label1\" content=\"\u00c9crit par\" \/>\n\t<meta name=\"twitter:data1\" content=\"SMAPS\" \/>\n\t<meta name=\"twitter:label2\" content=\"Dur\u00e9e de lecture estim\u00e9e\" \/>\n\t<meta name=\"twitter:data2\" content=\"2 minutes\" \/>\n<script type=\"application\/ld+json\" class=\"yoast-schema-graph\">{\"@context\":\"https:\\\/\\\/schema.org\",\"@graph\":[{\"@type\":\"Article\",\"@id\":\"https:\\\/\\\/www.avant-pays-savoyard.com\\\/smaps\\\/defi-a-energie-positive-les-inscriptions-sont-ouvertes\\\/#article\",\"isPartOf\":{\"@id\":\"https:\\\/\\\/www.avant-pays-savoyard.com\\\/smaps\\\/defi-a-energie-positive-les-inscriptions-sont-ouvertes\\\/\"},\"author\":{\"name\":\"SMAPS\",\"@id\":\"https:\\\/\\\/www.avant-pays-savoyard.com\\\/smaps\\\/#\\\/schema\\\/person\\\/97c9f75644fa5ca03f84c36512d45878\"},\"headline\":\"D\u00e9fi \u00e0 Energie Positive : les inscriptions sont ouvertes !\",\"datePublished\":\"2024-10-21T10:34:27+00:00\",\"dateModified\":\"2024-10-21T10:36:45+00:00\",\"mainEntityOfPage\":{\"@id\":\"https:\\\/\\\/www.avant-pays-savoyard.com\\\/smaps\\\/defi-a-energie-positive-les-inscriptions-sont-ouvertes\\\/\"},\"wordCount\":167,\"publisher\":{\"@id\":\"https:\\\/\\\/www.avant-pays-savoyard.com\\\/smaps\\\/#organization\"},\"image\":{\"@id\":\"https:\\\/\\\/www.avant-pays-savoyard.com\\\/smaps\\\/defi-a-energie-positive-les-inscriptions-sont-ouvertes\\\/#primaryimage\"},\"thumbnailUrl\":\"https:\\\/\\\/www.avant-pays-savoyard.com\\\/smaps\\\/wp-content\\\/uploads\\\/2024\\\/10\\\/Banniere-Defi-Energie-Positive-SMAPS-2024-25-scaled.jpg\",\"articleSection\":[\"\u00c0 la une\",\"Actualit\u00e9s\",\"Environnement et \u00e9nergie\",\"Habitat\",\"Infos g\u00e9n\u00e9rales\",\"LEADER\",\"Particuliers\",\"TEPOS\"],\"inLanguage\":\"fr-FR\"},{\"@type\":\"WebPage\",\"@id\":\"https:\\\/\\\/www.avant-pays-savoyard.com\\\/smaps\\\/defi-a-energie-positive-les-inscriptions-sont-ouvertes\\\/\",\"url\":\"https:\\\/\\\/www.avant-pays-savoyard.com\\\/smaps\\\/defi-a-energie-positive-les-inscriptions-sont-ouvertes\\\/\",\"name\":\"D\u00e9fi \u00e0 Energie Positive : les inscriptions sont ouvertes ! | Avant Pays Savoyard\",\"isPartOf\":{\"@id\":\"https:\\\/\\\/www.avant-pays-savoyard.com\\\/smaps\\\/#website\"},\"primaryImageOfPage\":{\"@id\":\"https:\\\/\\\/www.avant-pays-savoyard.com\\\/smaps\\\/defi-a-energie-positive-les-inscriptions-sont-ouvertes\\\/#primaryimage\"},\"image\":{\"@id\":\"https:\\\/\\\/www.avant-pays-savoyard.com\\\/smaps\\\/defi-a-energie-positive-les-inscriptions-sont-ouvertes\\\/#primaryimage\"},\"thumbnailUrl\":\"https:\\\/\\\/www.avant-pays-savoyard.com\\\/smaps\\\/wp-content\\\/uploads\\\/2024\\\/10\\\/Banniere-Defi-Energie-Positive-SMAPS-2024-25-scaled.jpg\",\"datePublished\":\"2024-10-21T10:34:27+00:00\",\"dateModified\":\"2024-10-21T10:36:45+00:00\",\"description\":\"D\u00e9fi \u00e0 Energie Positive : les inscriptions sont ouvertes ! | Avant Pays Savoyard\",\"breadcrumb\":{\"@id\":\"https:\\\/\\\/www.avant-pays-savoyard.com\\\/smaps\\\/defi-a-energie-positive-les-inscriptions-sont-ouvertes\\\/#breadcrumb\"},\"inLanguage\":\"fr-FR\",\"potentialAction\":[{\"@type\":\"ReadAction\",\"target\":[\"https:\\\/\\\/www.avant-pays-savoyard.com\\\/smaps\\\/defi-a-energie-positive-les-inscriptions-sont-ouvertes\\\/\"]}]},{\"@type\":\"ImageObject\",\"inLanguage\":\"fr-FR\",\"@id\":\"https:\\\/\\\/www.avant-pays-savoyard.com\\\/smaps\\\/defi-a-energie-positive-les-inscriptions-sont-ouvertes\\\/#primaryimage\",\"url\":\"https:\\\/\\\/www.avant-pays-savoyard.com\\\/smaps\\\/wp-content\\\/uploads\\\/2024\\\/10\\\/Banniere-Defi-Energie-Positive-SMAPS-2024-25-scaled.jpg\",\"contentUrl\":\"https:\\\/\\\/www.avant-pays-savoyard.com\\\/smaps\\\/wp-content\\\/uploads\\\/2024\\\/10\\\/Banniere-Defi-Energie-Positive-SMAPS-2024-25-scaled.jpg\",\"width\":2560,\"height\":798},{\"@type\":\"BreadcrumbList\",\"@id\":\"https:\\\/\\\/www.avant-pays-savoyard.com\\\/smaps\\\/defi-a-energie-positive-les-inscriptions-sont-ouvertes\\\/#breadcrumb\",\"itemListElement\":[{\"@type\":\"ListItem\",\"position\":1,\"name\":\"Accueil\",\"item\":\"https:\\\/\\\/www.avant-pays-savoyard.com\\\/smaps\\\/\"},{\"@type\":\"ListItem\",\"position\":2,\"name\":\"Infos g\u00e9n\u00e9rales\",\"item\":\"https:\\\/\\\/www.avant-pays-savoyard.com\\\/smaps\\\/category\\\/infos-generales\\\/\"},{\"@type\":\"ListItem\",\"position\":3,\"name\":\"D\u00e9fi \u00e0 Energie Positive : les inscriptions sont ouvertes !\"}]},{\"@type\":\"WebSite\",\"@id\":\"https:\\\/\\\/www.avant-pays-savoyard.com\\\/smaps\\\/#website\",\"url\":\"https:\\\/\\\/www.avant-pays-savoyard.com\\\/smaps\\\/\",\"name\":\"Syndicat Mixte Avant-Pays Savoyard\",\"description\":\"Site du SMAPS\",\"publisher\":{\"@id\":\"https:\\\/\\\/www.avant-pays-savoyard.com\\\/smaps\\\/#organization\"},\"potentialAction\":[{\"@type\":\"SearchAction\",\"target\":{\"@type\":\"EntryPoint\",\"urlTemplate\":\"https:\\\/\\\/www.avant-pays-savoyard.com\\\/smaps\\\/?s={search_term_string}\"},\"query-input\":{\"@type\":\"PropertyValueSpecification\",\"valueRequired\":true,\"valueName\":\"search_term_string\"}}],\"inLanguage\":\"fr-FR\"},{\"@type\":\"Organization\",\"@id\":\"https:\\\/\\\/www.avant-pays-savoyard.com\\\/smaps\\\/#organization\",\"name\":\"Avant Pays Savoyard\",\"url\":\"https:\\\/\\\/www.avant-pays-savoyard.com\\\/smaps\\\/\",\"logo\":{\"@type\":\"ImageObject\",\"inLanguage\":\"fr-FR\",\"@id\":\"https:\\\/\\\/www.avant-pays-savoyard.com\\\/smaps\\\/#\\\/schema\\\/logo\\\/image\\\/\",\"url\":\"https:\\\/\\\/www.avant-pays-savoyard.com\\\/smaps\\\/wp-content\\\/uploads\\\/2020\\\/11\\\/logo-smaps.png\",\"contentUrl\":\"https:\\\/\\\/www.avant-pays-savoyard.com\\\/smaps\\\/wp-content\\\/uploads\\\/2020\\\/11\\\/logo-smaps.png\",\"width\":1617,\"height\":738,\"caption\":\"Avant Pays Savoyard\"},\"image\":{\"@id\":\"https:\\\/\\\/www.avant-pays-savoyard.com\\\/smaps\\\/#\\\/schema\\\/logo\\\/image\\\/\"},\"sameAs\":[\"https:\\\/\\\/www.facebook.com\\\/philippe.smaps?eid=ARBa3pcAa8gXFS8WNK_PRvsO8QdGpgIOahlkYUZ_fHoQSowEaz5KpN0GqL0PUxNL0ZbTsFwcVmpWqAsm\"]},{\"@type\":\"Person\",\"@id\":\"https:\\\/\\\/www.avant-pays-savoyard.com\\\/smaps\\\/#\\\/schema\\\/person\\\/97c9f75644fa5ca03f84c36512d45878\",\"name\":\"SMAPS\",\"image\":{\"@type\":\"ImageObject\",\"inLanguage\":\"fr-FR\",\"@id\":\"https:\\\/\\\/secure.gravatar.com\\\/avatar\\\/5f82331f1fbc0b612bc82f92d18052f29701b5b494fd518e67c6c8d7d646b105?s=96&d=mm&r=g\",\"url\":\"https:\\\/\\\/secure.gravatar.com\\\/avatar\\\/5f82331f1fbc0b612bc82f92d18052f29701b5b494fd518e67c6c8d7d646b105?s=96&d=mm&r=g\",\"contentUrl\":\"https:\\\/\\\/secure.gravatar.com\\\/avatar\\\/5f82331f1fbc0b612bc82f92d18052f29701b5b494fd518e67c6c8d7d646b105?s=96&d=mm&r=g\",\"caption\":\"SMAPS\"}}]}<\/script>\n<!-- \/ Yoast SEO plugin. -->","yoast_head_json":{"title":"D\u00e9fi \u00e0 Energie Positive : les inscriptions sont ouvertes ! | Avant Pays Savoyard","description":"D\u00e9fi \u00e0 Energie Positive : les inscriptions sont ouvertes ! | Avant Pays Savoyard","robots":{"index":"index","follow":"follow","max-snippet":"max-snippet:-1","max-image-preview":"max-image-preview:large","max-video-preview":"max-video-preview:-1"},"canonical":"https:\/\/www.avant-pays-savoyard.com\/smaps\/defi-a-energie-positive-les-inscriptions-sont-ouvertes\/","og_locale":"fr_FR","og_type":"article","og_title":"D\u00e9fi \u00e0 Energie Positive : les inscriptions sont ouvertes ! | Avant Pays Savoyard","og_description":"D\u00e9fi \u00e0 Energie Positive : les inscriptions sont ouvertes ! | Avant Pays Savoyard","og_url":"https:\/\/www.avant-pays-savoyard.com\/smaps\/defi-a-energie-positive-les-inscriptions-sont-ouvertes\/","og_site_name":"Syndicat Mixte Avant-Pays Savoyard","article_publisher":"https:\/\/www.facebook.com\/philippe.smaps?eid=ARBa3pcAa8gXFS8WNK_PRvsO8QdGpgIOahlkYUZ_fHoQSowEaz5KpN0GqL0PUxNL0ZbTsFwcVmpWqAsm","article_published_time":"2024-10-21T10:34:27+00:00","article_modified_time":"2024-10-21T10:36:45+00:00","og_image":[{"width":2560,"height":798,"url":"https:\/\/www.avant-pays-savoyard.com\/smaps\/wp-content\/uploads\/2024\/10\/Banniere-Defi-Energie-Positive-SMAPS-2024-25-scaled.jpg","type":"image\/jpeg"}],"author":"SMAPS","twitter_card":"summary_large_image","twitter_misc":{"\u00c9crit par":"SMAPS","Dur\u00e9e de lecture estim\u00e9e":"2 minutes"},"schema":{"@context":"https:\/\/schema.org","@graph":[{"@type":"Article","@id":"https:\/\/www.avant-pays-savoyard.com\/smaps\/defi-a-energie-positive-les-inscriptions-sont-ouvertes\/#article","isPartOf":{"@id":"https:\/\/www.avant-pays-savoyard.com\/smaps\/defi-a-energie-positive-les-inscriptions-sont-ouvertes\/"},"author":{"name":"SMAPS","@id":"https:\/\/www.avant-pays-savoyard.com\/smaps\/#\/schema\/person\/97c9f75644fa5ca03f84c36512d45878"},"headline":"D\u00e9fi \u00e0 Energie Positive : les inscriptions sont ouvertes !","datePublished":"2024-10-21T10:34:27+00:00","dateModified":"2024-10-21T10:36:45+00:00","mainEntityOfPage":{"@id":"https:\/\/www.avant-pays-savoyard.com\/smaps\/defi-a-energie-positive-les-inscriptions-sont-ouvertes\/"},"wordCount":167,"publisher":{"@id":"https:\/\/www.avant-pays-savoyard.com\/smaps\/#organization"},"image":{"@id":"https:\/\/www.avant-pays-savoyard.com\/smaps\/defi-a-energie-positive-les-inscriptions-sont-ouvertes\/#primaryimage"},"thumbnailUrl":"https:\/\/www.avant-pays-savoyard.com\/smaps\/wp-content\/uploads\/2024\/10\/Banniere-Defi-Energie-Positive-SMAPS-2024-25-scaled.jpg","articleSection":["\u00c0 la une","Actualit\u00e9s","Environnement et \u00e9nergie","Habitat","Infos g\u00e9n\u00e9rales","LEADER","Particuliers","TEPOS"],"inLanguage":"fr-FR"},{"@type":"WebPage","@id":"https:\/\/www.avant-pays-savoyard.com\/smaps\/defi-a-energie-positive-les-inscriptions-sont-ouvertes\/","url":"https:\/\/www.avant-pays-savoyard.com\/smaps\/defi-a-energie-positive-les-inscriptions-sont-ouvertes\/","name":"D\u00e9fi \u00e0 Energie Positive : les inscriptions sont ouvertes ! | Avant Pays Savoyard","isPartOf":{"@id":"https:\/\/www.avant-pays-savoyard.com\/smaps\/#website"},"primaryImageOfPage":{"@id":"https:\/\/www.avant-pays-savoyard.com\/smaps\/defi-a-energie-positive-les-inscriptions-sont-ouvertes\/#primaryimage"},"image":{"@id":"https:\/\/www.avant-pays-savoyard.com\/smaps\/defi-a-energie-positive-les-inscriptions-sont-ouvertes\/#primaryimage"},"thumbnailUrl":"https:\/\/www.avant-pays-savoyard.com\/smaps\/wp-content\/uploads\/2024\/10\/Banniere-Defi-Energie-Positive-SMAPS-2024-25-scaled.jpg","datePublished":"2024-10-21T10:34:27+00:00","dateModified":"2024-10-21T10:36:45+00:00","description":"D\u00e9fi \u00e0 Energie Positive : les inscriptions sont ouvertes ! | Avant Pays Savoyard","breadcrumb":{"@id":"https:\/\/www.avant-pays-savoyard.com\/smaps\/defi-a-energie-positive-les-inscriptions-sont-ouvertes\/#breadcrumb"},"inLanguage":"fr-FR","potentialAction":[{"@type":"ReadAction","target":["https:\/\/www.avant-pays-savoyard.com\/smaps\/defi-a-energie-positive-les-inscriptions-sont-ouvertes\/"]}]},{"@type":"ImageObject","inLanguage":"fr-FR","@id":"https:\/\/www.avant-pays-savoyard.com\/smaps\/defi-a-energie-positive-les-inscriptions-sont-ouvertes\/#primaryimage","url":"https:\/\/www.avant-pays-savoyard.com\/smaps\/wp-content\/uploads\/2024\/10\/Banniere-Defi-Energie-Positive-SMAPS-2024-25-scaled.jpg","contentUrl":"https:\/\/www.avant-pays-savoyard.com\/smaps\/wp-content\/uploads\/2024\/10\/Banniere-Defi-Energie-Positive-SMAPS-2024-25-scaled.jpg","width":2560,"height":798},{"@type":"BreadcrumbList","@id":"https:\/\/www.avant-pays-savoyard.com\/smaps\/defi-a-energie-positive-les-inscriptions-sont-ouvertes\/#breadcrumb","itemListElement":[{"@type":"ListItem","position":1,"name":"Accueil","item":"https:\/\/www.avant-pays-savoyard.com\/smaps\/"},{"@type":"ListItem","position":2,"name":"Infos g\u00e9n\u00e9rales","item":"https:\/\/www.avant-pays-savoyard.com\/smaps\/category\/infos-generales\/"},{"@type":"ListItem","position":3,"name":"D\u00e9fi \u00e0 Energie Positive : les inscriptions sont ouvertes !"}]},{"@type":"WebSite","@id":"https:\/\/www.avant-pays-savoyard.com\/smaps\/#website","url":"https:\/\/www.avant-pays-savoyard.com\/smaps\/","name":"Syndicat Mixte Avant-Pays Savoyard","description":"Site du SMAPS","publisher":{"@id":"https:\/\/www.avant-pays-savoyard.com\/smaps\/#organization"},"potentialAction":[{"@type":"SearchAction","target":{"@type":"EntryPoint","urlTemplate":"https:\/\/www.avant-pays-savoyard.com\/smaps\/?s={search_term_string}"},"query-input":{"@type":"PropertyValueSpecification","valueRequired":true,"valueName":"search_term_string"}}],"inLanguage":"fr-FR"},{"@type":"Organization","@id":"https:\/\/www.avant-pays-savoyard.com\/smaps\/#organization","name":"Avant Pays Savoyard","url":"https:\/\/www.avant-pays-savoyard.com\/smaps\/","logo":{"@type":"ImageObject","inLanguage":"fr-FR","@id":"https:\/\/www.avant-pays-savoyard.com\/smaps\/#\/schema\/logo\/image\/","url":"https:\/\/www.avant-pays-savoyard.com\/smaps\/wp-content\/uploads\/2020\/11\/logo-smaps.png","contentUrl":"https:\/\/www.avant-pays-savoyard.com\/smaps\/wp-content\/uploads\/2020\/11\/logo-smaps.png","width":1617,"height":738,"caption":"Avant Pays Savoyard"},"image":{"@id":"https:\/\/www.avant-pays-savoyard.com\/smaps\/#\/schema\/logo\/image\/"},"sameAs":["https:\/\/www.facebook.com\/philippe.smaps?eid=ARBa3pcAa8gXFS8WNK_PRvsO8QdGpgIOahlkYUZ_fHoQSowEaz5KpN0GqL0PUxNL0ZbTsFwcVmpWqAsm"]},{"@type":"Person","@id":"https:\/\/www.avant-pays-savoyard.com\/smaps\/#\/schema\/person\/97c9f75644fa5ca03f84c36512d45878","name":"SMAPS","image":{"@type":"ImageObject","inLanguage":"fr-FR","@id":"https:\/\/secure.gravatar.com\/avatar\/5f82331f1fbc0b612bc82f92d18052f29701b5b494fd518e67c6c8d7d646b105?s=96&d=mm&r=g","url":"https:\/\/secure.gravatar.com\/avatar\/5f82331f1fbc0b612bc82f92d18052f29701b5b494fd518e67c6c8d7d646b105?s=96&d=mm&r=g","contentUrl":"https:\/\/secure.gravatar.com\/avatar\/5f82331f1fbc0b612bc82f92d18052f29701b5b494fd518e67c6c8d7d646b105?s=96&d=mm&r=g","caption":"SMAPS"}}]}},"publishpress_future_action":{"enabled":false,"date":"2026-05-08 00:48:48","action":"change-status","newStatus":"draft","terms":[],"taxonomy":"category","extraData":[]},"publishpress_future_workflow_manual_trigger":{"enabledWorkflows":[]},"_links":{"self":[{"href":"https:\/\/www.avant-pays-savoyard.com\/smaps\/wp-json\/wp\/v2\/posts\/6053","targetHints":{"allow":["GET"]}}],"collection":[{"href":"https:\/\/www.avant-pays-savoyard.com\/smaps\/wp-json\/wp\/v2\/posts"}],"about":[{"href":"https:\/\/www.avant-pays-savoyard.com\/smaps\/wp-json\/wp\/v2\/types\/post"}],"author":[{"embeddable":true,"href":"https:\/\/www.avant-pays-savoyard.com\/smaps\/wp-json\/wp\/v2\/users\/2"}],"replies":[{"embeddable":true,"href":"https:\/\/www.avant-pays-savoyard.com\/smaps\/wp-json\/wp\/v2\/comments?post=6053"}],"version-history":[{"count":8,"href":"https:\/\/www.avant-pays-savoyard.com\/smaps\/wp-json\/wp\/v2\/posts\/6053\/revisions"}],"predecessor-version":[{"id":6121,"href":"https:\/\/www.avant-pays-savoyard.com\/smaps\/wp-json\/wp\/v2\/posts\/6053\/revisions\/6121"}],"wp:featuredmedia":[{"embeddable":true,"href":"https:\/\/www.avant-pays-savoyard.com\/smaps\/wp-json\/wp\/v2\/media\/6119"}],"wp:attachment":[{"href":"https:\/\/www.avant-pays-savoyard.com\/smaps\/wp-json\/wp\/v2\/media?parent=6053"}],"wp:term":[{"taxonomy":"category","embeddable":true,"href":"https:\/\/www.avant-pays-savoyard.com\/smaps\/wp-json\/wp\/v2\/categories?post=6053"},{"taxonomy":"post_tag","embeddable":true,"href":"https:\/\/www.avant-pays-savoyard.com\/smaps\/wp-json\/wp\/v2\/tags?post=6053"}],"curies":[{"name":"wp","href":"https:\/\/api.w.org\/{rel}","templated":true}]}}