{"id":6240,"date":"2025-01-09T12:03:10","date_gmt":"2025-01-09T11:03:10","guid":{"rendered":"https:\/\/www.avant-pays-savoyard.com\/smaps\/?p=6240"},"modified":"2025-01-31T14:48:18","modified_gmt":"2025-01-31T13:48:18","slug":"reflex-veli-avant-pays-savoyard","status":"publish","type":"post","link":"https:\/\/www.avant-pays-savoyard.com\/smaps\/reflex-veli-avant-pays-savoyard\/","title":{"rendered":"Lancement du R\u00e9flex V\u00e9li, appel \u00e0 volontaires pour tester des v\u00e9hicules l\u00e9gers en 2025"},"content":{"rendered":"<h2>R\u00e9flex V\u00e9li\u2026 et si on testait les mobilit\u00e9s de demain, d\u00e8s aujourd&rsquo;hui ?<\/h2>\n<p>Le Syndicat Mixte de l&rsquo;Avant-Pays Savoyard souhaite proposer \u00e0 ses habitants d&rsquo;ouvrir le champ des possibles en mati\u00e8re de d\u00e9placement en territoire rural, au-del\u00e0 de la voiture individuelle classique, trop souvent prise \u00e0 d\u00e9faut, qui revient cher aux m\u00e9nages, encombre les routes et engendre des effets n\u00e9gatifs sur l&rsquo;environnement. Et si de nouveaux v\u00e9hicules nous permettaient de nous d\u00e9placer aussi efficacement, tout en \u00e9tant plus sobres et moins co\u00fbteux ? Ici comme dans 100 territoires en France, on esp\u00e8re de nombreux volontaires pour faire figure de pionniers dans ces nouvelles mobilit\u00e9s&#8230;.<\/p>\n<a href='https:\/\/forms.gle\/W1JuGKz7d7TwScgm6' class='big-button bigorange' target=\"_blank\">Candidatez ici<\/a>\n<h3>Qu&rsquo;est-ce qu&rsquo;un VELI ?<\/h3>\n<p><strong>Les VELI (V\u00e9hicules l\u00e9gers interm\u00e9diaires) sont des v\u00e9hicules \u00e0 mi chemin entre le v\u00e9lo et la voiture.<\/strong> Il font 1000x mieux que la voiture en \u00e9tant 10 fois moins co\u00fbteux, 10 fois plus durables, 10 fois plus l\u00e9gers, 10 fois plus simples (\u00e0 construire et entretenir) et 10 fois moins puissants. Ils r\u00e9pondent \u00e0 la plupart des besoins du quotidien et peuvent efficacement remplacer une voiture. Il en existe de toutes sortes, ainsi chacun peut trouver le v\u00e9hicule adapt\u00e9 \u00e0 ses besoins.Vous en voyez sur les routes depuis quelques ann\u00e9es d\u00e9j\u00e0 : Citro\u00ebn Ami, Renault Twizy, mais aussi les v\u00e9lo-cargos bi ou triporteurs&#8230;Voir plus d&rsquo;informations sur les VELI sur <a href=\"http:\/\/www.aveli.org\">www.aveli.org<\/a><\/p>\n<h3>Appel \u00e0 volontaires pour le test des VELIs en 2025<\/h3>\n<p>Tester d\u00e8s aujourd&rsquo;hui des v\u00e9hicules l\u00e9gers \u00e0 assistance \u00e9lectrique, pour d\u00e9montrer tout le potentiel de cette nouvelle fili\u00e8re fran\u00e7aise en devenir (dont plusieurs entreprises locales qui les produisent ! Ce dispositif doit permettre \u00e0 plusieurs volontaires de tester, gratuitement et pendant 1 mois, tout en \u00e9tant accompagn\u00e9, des VELIs au quotidien : pour des trajets locaux en Avant-Pays Savoyard, domicile-travail ; RDV divers ou courses ; trajets domicile &#8211; \u00e9cole etc. Ouvert aux candidatures de tous les habitants du territoire<\/p>\n<h3>Des volontaires pour tester &#8230;<\/h3>\n<p>Vous \u00eates sensibles \u00e0 changer de mode de d\u00e9placement ? Vous \u00eates un aventurier testeur ? Vous avez essay\u00e9 un VAE et \u00e7a vous a d\u00e9j\u00e0 plu ? Alors c&rsquo;est le moment de candidater pour une exp\u00e9rience unique \u00e0 bord d&rsquo;un VELI ! Le test vous permettra de nouvelles sensations et regards sur vos d\u00e9placements du quotidien. L&rsquo;occasion aussi de vous engager concr\u00e8tement et partager les retours de votre exp\u00e9rience vers les habitants, vers les constructeurs de ces v\u00e9hicules et pour votre territoire.<\/p>\n<h3>Testez le VELI adapt\u00e9 \u00e0 vos besoins<\/h3>\n<table style=\"border-collapse: collapse; width: 100%;\">\n<tbody>\n<tr>\n<td style=\"width: 50%;\">\n<h4>Le Cargo-Bergamont<\/h4>\n<p><img loading=\"lazy\" decoding=\"async\" class=\"alignleft  wp-image-6328\" src=\"https:\/\/www.avant-pays-savoyard.com\/smaps\/wp-content\/uploads\/2025\/01\/bergamont.png\" alt=\"\" width=\"356\" height=\"416\" \/><\/p>\n<p>V\u00e9lo Cargo \u00e0 25km\/h, il peut transporter deux enfants et\/ou du cghargement (max 190 kg tout compris)<br \/>\n\u00c9quipe de 2 ceintures de s\u00e9curit\u00e9 enfant + capote de protection de pluie<br \/>\n40 \u00e0 70 km d&rsquo;autonomie<br \/>\nCadenas, casque fourni<br \/>\nP\u00e8se 100 kg<br \/>\n<a href=\"https:\/\/www.bergamont.com\/fr\/fr\/products\/bergamont-bikes-ecargo\">Site du fabricant<\/a><\/td>\n<td style=\"width: 50%;\">\n<h4>L&rsquo;Acticyle<\/h4>\n<p><img loading=\"lazy\" decoding=\"async\" class=\"alignleft  wp-image-6327\" src=\"https:\/\/www.avant-pays-savoyard.com\/smaps\/wp-content\/uploads\/2025\/01\/acticycle.png\" alt=\"\" width=\"327\" height=\"381\" \/><\/p>\n<p>V\u00e9li actif \u00e0 assistance \u00e9lectrique actuellement en phase d&rsquo;homologation. Ultra-l\u00e9ger \u00e0 p\u00e9dales, de 2 \u00e0 3 places, disponible en version 25km\/h.<br \/>\nAutonomie de 100km<br \/>\nP\u00e8se 100kg<br \/>\n<a href=\"https:\/\/acticycle.fr\">Site du fabricant<\/a><\/td>\n<\/tr>\n<\/tbody>\n<\/table>\n<h3>Si je suis s\u00e9lectionn\u00e9(e), comment \u00e7a va fonctionner ?<\/h3>\n<p>Le Syndicat Mixte de l&rsquo;Avant-Pays Savoyard vous donnera RDV sur un point pr\u00e9cis central du territoire. Un animateur de l&rsquo;Agence \u00e9comobilit\u00e9 vous accompagnera dans la prise en main du v\u00e9hicule pour une dur\u00e9e de deux heures. Une convention de pr\u00eat gratuit sera sign\u00e9e, une caution non encaiss\u00e9e sera remise (500 \u20ac), seule votre Assurance Responsabilit\u00e9 Civile sera n\u00e9cessaire. En tous temps du test, La Fabrique des Mobilit\u00e9s mobilisera un animateur en cas de besoin technique li\u00e9 au fonctionnement du v\u00e9hicule.<\/p>\n<h3>Ou pourrais-je rouler avec ce v\u00e9hicule ? Est-il bien homologu\u00e9 ?<\/h3>\n<p>Ces v\u00e9hicules b\u00e9n\u00e9ficient du droit \u00e0 rouler \u00e0 titre exp\u00e9rimental. Ils font partie de la cat\u00e9gorie Cycle, et \u00e0 ce titre b\u00e9n\u00e9ficient des m\u00eames droits que les v\u00e9los. A la prise en main nous vous conseillerons sur les meilleurs choix d&rsquo;itin\u00e9raires en fonction de vos possibles d\u00e9placements r\u00e9guliers. Ils sont par ailleurs tout \u00e0 fait r\u00e9glementaires et assur\u00e9s contre le vol le bri. <strong>Seule votre Assurance Responsabilit\u00e9 Civile sera n\u00e9cessaire.<\/strong><\/p>\n<h3>10 fois plus de raisons de se mettre au VELI !<\/h3>\n<p>Les objectifs g\u00e9n\u00e9raux consistent \u00e0 faire 1000 fois mieux que la voiture au quotidien par une collection d&rsquo;objets roulants v\u00e9hiculant 1 \u00e0 2 personnes et une charge de 100kg ou bien 3 personnes et leurs sacs.<\/p>\n<ul>\n<li><strong>10 fois moins co\u00fbteux par rapport \u00e0 une automobile (0,6 \u00e0 0,8 \u20ac\/km pour 10000 km\/an<\/strong> d&rsquo;apr\u00e8s A.C.F.) en int\u00e9grant l&rsquo;ensemble des d\u00e9penses gr\u00e2ce \u00e0 un embarquement de batterie minimaliste, l&rsquo;utilisation de composant standardis\u00e9, mutualis\u00e9 entre diff\u00e9rents v\u00e9hicules et une conception permettant de garantir une longue dur\u00e9e de vie, donc une faible perte de valeur dans le temps,<\/li>\n<li><strong>10 fois plus durable en visant une tr\u00e8s haute recyclabilit\u00e9, capacit\u00e9 \u00e0 \u00eatre r\u00e9par\u00e9, reconditionn\u00e9<\/strong> pour avoir plusieurs vies, plusieurs usages. La dur\u00e9e de vie moyenne d&rsquo;une voiture est de 13 ans et l&rsquo;\u00e2ge moyen du parc automobile est de 11 ans.<\/li>\n<li><strong>10 fois plus l\u00e9ger<\/strong> pour r\u00e9duire fortement le besoin de batterie, la consommation d&rsquo;\u00e9nergie donc les co\u00fbts. La masse moyenne des voitures neuves vendues en 2019 est 1240kg. Ce crit\u00e8re est essentiel pour atteindre la neutralit\u00e9 carbone.<\/li>\n<li><strong>10 fois plus simple en travaillant l&rsquo;\u00e9coconception<\/strong> pour r\u00e9duire le nombre de composant, avoir des assemblages d\u00e9montables, utiliser au maximum des standards et travailler collectivement sur l&rsquo;interop\u00e9rabilit\u00e9.<\/li>\n<li><strong>10 fois moins puissant gr\u00e2ce \u00e0 un v\u00e9hicule l\u00e9ger et efficient<\/strong> mais \u00e9galement avec des vitesses maxi adapt\u00e9es aux besoins et aux territoires entre 25 et 80 km\/h.<br \/>\npour la m\u00eame vitesse moyenne de circulation<\/li>\n<\/ul>\n<h3>Comment candidater ?<\/h3>\n<ul>\n<li><strong>D\u00e8s maintenant et toute l&rsquo;ann\u00e9e 2025<\/strong> : <a href=\"https:\/\/forms.gle\/W1JuGKz7d7TwScgm6\">https:\/\/forms.gle\/W1JuGKz7d7TwScgm6<\/a><\/li>\n<li>S\u00e9lection selon crit\u00e8re d&rsquo;\u00e9lligibili\u00e9 (\u00eatre majeur et r\u00e9sident du territoire Avant-Pays Savoyard), selon vari\u00e9t\u00e9 des cas d&rsquo;usages, et selon possibilit\u00e9s de stockage et de recharge des v\u00e9hicules \u00e0 domicile<\/li>\n<li><strong>Une r\u00e9ponse vous sera apport\u00e9e par t\u00e9l\u00e9phone ou mail le cas \u00e9ch\u00e9ant le mois suivant votre candidature.<\/strong><\/li>\n<\/ul>\n<h3>Pour plus d&rsquo;informations :<\/h3>\n<p>D\u00e9couvrez en plus sur le programme <strong>Territoires d&rsquo;Exp\u00e9rimentation de l&rsquo;eXtr\u00eame D\u00e9fi de l&rsquo;Ademe :<br \/>\n<\/strong><\/p>\n<p><a href=\"https:\/\/xd.ademe.fr\/\"><img loading=\"lazy\" decoding=\"async\" class=\"size-full wp-image-6241 aligncenter\" src=\"https:\/\/www.avant-pays-savoyard.com\/smaps\/wp-content\/uploads\/2025\/01\/68302_889425.webp\" alt=\"\" width=\"300\" height=\"79\" \/><\/a><\/p>\n<h2>D\u00e9couvrez en plus sur la Nouvelle Aventure Mobile en France :<\/h2>\n<p>Une s\u00e9rie passionnante de vid\u00e9os \u00e0 la d\u00e9couverte de cette industrie \u00e9mergente des v\u00e9hicules interm\u00e9diaires en France<\/p>\n<p><iframe loading=\"lazy\" title=\"La Nouvelle Aventure Mobile - Teaser\" width=\"1080\" height=\"608\" src=\"https:\/\/www.youtube.com\/embed\/xIrynrlvqGQ?list=PL3fWjGB5YMqbPTeHZYfn4O2HeYmV-tvBY\"  allow=\"accelerometer; autoplay; clipboard-write; encrypted-media; gyroscope; picture-in-picture; web-share\" referrerpolicy=\"strict-origin-when-cross-origin\" allowfullscreen><\/iframe><\/p>\n","protected":false},"excerpt":{"rendered":"<p>R\u00e9flex V\u00e9li\u2026 et si on testait les mobilit\u00e9s de demain, d\u00e8s aujourd&rsquo;hui ? Le Syndicat Mixte de l&rsquo;Avant-Pays Savoyard souhaite proposer \u00e0 ses habitants d&rsquo;ouvrir le champ des possibles en mati\u00e8re de d\u00e9placement en territoire rural, au-del\u00e0 de la voiture individuelle classique, trop souvent prise \u00e0 d\u00e9faut, qui revient cher aux m\u00e9nages, encombre les routes [&hellip;]<\/p>\n","protected":false},"author":2,"featured_media":6322,"comment_status":"closed","ping_status":"closed","sticky":false,"template":"","format":"standard","meta":{"_et_pb_use_builder":"","_et_pb_old_content":"","_et_gb_content_width":"","_monsterinsights_skip_tracking":false,"_monsterinsights_sitenote_active":false,"_monsterinsights_sitenote_note":"","_monsterinsights_sitenote_category":0,"footnotes":""},"categories":[30,29],"tags":[],"class_list":["post-6240","post","type-post","status-publish","format-standard","has-post-thumbnail","hentry","category-a-la-une","category-actus"],"yoast_head":"<!-- This site is optimized with the Yoast SEO plugin v27.5 - https:\/\/yoast.com\/product\/yoast-seo-wordpress\/ -->\n<title>Lancement du R\u00e9flex V\u00e9li, appel \u00e0 volontaires pour tester des v\u00e9hicules l\u00e9gers en 2025 | Reflex V\u00e9li appel a volontaires<\/title>\n<meta name=\"description\" content=\"Lancement du R\u00e9flex V\u00e9li, appel \u00e0 volontaires pour tester des v\u00e9hicules l\u00e9gers en 2025 | Avant Pays Savoyard\" \/>\n<meta name=\"robots\" content=\"index, follow, max-snippet:-1, max-image-preview:large, max-video-preview:-1\" \/>\n<link rel=\"canonical\" href=\"https:\/\/www.avant-pays-savoyard.com\/smaps\/reflex-veli-avant-pays-savoyard\/\" \/>\n<meta property=\"og:locale\" content=\"fr_FR\" \/>\n<meta property=\"og:type\" content=\"article\" \/>\n<meta property=\"og:title\" content=\"Lancement du R\u00e9flex V\u00e9li, appel \u00e0 volontaires pour tester des v\u00e9hicules l\u00e9gers en 2025 | Reflex V\u00e9li appel a volontaires\" \/>\n<meta property=\"og:description\" content=\"Lancement du R\u00e9flex V\u00e9li, appel \u00e0 volontaires pour tester des v\u00e9hicules l\u00e9gers en 2025 | Avant Pays Savoyard\" \/>\n<meta property=\"og:url\" content=\"https:\/\/www.avant-pays-savoyard.com\/smaps\/reflex-veli-avant-pays-savoyard\/\" \/>\n<meta property=\"og:site_name\" content=\"Syndicat Mixte Avant-Pays Savoyard\" \/>\n<meta property=\"article:publisher\" content=\"https:\/\/www.facebook.com\/philippe.smaps?eid=ARBa3pcAa8gXFS8WNK_PRvsO8QdGpgIOahlkYUZ_fHoQSowEaz5KpN0GqL0PUxNL0ZbTsFwcVmpWqAsm\" \/>\n<meta property=\"article:published_time\" content=\"2025-01-09T11:03:10+00:00\" \/>\n<meta property=\"article:modified_time\" content=\"2025-01-31T13:48:18+00:00\" \/>\n<meta property=\"og:image\" content=\"https:\/\/www.avant-pays-savoyard.com\/smaps\/wp-content\/uploads\/2020\/06\/Affiche-Reflex-Veli-A4-1.jpg\" \/>\n\t<meta property=\"og:image:width\" content=\"1414\" \/>\n\t<meta property=\"og:image:height\" content=\"2000\" \/>\n\t<meta property=\"og:image:type\" content=\"image\/jpeg\" \/>\n<meta name=\"author\" content=\"SMAPS\" \/>\n<meta name=\"twitter:card\" content=\"summary_large_image\" \/>\n<meta name=\"twitter:label1\" content=\"\u00c9crit par\" \/>\n\t<meta name=\"twitter:data1\" content=\"SMAPS\" \/>\n\t<meta name=\"twitter:label2\" content=\"Dur\u00e9e de lecture estim\u00e9e\" \/>\n\t<meta name=\"twitter:data2\" content=\"6 minutes\" \/>\n<script type=\"application\/ld+json\" class=\"yoast-schema-graph\">{\"@context\":\"https:\\\/\\\/schema.org\",\"@graph\":[{\"@type\":\"Article\",\"@id\":\"https:\\\/\\\/www.avant-pays-savoyard.com\\\/smaps\\\/reflex-veli-avant-pays-savoyard\\\/#article\",\"isPartOf\":{\"@id\":\"https:\\\/\\\/www.avant-pays-savoyard.com\\\/smaps\\\/reflex-veli-avant-pays-savoyard\\\/\"},\"author\":{\"name\":\"SMAPS\",\"@id\":\"https:\\\/\\\/www.avant-pays-savoyard.com\\\/smaps\\\/#\\\/schema\\\/person\\\/97c9f75644fa5ca03f84c36512d45878\"},\"headline\":\"Lancement du R\u00e9flex V\u00e9li, appel \u00e0 volontaires pour tester des v\u00e9hicules l\u00e9gers en 2025\",\"datePublished\":\"2025-01-09T11:03:10+00:00\",\"dateModified\":\"2025-01-31T13:48:18+00:00\",\"mainEntityOfPage\":{\"@id\":\"https:\\\/\\\/www.avant-pays-savoyard.com\\\/smaps\\\/reflex-veli-avant-pays-savoyard\\\/\"},\"wordCount\":1130,\"publisher\":{\"@id\":\"https:\\\/\\\/www.avant-pays-savoyard.com\\\/smaps\\\/#organization\"},\"image\":{\"@id\":\"https:\\\/\\\/www.avant-pays-savoyard.com\\\/smaps\\\/reflex-veli-avant-pays-savoyard\\\/#primaryimage\"},\"thumbnailUrl\":\"https:\\\/\\\/www.avant-pays-savoyard.com\\\/smaps\\\/wp-content\\\/uploads\\\/2020\\\/06\\\/Affiche-Reflex-Veli-A4-1.jpg\",\"articleSection\":[\"\u00c0 la une\",\"Actualit\u00e9s\"],\"inLanguage\":\"fr-FR\"},{\"@type\":\"WebPage\",\"@id\":\"https:\\\/\\\/www.avant-pays-savoyard.com\\\/smaps\\\/reflex-veli-avant-pays-savoyard\\\/\",\"url\":\"https:\\\/\\\/www.avant-pays-savoyard.com\\\/smaps\\\/reflex-veli-avant-pays-savoyard\\\/\",\"name\":\"Lancement du R\u00e9flex V\u00e9li, appel \u00e0 volontaires pour tester des v\u00e9hicules l\u00e9gers en 2025 | Reflex V\u00e9li appel a volontaires\",\"isPartOf\":{\"@id\":\"https:\\\/\\\/www.avant-pays-savoyard.com\\\/smaps\\\/#website\"},\"primaryImageOfPage\":{\"@id\":\"https:\\\/\\\/www.avant-pays-savoyard.com\\\/smaps\\\/reflex-veli-avant-pays-savoyard\\\/#primaryimage\"},\"image\":{\"@id\":\"https:\\\/\\\/www.avant-pays-savoyard.com\\\/smaps\\\/reflex-veli-avant-pays-savoyard\\\/#primaryimage\"},\"thumbnailUrl\":\"https:\\\/\\\/www.avant-pays-savoyard.com\\\/smaps\\\/wp-content\\\/uploads\\\/2020\\\/06\\\/Affiche-Reflex-Veli-A4-1.jpg\",\"datePublished\":\"2025-01-09T11:03:10+00:00\",\"dateModified\":\"2025-01-31T13:48:18+00:00\",\"description\":\"Lancement du R\u00e9flex V\u00e9li, appel \u00e0 volontaires pour tester des v\u00e9hicules l\u00e9gers en 2025 | Avant Pays Savoyard\",\"breadcrumb\":{\"@id\":\"https:\\\/\\\/www.avant-pays-savoyard.com\\\/smaps\\\/reflex-veli-avant-pays-savoyard\\\/#breadcrumb\"},\"inLanguage\":\"fr-FR\",\"potentialAction\":[{\"@type\":\"ReadAction\",\"target\":[\"https:\\\/\\\/www.avant-pays-savoyard.com\\\/smaps\\\/reflex-veli-avant-pays-savoyard\\\/\"]}]},{\"@type\":\"ImageObject\",\"inLanguage\":\"fr-FR\",\"@id\":\"https:\\\/\\\/www.avant-pays-savoyard.com\\\/smaps\\\/reflex-veli-avant-pays-savoyard\\\/#primaryimage\",\"url\":\"https:\\\/\\\/www.avant-pays-savoyard.com\\\/smaps\\\/wp-content\\\/uploads\\\/2020\\\/06\\\/Affiche-Reflex-Veli-A4-1.jpg\",\"contentUrl\":\"https:\\\/\\\/www.avant-pays-savoyard.com\\\/smaps\\\/wp-content\\\/uploads\\\/2020\\\/06\\\/Affiche-Reflex-Veli-A4-1.jpg\",\"width\":1414,\"height\":2000},{\"@type\":\"BreadcrumbList\",\"@id\":\"https:\\\/\\\/www.avant-pays-savoyard.com\\\/smaps\\\/reflex-veli-avant-pays-savoyard\\\/#breadcrumb\",\"itemListElement\":[{\"@type\":\"ListItem\",\"position\":1,\"name\":\"Accueil\",\"item\":\"https:\\\/\\\/www.avant-pays-savoyard.com\\\/smaps\\\/\"},{\"@type\":\"ListItem\",\"position\":2,\"name\":\"\u00c0 la une\",\"item\":\"https:\\\/\\\/www.avant-pays-savoyard.com\\\/smaps\\\/category\\\/a-la-une\\\/\"},{\"@type\":\"ListItem\",\"position\":3,\"name\":\"Lancement du R\u00e9flex V\u00e9li, appel \u00e0 volontaires pour tester des v\u00e9hicules l\u00e9gers en 2025\"}]},{\"@type\":\"WebSite\",\"@id\":\"https:\\\/\\\/www.avant-pays-savoyard.com\\\/smaps\\\/#website\",\"url\":\"https:\\\/\\\/www.avant-pays-savoyard.com\\\/smaps\\\/\",\"name\":\"Syndicat Mixte Avant-Pays Savoyard\",\"description\":\"Site du SMAPS\",\"publisher\":{\"@id\":\"https:\\\/\\\/www.avant-pays-savoyard.com\\\/smaps\\\/#organization\"},\"potentialAction\":[{\"@type\":\"SearchAction\",\"target\":{\"@type\":\"EntryPoint\",\"urlTemplate\":\"https:\\\/\\\/www.avant-pays-savoyard.com\\\/smaps\\\/?s={search_term_string}\"},\"query-input\":{\"@type\":\"PropertyValueSpecification\",\"valueRequired\":true,\"valueName\":\"search_term_string\"}}],\"inLanguage\":\"fr-FR\"},{\"@type\":\"Organization\",\"@id\":\"https:\\\/\\\/www.avant-pays-savoyard.com\\\/smaps\\\/#organization\",\"name\":\"Avant Pays Savoyard\",\"url\":\"https:\\\/\\\/www.avant-pays-savoyard.com\\\/smaps\\\/\",\"logo\":{\"@type\":\"ImageObject\",\"inLanguage\":\"fr-FR\",\"@id\":\"https:\\\/\\\/www.avant-pays-savoyard.com\\\/smaps\\\/#\\\/schema\\\/logo\\\/image\\\/\",\"url\":\"https:\\\/\\\/www.avant-pays-savoyard.com\\\/smaps\\\/wp-content\\\/uploads\\\/2020\\\/11\\\/logo-smaps.png\",\"contentUrl\":\"https:\\\/\\\/www.avant-pays-savoyard.com\\\/smaps\\\/wp-content\\\/uploads\\\/2020\\\/11\\\/logo-smaps.png\",\"width\":1617,\"height\":738,\"caption\":\"Avant Pays Savoyard\"},\"image\":{\"@id\":\"https:\\\/\\\/www.avant-pays-savoyard.com\\\/smaps\\\/#\\\/schema\\\/logo\\\/image\\\/\"},\"sameAs\":[\"https:\\\/\\\/www.facebook.com\\\/philippe.smaps?eid=ARBa3pcAa8gXFS8WNK_PRvsO8QdGpgIOahlkYUZ_fHoQSowEaz5KpN0GqL0PUxNL0ZbTsFwcVmpWqAsm\"]},{\"@type\":\"Person\",\"@id\":\"https:\\\/\\\/www.avant-pays-savoyard.com\\\/smaps\\\/#\\\/schema\\\/person\\\/97c9f75644fa5ca03f84c36512d45878\",\"name\":\"SMAPS\",\"image\":{\"@type\":\"ImageObject\",\"inLanguage\":\"fr-FR\",\"@id\":\"https:\\\/\\\/secure.gravatar.com\\\/avatar\\\/5f82331f1fbc0b612bc82f92d18052f29701b5b494fd518e67c6c8d7d646b105?s=96&d=mm&r=g\",\"url\":\"https:\\\/\\\/secure.gravatar.com\\\/avatar\\\/5f82331f1fbc0b612bc82f92d18052f29701b5b494fd518e67c6c8d7d646b105?s=96&d=mm&r=g\",\"contentUrl\":\"https:\\\/\\\/secure.gravatar.com\\\/avatar\\\/5f82331f1fbc0b612bc82f92d18052f29701b5b494fd518e67c6c8d7d646b105?s=96&d=mm&r=g\",\"caption\":\"SMAPS\"}}]}<\/script>\n<!-- \/ Yoast SEO plugin. -->","yoast_head_json":{"title":"Lancement du R\u00e9flex V\u00e9li, appel \u00e0 volontaires pour tester des v\u00e9hicules l\u00e9gers en 2025 | Reflex V\u00e9li appel a volontaires","description":"Lancement du R\u00e9flex V\u00e9li, appel \u00e0 volontaires pour tester des v\u00e9hicules l\u00e9gers en 2025 | Avant Pays Savoyard","robots":{"index":"index","follow":"follow","max-snippet":"max-snippet:-1","max-image-preview":"max-image-preview:large","max-video-preview":"max-video-preview:-1"},"canonical":"https:\/\/www.avant-pays-savoyard.com\/smaps\/reflex-veli-avant-pays-savoyard\/","og_locale":"fr_FR","og_type":"article","og_title":"Lancement du R\u00e9flex V\u00e9li, appel \u00e0 volontaires pour tester des v\u00e9hicules l\u00e9gers en 2025 | Reflex V\u00e9li appel a volontaires","og_description":"Lancement du R\u00e9flex V\u00e9li, appel \u00e0 volontaires pour tester des v\u00e9hicules l\u00e9gers en 2025 | Avant Pays Savoyard","og_url":"https:\/\/www.avant-pays-savoyard.com\/smaps\/reflex-veli-avant-pays-savoyard\/","og_site_name":"Syndicat Mixte Avant-Pays Savoyard","article_publisher":"https:\/\/www.facebook.com\/philippe.smaps?eid=ARBa3pcAa8gXFS8WNK_PRvsO8QdGpgIOahlkYUZ_fHoQSowEaz5KpN0GqL0PUxNL0ZbTsFwcVmpWqAsm","article_published_time":"2025-01-09T11:03:10+00:00","article_modified_time":"2025-01-31T13:48:18+00:00","og_image":[{"width":1414,"height":2000,"url":"https:\/\/www.avant-pays-savoyard.com\/smaps\/wp-content\/uploads\/2020\/06\/Affiche-Reflex-Veli-A4-1.jpg","type":"image\/jpeg"}],"author":"SMAPS","twitter_card":"summary_large_image","twitter_misc":{"\u00c9crit par":"SMAPS","Dur\u00e9e de lecture estim\u00e9e":"6 minutes"},"schema":{"@context":"https:\/\/schema.org","@graph":[{"@type":"Article","@id":"https:\/\/www.avant-pays-savoyard.com\/smaps\/reflex-veli-avant-pays-savoyard\/#article","isPartOf":{"@id":"https:\/\/www.avant-pays-savoyard.com\/smaps\/reflex-veli-avant-pays-savoyard\/"},"author":{"name":"SMAPS","@id":"https:\/\/www.avant-pays-savoyard.com\/smaps\/#\/schema\/person\/97c9f75644fa5ca03f84c36512d45878"},"headline":"Lancement du R\u00e9flex V\u00e9li, appel \u00e0 volontaires pour tester des v\u00e9hicules l\u00e9gers en 2025","datePublished":"2025-01-09T11:03:10+00:00","dateModified":"2025-01-31T13:48:18+00:00","mainEntityOfPage":{"@id":"https:\/\/www.avant-pays-savoyard.com\/smaps\/reflex-veli-avant-pays-savoyard\/"},"wordCount":1130,"publisher":{"@id":"https:\/\/www.avant-pays-savoyard.com\/smaps\/#organization"},"image":{"@id":"https:\/\/www.avant-pays-savoyard.com\/smaps\/reflex-veli-avant-pays-savoyard\/#primaryimage"},"thumbnailUrl":"https:\/\/www.avant-pays-savoyard.com\/smaps\/wp-content\/uploads\/2020\/06\/Affiche-Reflex-Veli-A4-1.jpg","articleSection":["\u00c0 la une","Actualit\u00e9s"],"inLanguage":"fr-FR"},{"@type":"WebPage","@id":"https:\/\/www.avant-pays-savoyard.com\/smaps\/reflex-veli-avant-pays-savoyard\/","url":"https:\/\/www.avant-pays-savoyard.com\/smaps\/reflex-veli-avant-pays-savoyard\/","name":"Lancement du R\u00e9flex V\u00e9li, appel \u00e0 volontaires pour tester des v\u00e9hicules l\u00e9gers en 2025 | Reflex V\u00e9li appel a volontaires","isPartOf":{"@id":"https:\/\/www.avant-pays-savoyard.com\/smaps\/#website"},"primaryImageOfPage":{"@id":"https:\/\/www.avant-pays-savoyard.com\/smaps\/reflex-veli-avant-pays-savoyard\/#primaryimage"},"image":{"@id":"https:\/\/www.avant-pays-savoyard.com\/smaps\/reflex-veli-avant-pays-savoyard\/#primaryimage"},"thumbnailUrl":"https:\/\/www.avant-pays-savoyard.com\/smaps\/wp-content\/uploads\/2020\/06\/Affiche-Reflex-Veli-A4-1.jpg","datePublished":"2025-01-09T11:03:10+00:00","dateModified":"2025-01-31T13:48:18+00:00","description":"Lancement du R\u00e9flex V\u00e9li, appel \u00e0 volontaires pour tester des v\u00e9hicules l\u00e9gers en 2025 | Avant Pays Savoyard","breadcrumb":{"@id":"https:\/\/www.avant-pays-savoyard.com\/smaps\/reflex-veli-avant-pays-savoyard\/#breadcrumb"},"inLanguage":"fr-FR","potentialAction":[{"@type":"ReadAction","target":["https:\/\/www.avant-pays-savoyard.com\/smaps\/reflex-veli-avant-pays-savoyard\/"]}]},{"@type":"ImageObject","inLanguage":"fr-FR","@id":"https:\/\/www.avant-pays-savoyard.com\/smaps\/reflex-veli-avant-pays-savoyard\/#primaryimage","url":"https:\/\/www.avant-pays-savoyard.com\/smaps\/wp-content\/uploads\/2020\/06\/Affiche-Reflex-Veli-A4-1.jpg","contentUrl":"https:\/\/www.avant-pays-savoyard.com\/smaps\/wp-content\/uploads\/2020\/06\/Affiche-Reflex-Veli-A4-1.jpg","width":1414,"height":2000},{"@type":"BreadcrumbList","@id":"https:\/\/www.avant-pays-savoyard.com\/smaps\/reflex-veli-avant-pays-savoyard\/#breadcrumb","itemListElement":[{"@type":"ListItem","position":1,"name":"Accueil","item":"https:\/\/www.avant-pays-savoyard.com\/smaps\/"},{"@type":"ListItem","position":2,"name":"\u00c0 la une","item":"https:\/\/www.avant-pays-savoyard.com\/smaps\/category\/a-la-une\/"},{"@type":"ListItem","position":3,"name":"Lancement du R\u00e9flex V\u00e9li, appel \u00e0 volontaires pour tester des v\u00e9hicules l\u00e9gers en 2025"}]},{"@type":"WebSite","@id":"https:\/\/www.avant-pays-savoyard.com\/smaps\/#website","url":"https:\/\/www.avant-pays-savoyard.com\/smaps\/","name":"Syndicat Mixte Avant-Pays Savoyard","description":"Site du SMAPS","publisher":{"@id":"https:\/\/www.avant-pays-savoyard.com\/smaps\/#organization"},"potentialAction":[{"@type":"SearchAction","target":{"@type":"EntryPoint","urlTemplate":"https:\/\/www.avant-pays-savoyard.com\/smaps\/?s={search_term_string}"},"query-input":{"@type":"PropertyValueSpecification","valueRequired":true,"valueName":"search_term_string"}}],"inLanguage":"fr-FR"},{"@type":"Organization","@id":"https:\/\/www.avant-pays-savoyard.com\/smaps\/#organization","name":"Avant Pays Savoyard","url":"https:\/\/www.avant-pays-savoyard.com\/smaps\/","logo":{"@type":"ImageObject","inLanguage":"fr-FR","@id":"https:\/\/www.avant-pays-savoyard.com\/smaps\/#\/schema\/logo\/image\/","url":"https:\/\/www.avant-pays-savoyard.com\/smaps\/wp-content\/uploads\/2020\/11\/logo-smaps.png","contentUrl":"https:\/\/www.avant-pays-savoyard.com\/smaps\/wp-content\/uploads\/2020\/11\/logo-smaps.png","width":1617,"height":738,"caption":"Avant Pays Savoyard"},"image":{"@id":"https:\/\/www.avant-pays-savoyard.com\/smaps\/#\/schema\/logo\/image\/"},"sameAs":["https:\/\/www.facebook.com\/philippe.smaps?eid=ARBa3pcAa8gXFS8WNK_PRvsO8QdGpgIOahlkYUZ_fHoQSowEaz5KpN0GqL0PUxNL0ZbTsFwcVmpWqAsm"]},{"@type":"Person","@id":"https:\/\/www.avant-pays-savoyard.com\/smaps\/#\/schema\/person\/97c9f75644fa5ca03f84c36512d45878","name":"SMAPS","image":{"@type":"ImageObject","inLanguage":"fr-FR","@id":"https:\/\/secure.gravatar.com\/avatar\/5f82331f1fbc0b612bc82f92d18052f29701b5b494fd518e67c6c8d7d646b105?s=96&d=mm&r=g","url":"https:\/\/secure.gravatar.com\/avatar\/5f82331f1fbc0b612bc82f92d18052f29701b5b494fd518e67c6c8d7d646b105?s=96&d=mm&r=g","contentUrl":"https:\/\/secure.gravatar.com\/avatar\/5f82331f1fbc0b612bc82f92d18052f29701b5b494fd518e67c6c8d7d646b105?s=96&d=mm&r=g","caption":"SMAPS"}}]}},"publishpress_future_action":{"enabled":false,"date":"2026-05-06 07:06:52","action":"change-status","newStatus":"draft","terms":[],"taxonomy":"category","extraData":[]},"publishpress_future_workflow_manual_trigger":{"enabledWorkflows":[]},"_links":{"self":[{"href":"https:\/\/www.avant-pays-savoyard.com\/smaps\/wp-json\/wp\/v2\/posts\/6240","targetHints":{"allow":["GET"]}}],"collection":[{"href":"https:\/\/www.avant-pays-savoyard.com\/smaps\/wp-json\/wp\/v2\/posts"}],"about":[{"href":"https:\/\/www.avant-pays-savoyard.com\/smaps\/wp-json\/wp\/v2\/types\/post"}],"author":[{"embeddable":true,"href":"https:\/\/www.avant-pays-savoyard.com\/smaps\/wp-json\/wp\/v2\/users\/2"}],"replies":[{"embeddable":true,"href":"https:\/\/www.avant-pays-savoyard.com\/smaps\/wp-json\/wp\/v2\/comments?post=6240"}],"version-history":[{"count":5,"href":"https:\/\/www.avant-pays-savoyard.com\/smaps\/wp-json\/wp\/v2\/posts\/6240\/revisions"}],"predecessor-version":[{"id":6330,"href":"https:\/\/www.avant-pays-savoyard.com\/smaps\/wp-json\/wp\/v2\/posts\/6240\/revisions\/6330"}],"wp:featuredmedia":[{"embeddable":true,"href":"https:\/\/www.avant-pays-savoyard.com\/smaps\/wp-json\/wp\/v2\/media\/6322"}],"wp:attachment":[{"href":"https:\/\/www.avant-pays-savoyard.com\/smaps\/wp-json\/wp\/v2\/media?parent=6240"}],"wp:term":[{"taxonomy":"category","embeddable":true,"href":"https:\/\/www.avant-pays-savoyard.com\/smaps\/wp-json\/wp\/v2\/categories?post=6240"},{"taxonomy":"post_tag","embeddable":true,"href":"https:\/\/www.avant-pays-savoyard.com\/smaps\/wp-json\/wp\/v2\/tags?post=6240"}],"curies":[{"name":"wp","href":"https:\/\/api.w.org\/{rel}","templated":true}]}}