{"id":6286,"date":"2025-01-10T12:21:38","date_gmt":"2025-01-10T11:21:38","guid":{"rendered":"https:\/\/www.avant-pays-savoyard.com\/smaps\/?p=6286"},"modified":"2026-04-22T14:39:56","modified_gmt":"2026-04-22T12:39:56","slug":"appel-a-projet-leader-developper-une-offre-touristique-accessible-a-tous-et-respectueuse-du-territoire","status":"publish","type":"post","link":"https:\/\/www.avant-pays-savoyard.com\/smaps\/appel-a-projet-leader-developper-une-offre-touristique-accessible-a-tous-et-respectueuse-du-territoire\/","title":{"rendered":"APPEL A PROJET LEADER &#8211; D\u00e9velopper une offre touristique accessible \u00e0 tous et respectueuse du territoire"},"content":{"rendered":"<h5><\/h5>\n<p>&nbsp;<\/p>\n<h5>L\u2019appel \u00e0 projets \u00ab D\u00e9velopper une offre touristique accessible \u00e0 tous et respectueuse du territoire \u00bb est ouvert \u00e0 compter du 6 janvier au 14 d\u00e9cembre 2026.<\/h5>\n<p><strong><u>Calendrier\u00a0:<\/u><\/strong> Les d\u00e9p\u00f4ts et instructions des dossiers se font \u00ab\u00a0au fil de l\u2019eau\u00a0\u00bb\u00a0:<\/p>\n<p>Des sessions de pr\u00e9sentation en comit\u00e9 d\u2019audition seront r\u00e9guli\u00e8rement ouvertes : les porteurs pr\u00e9sentent leurs projets en pr\u00e9sentiel devant ce comit\u00e9 pendant la phase d\u2019instruction. Apr\u00e8s avis du comit\u00e9 d\u2019audition, et lorsque le dossier est complet, le comit\u00e9 de programmation \u00e9tudiera le projet, pour s\u00e9lection et programmation.<\/p>\n<h3 class=\"wp-block-heading\">Contexte<\/h3>\n<p>Le territoire b\u00e9n\u00e9ficie d\u2019une forte attractivit\u00e9 touristique notamment gr\u00e2ce \u00e0 ses richesses naturelles et patrimoniales.<\/p>\n<p>Bien que la fr\u00e9quentation touristique soit importante sur la quasi-totalit\u00e9 du territoire, on observe des disparit\u00e9s en fonction des saisons et des zones g\u00e9ographiques. La client\u00e8le excursionniste est de plus en plus pr\u00e9sente, sur une grande partie des zones de montagnes et de campagnes qui sont facilement accessibles depuis les vall\u00e9es et p\u00f4les urbains. Une partie de ces visiteurs est n\u00e9ophyte vis-\u00e0-vis des pratiques respectueuses des milieux, des habitants et des travailleurs, ce qui peut mener \u00e0 des conflits d\u2019usage. Dans le m\u00eame temps, les excursionnistes comme les touristes cherchent \u00e0 vivre des exp\u00e9riences immersives en lien avec les acteurs du territoire afin de mieux le d\u00e9couvrir\u00a0: l\u2019enjeu est d\u2019accompagner un mod\u00e8le touristique int\u00e9gr\u00e9 et respectueux.<\/p>\n<p>Cet AAP est mis en place afin de r\u00e9pondre aux enjeux suivants :<\/p>\n<ul class=\"wp-block-list\">\n<li>D\u00e9velopper un tourisme respectueux de la vie locale et des espaces naturels<\/li>\n<li>Conna\u00eetre, pr\u00e9server et g\u00e9rer les ressources et patrimoines<\/li>\n<li>Soutenir le d\u00e9veloppement d\u2019un tourisme adapt\u00e9 \u00e0 tous<\/li>\n<li>D\u00e9velopper l\u2019agri tourisme et un tourisme valorisant les savoir-faire locaux<\/li>\n<\/ul>\n<h2 class=\"wp-block-heading\">Avant tout d\u00e9p\u00f4t de demande d\u2019aide,<\/h2>\n<p>il est n\u00e9cessaire de prendre contact avec l\u2019\u00e9quipe technique du GAL\u00a0:<\/p>\n<p><a href=\"mailto:contact@leader-lacs-montagnes.com\">contact@leader-lacs-montagnes.com<\/a> ou<\/p>\n<ul class=\"wp-block-list\">\n<li>Votre projet est localis\u00e9 sur les communaut\u00e9s de communes du C\u0153ur de Chartreuse et Le Gr\u00e9sivaudan : marion.hezard@leader-lacs-montagnes.com tel : 06 70 41 18 49<\/li>\n<li>Votre projet est localis\u00e9 sur les communes de Grenoble Alpes m\u00e9tropole, la CA du Pays Voironnais, et sur les communaut\u00e9s de communes de Bi\u00e8vre Est, Val Guiers, du Lac d\u2019Aiguebelette, de Yenne : benedicte.michard@leader-lacs-montagnes.com tel : 07 48 74 28 66<\/li>\n<li>Votre projet est localis\u00e9 sur Grand Lac, Grand Chamb\u00e9ry, Grand Annecy, et sur les communaut\u00e9s de communes de C\u0153ur de Savoie, des Sources du Lac d\u2019Annecy ou de Rumilly Terre de Savoie : loris.subit@leader-lacs-montagnes.com tel\u00a0: 06 22 48 78 52<\/li>\n<\/ul>\n<h5 class=\"wp-block-heading\">Les documents incontournables pour bien se pr\u00e9parer\u00a0:<\/h5>\n<ul class=\"wp-block-list\">\n<li>l\u2019<a href=\"https:\/\/parcdechartreuse-my.sharepoint.com\/personal\/marion_hezard_parc-chartreuse_net\/_layouts\/15\/onedrive.aspx?id=%2Fpersonal%2Fmarion%5Fhezard%5Fparc%2Dchartreuse%5Fnet%2FDocuments%2FLEADER%20ELEM%202023%2D2027%2FPARTAGE%20GRAND%20PUBLIC%2FAAP%20en%20ligne%2FFA2%2DAAP02%2D3%5Fd%C3%A9couverte%20conciliation%5F2026%2F501%2D%20AURGAL006%2DFA2%2DAAP02%2D3%5Fd%C3%A9couverte%5Fconciliation%5F2026%2Epdf&amp;parent=%2Fpersonal%2Fmarion%5Fhezard%5Fparc%2Dchartreuse%5Fnet%2FDocuments%2FLEADER%20ELEM%202023%2D2027%2FPARTAGE%20GRAND%20PUBLIC%2FAAP%20en%20ligne%2FFA2%2DAAP02%2D3%5Fd%C3%A9couverte%20conciliation%5F2026&amp;ga=1\" target=\"_blank\" rel=\"noopener\">appel \u00e0 projets complet<\/a><\/li>\n<li>la <a href=\"https:\/\/parcdechartreuse-my.sharepoint.com\/personal\/marion_hezard_parc-chartreuse_net\/_layouts\/15\/onedrive.aspx?id=%2Fpersonal%2Fmarion%5Fhezard%5Fparc%2Dchartreuse%5Fnet%2FDocuments%2FLEADER%20ELEM%202023%2D2027%2FPARTAGE%20GRAND%20PUBLIC%2FAAP%20en%20ligne%2FFA2%2DAAP02%2D3%5Fd%C3%A9couverte%20conciliation%5F2026%2FListe%5Fpieces%5FLEADER%5FELEM%5FFA2%2DAAP02%2D3%2Epdf&amp;parent=%2Fpersonal%2Fmarion%5Fhezard%5Fparc%2Dchartreuse%5Fnet%2FDocuments%2FLEADER%20ELEM%202023%2D2027%2FPARTAGE%20GRAND%20PUBLIC%2FAAP%20en%20ligne%2FFA2%2DAAP02%2D3%5Fd%C3%A9couverte%20conciliation%5F2026&amp;ga=1\" target=\"_blank\" rel=\"noopener\">liste des pi\u00e8ces<\/a><\/li>\n<\/ul>\n<p>Pour d\u00e9poser son dossier, <a class=\"ek-link\" href=\"https:\/\/www.auvergnerhonealpes.fr\/aides\/porter-un-projet-leader-feader\">lien vers le guide des aides<\/a><em> (le d\u00e9p\u00f4t est possible \u00e0 condition d\u2019avoir pris contact avec une animatrice du programme au pr\u00e9alable)<\/em><\/p>\n<p>&nbsp;<\/p>\n<p style=\"text-align: justify;\"><img loading=\"lazy\" decoding=\"async\" class=\"size-medium wp-image-5533 aligncenter\" src=\"https:\/\/www.avant-pays-savoyard.com\/smaps\/wp-content\/uploads\/2020\/05\/bandeau-simple-UE_AURA-300x65.png\" alt=\"\" width=\"300\" height=\"65\" srcset=\"https:\/\/www.avant-pays-savoyard.com\/smaps\/wp-content\/uploads\/2020\/05\/bandeau-simple-UE_AURA-300x65.png 300w, https:\/\/www.avant-pays-savoyard.com\/smaps\/wp-content\/uploads\/2020\/05\/bandeau-simple-UE_AURA.png 336w\" sizes=\"(max-width: 300px) 100vw, 300px\" \/><\/p>\n","protected":false},"excerpt":{"rendered":"<p>&nbsp; L\u2019appel \u00e0 projets \u00ab D\u00e9velopper une offre touristique accessible \u00e0 tous et respectueuse du territoire \u00bb est ouvert \u00e0 compter du 6 janvier au 14 d\u00e9cembre 2026. Calendrier\u00a0: Les d\u00e9p\u00f4ts et instructions des dossiers se font \u00ab\u00a0au fil de l\u2019eau\u00a0\u00bb\u00a0: Des sessions de pr\u00e9sentation en comit\u00e9 d\u2019audition seront r\u00e9guli\u00e8rement ouvertes : les porteurs pr\u00e9sentent [&hellip;]<\/p>\n","protected":false},"author":2,"featured_media":6257,"comment_status":"closed","ping_status":"closed","sticky":false,"template":"","format":"standard","meta":{"_et_pb_use_builder":"","_et_pb_old_content":"","_et_gb_content_width":"","_monsterinsights_skip_tracking":false,"_monsterinsights_sitenote_active":false,"_monsterinsights_sitenote_note":"","_monsterinsights_sitenote_category":0,"footnotes":""},"categories":[30,29,10],"tags":[],"class_list":["post-6286","post","type-post","status-publish","format-standard","has-post-thumbnail","hentry","category-a-la-une","category-actus","category-leader"],"yoast_head":"<!-- This site is optimized with the Yoast SEO plugin v27.5 - https:\/\/yoast.com\/product\/yoast-seo-wordpress\/ -->\n<title>APPEL A PROJET LEADER - D\u00e9velopper une offre touristique accessible \u00e0 tous et respectueuse du territoire | Avant Pays Savoyard<\/title>\n<meta name=\"description\" content=\"APPEL A PROJET LEADER - D\u00e9velopper une offre touristique accessible \u00e0 tous et respectueuse du territoire | Avant Pays Savoyard\" \/>\n<meta name=\"robots\" content=\"index, follow, max-snippet:-1, max-image-preview:large, max-video-preview:-1\" \/>\n<link rel=\"canonical\" href=\"https:\/\/www.avant-pays-savoyard.com\/smaps\/appel-a-projet-leader-developper-une-offre-touristique-accessible-a-tous-et-respectueuse-du-territoire\/\" \/>\n<meta property=\"og:locale\" content=\"fr_FR\" \/>\n<meta property=\"og:type\" content=\"article\" \/>\n<meta property=\"og:title\" content=\"APPEL A PROJET LEADER - D\u00e9velopper une offre touristique accessible \u00e0 tous et respectueuse du territoire | Avant Pays Savoyard\" \/>\n<meta property=\"og:description\" content=\"APPEL A PROJET LEADER - D\u00e9velopper une offre touristique accessible \u00e0 tous et respectueuse du territoire | Avant Pays Savoyard\" \/>\n<meta property=\"og:url\" content=\"https:\/\/www.avant-pays-savoyard.com\/smaps\/appel-a-projet-leader-developper-une-offre-touristique-accessible-a-tous-et-respectueuse-du-territoire\/\" \/>\n<meta property=\"og:site_name\" content=\"Syndicat Mixte Avant-Pays Savoyard\" \/>\n<meta property=\"article:publisher\" content=\"https:\/\/www.facebook.com\/philippe.smaps?eid=ARBa3pcAa8gXFS8WNK_PRvsO8QdGpgIOahlkYUZ_fHoQSowEaz5KpN0GqL0PUxNL0ZbTsFwcVmpWqAsm\" \/>\n<meta property=\"article:published_time\" content=\"2025-01-10T11:21:38+00:00\" \/>\n<meta property=\"article:modified_time\" content=\"2026-04-22T12:39:56+00:00\" \/>\n<meta property=\"og:image\" content=\"https:\/\/www.avant-pays-savoyard.com\/smaps\/wp-content\/uploads\/2020\/05\/FA2-AAP02-tourisme-2.png\" \/>\n\t<meta property=\"og:image:width\" content=\"800\" \/>\n\t<meta property=\"og:image:height\" content=\"800\" \/>\n\t<meta property=\"og:image:type\" content=\"image\/png\" \/>\n<meta name=\"author\" content=\"SMAPS\" \/>\n<meta name=\"twitter:card\" content=\"summary_large_image\" \/>\n<meta name=\"twitter:label1\" content=\"\u00c9crit par\" \/>\n\t<meta name=\"twitter:data1\" content=\"SMAPS\" \/>\n\t<meta name=\"twitter:label2\" content=\"Dur\u00e9e de lecture estim\u00e9e\" \/>\n\t<meta name=\"twitter:data2\" content=\"3 minutes\" \/>\n<script type=\"application\/ld+json\" class=\"yoast-schema-graph\">{\"@context\":\"https:\\\/\\\/schema.org\",\"@graph\":[{\"@type\":\"Article\",\"@id\":\"https:\\\/\\\/www.avant-pays-savoyard.com\\\/smaps\\\/appel-a-projet-leader-developper-une-offre-touristique-accessible-a-tous-et-respectueuse-du-territoire\\\/#article\",\"isPartOf\":{\"@id\":\"https:\\\/\\\/www.avant-pays-savoyard.com\\\/smaps\\\/appel-a-projet-leader-developper-une-offre-touristique-accessible-a-tous-et-respectueuse-du-territoire\\\/\"},\"author\":{\"name\":\"SMAPS\",\"@id\":\"https:\\\/\\\/www.avant-pays-savoyard.com\\\/smaps\\\/#\\\/schema\\\/person\\\/97c9f75644fa5ca03f84c36512d45878\"},\"headline\":\"APPEL A PROJET LEADER &#8211; D\u00e9velopper une offre touristique accessible \u00e0 tous et respectueuse du territoire\",\"datePublished\":\"2025-01-10T11:21:38+00:00\",\"dateModified\":\"2026-04-22T12:39:56+00:00\",\"mainEntityOfPage\":{\"@id\":\"https:\\\/\\\/www.avant-pays-savoyard.com\\\/smaps\\\/appel-a-projet-leader-developper-une-offre-touristique-accessible-a-tous-et-respectueuse-du-territoire\\\/\"},\"wordCount\":499,\"publisher\":{\"@id\":\"https:\\\/\\\/www.avant-pays-savoyard.com\\\/smaps\\\/#organization\"},\"image\":{\"@id\":\"https:\\\/\\\/www.avant-pays-savoyard.com\\\/smaps\\\/appel-a-projet-leader-developper-une-offre-touristique-accessible-a-tous-et-respectueuse-du-territoire\\\/#primaryimage\"},\"thumbnailUrl\":\"https:\\\/\\\/www.avant-pays-savoyard.com\\\/smaps\\\/wp-content\\\/uploads\\\/2020\\\/05\\\/FA2-AAP02-tourisme-2.png\",\"articleSection\":[\"\u00c0 la une\",\"Actualit\u00e9s\",\"LEADER\"],\"inLanguage\":\"fr-FR\"},{\"@type\":\"WebPage\",\"@id\":\"https:\\\/\\\/www.avant-pays-savoyard.com\\\/smaps\\\/appel-a-projet-leader-developper-une-offre-touristique-accessible-a-tous-et-respectueuse-du-territoire\\\/\",\"url\":\"https:\\\/\\\/www.avant-pays-savoyard.com\\\/smaps\\\/appel-a-projet-leader-developper-une-offre-touristique-accessible-a-tous-et-respectueuse-du-territoire\\\/\",\"name\":\"APPEL A PROJET LEADER - D\u00e9velopper une offre touristique accessible \u00e0 tous et respectueuse du territoire | Avant Pays Savoyard\",\"isPartOf\":{\"@id\":\"https:\\\/\\\/www.avant-pays-savoyard.com\\\/smaps\\\/#website\"},\"primaryImageOfPage\":{\"@id\":\"https:\\\/\\\/www.avant-pays-savoyard.com\\\/smaps\\\/appel-a-projet-leader-developper-une-offre-touristique-accessible-a-tous-et-respectueuse-du-territoire\\\/#primaryimage\"},\"image\":{\"@id\":\"https:\\\/\\\/www.avant-pays-savoyard.com\\\/smaps\\\/appel-a-projet-leader-developper-une-offre-touristique-accessible-a-tous-et-respectueuse-du-territoire\\\/#primaryimage\"},\"thumbnailUrl\":\"https:\\\/\\\/www.avant-pays-savoyard.com\\\/smaps\\\/wp-content\\\/uploads\\\/2020\\\/05\\\/FA2-AAP02-tourisme-2.png\",\"datePublished\":\"2025-01-10T11:21:38+00:00\",\"dateModified\":\"2026-04-22T12:39:56+00:00\",\"description\":\"APPEL A PROJET LEADER - D\u00e9velopper une offre touristique accessible \u00e0 tous et respectueuse du territoire | Avant Pays Savoyard\",\"breadcrumb\":{\"@id\":\"https:\\\/\\\/www.avant-pays-savoyard.com\\\/smaps\\\/appel-a-projet-leader-developper-une-offre-touristique-accessible-a-tous-et-respectueuse-du-territoire\\\/#breadcrumb\"},\"inLanguage\":\"fr-FR\",\"potentialAction\":[{\"@type\":\"ReadAction\",\"target\":[\"https:\\\/\\\/www.avant-pays-savoyard.com\\\/smaps\\\/appel-a-projet-leader-developper-une-offre-touristique-accessible-a-tous-et-respectueuse-du-territoire\\\/\"]}]},{\"@type\":\"ImageObject\",\"inLanguage\":\"fr-FR\",\"@id\":\"https:\\\/\\\/www.avant-pays-savoyard.com\\\/smaps\\\/appel-a-projet-leader-developper-une-offre-touristique-accessible-a-tous-et-respectueuse-du-territoire\\\/#primaryimage\",\"url\":\"https:\\\/\\\/www.avant-pays-savoyard.com\\\/smaps\\\/wp-content\\\/uploads\\\/2020\\\/05\\\/FA2-AAP02-tourisme-2.png\",\"contentUrl\":\"https:\\\/\\\/www.avant-pays-savoyard.com\\\/smaps\\\/wp-content\\\/uploads\\\/2020\\\/05\\\/FA2-AAP02-tourisme-2.png\",\"width\":800,\"height\":800},{\"@type\":\"BreadcrumbList\",\"@id\":\"https:\\\/\\\/www.avant-pays-savoyard.com\\\/smaps\\\/appel-a-projet-leader-developper-une-offre-touristique-accessible-a-tous-et-respectueuse-du-territoire\\\/#breadcrumb\",\"itemListElement\":[{\"@type\":\"ListItem\",\"position\":1,\"name\":\"Accueil\",\"item\":\"https:\\\/\\\/www.avant-pays-savoyard.com\\\/smaps\\\/\"},{\"@type\":\"ListItem\",\"position\":2,\"name\":\"LEADER\",\"item\":\"https:\\\/\\\/www.avant-pays-savoyard.com\\\/smaps\\\/category\\\/leader\\\/\"},{\"@type\":\"ListItem\",\"position\":3,\"name\":\"APPEL A PROJET LEADER &#8211; D\u00e9velopper une offre touristique accessible \u00e0 tous et respectueuse du territoire\"}]},{\"@type\":\"WebSite\",\"@id\":\"https:\\\/\\\/www.avant-pays-savoyard.com\\\/smaps\\\/#website\",\"url\":\"https:\\\/\\\/www.avant-pays-savoyard.com\\\/smaps\\\/\",\"name\":\"Syndicat Mixte Avant-Pays Savoyard\",\"description\":\"Site du SMAPS\",\"publisher\":{\"@id\":\"https:\\\/\\\/www.avant-pays-savoyard.com\\\/smaps\\\/#organization\"},\"potentialAction\":[{\"@type\":\"SearchAction\",\"target\":{\"@type\":\"EntryPoint\",\"urlTemplate\":\"https:\\\/\\\/www.avant-pays-savoyard.com\\\/smaps\\\/?s={search_term_string}\"},\"query-input\":{\"@type\":\"PropertyValueSpecification\",\"valueRequired\":true,\"valueName\":\"search_term_string\"}}],\"inLanguage\":\"fr-FR\"},{\"@type\":\"Organization\",\"@id\":\"https:\\\/\\\/www.avant-pays-savoyard.com\\\/smaps\\\/#organization\",\"name\":\"Avant Pays Savoyard\",\"url\":\"https:\\\/\\\/www.avant-pays-savoyard.com\\\/smaps\\\/\",\"logo\":{\"@type\":\"ImageObject\",\"inLanguage\":\"fr-FR\",\"@id\":\"https:\\\/\\\/www.avant-pays-savoyard.com\\\/smaps\\\/#\\\/schema\\\/logo\\\/image\\\/\",\"url\":\"https:\\\/\\\/www.avant-pays-savoyard.com\\\/smaps\\\/wp-content\\\/uploads\\\/2020\\\/11\\\/logo-smaps.png\",\"contentUrl\":\"https:\\\/\\\/www.avant-pays-savoyard.com\\\/smaps\\\/wp-content\\\/uploads\\\/2020\\\/11\\\/logo-smaps.png\",\"width\":1617,\"height\":738,\"caption\":\"Avant Pays Savoyard\"},\"image\":{\"@id\":\"https:\\\/\\\/www.avant-pays-savoyard.com\\\/smaps\\\/#\\\/schema\\\/logo\\\/image\\\/\"},\"sameAs\":[\"https:\\\/\\\/www.facebook.com\\\/philippe.smaps?eid=ARBa3pcAa8gXFS8WNK_PRvsO8QdGpgIOahlkYUZ_fHoQSowEaz5KpN0GqL0PUxNL0ZbTsFwcVmpWqAsm\"]},{\"@type\":\"Person\",\"@id\":\"https:\\\/\\\/www.avant-pays-savoyard.com\\\/smaps\\\/#\\\/schema\\\/person\\\/97c9f75644fa5ca03f84c36512d45878\",\"name\":\"SMAPS\",\"image\":{\"@type\":\"ImageObject\",\"inLanguage\":\"fr-FR\",\"@id\":\"https:\\\/\\\/secure.gravatar.com\\\/avatar\\\/5f82331f1fbc0b612bc82f92d18052f29701b5b494fd518e67c6c8d7d646b105?s=96&d=mm&r=g\",\"url\":\"https:\\\/\\\/secure.gravatar.com\\\/avatar\\\/5f82331f1fbc0b612bc82f92d18052f29701b5b494fd518e67c6c8d7d646b105?s=96&d=mm&r=g\",\"contentUrl\":\"https:\\\/\\\/secure.gravatar.com\\\/avatar\\\/5f82331f1fbc0b612bc82f92d18052f29701b5b494fd518e67c6c8d7d646b105?s=96&d=mm&r=g\",\"caption\":\"SMAPS\"}}]}<\/script>\n<!-- \/ Yoast SEO plugin. -->","yoast_head_json":{"title":"APPEL A PROJET LEADER - D\u00e9velopper une offre touristique accessible \u00e0 tous et respectueuse du territoire | Avant Pays Savoyard","description":"APPEL A PROJET LEADER - D\u00e9velopper une offre touristique accessible \u00e0 tous et respectueuse du territoire | Avant Pays Savoyard","robots":{"index":"index","follow":"follow","max-snippet":"max-snippet:-1","max-image-preview":"max-image-preview:large","max-video-preview":"max-video-preview:-1"},"canonical":"https:\/\/www.avant-pays-savoyard.com\/smaps\/appel-a-projet-leader-developper-une-offre-touristique-accessible-a-tous-et-respectueuse-du-territoire\/","og_locale":"fr_FR","og_type":"article","og_title":"APPEL A PROJET LEADER - D\u00e9velopper une offre touristique accessible \u00e0 tous et respectueuse du territoire | Avant Pays Savoyard","og_description":"APPEL A PROJET LEADER - D\u00e9velopper une offre touristique accessible \u00e0 tous et respectueuse du territoire | Avant Pays Savoyard","og_url":"https:\/\/www.avant-pays-savoyard.com\/smaps\/appel-a-projet-leader-developper-une-offre-touristique-accessible-a-tous-et-respectueuse-du-territoire\/","og_site_name":"Syndicat Mixte Avant-Pays Savoyard","article_publisher":"https:\/\/www.facebook.com\/philippe.smaps?eid=ARBa3pcAa8gXFS8WNK_PRvsO8QdGpgIOahlkYUZ_fHoQSowEaz5KpN0GqL0PUxNL0ZbTsFwcVmpWqAsm","article_published_time":"2025-01-10T11:21:38+00:00","article_modified_time":"2026-04-22T12:39:56+00:00","og_image":[{"width":800,"height":800,"url":"https:\/\/www.avant-pays-savoyard.com\/smaps\/wp-content\/uploads\/2020\/05\/FA2-AAP02-tourisme-2.png","type":"image\/png"}],"author":"SMAPS","twitter_card":"summary_large_image","twitter_misc":{"\u00c9crit par":"SMAPS","Dur\u00e9e de lecture estim\u00e9e":"3 minutes"},"schema":{"@context":"https:\/\/schema.org","@graph":[{"@type":"Article","@id":"https:\/\/www.avant-pays-savoyard.com\/smaps\/appel-a-projet-leader-developper-une-offre-touristique-accessible-a-tous-et-respectueuse-du-territoire\/#article","isPartOf":{"@id":"https:\/\/www.avant-pays-savoyard.com\/smaps\/appel-a-projet-leader-developper-une-offre-touristique-accessible-a-tous-et-respectueuse-du-territoire\/"},"author":{"name":"SMAPS","@id":"https:\/\/www.avant-pays-savoyard.com\/smaps\/#\/schema\/person\/97c9f75644fa5ca03f84c36512d45878"},"headline":"APPEL A PROJET LEADER &#8211; D\u00e9velopper une offre touristique accessible \u00e0 tous et respectueuse du territoire","datePublished":"2025-01-10T11:21:38+00:00","dateModified":"2026-04-22T12:39:56+00:00","mainEntityOfPage":{"@id":"https:\/\/www.avant-pays-savoyard.com\/smaps\/appel-a-projet-leader-developper-une-offre-touristique-accessible-a-tous-et-respectueuse-du-territoire\/"},"wordCount":499,"publisher":{"@id":"https:\/\/www.avant-pays-savoyard.com\/smaps\/#organization"},"image":{"@id":"https:\/\/www.avant-pays-savoyard.com\/smaps\/appel-a-projet-leader-developper-une-offre-touristique-accessible-a-tous-et-respectueuse-du-territoire\/#primaryimage"},"thumbnailUrl":"https:\/\/www.avant-pays-savoyard.com\/smaps\/wp-content\/uploads\/2020\/05\/FA2-AAP02-tourisme-2.png","articleSection":["\u00c0 la une","Actualit\u00e9s","LEADER"],"inLanguage":"fr-FR"},{"@type":"WebPage","@id":"https:\/\/www.avant-pays-savoyard.com\/smaps\/appel-a-projet-leader-developper-une-offre-touristique-accessible-a-tous-et-respectueuse-du-territoire\/","url":"https:\/\/www.avant-pays-savoyard.com\/smaps\/appel-a-projet-leader-developper-une-offre-touristique-accessible-a-tous-et-respectueuse-du-territoire\/","name":"APPEL A PROJET LEADER - D\u00e9velopper une offre touristique accessible \u00e0 tous et respectueuse du territoire | Avant Pays Savoyard","isPartOf":{"@id":"https:\/\/www.avant-pays-savoyard.com\/smaps\/#website"},"primaryImageOfPage":{"@id":"https:\/\/www.avant-pays-savoyard.com\/smaps\/appel-a-projet-leader-developper-une-offre-touristique-accessible-a-tous-et-respectueuse-du-territoire\/#primaryimage"},"image":{"@id":"https:\/\/www.avant-pays-savoyard.com\/smaps\/appel-a-projet-leader-developper-une-offre-touristique-accessible-a-tous-et-respectueuse-du-territoire\/#primaryimage"},"thumbnailUrl":"https:\/\/www.avant-pays-savoyard.com\/smaps\/wp-content\/uploads\/2020\/05\/FA2-AAP02-tourisme-2.png","datePublished":"2025-01-10T11:21:38+00:00","dateModified":"2026-04-22T12:39:56+00:00","description":"APPEL A PROJET LEADER - D\u00e9velopper une offre touristique accessible \u00e0 tous et respectueuse du territoire | Avant Pays Savoyard","breadcrumb":{"@id":"https:\/\/www.avant-pays-savoyard.com\/smaps\/appel-a-projet-leader-developper-une-offre-touristique-accessible-a-tous-et-respectueuse-du-territoire\/#breadcrumb"},"inLanguage":"fr-FR","potentialAction":[{"@type":"ReadAction","target":["https:\/\/www.avant-pays-savoyard.com\/smaps\/appel-a-projet-leader-developper-une-offre-touristique-accessible-a-tous-et-respectueuse-du-territoire\/"]}]},{"@type":"ImageObject","inLanguage":"fr-FR","@id":"https:\/\/www.avant-pays-savoyard.com\/smaps\/appel-a-projet-leader-developper-une-offre-touristique-accessible-a-tous-et-respectueuse-du-territoire\/#primaryimage","url":"https:\/\/www.avant-pays-savoyard.com\/smaps\/wp-content\/uploads\/2020\/05\/FA2-AAP02-tourisme-2.png","contentUrl":"https:\/\/www.avant-pays-savoyard.com\/smaps\/wp-content\/uploads\/2020\/05\/FA2-AAP02-tourisme-2.png","width":800,"height":800},{"@type":"BreadcrumbList","@id":"https:\/\/www.avant-pays-savoyard.com\/smaps\/appel-a-projet-leader-developper-une-offre-touristique-accessible-a-tous-et-respectueuse-du-territoire\/#breadcrumb","itemListElement":[{"@type":"ListItem","position":1,"name":"Accueil","item":"https:\/\/www.avant-pays-savoyard.com\/smaps\/"},{"@type":"ListItem","position":2,"name":"LEADER","item":"https:\/\/www.avant-pays-savoyard.com\/smaps\/category\/leader\/"},{"@type":"ListItem","position":3,"name":"APPEL A PROJET LEADER &#8211; D\u00e9velopper une offre touristique accessible \u00e0 tous et respectueuse du territoire"}]},{"@type":"WebSite","@id":"https:\/\/www.avant-pays-savoyard.com\/smaps\/#website","url":"https:\/\/www.avant-pays-savoyard.com\/smaps\/","name":"Syndicat Mixte Avant-Pays Savoyard","description":"Site du SMAPS","publisher":{"@id":"https:\/\/www.avant-pays-savoyard.com\/smaps\/#organization"},"potentialAction":[{"@type":"SearchAction","target":{"@type":"EntryPoint","urlTemplate":"https:\/\/www.avant-pays-savoyard.com\/smaps\/?s={search_term_string}"},"query-input":{"@type":"PropertyValueSpecification","valueRequired":true,"valueName":"search_term_string"}}],"inLanguage":"fr-FR"},{"@type":"Organization","@id":"https:\/\/www.avant-pays-savoyard.com\/smaps\/#organization","name":"Avant Pays Savoyard","url":"https:\/\/www.avant-pays-savoyard.com\/smaps\/","logo":{"@type":"ImageObject","inLanguage":"fr-FR","@id":"https:\/\/www.avant-pays-savoyard.com\/smaps\/#\/schema\/logo\/image\/","url":"https:\/\/www.avant-pays-savoyard.com\/smaps\/wp-content\/uploads\/2020\/11\/logo-smaps.png","contentUrl":"https:\/\/www.avant-pays-savoyard.com\/smaps\/wp-content\/uploads\/2020\/11\/logo-smaps.png","width":1617,"height":738,"caption":"Avant Pays Savoyard"},"image":{"@id":"https:\/\/www.avant-pays-savoyard.com\/smaps\/#\/schema\/logo\/image\/"},"sameAs":["https:\/\/www.facebook.com\/philippe.smaps?eid=ARBa3pcAa8gXFS8WNK_PRvsO8QdGpgIOahlkYUZ_fHoQSowEaz5KpN0GqL0PUxNL0ZbTsFwcVmpWqAsm"]},{"@type":"Person","@id":"https:\/\/www.avant-pays-savoyard.com\/smaps\/#\/schema\/person\/97c9f75644fa5ca03f84c36512d45878","name":"SMAPS","image":{"@type":"ImageObject","inLanguage":"fr-FR","@id":"https:\/\/secure.gravatar.com\/avatar\/5f82331f1fbc0b612bc82f92d18052f29701b5b494fd518e67c6c8d7d646b105?s=96&d=mm&r=g","url":"https:\/\/secure.gravatar.com\/avatar\/5f82331f1fbc0b612bc82f92d18052f29701b5b494fd518e67c6c8d7d646b105?s=96&d=mm&r=g","contentUrl":"https:\/\/secure.gravatar.com\/avatar\/5f82331f1fbc0b612bc82f92d18052f29701b5b494fd518e67c6c8d7d646b105?s=96&d=mm&r=g","caption":"SMAPS"}}]}},"publishpress_future_action":{"enabled":false,"date":"2026-05-09 13:14:34","action":"change-status","newStatus":"draft","terms":[],"taxonomy":"category","extraData":[]},"publishpress_future_workflow_manual_trigger":{"enabledWorkflows":[]},"_links":{"self":[{"href":"https:\/\/www.avant-pays-savoyard.com\/smaps\/wp-json\/wp\/v2\/posts\/6286","targetHints":{"allow":["GET"]}}],"collection":[{"href":"https:\/\/www.avant-pays-savoyard.com\/smaps\/wp-json\/wp\/v2\/posts"}],"about":[{"href":"https:\/\/www.avant-pays-savoyard.com\/smaps\/wp-json\/wp\/v2\/types\/post"}],"author":[{"embeddable":true,"href":"https:\/\/www.avant-pays-savoyard.com\/smaps\/wp-json\/wp\/v2\/users\/2"}],"replies":[{"embeddable":true,"href":"https:\/\/www.avant-pays-savoyard.com\/smaps\/wp-json\/wp\/v2\/comments?post=6286"}],"version-history":[{"count":3,"href":"https:\/\/www.avant-pays-savoyard.com\/smaps\/wp-json\/wp\/v2\/posts\/6286\/revisions"}],"predecessor-version":[{"id":7201,"href":"https:\/\/www.avant-pays-savoyard.com\/smaps\/wp-json\/wp\/v2\/posts\/6286\/revisions\/7201"}],"wp:featuredmedia":[{"embeddable":true,"href":"https:\/\/www.avant-pays-savoyard.com\/smaps\/wp-json\/wp\/v2\/media\/6257"}],"wp:attachment":[{"href":"https:\/\/www.avant-pays-savoyard.com\/smaps\/wp-json\/wp\/v2\/media?parent=6286"}],"wp:term":[{"taxonomy":"category","embeddable":true,"href":"https:\/\/www.avant-pays-savoyard.com\/smaps\/wp-json\/wp\/v2\/categories?post=6286"},{"taxonomy":"post_tag","embeddable":true,"href":"https:\/\/www.avant-pays-savoyard.com\/smaps\/wp-json\/wp\/v2\/tags?post=6286"}],"curies":[{"name":"wp","href":"https:\/\/api.w.org\/{rel}","templated":true}]}}