{"id":7223,"date":"2026-04-28T10:28:49","date_gmt":"2026-04-28T08:28:49","guid":{"rendered":"https:\/\/www.avant-pays-savoyard.com\/smaps\/?p=7223"},"modified":"2026-04-28T10:39:40","modified_gmt":"2026-04-28T08:39:40","slug":"spectacles-11-et-12-mai-a-st-genix-les-villages","status":"publish","type":"post","link":"https:\/\/www.avant-pays-savoyard.com\/smaps\/spectacles-11-et-12-mai-a-st-genix-les-villages\/","title":{"rendered":"Spectacles 11 et 12 mai \u00e0 St Genix les Villages"},"content":{"rendered":"<div class=\"xdj266r x14z9mp xat24cr x1lziwak x1vvkbs x126k92a\">\n<div dir=\"auto\"><img loading=\"lazy\" decoding=\"async\" class=\"alignnone size-thumbnail wp-image-7224\" src=\"https:\/\/www.avant-pays-savoyard.com\/smaps\/wp-content\/uploads\/2026\/04\/affiche-INCIT-zone-critique-leau-150x150.jpg\" alt=\"\" width=\"150\" height=\"150\" \/><img loading=\"lazy\" decoding=\"async\" class=\"alignnone size-thumbnail wp-image-7225\" src=\"https:\/\/www.avant-pays-savoyard.com\/smaps\/wp-content\/uploads\/2026\/04\/affiche-INCIT-zone-critique-lair-150x150.jpg\" alt=\"\" width=\"150\" height=\"150\" \/><\/div>\n<div dir=\"auto\"><strong>A vos agendas ! <\/strong><\/div>\n<div dir=\"auto\"><strong>Saint-Genix-les-Villages accueille la Cie du Gravillon les 11 et 12 mai dans le cadre de sa tourn\u00e9e en v\u00e9lo \u00ab\u00a0Entre monts et lacs\u00a0\u00bb. <\/strong><\/div>\n<div dir=\"auto\"><\/div>\n<div dir=\"auto\">Au programme de ces 2 jours :<\/div>\n<\/div>\n<div class=\"x14z9mp xat24cr x1lziwak x1vvkbs xtlvy1s x126k92a\">\n<ul>\n<li dir=\"auto\"><strong>Lundi 11 :<\/strong><\/li>\n<\/ul>\n<div dir=\"auto\">&#8211; 18h : Conf\u00e9rence \u00ab\u00a0La petite histoire de l&rsquo;effet de serre\u00a0\u00bb par Julien Delahaye, physicien<\/div>\n<div dir=\"auto\">&#8211; 19h : repas propos\u00e9 par le Gravillon (r\u00e9servation conseill\u00e9e par sms au 07 63 98 87 15 en pr\u00e9cisant jour \/ nom \/ nb de personne &#8211; Repas v\u00e9g\u00e9tarien &#8211; 12 \u20ac) et \u00ab\u00a0ZAD : Zone A D\u00e9couvrir les initiatives du coin\u00a0\u00bb<\/div>\n<div dir=\"auto\">&#8211; 20h30 : Zone critique &#8211; L&rsquo;Eau, suivi d&rsquo;un \u00e9change avec le com\u00e9dien et les scientifiques pr\u00e9sents &#8211; Spectacle offert dans le cadre du projet INCIT du programme ALCOTRA<\/div>\n<ul>\n<li dir=\"auto\"><strong>Mardi 12 mai :\u00a0<\/strong><\/li>\n<\/ul>\n<\/div>\n<div class=\"x14z9mp xat24cr x1lziwak x1vvkbs xtlvy1s x126k92a\">\n<div dir=\"auto\">&#8211; 15h &#8211; 16h : atelier r\u00e9paration de v\u00e9lo par V\u00e9loscopie<\/div>\n<div dir=\"auto\">&#8211; 18h : Atelier \u00ab\u00a0Fabriquer de l&rsquo;\u00e9lectricit\u00e9 avec son v\u00e9lo\u00a0\u00bb par Aur\u00e9lien Masseboeuf, physicien<\/div>\n<div dir=\"auto\">&#8211; 19h : repas propos\u00e9 par le Gravillon (r\u00e9servation conseill\u00e9e par sms au 07 63 98 87 15 en pr\u00e9cisant jour \/ nom \/ nb de personne &#8211; Repas v\u00e9g\u00e9tarien &#8211; 12 \u20ac) et \u00ab\u00a0ZAD : Zone A D\u00e9couvrir les initiatives du coin\u00a0\u00bb<\/div>\n<div dir=\"auto\">&#8211; 20h30 : Zone critique &#8211; L&rsquo;Air, suivi d&rsquo;un \u00e9change avec le com\u00e9dien et les scientifiques pr\u00e9sents &#8211; Spectacle offert dans le cadre du projet INCIT du programme Alcotra<\/div>\n<div dir=\"auto\"><\/div>\n<\/div>\n","protected":false},"excerpt":{"rendered":"<p>A vos agendas ! Saint-Genix-les-Villages accueille la Cie du Gravillon les 11 et 12 mai dans le cadre de sa tourn\u00e9e en v\u00e9lo \u00ab\u00a0Entre monts et lacs\u00a0\u00bb. Au programme de ces 2 jours : Lundi 11 : &#8211; 18h : Conf\u00e9rence \u00ab\u00a0La petite histoire de l&rsquo;effet de serre\u00a0\u00bb par Julien Delahaye, physicien &#8211; 19h : [&hellip;]<\/p>\n","protected":false},"author":2,"featured_media":7224,"comment_status":"closed","ping_status":"closed","sticky":false,"template":"","format":"standard","meta":{"_et_pb_use_builder":"","_et_pb_old_content":"","_et_gb_content_width":"","_monsterinsights_skip_tracking":false,"_monsterinsights_sitenote_active":false,"_monsterinsights_sitenote_note":"","_monsterinsights_sitenote_category":0,"footnotes":""},"categories":[30,29],"tags":[],"class_list":["post-7223","post","type-post","status-publish","format-standard","has-post-thumbnail","hentry","category-a-la-une","category-actus"],"yoast_head":"<!-- This site is optimized with the Yoast SEO plugin v27.5 - https:\/\/yoast.com\/product\/yoast-seo-wordpress\/ -->\n<title>Spectacles 11 et 12 mai \u00e0 St Genix les Villages | Avant Pays Savoyard<\/title>\n<meta name=\"description\" content=\"Spectacles 11 et 12 mai \u00e0 St Genix les Villages | Avant Pays Savoyard\" \/>\n<meta name=\"robots\" content=\"index, follow, max-snippet:-1, max-image-preview:large, max-video-preview:-1\" \/>\n<link rel=\"canonical\" href=\"https:\/\/www.avant-pays-savoyard.com\/smaps\/spectacles-11-et-12-mai-a-st-genix-les-villages\/\" \/>\n<meta property=\"og:locale\" content=\"fr_FR\" \/>\n<meta property=\"og:type\" content=\"article\" \/>\n<meta property=\"og:title\" content=\"Spectacles 11 et 12 mai \u00e0 St Genix les Villages | Avant Pays Savoyard\" \/>\n<meta property=\"og:description\" content=\"Spectacles 11 et 12 mai \u00e0 St Genix les Villages | Avant Pays Savoyard\" \/>\n<meta property=\"og:url\" content=\"https:\/\/www.avant-pays-savoyard.com\/smaps\/spectacles-11-et-12-mai-a-st-genix-les-villages\/\" \/>\n<meta property=\"og:site_name\" content=\"Syndicat Mixte Avant-Pays Savoyard\" \/>\n<meta property=\"article:publisher\" content=\"https:\/\/www.facebook.com\/philippe.smaps?eid=ARBa3pcAa8gXFS8WNK_PRvsO8QdGpgIOahlkYUZ_fHoQSowEaz5KpN0GqL0PUxNL0ZbTsFwcVmpWqAsm\" \/>\n<meta property=\"article:published_time\" content=\"2026-04-28T08:28:49+00:00\" \/>\n<meta property=\"article:modified_time\" content=\"2026-04-28T08:39:40+00:00\" \/>\n<meta property=\"og:image\" content=\"https:\/\/www.avant-pays-savoyard.com\/smaps\/wp-content\/uploads\/2026\/04\/affiche-INCIT-zone-critique-leau.jpg\" \/>\n\t<meta property=\"og:image:width\" content=\"1414\" \/>\n\t<meta property=\"og:image:height\" content=\"2000\" \/>\n\t<meta property=\"og:image:type\" content=\"image\/jpeg\" \/>\n<meta name=\"author\" content=\"SMAPS\" \/>\n<meta name=\"twitter:card\" content=\"summary_large_image\" \/>\n<meta name=\"twitter:label1\" content=\"\u00c9crit par\" \/>\n\t<meta name=\"twitter:data1\" content=\"SMAPS\" \/>\n\t<meta name=\"twitter:label2\" content=\"Dur\u00e9e de lecture estim\u00e9e\" \/>\n\t<meta name=\"twitter:data2\" content=\"2 minutes\" \/>\n<script type=\"application\/ld+json\" class=\"yoast-schema-graph\">{\"@context\":\"https:\\\/\\\/schema.org\",\"@graph\":[{\"@type\":\"Article\",\"@id\":\"https:\\\/\\\/www.avant-pays-savoyard.com\\\/smaps\\\/spectacles-11-et-12-mai-a-st-genix-les-villages\\\/#article\",\"isPartOf\":{\"@id\":\"https:\\\/\\\/www.avant-pays-savoyard.com\\\/smaps\\\/spectacles-11-et-12-mai-a-st-genix-les-villages\\\/\"},\"author\":{\"name\":\"SMAPS\",\"@id\":\"https:\\\/\\\/www.avant-pays-savoyard.com\\\/smaps\\\/#\\\/schema\\\/person\\\/97c9f75644fa5ca03f84c36512d45878\"},\"headline\":\"Spectacles 11 et 12 mai \u00e0 St Genix les Villages\",\"datePublished\":\"2026-04-28T08:28:49+00:00\",\"dateModified\":\"2026-04-28T08:39:40+00:00\",\"mainEntityOfPage\":{\"@id\":\"https:\\\/\\\/www.avant-pays-savoyard.com\\\/smaps\\\/spectacles-11-et-12-mai-a-st-genix-les-villages\\\/\"},\"wordCount\":226,\"publisher\":{\"@id\":\"https:\\\/\\\/www.avant-pays-savoyard.com\\\/smaps\\\/#organization\"},\"image\":{\"@id\":\"https:\\\/\\\/www.avant-pays-savoyard.com\\\/smaps\\\/spectacles-11-et-12-mai-a-st-genix-les-villages\\\/#primaryimage\"},\"thumbnailUrl\":\"https:\\\/\\\/www.avant-pays-savoyard.com\\\/smaps\\\/wp-content\\\/uploads\\\/2026\\\/04\\\/affiche-INCIT-zone-critique-leau.jpg\",\"articleSection\":[\"\u00c0 la une\",\"Actualit\u00e9s\"],\"inLanguage\":\"fr-FR\"},{\"@type\":\"WebPage\",\"@id\":\"https:\\\/\\\/www.avant-pays-savoyard.com\\\/smaps\\\/spectacles-11-et-12-mai-a-st-genix-les-villages\\\/\",\"url\":\"https:\\\/\\\/www.avant-pays-savoyard.com\\\/smaps\\\/spectacles-11-et-12-mai-a-st-genix-les-villages\\\/\",\"name\":\"Spectacles 11 et 12 mai \u00e0 St Genix les Villages | Avant Pays Savoyard\",\"isPartOf\":{\"@id\":\"https:\\\/\\\/www.avant-pays-savoyard.com\\\/smaps\\\/#website\"},\"primaryImageOfPage\":{\"@id\":\"https:\\\/\\\/www.avant-pays-savoyard.com\\\/smaps\\\/spectacles-11-et-12-mai-a-st-genix-les-villages\\\/#primaryimage\"},\"image\":{\"@id\":\"https:\\\/\\\/www.avant-pays-savoyard.com\\\/smaps\\\/spectacles-11-et-12-mai-a-st-genix-les-villages\\\/#primaryimage\"},\"thumbnailUrl\":\"https:\\\/\\\/www.avant-pays-savoyard.com\\\/smaps\\\/wp-content\\\/uploads\\\/2026\\\/04\\\/affiche-INCIT-zone-critique-leau.jpg\",\"datePublished\":\"2026-04-28T08:28:49+00:00\",\"dateModified\":\"2026-04-28T08:39:40+00:00\",\"description\":\"Spectacles 11 et 12 mai \u00e0 St Genix les Villages | Avant Pays Savoyard\",\"breadcrumb\":{\"@id\":\"https:\\\/\\\/www.avant-pays-savoyard.com\\\/smaps\\\/spectacles-11-et-12-mai-a-st-genix-les-villages\\\/#breadcrumb\"},\"inLanguage\":\"fr-FR\",\"potentialAction\":[{\"@type\":\"ReadAction\",\"target\":[\"https:\\\/\\\/www.avant-pays-savoyard.com\\\/smaps\\\/spectacles-11-et-12-mai-a-st-genix-les-villages\\\/\"]}]},{\"@type\":\"ImageObject\",\"inLanguage\":\"fr-FR\",\"@id\":\"https:\\\/\\\/www.avant-pays-savoyard.com\\\/smaps\\\/spectacles-11-et-12-mai-a-st-genix-les-villages\\\/#primaryimage\",\"url\":\"https:\\\/\\\/www.avant-pays-savoyard.com\\\/smaps\\\/wp-content\\\/uploads\\\/2026\\\/04\\\/affiche-INCIT-zone-critique-leau.jpg\",\"contentUrl\":\"https:\\\/\\\/www.avant-pays-savoyard.com\\\/smaps\\\/wp-content\\\/uploads\\\/2026\\\/04\\\/affiche-INCIT-zone-critique-leau.jpg\",\"width\":1414,\"height\":2000},{\"@type\":\"BreadcrumbList\",\"@id\":\"https:\\\/\\\/www.avant-pays-savoyard.com\\\/smaps\\\/spectacles-11-et-12-mai-a-st-genix-les-villages\\\/#breadcrumb\",\"itemListElement\":[{\"@type\":\"ListItem\",\"position\":1,\"name\":\"Accueil\",\"item\":\"https:\\\/\\\/www.avant-pays-savoyard.com\\\/smaps\\\/\"},{\"@type\":\"ListItem\",\"position\":2,\"name\":\"Actualit\u00e9s\",\"item\":\"https:\\\/\\\/www.avant-pays-savoyard.com\\\/smaps\\\/category\\\/actus\\\/\"},{\"@type\":\"ListItem\",\"position\":3,\"name\":\"Spectacles 11 et 12 mai \u00e0 St Genix les Villages\"}]},{\"@type\":\"WebSite\",\"@id\":\"https:\\\/\\\/www.avant-pays-savoyard.com\\\/smaps\\\/#website\",\"url\":\"https:\\\/\\\/www.avant-pays-savoyard.com\\\/smaps\\\/\",\"name\":\"Syndicat Mixte Avant-Pays Savoyard\",\"description\":\"Site du SMAPS\",\"publisher\":{\"@id\":\"https:\\\/\\\/www.avant-pays-savoyard.com\\\/smaps\\\/#organization\"},\"potentialAction\":[{\"@type\":\"SearchAction\",\"target\":{\"@type\":\"EntryPoint\",\"urlTemplate\":\"https:\\\/\\\/www.avant-pays-savoyard.com\\\/smaps\\\/?s={search_term_string}\"},\"query-input\":{\"@type\":\"PropertyValueSpecification\",\"valueRequired\":true,\"valueName\":\"search_term_string\"}}],\"inLanguage\":\"fr-FR\"},{\"@type\":\"Organization\",\"@id\":\"https:\\\/\\\/www.avant-pays-savoyard.com\\\/smaps\\\/#organization\",\"name\":\"Avant Pays Savoyard\",\"url\":\"https:\\\/\\\/www.avant-pays-savoyard.com\\\/smaps\\\/\",\"logo\":{\"@type\":\"ImageObject\",\"inLanguage\":\"fr-FR\",\"@id\":\"https:\\\/\\\/www.avant-pays-savoyard.com\\\/smaps\\\/#\\\/schema\\\/logo\\\/image\\\/\",\"url\":\"https:\\\/\\\/www.avant-pays-savoyard.com\\\/smaps\\\/wp-content\\\/uploads\\\/2020\\\/11\\\/logo-smaps.png\",\"contentUrl\":\"https:\\\/\\\/www.avant-pays-savoyard.com\\\/smaps\\\/wp-content\\\/uploads\\\/2020\\\/11\\\/logo-smaps.png\",\"width\":1617,\"height\":738,\"caption\":\"Avant Pays Savoyard\"},\"image\":{\"@id\":\"https:\\\/\\\/www.avant-pays-savoyard.com\\\/smaps\\\/#\\\/schema\\\/logo\\\/image\\\/\"},\"sameAs\":[\"https:\\\/\\\/www.facebook.com\\\/philippe.smaps?eid=ARBa3pcAa8gXFS8WNK_PRvsO8QdGpgIOahlkYUZ_fHoQSowEaz5KpN0GqL0PUxNL0ZbTsFwcVmpWqAsm\"]},{\"@type\":\"Person\",\"@id\":\"https:\\\/\\\/www.avant-pays-savoyard.com\\\/smaps\\\/#\\\/schema\\\/person\\\/97c9f75644fa5ca03f84c36512d45878\",\"name\":\"SMAPS\",\"image\":{\"@type\":\"ImageObject\",\"inLanguage\":\"fr-FR\",\"@id\":\"https:\\\/\\\/secure.gravatar.com\\\/avatar\\\/5f82331f1fbc0b612bc82f92d18052f29701b5b494fd518e67c6c8d7d646b105?s=96&d=mm&r=g\",\"url\":\"https:\\\/\\\/secure.gravatar.com\\\/avatar\\\/5f82331f1fbc0b612bc82f92d18052f29701b5b494fd518e67c6c8d7d646b105?s=96&d=mm&r=g\",\"contentUrl\":\"https:\\\/\\\/secure.gravatar.com\\\/avatar\\\/5f82331f1fbc0b612bc82f92d18052f29701b5b494fd518e67c6c8d7d646b105?s=96&d=mm&r=g\",\"caption\":\"SMAPS\"}}]}<\/script>\n<!-- \/ Yoast SEO plugin. -->","yoast_head_json":{"title":"Spectacles 11 et 12 mai \u00e0 St Genix les Villages | Avant Pays Savoyard","description":"Spectacles 11 et 12 mai \u00e0 St Genix les Villages | Avant Pays Savoyard","robots":{"index":"index","follow":"follow","max-snippet":"max-snippet:-1","max-image-preview":"max-image-preview:large","max-video-preview":"max-video-preview:-1"},"canonical":"https:\/\/www.avant-pays-savoyard.com\/smaps\/spectacles-11-et-12-mai-a-st-genix-les-villages\/","og_locale":"fr_FR","og_type":"article","og_title":"Spectacles 11 et 12 mai \u00e0 St Genix les Villages | Avant Pays Savoyard","og_description":"Spectacles 11 et 12 mai \u00e0 St Genix les Villages | Avant Pays Savoyard","og_url":"https:\/\/www.avant-pays-savoyard.com\/smaps\/spectacles-11-et-12-mai-a-st-genix-les-villages\/","og_site_name":"Syndicat Mixte Avant-Pays Savoyard","article_publisher":"https:\/\/www.facebook.com\/philippe.smaps?eid=ARBa3pcAa8gXFS8WNK_PRvsO8QdGpgIOahlkYUZ_fHoQSowEaz5KpN0GqL0PUxNL0ZbTsFwcVmpWqAsm","article_published_time":"2026-04-28T08:28:49+00:00","article_modified_time":"2026-04-28T08:39:40+00:00","og_image":[{"width":1414,"height":2000,"url":"https:\/\/www.avant-pays-savoyard.com\/smaps\/wp-content\/uploads\/2026\/04\/affiche-INCIT-zone-critique-leau.jpg","type":"image\/jpeg"}],"author":"SMAPS","twitter_card":"summary_large_image","twitter_misc":{"\u00c9crit par":"SMAPS","Dur\u00e9e de lecture estim\u00e9e":"2 minutes"},"schema":{"@context":"https:\/\/schema.org","@graph":[{"@type":"Article","@id":"https:\/\/www.avant-pays-savoyard.com\/smaps\/spectacles-11-et-12-mai-a-st-genix-les-villages\/#article","isPartOf":{"@id":"https:\/\/www.avant-pays-savoyard.com\/smaps\/spectacles-11-et-12-mai-a-st-genix-les-villages\/"},"author":{"name":"SMAPS","@id":"https:\/\/www.avant-pays-savoyard.com\/smaps\/#\/schema\/person\/97c9f75644fa5ca03f84c36512d45878"},"headline":"Spectacles 11 et 12 mai \u00e0 St Genix les Villages","datePublished":"2026-04-28T08:28:49+00:00","dateModified":"2026-04-28T08:39:40+00:00","mainEntityOfPage":{"@id":"https:\/\/www.avant-pays-savoyard.com\/smaps\/spectacles-11-et-12-mai-a-st-genix-les-villages\/"},"wordCount":226,"publisher":{"@id":"https:\/\/www.avant-pays-savoyard.com\/smaps\/#organization"},"image":{"@id":"https:\/\/www.avant-pays-savoyard.com\/smaps\/spectacles-11-et-12-mai-a-st-genix-les-villages\/#primaryimage"},"thumbnailUrl":"https:\/\/www.avant-pays-savoyard.com\/smaps\/wp-content\/uploads\/2026\/04\/affiche-INCIT-zone-critique-leau.jpg","articleSection":["\u00c0 la une","Actualit\u00e9s"],"inLanguage":"fr-FR"},{"@type":"WebPage","@id":"https:\/\/www.avant-pays-savoyard.com\/smaps\/spectacles-11-et-12-mai-a-st-genix-les-villages\/","url":"https:\/\/www.avant-pays-savoyard.com\/smaps\/spectacles-11-et-12-mai-a-st-genix-les-villages\/","name":"Spectacles 11 et 12 mai \u00e0 St Genix les Villages | Avant Pays Savoyard","isPartOf":{"@id":"https:\/\/www.avant-pays-savoyard.com\/smaps\/#website"},"primaryImageOfPage":{"@id":"https:\/\/www.avant-pays-savoyard.com\/smaps\/spectacles-11-et-12-mai-a-st-genix-les-villages\/#primaryimage"},"image":{"@id":"https:\/\/www.avant-pays-savoyard.com\/smaps\/spectacles-11-et-12-mai-a-st-genix-les-villages\/#primaryimage"},"thumbnailUrl":"https:\/\/www.avant-pays-savoyard.com\/smaps\/wp-content\/uploads\/2026\/04\/affiche-INCIT-zone-critique-leau.jpg","datePublished":"2026-04-28T08:28:49+00:00","dateModified":"2026-04-28T08:39:40+00:00","description":"Spectacles 11 et 12 mai \u00e0 St Genix les Villages | Avant Pays Savoyard","breadcrumb":{"@id":"https:\/\/www.avant-pays-savoyard.com\/smaps\/spectacles-11-et-12-mai-a-st-genix-les-villages\/#breadcrumb"},"inLanguage":"fr-FR","potentialAction":[{"@type":"ReadAction","target":["https:\/\/www.avant-pays-savoyard.com\/smaps\/spectacles-11-et-12-mai-a-st-genix-les-villages\/"]}]},{"@type":"ImageObject","inLanguage":"fr-FR","@id":"https:\/\/www.avant-pays-savoyard.com\/smaps\/spectacles-11-et-12-mai-a-st-genix-les-villages\/#primaryimage","url":"https:\/\/www.avant-pays-savoyard.com\/smaps\/wp-content\/uploads\/2026\/04\/affiche-INCIT-zone-critique-leau.jpg","contentUrl":"https:\/\/www.avant-pays-savoyard.com\/smaps\/wp-content\/uploads\/2026\/04\/affiche-INCIT-zone-critique-leau.jpg","width":1414,"height":2000},{"@type":"BreadcrumbList","@id":"https:\/\/www.avant-pays-savoyard.com\/smaps\/spectacles-11-et-12-mai-a-st-genix-les-villages\/#breadcrumb","itemListElement":[{"@type":"ListItem","position":1,"name":"Accueil","item":"https:\/\/www.avant-pays-savoyard.com\/smaps\/"},{"@type":"ListItem","position":2,"name":"Actualit\u00e9s","item":"https:\/\/www.avant-pays-savoyard.com\/smaps\/category\/actus\/"},{"@type":"ListItem","position":3,"name":"Spectacles 11 et 12 mai \u00e0 St Genix les Villages"}]},{"@type":"WebSite","@id":"https:\/\/www.avant-pays-savoyard.com\/smaps\/#website","url":"https:\/\/www.avant-pays-savoyard.com\/smaps\/","name":"Syndicat Mixte Avant-Pays Savoyard","description":"Site du SMAPS","publisher":{"@id":"https:\/\/www.avant-pays-savoyard.com\/smaps\/#organization"},"potentialAction":[{"@type":"SearchAction","target":{"@type":"EntryPoint","urlTemplate":"https:\/\/www.avant-pays-savoyard.com\/smaps\/?s={search_term_string}"},"query-input":{"@type":"PropertyValueSpecification","valueRequired":true,"valueName":"search_term_string"}}],"inLanguage":"fr-FR"},{"@type":"Organization","@id":"https:\/\/www.avant-pays-savoyard.com\/smaps\/#organization","name":"Avant Pays Savoyard","url":"https:\/\/www.avant-pays-savoyard.com\/smaps\/","logo":{"@type":"ImageObject","inLanguage":"fr-FR","@id":"https:\/\/www.avant-pays-savoyard.com\/smaps\/#\/schema\/logo\/image\/","url":"https:\/\/www.avant-pays-savoyard.com\/smaps\/wp-content\/uploads\/2020\/11\/logo-smaps.png","contentUrl":"https:\/\/www.avant-pays-savoyard.com\/smaps\/wp-content\/uploads\/2020\/11\/logo-smaps.png","width":1617,"height":738,"caption":"Avant Pays Savoyard"},"image":{"@id":"https:\/\/www.avant-pays-savoyard.com\/smaps\/#\/schema\/logo\/image\/"},"sameAs":["https:\/\/www.facebook.com\/philippe.smaps?eid=ARBa3pcAa8gXFS8WNK_PRvsO8QdGpgIOahlkYUZ_fHoQSowEaz5KpN0GqL0PUxNL0ZbTsFwcVmpWqAsm"]},{"@type":"Person","@id":"https:\/\/www.avant-pays-savoyard.com\/smaps\/#\/schema\/person\/97c9f75644fa5ca03f84c36512d45878","name":"SMAPS","image":{"@type":"ImageObject","inLanguage":"fr-FR","@id":"https:\/\/secure.gravatar.com\/avatar\/5f82331f1fbc0b612bc82f92d18052f29701b5b494fd518e67c6c8d7d646b105?s=96&d=mm&r=g","url":"https:\/\/secure.gravatar.com\/avatar\/5f82331f1fbc0b612bc82f92d18052f29701b5b494fd518e67c6c8d7d646b105?s=96&d=mm&r=g","contentUrl":"https:\/\/secure.gravatar.com\/avatar\/5f82331f1fbc0b612bc82f92d18052f29701b5b494fd518e67c6c8d7d646b105?s=96&d=mm&r=g","caption":"SMAPS"}}]}},"publishpress_future_action":{"enabled":false,"date":"2026-05-05 16:45:31","action":"change-status","newStatus":"draft","terms":[],"taxonomy":"category","extraData":[]},"publishpress_future_workflow_manual_trigger":{"enabledWorkflows":[]},"_links":{"self":[{"href":"https:\/\/www.avant-pays-savoyard.com\/smaps\/wp-json\/wp\/v2\/posts\/7223","targetHints":{"allow":["GET"]}}],"collection":[{"href":"https:\/\/www.avant-pays-savoyard.com\/smaps\/wp-json\/wp\/v2\/posts"}],"about":[{"href":"https:\/\/www.avant-pays-savoyard.com\/smaps\/wp-json\/wp\/v2\/types\/post"}],"author":[{"embeddable":true,"href":"https:\/\/www.avant-pays-savoyard.com\/smaps\/wp-json\/wp\/v2\/users\/2"}],"replies":[{"embeddable":true,"href":"https:\/\/www.avant-pays-savoyard.com\/smaps\/wp-json\/wp\/v2\/comments?post=7223"}],"version-history":[{"count":4,"href":"https:\/\/www.avant-pays-savoyard.com\/smaps\/wp-json\/wp\/v2\/posts\/7223\/revisions"}],"predecessor-version":[{"id":7230,"href":"https:\/\/www.avant-pays-savoyard.com\/smaps\/wp-json\/wp\/v2\/posts\/7223\/revisions\/7230"}],"wp:featuredmedia":[{"embeddable":true,"href":"https:\/\/www.avant-pays-savoyard.com\/smaps\/wp-json\/wp\/v2\/media\/7224"}],"wp:attachment":[{"href":"https:\/\/www.avant-pays-savoyard.com\/smaps\/wp-json\/wp\/v2\/media?parent=7223"}],"wp:term":[{"taxonomy":"category","embeddable":true,"href":"https:\/\/www.avant-pays-savoyard.com\/smaps\/wp-json\/wp\/v2\/categories?post=7223"},{"taxonomy":"post_tag","embeddable":true,"href":"https:\/\/www.avant-pays-savoyard.com\/smaps\/wp-json\/wp\/v2\/tags?post=7223"}],"curies":[{"name":"wp","href":"https:\/\/api.w.org\/{rel}","templated":true}]}}